{"id":13661,"date":"2023-07-05T10:42:32","date_gmt":"2023-07-05T08:42:32","guid":{"rendered":"https:\/\/www.asajacyl.com\/palencia\/?p=13661"},"modified":"2023-07-04T10:58:22","modified_gmt":"2023-07-04T08:58:22","slug":"la-confederacion-del-duero-abre-en-su-web-un-canal-directo-de-comunicacion-con-el-sector-agropecuario","status":"publish","type":"post","link":"https:\/\/www.asajacyl.com\/palencia\/sin-categoria\/la-confederacion-del-duero-abre-en-su-web-un-canal-directo-de-comunicacion-con-el-sector-agropecuario","title":{"rendered":"La Confederaci\u00f3n del Duero abre en su web un canal directo de comunicaci\u00f3n con el sector agropecuario"},"content":{"rendered":"\n<h2 class=\"wp-block-heading\">La Confederaci\u00f3n Hidrogr\u00e1fica del Duero (CHD) ha abierto un canal de interacci\u00f3n directa con las organizaciones profesionales agrarias (OPA) para dar respuesta a las dudas del sector. Se trata de una v\u00eda id\u00e9ntica a la que, desde la misma p\u00e1gina web del organismo regulador, se ofrece tambi\u00e9n no solo al ciudadano en general, sino de manera espec\u00edfica a los ayuntamientos, en el llamado \u00abCanal de alcaldes\u00bb.<\/h2>\n\n\n\n<p>El Canal de las OPA, puesto en marcha por la Confederaci\u00f3n en su p\u00e1gina web (chduero.es\/canal-de-opas), nace con la finalidad de facilitar pr\u00e1cticamente en tiempo real una interacci\u00f3n directa y din\u00e1mica con los representantes de las organizaciones profesionales agrarias y resolver sus consultas, dudas o sugerencias.<\/p>\n\n\n\n<p>ASAJA y las otras organizaciones profesionales del sector hab\u00edan solicitado esta herramienta de comunicaci\u00f3n e interlocuci\u00f3n, con el objetivo de agilizar la respuesta a dudas que surgen a los agricultores sobre materias relacionadas con la gesti\u00f3n del organismo regulador de cuenca.<\/p>\n\n\n\n<p>El acceso al nuevo &#8216;Canal de las OPA&#8217; se realiza a trav\u00e9s de una pesta\u00f1a recogida en la p\u00e1gina de inicio de la web de la CHD, donde se ofrece un formulario. <\/p>\n\n\n\n<p><strong>COMPROMISO. <\/strong>El organismo de cuenca se ha comprometido a dar una primera respuesta en un plazo m\u00e1ximo de setenta y dos horas, lo que resultar\u00eda muy importante cara a mejorar la transparencia y fomentar una relaci\u00f3n cercana y directa con los profesionales agrarios.<\/p>\n\n\n\n<p>Desde ASAJA esperamos que se consolide como una v\u00eda de informaci\u00f3n fruct\u00edfera para los intereses de los profesionales del sector en una materia fundamental para las explotaciones, como es la gesti\u00f3n del agua.<strong>\/<\/strong><\/p>\n","protected":false},"excerpt":{"rendered":"<p>La Confederaci\u00f3n Hidrogr\u00e1fica del Duero (CHD) ha abierto un canal de interacci\u00f3n directa con las organizaciones profesionales agrarias (OPA) para dar respuesta a las dudas del sector. Se trata de una v\u00eda id\u00e9ntica a la que, desde la misma p\u00e1gina web del organismo regulador, se ofrece tambi\u00e9n no solo al ciudadano en general, sino de [&hellip;]<\/p>\n","protected":false},"author":9,"featured_media":13663,"comment_status":"open","ping_status":"open","sticky":false,"template":"","format":"standard","meta":{"footnotes":""},"categories":[9,28,1],"tags":[58,83,134,77,310,55,131],"yoast_head":"<!-- This site is optimized with the Yoast SEO plugin v24.5 - https:\/\/yoast.com\/wordpress\/plugins\/seo\/ -->\n<title>La Confederaci\u00f3n del Duero abre en su web un canal directo de comunicaci\u00f3n con el sector agropecuario - ASAJA Palencia<\/title>\n<meta name=\"description\" content=\"La Confederaci\u00f3n Hidrogr\u00e1fica del Duero (CHD) ha abierto un canal de interacci\u00f3n directa con las organizaciones profesionales agrarias (OPA) para dar\" \/>\n<meta name=\"robots\" content=\"index, follow, max-snippet:-1, max-image-preview:large, max-video-preview:-1\" \/>\n<link rel=\"canonical\" href=\"https:\/\/www.asajacyl.com\/palencia\/sin-categoria\/la-confederacion-del-duero-abre-en-su-web-un-canal-directo-de-comunicacion-con-el-sector-agropecuario\" \/>\n<meta property=\"og:locale\" content=\"es_ES\" \/>\n<meta property=\"og:type\" content=\"article\" \/>\n<meta property=\"og:title\" content=\"La Confederaci\u00f3n del Duero abre en su web un canal directo de comunicaci\u00f3n con el sector agropecuario - ASAJA Palencia\" \/>\n<meta property=\"og:description\" content=\"La Confederaci\u00f3n Hidrogr\u00e1fica del Duero (CHD) ha abierto un canal de interacci\u00f3n directa con las organizaciones profesionales agrarias (OPA) para dar\" \/>\n<meta property=\"og:url\" content=\"https:\/\/www.asajacyl.com\/palencia\/sin-categoria\/la-confederacion-del-duero-abre-en-su-web-un-canal-directo-de-comunicacion-con-el-sector-agropecuario\" \/>\n<meta property=\"og:site_name\" content=\"ASAJA Palencia\" \/>\n<meta property=\"article:published_time\" content=\"2023-07-05T08:42:32+00:00\" \/>\n<meta property=\"og:image\" content=\"https:\/\/www.asajacyl.com\/palencia\/wp-content\/uploads\/sites\/3\/2023\/07\/Canal-CHD-OPAS.jpg\" \/>\n\t<meta property=\"og:image:width\" content=\"1628\" \/>\n\t<meta property=\"og:image:height\" content=\"801\" \/>\n\t<meta property=\"og:image:type\" content=\"image\/jpeg\" \/>\n<meta name=\"author\" content=\"Administrador\" \/>\n<meta name=\"twitter:card\" content=\"summary_large_image\" \/>\n<meta name=\"twitter:label1\" content=\"Escrito por\" \/>\n\t<meta name=\"twitter:data1\" content=\"Administrador\" \/>\n\t<meta name=\"twitter:label2\" content=\"Tiempo de lectura\" \/>\n\t<meta name=\"twitter:data2\" content=\"2 minutos\" \/>\n<script type=\"application\/ld+json\" class=\"yoast-schema-graph\">{\"@context\":\"https:\/\/schema.org\",\"@graph\":[{\"@type\":\"WebPage\",\"@id\":\"https:\/\/www.asajacyl.com\/palencia\/sin-categoria\/la-confederacion-del-duero-abre-en-su-web-un-canal-directo-de-comunicacion-con-el-sector-agropecuario\",\"url\":\"https:\/\/www.asajacyl.com\/palencia\/sin-categoria\/la-confederacion-del-duero-abre-en-su-web-un-canal-directo-de-comunicacion-con-el-sector-agropecuario\",\"name\":\"La Confederaci\u00f3n del Duero abre en su web un canal directo de comunicaci\u00f3n con el sector agropecuario - ASAJA Palencia\",\"isPartOf\":{\"@id\":\"https:\/\/www.asajacyl.com\/palencia\/#website\"},\"primaryImageOfPage\":{\"@id\":\"https:\/\/www.asajacyl.com\/palencia\/sin-categoria\/la-confederacion-del-duero-abre-en-su-web-un-canal-directo-de-comunicacion-con-el-sector-agropecuario#primaryimage\"},\"image\":{\"@id\":\"https:\/\/www.asajacyl.com\/palencia\/sin-categoria\/la-confederacion-del-duero-abre-en-su-web-un-canal-directo-de-comunicacion-con-el-sector-agropecuario#primaryimage\"},\"thumbnailUrl\":\"https:\/\/www.asajacyl.com\/palencia\/wp-content\/uploads\/sites\/3\/2023\/07\/Canal-CHD-OPAS.jpg\",\"datePublished\":\"2023-07-05T08:42:32+00:00\",\"author\":{\"@id\":\"https:\/\/www.asajacyl.com\/palencia\/#\/schema\/person\/3ab17aeb03527485c317557fae64aab1\"},\"description\":\"La Confederaci\u00f3n Hidrogr\u00e1fica del Duero (CHD) ha abierto un canal de interacci\u00f3n directa con las organizaciones profesionales agrarias (OPA) para dar\",\"breadcrumb\":{\"@id\":\"https:\/\/www.asajacyl.com\/palencia\/sin-categoria\/la-confederacion-del-duero-abre-en-su-web-un-canal-directo-de-comunicacion-con-el-sector-agropecuario#breadcrumb\"},\"inLanguage\":\"es\",\"potentialAction\":[{\"@type\":\"ReadAction\",\"target\":[\"https:\/\/www.asajacyl.com\/palencia\/sin-categoria\/la-confederacion-del-duero-abre-en-su-web-un-canal-directo-de-comunicacion-con-el-sector-agropecuario\"]}]},{\"@type\":\"ImageObject\",\"inLanguage\":\"es\",\"@id\":\"https:\/\/www.asajacyl.com\/palencia\/sin-categoria\/la-confederacion-del-duero-abre-en-su-web-un-canal-directo-de-comunicacion-con-el-sector-agropecuario#primaryimage\",\"url\":\"https:\/\/www.asajacyl.com\/palencia\/wp-content\/uploads\/sites\/3\/2023\/07\/Canal-CHD-OPAS.jpg\",\"contentUrl\":\"https:\/\/www.asajacyl.com\/palencia\/wp-content\/uploads\/sites\/3\/2023\/07\/Canal-CHD-OPAS.jpg\",\"width\":1628,\"height\":801},{\"@type\":\"BreadcrumbList\",\"@id\":\"https:\/\/www.asajacyl.com\/palencia\/sin-categoria\/la-confederacion-del-duero-abre-en-su-web-un-canal-directo-de-comunicacion-con-el-sector-agropecuario#breadcrumb\",\"itemListElement\":[{\"@type\":\"ListItem\",\"position\":1,\"name\":\"Portada\",\"item\":\"https:\/\/www.asajacyl.com\/palencia\/\"},{\"@type\":\"ListItem\",\"position\":2,\"name\":\"La Confederaci\u00f3n del Duero abre en su web un canal directo de comunicaci\u00f3n con el sector agropecuario\"}]},{\"@type\":\"WebSite\",\"@id\":\"https:\/\/www.asajacyl.com\/palencia\/#website\",\"url\":\"https:\/\/www.asajacyl.com\/palencia\/\",\"name\":\"ASAJA Palencia\",\"description\":\"Otro sitio m\u00e1s de Provincias ASAJA Castilla y Le\u00f3n\",\"potentialAction\":[{\"@type\":\"SearchAction\",\"target\":{\"@type\":\"EntryPoint\",\"urlTemplate\":\"https:\/\/www.asajacyl.com\/palencia\/?s={search_term_string}\"},\"query-input\":{\"@type\":\"PropertyValueSpecification\",\"valueRequired\":true,\"valueName\":\"search_term_string\"}}],\"inLanguage\":\"es\"},{\"@type\":\"Person\",\"@id\":\"https:\/\/www.asajacyl.com\/palencia\/#\/schema\/person\/3ab17aeb03527485c317557fae64aab1\",\"name\":\"Administrador\",\"image\":{\"@type\":\"ImageObject\",\"inLanguage\":\"es\",\"@id\":\"https:\/\/www.asajacyl.com\/palencia\/#\/schema\/person\/image\/\",\"url\":\"https:\/\/secure.gravatar.com\/avatar\/517384810d242ca9e38c180f3c9fb973?s=96&d=mm&r=g\",\"contentUrl\":\"https:\/\/secure.gravatar.com\/avatar\/517384810d242ca9e38c180f3c9fb973?s=96&d=mm&r=g\",\"caption\":\"Administrador\"},\"url\":\"https:\/\/www.asajacyl.com\/palencia\/author\/carlosrm\"}]}<\/script>\n<!-- \/ Yoast SEO plugin. -->","yoast_head_json":{"title":"La Confederaci\u00f3n del Duero abre en su web un canal directo de comunicaci\u00f3n con el sector agropecuario - ASAJA Palencia","description":"La Confederaci\u00f3n Hidrogr\u00e1fica del Duero (CHD) ha abierto un canal de interacci\u00f3n directa con las organizaciones profesionales agrarias (OPA) para dar","robots":{"index":"index","follow":"follow","max-snippet":"max-snippet:-1","max-image-preview":"max-image-preview:large","max-video-preview":"max-video-preview:-1"},"canonical":"https:\/\/www.asajacyl.com\/palencia\/sin-categoria\/la-confederacion-del-duero-abre-en-su-web-un-canal-directo-de-comunicacion-con-el-sector-agropecuario","og_locale":"es_ES","og_type":"article","og_title":"La Confederaci\u00f3n del Duero abre en su web un canal directo de comunicaci\u00f3n con el sector agropecuario - ASAJA Palencia","og_description":"La Confederaci\u00f3n Hidrogr\u00e1fica del Duero (CHD) ha abierto un canal de interacci\u00f3n directa con las organizaciones profesionales agrarias (OPA) para dar","og_url":"https:\/\/www.asajacyl.com\/palencia\/sin-categoria\/la-confederacion-del-duero-abre-en-su-web-un-canal-directo-de-comunicacion-con-el-sector-agropecuario","og_site_name":"ASAJA Palencia","article_published_time":"2023-07-05T08:42:32+00:00","og_image":[{"width":1628,"height":801,"url":"https:\/\/www.asajacyl.com\/palencia\/wp-content\/uploads\/sites\/3\/2023\/07\/Canal-CHD-OPAS.jpg","type":"image\/jpeg"}],"author":"Administrador","twitter_card":"summary_large_image","twitter_misc":{"Escrito por":"Administrador","Tiempo de lectura":"2 minutos"},"schema":{"@context":"https:\/\/schema.org","@graph":[{"@type":"WebPage","@id":"https:\/\/www.asajacyl.com\/palencia\/sin-categoria\/la-confederacion-del-duero-abre-en-su-web-un-canal-directo-de-comunicacion-con-el-sector-agropecuario","url":"https:\/\/www.asajacyl.com\/palencia\/sin-categoria\/la-confederacion-del-duero-abre-en-su-web-un-canal-directo-de-comunicacion-con-el-sector-agropecuario","name":"La Confederaci\u00f3n del Duero abre en su web un canal directo de comunicaci\u00f3n con el sector agropecuario - ASAJA Palencia","isPartOf":{"@id":"https:\/\/www.asajacyl.com\/palencia\/#website"},"primaryImageOfPage":{"@id":"https:\/\/www.asajacyl.com\/palencia\/sin-categoria\/la-confederacion-del-duero-abre-en-su-web-un-canal-directo-de-comunicacion-con-el-sector-agropecuario#primaryimage"},"image":{"@id":"https:\/\/www.asajacyl.com\/palencia\/sin-categoria\/la-confederacion-del-duero-abre-en-su-web-un-canal-directo-de-comunicacion-con-el-sector-agropecuario#primaryimage"},"thumbnailUrl":"https:\/\/www.asajacyl.com\/palencia\/wp-content\/uploads\/sites\/3\/2023\/07\/Canal-CHD-OPAS.jpg","datePublished":"2023-07-05T08:42:32+00:00","author":{"@id":"https:\/\/www.asajacyl.com\/palencia\/#\/schema\/person\/3ab17aeb03527485c317557fae64aab1"},"description":"La Confederaci\u00f3n Hidrogr\u00e1fica del Duero (CHD) ha abierto un canal de interacci\u00f3n directa con las organizaciones profesionales agrarias (OPA) para dar","breadcrumb":{"@id":"https:\/\/www.asajacyl.com\/palencia\/sin-categoria\/la-confederacion-del-duero-abre-en-su-web-un-canal-directo-de-comunicacion-con-el-sector-agropecuario#breadcrumb"},"inLanguage":"es","potentialAction":[{"@type":"ReadAction","target":["https:\/\/www.asajacyl.com\/palencia\/sin-categoria\/la-confederacion-del-duero-abre-en-su-web-un-canal-directo-de-comunicacion-con-el-sector-agropecuario"]}]},{"@type":"ImageObject","inLanguage":"es","@id":"https:\/\/www.asajacyl.com\/palencia\/sin-categoria\/la-confederacion-del-duero-abre-en-su-web-un-canal-directo-de-comunicacion-con-el-sector-agropecuario#primaryimage","url":"https:\/\/www.asajacyl.com\/palencia\/wp-content\/uploads\/sites\/3\/2023\/07\/Canal-CHD-OPAS.jpg","contentUrl":"https:\/\/www.asajacyl.com\/palencia\/wp-content\/uploads\/sites\/3\/2023\/07\/Canal-CHD-OPAS.jpg","width":1628,"height":801},{"@type":"BreadcrumbList","@id":"https:\/\/www.asajacyl.com\/palencia\/sin-categoria\/la-confederacion-del-duero-abre-en-su-web-un-canal-directo-de-comunicacion-con-el-sector-agropecuario#breadcrumb","itemListElement":[{"@type":"ListItem","position":1,"name":"Portada","item":"https:\/\/www.asajacyl.com\/palencia\/"},{"@type":"ListItem","position":2,"name":"La Confederaci\u00f3n del Duero abre en su web un canal directo de comunicaci\u00f3n con el sector agropecuario"}]},{"@type":"WebSite","@id":"https:\/\/www.asajacyl.com\/palencia\/#website","url":"https:\/\/www.asajacyl.com\/palencia\/","name":"ASAJA Palencia","description":"Otro sitio m\u00e1s de Provincias ASAJA Castilla y Le\u00f3n","potentialAction":[{"@type":"SearchAction","target":{"@type":"EntryPoint","urlTemplate":"https:\/\/www.asajacyl.com\/palencia\/?s={search_term_string}"},"query-input":{"@type":"PropertyValueSpecification","valueRequired":true,"valueName":"search_term_string"}}],"inLanguage":"es"},{"@type":"Person","@id":"https:\/\/www.asajacyl.com\/palencia\/#\/schema\/person\/3ab17aeb03527485c317557fae64aab1","name":"Administrador","image":{"@type":"ImageObject","inLanguage":"es","@id":"https:\/\/www.asajacyl.com\/palencia\/#\/schema\/person\/image\/","url":"https:\/\/secure.gravatar.com\/avatar\/517384810d242ca9e38c180f3c9fb973?s=96&d=mm&r=g","contentUrl":"https:\/\/secure.gravatar.com\/avatar\/517384810d242ca9e38c180f3c9fb973?s=96&d=mm&r=g","caption":"Administrador"},"url":"https:\/\/www.asajacyl.com\/palencia\/author\/carlosrm"}]}},"_links":{"self":[{"href":"https:\/\/www.asajacyl.com\/palencia\/wp-json\/wp\/v2\/posts\/13661"}],"collection":[{"href":"https:\/\/www.asajacyl.com\/palencia\/wp-json\/wp\/v2\/posts"}],"about":[{"href":"https:\/\/www.asajacyl.com\/palencia\/wp-json\/wp\/v2\/types\/post"}],"author":[{"embeddable":true,"href":"https:\/\/www.asajacyl.com\/palencia\/wp-json\/wp\/v2\/users\/9"}],"replies":[{"embeddable":true,"href":"https:\/\/www.asajacyl.com\/palencia\/wp-json\/wp\/v2\/comments?post=13661"}],"version-history":[{"count":1,"href":"https:\/\/www.asajacyl.com\/palencia\/wp-json\/wp\/v2\/posts\/13661\/revisions"}],"predecessor-version":[{"id":13662,"href":"https:\/\/www.asajacyl.com\/palencia\/wp-json\/wp\/v2\/posts\/13661\/revisions\/13662"}],"wp:featuredmedia":[{"embeddable":true,"href":"https:\/\/www.asajacyl.com\/palencia\/wp-json\/wp\/v2\/media\/13663"}],"wp:attachment":[{"href":"https:\/\/www.asajacyl.com\/palencia\/wp-json\/wp\/v2\/media?parent=13661"}],"wp:term":[{"taxonomy":"category","embeddable":true,"href":"https:\/\/www.asajacyl.com\/palencia\/wp-json\/wp\/v2\/categories?post=13661"},{"taxonomy":"post_tag","embeddable":true,"href":"https:\/\/www.asajacyl.com\/palencia\/wp-json\/wp\/v2\/tags?post=13661"}],"curies":[{"name":"wp","href":"https:\/\/api.w.org\/{rel}","templated":true}]}}