{"id":13668,"date":"2023-07-05T10:14:11","date_gmt":"2023-07-05T08:14:11","guid":{"rendered":"https:\/\/www.asajacyl.com\/palencia\/?p=13668"},"modified":"2023-07-05T11:48:47","modified_gmt":"2023-07-05T09:48:47","slug":"el-fega-publica-el-listado-provisional-de-ayudas-a-explotaciones-ganaderas-a-causa-de-la-sequia","status":"publish","type":"post","link":"https:\/\/www.asajacyl.com\/palencia\/asaja-palencia-informa\/el-fega-publica-el-listado-provisional-de-ayudas-a-explotaciones-ganaderas-a-causa-de-la-sequia","title":{"rendered":"El FEGA publica el listado provisional de ayudas a explotaciones ganaderas a causa de la sequ\u00eda"},"content":{"rendered":"\n<h2 class=\"wp-block-heading\">La p\u00e1gina web del Fondo Espa\u00f1ol de Garant\u00eda Agraria (FEGA) ha publicado este martes, 4 de julio, el listado provisional de los 74.651 titulares de explotaciones ganaderas del pa\u00eds que percibir\u00e1n en total 355 millones de euros en ayudas por la sequ\u00eda. Asimismo, el Ministerio de Agricultura, Pesca y Alimentaci\u00f3n (MAPA) ha sacado a consulta p\u00fablica el borrador de la orden para la distribuci\u00f3n de las ayudas para los sectores agr\u00edcolas, con un montante total que se aproxima a los 358 millones de euros. Las ayudas a la ganader\u00eda empezar\u00e1n a abonarse en octubre. Las posibles alegaciones a este listado provisional pueden presentarse hasta el martes 18 de julio incluido. <\/h2>\n\n\n\n<p>Este apoyo extraordinario con motivo de la sequ\u00eda se concede directamente a los beneficiarios, productores de carne de vacuno (vacas nodrizas), de ovino y de caprino y productores de leche de vaca, oveja y cabra que hayan sido beneficiarios de ayudas asociadas a la ganader\u00eda de la Pol\u00edtica Agraria Com\u00fan (PAC) de la campa\u00f1a 2022 y que tengan censo positivo a 30 de abril de 2023.<\/p>\n\n\n\n<p>Las ayudas se conceden de oficio (<strong>no es preciso solicitarlas<\/strong>) y <strong>cuando el importe a percibir resulte igual o superior a los 200 euros<\/strong>. El FEGA estima que los beneficiarios que cumplen con las condiciones establecidas para acceder a esta ayuda, que no presenten alegaciones y que est\u00e9n al corriente de sus obligaciones tributarias y con la Seguridad Social, podr\u00e1n percibir estas ayudas en el mes de octubre.<\/p>\n\n\n\n<p>El presupuesto total asignado de 355 millones de euros para toda Espa\u00f1a se distribuye de la siguiente forma: <\/p>\n\n\n\n<ul>\n<li>197 millones de euros para los productores de carne de vacuno (el 55,5% del total)<\/li>\n\n\n\n<li>117,4 millones de euros para los productores de carne de ovino y caprino (el 33% del total)<\/li>\n\n\n\n<li>17,4 millones de euros para los productores de leche de vaca (el 5% del total) y <\/li>\n\n\n\n<li>23,2 millones de euros para los productores de leche de oveja y cabra (6,5% del total).<\/li>\n<\/ul>\n\n\n\n<p>Con los datos provisionales de explotaciones ganaderas subvencionables y el supuesto n\u00famero de animales elegibles para esta ayuda, se ha realizado un ajuste lineal a los importes unitarios indicados en el real-decreto que estableci\u00f3 las ayudas, para evitar superar la cuant\u00eda m\u00e1xima estimada por especie y orientaci\u00f3n productiva. <\/p>\n\n\n\n<p><strong>LA MITAD QUE EN OTRAS REGIONES. <\/strong>Conforme a esta norma, las explotaciones que cuenten con la mayor parte de sus animales potencialmente subvencionables en la campa\u00f1a 2022 en las comunidades aut\u00f3nomas establecidas como zonas de afecci\u00f3n media de sequ\u00eda (en las que incluy\u00f3 el Gobierno a Castilla y Le\u00f3n) recibir\u00e1n el 50 % de los importes previstos, que quedan establecidos para cada especie y orientaci\u00f3n productiva de la forma siguiente:<\/p>\n\n\n\n<ul>\n<li><strong>Vaca de carne (nodriza): 71,74 euros\/cabeza en las primeras 250 (el resto, la mitad de ayuda)<\/strong><\/li>\n\n\n\n<li><strong>Oveja y cabra de carne: 7,95 euros\/cabeza en las primeras 2.000 (el resto, la mitad de ayuda)<\/strong><\/li>\n\n\n\n<li><strong>Vaca de leche: 27,56 euros\/cabeza (con un m\u00e1ximo de 725 animales) y<\/strong><\/li>\n\n\n\n<li><strong>Oveja y cabra de leche: 4,33 euros\/cabeza en las primeras 2.000 (el resto, la mitad de ayuda).<\/strong><\/li>\n<\/ul>\n\n\n\n<p>Desde que el Gobierno de Espa\u00f1a aprob\u00f3 el real-decreto, ASAJA ha venido criticando esta divisi\u00f3n en tres zonas de afecci\u00f3n alta, media y moderada para modular las ayudas a la agricultura y la ganader\u00eda por el impacto de la sequ\u00eda y la guerra de Ucrania (motivo este \u00faltimo tambi\u00e9n explicitado en la justificaci\u00f3n de las ayudas), lo que a juicio de nuestra organizaci\u00f3n es injusto, discriminatorio y arbitrario. <\/p>\n\n\n\n<p>As\u00ed se lo traslad\u00f3 nuestra organizaci\u00f3n a finales de junio durante la reuni\u00f3n celebrada en Madrid con el secretario de Agricultura del Ministerio, Fernando Miranda, en la que avanz\u00f3 los criterios de aplicaci\u00f3n del real decreto.&nbsp;  <\/p>\n\n\n\n<p>En el caso concreto de la ganader\u00eda, como bien saben muchos de sus profesionales, resultan del todo punto injustificadas esas diferencias en la ayuda, porque los perjuicios derivados de la sequ\u00eda y del citado conflicto b\u00e9lico que vienen padeciendo los ganaderos espa\u00f1oles desde hace meses no entienden de fronteras auton\u00f3micas, por lo ASAJA ha reclamado reiteradamente al Ministerio que reconsidere su postura y anule esa discriminaci\u00f3n.<\/p>\n\n\n\n<p><strong>La direcci\u00f3n de la p\u00e1gina web del FEGA en la que puede consultarse el listado provisional de beneficiarios de las ayudas a la ganader\u00eda reci\u00e9n publicadas es https:\/\/www3.sede.fega.gob.es\/gesaexcse\/inicio\/inicio.action?ayuCodigo=3 <\/strong><\/p>\n\n\n\n<p><\/p>\n","protected":false},"excerpt":{"rendered":"<p>La p\u00e1gina web del Fondo Espa\u00f1ol de Garant\u00eda Agraria (FEGA) ha publicado este martes, 4 de julio, el listado provisional de los 74.651 titulares de explotaciones ganaderas del pa\u00eds que percibir\u00e1n en total 355 millones de euros en ayudas por la sequ\u00eda. Asimismo, el Ministerio de Agricultura, Pesca y Alimentaci\u00f3n (MAPA) ha sacado a consulta [&hellip;]<\/p>\n","protected":false},"author":9,"featured_media":13669,"comment_status":"open","ping_status":"open","sticky":false,"template":"","format":"standard","meta":{"footnotes":""},"categories":[9,29,28],"tags":[58,59,234,183,56,77,110,143,311,313,93,144,294,309],"yoast_head":"<!-- This site is optimized with the Yoast SEO plugin v24.5 - https:\/\/yoast.com\/wordpress\/plugins\/seo\/ -->\n<title>El FEGA publica el listado provisional de ayudas a explotaciones ganaderas a causa de la sequ\u00eda - ASAJA Palencia<\/title>\n<meta name=\"description\" content=\"La p\u00e1gina web del Fondo Espa\u00f1ol de Garant\u00eda Agraria (FEGA) ha publicado este martes, 4 de julio, el listado provisional de los 74.651 titulares de\" \/>\n<meta name=\"robots\" content=\"index, follow, max-snippet:-1, max-image-preview:large, max-video-preview:-1\" \/>\n<link rel=\"canonical\" href=\"https:\/\/www.asajacyl.com\/palencia\/asaja-palencia-informa\/el-fega-publica-el-listado-provisional-de-ayudas-a-explotaciones-ganaderas-a-causa-de-la-sequia\" \/>\n<meta property=\"og:locale\" content=\"es_ES\" \/>\n<meta property=\"og:type\" content=\"article\" \/>\n<meta property=\"og:title\" content=\"El FEGA publica el listado provisional de ayudas a explotaciones ganaderas a causa de la sequ\u00eda - ASAJA Palencia\" \/>\n<meta property=\"og:description\" content=\"La p\u00e1gina web del Fondo Espa\u00f1ol de Garant\u00eda Agraria (FEGA) ha publicado este martes, 4 de julio, el listado provisional de los 74.651 titulares de\" \/>\n<meta property=\"og:url\" content=\"https:\/\/www.asajacyl.com\/palencia\/asaja-palencia-informa\/el-fega-publica-el-listado-provisional-de-ayudas-a-explotaciones-ganaderas-a-causa-de-la-sequia\" \/>\n<meta property=\"og:site_name\" content=\"ASAJA Palencia\" \/>\n<meta property=\"article:published_time\" content=\"2023-07-05T08:14:11+00:00\" \/>\n<meta property=\"article:modified_time\" content=\"2023-07-05T09:48:47+00:00\" \/>\n<meta property=\"og:image\" content=\"https:\/\/www.asajacyl.com\/palencia\/wp-content\/uploads\/sites\/3\/2023\/07\/Ganado-pastando-sequia.jpg\" \/>\n\t<meta property=\"og:image:width\" content=\"2500\" \/>\n\t<meta property=\"og:image:height\" content=\"2188\" \/>\n\t<meta property=\"og:image:type\" content=\"image\/jpeg\" \/>\n<meta name=\"author\" content=\"Administrador\" \/>\n<meta name=\"twitter:card\" content=\"summary_large_image\" \/>\n<meta name=\"twitter:label1\" content=\"Escrito por\" \/>\n\t<meta name=\"twitter:data1\" content=\"Administrador\" \/>\n\t<meta name=\"twitter:label2\" content=\"Tiempo de lectura\" \/>\n\t<meta name=\"twitter:data2\" content=\"4 minutos\" \/>\n<script type=\"application\/ld+json\" class=\"yoast-schema-graph\">{\"@context\":\"https:\/\/schema.org\",\"@graph\":[{\"@type\":\"WebPage\",\"@id\":\"https:\/\/www.asajacyl.com\/palencia\/asaja-palencia-informa\/el-fega-publica-el-listado-provisional-de-ayudas-a-explotaciones-ganaderas-a-causa-de-la-sequia\",\"url\":\"https:\/\/www.asajacyl.com\/palencia\/asaja-palencia-informa\/el-fega-publica-el-listado-provisional-de-ayudas-a-explotaciones-ganaderas-a-causa-de-la-sequia\",\"name\":\"El FEGA publica el listado provisional de ayudas a explotaciones ganaderas a causa de la sequ\u00eda - ASAJA Palencia\",\"isPartOf\":{\"@id\":\"https:\/\/www.asajacyl.com\/palencia\/#website\"},\"primaryImageOfPage\":{\"@id\":\"https:\/\/www.asajacyl.com\/palencia\/asaja-palencia-informa\/el-fega-publica-el-listado-provisional-de-ayudas-a-explotaciones-ganaderas-a-causa-de-la-sequia#primaryimage\"},\"image\":{\"@id\":\"https:\/\/www.asajacyl.com\/palencia\/asaja-palencia-informa\/el-fega-publica-el-listado-provisional-de-ayudas-a-explotaciones-ganaderas-a-causa-de-la-sequia#primaryimage\"},\"thumbnailUrl\":\"https:\/\/www.asajacyl.com\/palencia\/wp-content\/uploads\/sites\/3\/2023\/07\/Ganado-pastando-sequia.jpg\",\"datePublished\":\"2023-07-05T08:14:11+00:00\",\"dateModified\":\"2023-07-05T09:48:47+00:00\",\"author\":{\"@id\":\"https:\/\/www.asajacyl.com\/palencia\/#\/schema\/person\/3ab17aeb03527485c317557fae64aab1\"},\"description\":\"La p\u00e1gina web del Fondo Espa\u00f1ol de Garant\u00eda Agraria (FEGA) ha publicado este martes, 4 de julio, el listado provisional de los 74.651 titulares de\",\"breadcrumb\":{\"@id\":\"https:\/\/www.asajacyl.com\/palencia\/asaja-palencia-informa\/el-fega-publica-el-listado-provisional-de-ayudas-a-explotaciones-ganaderas-a-causa-de-la-sequia#breadcrumb\"},\"inLanguage\":\"es\",\"potentialAction\":[{\"@type\":\"ReadAction\",\"target\":[\"https:\/\/www.asajacyl.com\/palencia\/asaja-palencia-informa\/el-fega-publica-el-listado-provisional-de-ayudas-a-explotaciones-ganaderas-a-causa-de-la-sequia\"]}]},{\"@type\":\"ImageObject\",\"inLanguage\":\"es\",\"@id\":\"https:\/\/www.asajacyl.com\/palencia\/asaja-palencia-informa\/el-fega-publica-el-listado-provisional-de-ayudas-a-explotaciones-ganaderas-a-causa-de-la-sequia#primaryimage\",\"url\":\"https:\/\/www.asajacyl.com\/palencia\/wp-content\/uploads\/sites\/3\/2023\/07\/Ganado-pastando-sequia.jpg\",\"contentUrl\":\"https:\/\/www.asajacyl.com\/palencia\/wp-content\/uploads\/sites\/3\/2023\/07\/Ganado-pastando-sequia.jpg\",\"width\":2500,\"height\":2188},{\"@type\":\"BreadcrumbList\",\"@id\":\"https:\/\/www.asajacyl.com\/palencia\/asaja-palencia-informa\/el-fega-publica-el-listado-provisional-de-ayudas-a-explotaciones-ganaderas-a-causa-de-la-sequia#breadcrumb\",\"itemListElement\":[{\"@type\":\"ListItem\",\"position\":1,\"name\":\"Portada\",\"item\":\"https:\/\/www.asajacyl.com\/palencia\/\"},{\"@type\":\"ListItem\",\"position\":2,\"name\":\"El FEGA publica el listado provisional de ayudas a explotaciones ganaderas a causa de la sequ\u00eda\"}]},{\"@type\":\"WebSite\",\"@id\":\"https:\/\/www.asajacyl.com\/palencia\/#website\",\"url\":\"https:\/\/www.asajacyl.com\/palencia\/\",\"name\":\"ASAJA Palencia\",\"description\":\"Otro sitio m\u00e1s de Provincias ASAJA Castilla y Le\u00f3n\",\"potentialAction\":[{\"@type\":\"SearchAction\",\"target\":{\"@type\":\"EntryPoint\",\"urlTemplate\":\"https:\/\/www.asajacyl.com\/palencia\/?s={search_term_string}\"},\"query-input\":{\"@type\":\"PropertyValueSpecification\",\"valueRequired\":true,\"valueName\":\"search_term_string\"}}],\"inLanguage\":\"es\"},{\"@type\":\"Person\",\"@id\":\"https:\/\/www.asajacyl.com\/palencia\/#\/schema\/person\/3ab17aeb03527485c317557fae64aab1\",\"name\":\"Administrador\",\"image\":{\"@type\":\"ImageObject\",\"inLanguage\":\"es\",\"@id\":\"https:\/\/www.asajacyl.com\/palencia\/#\/schema\/person\/image\/\",\"url\":\"https:\/\/secure.gravatar.com\/avatar\/517384810d242ca9e38c180f3c9fb973?s=96&d=mm&r=g\",\"contentUrl\":\"https:\/\/secure.gravatar.com\/avatar\/517384810d242ca9e38c180f3c9fb973?s=96&d=mm&r=g\",\"caption\":\"Administrador\"},\"url\":\"https:\/\/www.asajacyl.com\/palencia\/author\/carlosrm\"}]}<\/script>\n<!-- \/ Yoast SEO plugin. -->","yoast_head_json":{"title":"El FEGA publica el listado provisional de ayudas a explotaciones ganaderas a causa de la sequ\u00eda - ASAJA Palencia","description":"La p\u00e1gina web del Fondo Espa\u00f1ol de Garant\u00eda Agraria (FEGA) ha publicado este martes, 4 de julio, el listado provisional de los 74.651 titulares de","robots":{"index":"index","follow":"follow","max-snippet":"max-snippet:-1","max-image-preview":"max-image-preview:large","max-video-preview":"max-video-preview:-1"},"canonical":"https:\/\/www.asajacyl.com\/palencia\/asaja-palencia-informa\/el-fega-publica-el-listado-provisional-de-ayudas-a-explotaciones-ganaderas-a-causa-de-la-sequia","og_locale":"es_ES","og_type":"article","og_title":"El FEGA publica el listado provisional de ayudas a explotaciones ganaderas a causa de la sequ\u00eda - ASAJA Palencia","og_description":"La p\u00e1gina web del Fondo Espa\u00f1ol de Garant\u00eda Agraria (FEGA) ha publicado este martes, 4 de julio, el listado provisional de los 74.651 titulares de","og_url":"https:\/\/www.asajacyl.com\/palencia\/asaja-palencia-informa\/el-fega-publica-el-listado-provisional-de-ayudas-a-explotaciones-ganaderas-a-causa-de-la-sequia","og_site_name":"ASAJA Palencia","article_published_time":"2023-07-05T08:14:11+00:00","article_modified_time":"2023-07-05T09:48:47+00:00","og_image":[{"width":2500,"height":2188,"url":"https:\/\/www.asajacyl.com\/palencia\/wp-content\/uploads\/sites\/3\/2023\/07\/Ganado-pastando-sequia.jpg","type":"image\/jpeg"}],"author":"Administrador","twitter_card":"summary_large_image","twitter_misc":{"Escrito por":"Administrador","Tiempo de lectura":"4 minutos"},"schema":{"@context":"https:\/\/schema.org","@graph":[{"@type":"WebPage","@id":"https:\/\/www.asajacyl.com\/palencia\/asaja-palencia-informa\/el-fega-publica-el-listado-provisional-de-ayudas-a-explotaciones-ganaderas-a-causa-de-la-sequia","url":"https:\/\/www.asajacyl.com\/palencia\/asaja-palencia-informa\/el-fega-publica-el-listado-provisional-de-ayudas-a-explotaciones-ganaderas-a-causa-de-la-sequia","name":"El FEGA publica el listado provisional de ayudas a explotaciones ganaderas a causa de la sequ\u00eda - ASAJA Palencia","isPartOf":{"@id":"https:\/\/www.asajacyl.com\/palencia\/#website"},"primaryImageOfPage":{"@id":"https:\/\/www.asajacyl.com\/palencia\/asaja-palencia-informa\/el-fega-publica-el-listado-provisional-de-ayudas-a-explotaciones-ganaderas-a-causa-de-la-sequia#primaryimage"},"image":{"@id":"https:\/\/www.asajacyl.com\/palencia\/asaja-palencia-informa\/el-fega-publica-el-listado-provisional-de-ayudas-a-explotaciones-ganaderas-a-causa-de-la-sequia#primaryimage"},"thumbnailUrl":"https:\/\/www.asajacyl.com\/palencia\/wp-content\/uploads\/sites\/3\/2023\/07\/Ganado-pastando-sequia.jpg","datePublished":"2023-07-05T08:14:11+00:00","dateModified":"2023-07-05T09:48:47+00:00","author":{"@id":"https:\/\/www.asajacyl.com\/palencia\/#\/schema\/person\/3ab17aeb03527485c317557fae64aab1"},"description":"La p\u00e1gina web del Fondo Espa\u00f1ol de Garant\u00eda Agraria (FEGA) ha publicado este martes, 4 de julio, el listado provisional de los 74.651 titulares de","breadcrumb":{"@id":"https:\/\/www.asajacyl.com\/palencia\/asaja-palencia-informa\/el-fega-publica-el-listado-provisional-de-ayudas-a-explotaciones-ganaderas-a-causa-de-la-sequia#breadcrumb"},"inLanguage":"es","potentialAction":[{"@type":"ReadAction","target":["https:\/\/www.asajacyl.com\/palencia\/asaja-palencia-informa\/el-fega-publica-el-listado-provisional-de-ayudas-a-explotaciones-ganaderas-a-causa-de-la-sequia"]}]},{"@type":"ImageObject","inLanguage":"es","@id":"https:\/\/www.asajacyl.com\/palencia\/asaja-palencia-informa\/el-fega-publica-el-listado-provisional-de-ayudas-a-explotaciones-ganaderas-a-causa-de-la-sequia#primaryimage","url":"https:\/\/www.asajacyl.com\/palencia\/wp-content\/uploads\/sites\/3\/2023\/07\/Ganado-pastando-sequia.jpg","contentUrl":"https:\/\/www.asajacyl.com\/palencia\/wp-content\/uploads\/sites\/3\/2023\/07\/Ganado-pastando-sequia.jpg","width":2500,"height":2188},{"@type":"BreadcrumbList","@id":"https:\/\/www.asajacyl.com\/palencia\/asaja-palencia-informa\/el-fega-publica-el-listado-provisional-de-ayudas-a-explotaciones-ganaderas-a-causa-de-la-sequia#breadcrumb","itemListElement":[{"@type":"ListItem","position":1,"name":"Portada","item":"https:\/\/www.asajacyl.com\/palencia\/"},{"@type":"ListItem","position":2,"name":"El FEGA publica el listado provisional de ayudas a explotaciones ganaderas a causa de la sequ\u00eda"}]},{"@type":"WebSite","@id":"https:\/\/www.asajacyl.com\/palencia\/#website","url":"https:\/\/www.asajacyl.com\/palencia\/","name":"ASAJA Palencia","description":"Otro sitio m\u00e1s de Provincias ASAJA Castilla y Le\u00f3n","potentialAction":[{"@type":"SearchAction","target":{"@type":"EntryPoint","urlTemplate":"https:\/\/www.asajacyl.com\/palencia\/?s={search_term_string}"},"query-input":{"@type":"PropertyValueSpecification","valueRequired":true,"valueName":"search_term_string"}}],"inLanguage":"es"},{"@type":"Person","@id":"https:\/\/www.asajacyl.com\/palencia\/#\/schema\/person\/3ab17aeb03527485c317557fae64aab1","name":"Administrador","image":{"@type":"ImageObject","inLanguage":"es","@id":"https:\/\/www.asajacyl.com\/palencia\/#\/schema\/person\/image\/","url":"https:\/\/secure.gravatar.com\/avatar\/517384810d242ca9e38c180f3c9fb973?s=96&d=mm&r=g","contentUrl":"https:\/\/secure.gravatar.com\/avatar\/517384810d242ca9e38c180f3c9fb973?s=96&d=mm&r=g","caption":"Administrador"},"url":"https:\/\/www.asajacyl.com\/palencia\/author\/carlosrm"}]}},"_links":{"self":[{"href":"https:\/\/www.asajacyl.com\/palencia\/wp-json\/wp\/v2\/posts\/13668"}],"collection":[{"href":"https:\/\/www.asajacyl.com\/palencia\/wp-json\/wp\/v2\/posts"}],"about":[{"href":"https:\/\/www.asajacyl.com\/palencia\/wp-json\/wp\/v2\/types\/post"}],"author":[{"embeddable":true,"href":"https:\/\/www.asajacyl.com\/palencia\/wp-json\/wp\/v2\/users\/9"}],"replies":[{"embeddable":true,"href":"https:\/\/www.asajacyl.com\/palencia\/wp-json\/wp\/v2\/comments?post=13668"}],"version-history":[{"count":2,"href":"https:\/\/www.asajacyl.com\/palencia\/wp-json\/wp\/v2\/posts\/13668\/revisions"}],"predecessor-version":[{"id":13671,"href":"https:\/\/www.asajacyl.com\/palencia\/wp-json\/wp\/v2\/posts\/13668\/revisions\/13671"}],"wp:featuredmedia":[{"embeddable":true,"href":"https:\/\/www.asajacyl.com\/palencia\/wp-json\/wp\/v2\/media\/13669"}],"wp:attachment":[{"href":"https:\/\/www.asajacyl.com\/palencia\/wp-json\/wp\/v2\/media?parent=13668"}],"wp:term":[{"taxonomy":"category","embeddable":true,"href":"https:\/\/www.asajacyl.com\/palencia\/wp-json\/wp\/v2\/categories?post=13668"},{"taxonomy":"post_tag","embeddable":true,"href":"https:\/\/www.asajacyl.com\/palencia\/wp-json\/wp\/v2\/tags?post=13668"}],"curies":[{"name":"wp","href":"https:\/\/api.w.org\/{rel}","templated":true}]}}