{"id":13672,"date":"2023-07-06T10:00:00","date_gmt":"2023-07-06T08:00:00","guid":{"rendered":"https:\/\/www.asajacyl.com\/palencia\/?p=13672"},"modified":"2023-07-05T13:25:26","modified_gmt":"2023-07-05T11:25:26","slug":"asaja-reclama-a-los-partidos-politicos-ante-el-23-j-un-unico-ministerio-para-todos-los-asuntos-del-campo","status":"publish","type":"post","link":"https:\/\/www.asajacyl.com\/palencia\/sin-categoria\/asaja-reclama-a-los-partidos-politicos-ante-el-23-j-un-unico-ministerio-para-todos-los-asuntos-del-campo","title":{"rendered":"ASAJA reclama a los partidos pol\u00edticos ante el 23-J un \u00fanico ministerio para todos los asuntos del campo"},"content":{"rendered":"\n<h2 class=\"wp-block-heading\">Cara a las elecciones generales que se celebran este 23 de julio, ASAJA ha elaborado un documento reivindicativo dirigido a los partidos pol\u00edticos con doce grandes l\u00edneas reivindicativas de nuestra organizaci\u00f3n para que el sector agropecuario siga siendo estrat\u00e9gico en la econom\u00eda de Espa\u00f1a y\u00a0 y prioritario para la sociedad. Un planteamiento de partida b\u00e1sico para ASAJA es integrar de manera transversal las cuestiones agraria y rural en pr\u00e1cticamente todas las pol\u00edticas p\u00fablicas, as\u00ed como la creaci\u00f3n de un \u00fanico ministerio que aglutine todas las competencias de agricultura, agua, medioambiente, transici\u00f3n ecol\u00f3gica y desarrollo rural. Igualmente, nuestra organizaci\u00f3n reclama una mayor coordinaci\u00f3n de ese ministerio con los de Econom\u00eda, Hacienda, Trabajo y Seguridad Social, para una protecci\u00f3n y promoci\u00f3n integrales de nuestro sector y el medio rural.<\/h2>\n\n\n\n<p>El documento incluye las siguientes reivindicaciones:<\/p>\n\n\n\n<p><strong>1. Reconocer el valor de la profesi\u00f3n de agricultor y ganadero y concienciar de su&nbsp; papel estrat\u00e9gico y esencial para garantizar la seguridad alimentaria. <\/strong>La agricultura y la ganader\u00eda garantizan el abastecimiento de alimentos sanos y seguros a precios razonables, es fuente de equilibrio y riqueza en los pueblos, y desempe\u00f1a un papel primordial en el desarrollo rural y en la protecci\u00f3n y conservaci\u00f3n del medio ambiente y la biodiversidad.<\/p>\n\n\n\n<p><strong>2. La sostenibilidad econ\u00f3mica, social y medioambiental del medio rural est\u00e1 ligada a la rentabilidad y viabilidad de las explotaciones agrarias, as\u00ed como al desarrollo de su potencial innovador. <\/strong>Son necesarios apoyos e instrumentos que aseguren esa rentabilidad (en particular, garant\u00eda de precios justos en origen), as\u00ed como medidas que contengan los costes de producci\u00f3n y compensen las subidas desmesuradas de los \u00faltimos a\u00f1os. Asimismo, es imprescindible simplificar la normativa del sector, reducir sus cargas burocr\u00e1ticas y agilizar la distribuci\u00f3n de ayudas.<\/p>\n\n\n\n<p><strong>3. Apoyo reforzado al relevo generacional del sector.&nbsp; <\/strong>Las mujeres y los j\u00f3venes son el soporte del medio rural. Hay que fomentar su incorporaci\u00f3n a la agricultura, con m\u00e1s apoyos y ayudas, simplificando su gesti\u00f3n y agilizando los pagos. Frente a la despoblaci\u00f3n rural y para dinamizar la econom\u00eda del campo, urge dotar a los pueblos de infraestructuras y servicios de calidad para sus habitantes.<\/p>\n\n\n\n<p><strong>4. Garantizar una cadena alimentaria resistente, trasparente y m\u00e1s justa<\/strong>. En el marco de la Ley de la Cadena Alimentaria, hay que empoderar al sector agropecuario, actualmente relegado frente al peso de la industria y la distribuci\u00f3n; intensificar las exigencias de transparencia y activar los controles que aseguren la regularidad y la equidad en la determinaci\u00f3n de los costes de producci\u00f3n y la formaci\u00f3n de precios. Para ello, debe reforzarse la labor de la AICA y del Observatorio de Precios.<\/p>\n\n\n\n<p><strong>5. Presupuesto suficiente para la PAC. <\/strong>Es necesario un ambicioso presupuesto agr\u00edcola en la Uni\u00f3n Europea, acorde con las necesidades apremiantes del sector y que permita cumplir los compromisos comunitarios e internacionales que le conciernen.<\/p>\n\n\n\n<p><strong>6. Fiscalidad acorde con las necesidades del campo. <\/strong>El r\u00e9gimen fiscal de la actividad agropecuaria debe conservar a sus profesionales e incorporar otros nuevos. Es b\u00e1sico mantener el Sistema de M\u00f3dulos y el R\u00e9gimen Especial Agrario del IVA; el est\u00edmulo fiscal\u00a0 para agricultores y ganaderos en estimaci\u00f3n directa, para que se incorporen mujeres y j\u00f3venes y para quienes residan en el medio rural; reducir los impuestos indirectos que afectan a agricultores y ganaderos; suprimir los impuestos de sucesiones y donaciones, de patrimonio y de\u00a0 plusval\u00edas municipales en el \u00e1mbito rural, as\u00ed como implantar definitivamente la doble tarifa el\u00e9ctrica del regad\u00edo.<\/p>\n\n\n\n<p><strong>7. Pol\u00edticas de empleo y de seguridad social que se adapten a las necesidades propias del campo y a la singularidad laboral agropecuaria<\/strong>, con arreglo a estas l\u00edneas principales: compensaciones frente al inasumible incremento de los costes sociales (subida del SMI y cotizaciones), solventar la falta de mano de obra en el campo, adaptaci\u00f3n de los tipos del contrato para permitir la temporalidad eventual y contratar a tiempo parcial en t\u00e9rminos acordes con la singularidad del campo, simplificaci\u00f3n de la gesti\u00f3n de las campa\u00f1as, apoyo econ\u00f3mico e institucional en acciones de tipo informativo y formativo para la implicaci\u00f3n de los trabajadores en el proceso de transici\u00f3n digital, medioambiental y preventivo; giro en la actuaciones de la inspecci\u00f3n laboral, y mejorar los niveles de protecci\u00f3n social al trabajador aut\u00f3nomo agrario.<\/p>\n\n\n\n<p><strong>8. Reforma del modelo vigente de seguros agrarios<\/strong>. Es necesaria su revisi\u00f3n a fondo, en especial l\u00edneas de contrataci\u00f3n que no funcionan.<\/p>\n\n\n\n<p><strong>9. Vertebraci\u00f3n h\u00eddrica de Espa\u00f1a e infraestructuras urgentes. <\/strong>Necesitamos una pol\u00edtica hidr\u00e1ulica que asegure la disponibilidad\u00a0 y la gesti\u00f3n sostenible del agua, para garantizar la seguridad h\u00eddrica, sin usarla de modo partidista. Es preciso definir e impulsar un Plan Hidrol\u00f3gico Nacional y un Plan Nacional de Regad\u00edos, con valent\u00eda, innovaci\u00f3n y optimizaci\u00f3n de recursos, lo que exige con urgencia las inversiones apropiadas.<\/p>\n\n\n\n<p><strong>10. Equilibrio en la protecci\u00f3n de especies en peligro. <\/strong>La protecci\u00f3n de especies en peligro de extinci\u00f3n debe ser razonable y equilibrada, para no comprometer la viabilidad y la rentabilidad de las explotaciones ganaderas y cineg\u00e9ticas.<\/p>\n\n\n\n<p><strong>11. Promoci\u00f3n de los productos espa\u00f1oles dentro y fuera de la UE, valorando su singular calidad y defendiendo la imagen del sector agropecuario nacional. <\/strong>Como potencia agroexportadora de primer orden, referencia en mercados mundiales, Espa\u00f1a ha de intensificar la promoci\u00f3n de sus productos por su singular calidad y su producci\u00f3n sostenible; y reforzar en paralelo el control de importaciones.<\/p>\n\n\n\n<p><strong>12.- Priorizar la cuesti\u00f3n rural en las pol\u00edticas p\u00fablicas. <\/strong>Es imprescindible la defensa clara y expresa del mundo rural, sus valores, su patrimonio hist\u00f3rico-cultural y sus tradiciones, con pol\u00edticas de apoyo a la caza, al mundo del toro y la tauromaquia, y a las tradiciones populares. Asimismo, urge potenciar un medio rural vivo, con actividad econ\u00f3mica, empleo, servicios, comunicaciones e infraestructuras de calidad, para atajar el acuciante problema del despoblamiento.<strong>\/<\/strong><\/p>\n","protected":false},"excerpt":{"rendered":"<p>Cara a las elecciones generales que se celebran este 23 de julio, ASAJA ha elaborado un documento reivindicativo dirigido a los partidos pol\u00edticos con doce grandes l\u00edneas reivindicativas de nuestra organizaci\u00f3n para que el sector agropecuario siga siendo estrat\u00e9gico en la econom\u00eda de Espa\u00f1a y\u00a0 y prioritario para la sociedad. Un planteamiento de partida b\u00e1sico [&hellip;]<\/p>\n","protected":false},"author":9,"featured_media":13674,"comment_status":"open","ping_status":"open","sticky":false,"template":"","format":"standard","meta":{"footnotes":""},"categories":[1],"tags":[58,228,315,77,174,211,110,241,45,314,232,184],"yoast_head":"<!-- This site is optimized with the Yoast SEO plugin v24.5 - https:\/\/yoast.com\/wordpress\/plugins\/seo\/ -->\n<title>ASAJA reclama a los partidos pol\u00edticos ante el 23-J un \u00fanico ministerio para todos los asuntos del campo - ASAJA Palencia<\/title>\n<meta name=\"description\" content=\"Cara a las elecciones generales que se celebran este 23 de julio, ASAJA ha elaborado un documento reivindicativo dirigido a los partidos pol\u00edticos con\" \/>\n<meta name=\"robots\" content=\"index, follow, max-snippet:-1, max-image-preview:large, max-video-preview:-1\" \/>\n<link rel=\"canonical\" href=\"https:\/\/www.asajacyl.com\/palencia\/sin-categoria\/asaja-reclama-a-los-partidos-politicos-ante-el-23-j-un-unico-ministerio-para-todos-los-asuntos-del-campo\" \/>\n<meta property=\"og:locale\" content=\"es_ES\" \/>\n<meta property=\"og:type\" content=\"article\" \/>\n<meta property=\"og:title\" content=\"ASAJA reclama a los partidos pol\u00edticos ante el 23-J un \u00fanico ministerio para todos los asuntos del campo - ASAJA Palencia\" \/>\n<meta property=\"og:description\" content=\"Cara a las elecciones generales que se celebran este 23 de julio, ASAJA ha elaborado un documento reivindicativo dirigido a los partidos pol\u00edticos con\" \/>\n<meta property=\"og:url\" content=\"https:\/\/www.asajacyl.com\/palencia\/sin-categoria\/asaja-reclama-a-los-partidos-politicos-ante-el-23-j-un-unico-ministerio-para-todos-los-asuntos-del-campo\" \/>\n<meta property=\"og:site_name\" content=\"ASAJA Palencia\" \/>\n<meta property=\"article:published_time\" content=\"2023-07-06T08:00:00+00:00\" \/>\n<meta property=\"og:image\" content=\"https:\/\/www.asajacyl.com\/palencia\/wp-content\/uploads\/sites\/3\/2023\/07\/Congreso-de-los-Diputados-1.jpg\" \/>\n\t<meta property=\"og:image:width\" content=\"1575\" \/>\n\t<meta property=\"og:image:height\" content=\"1378\" \/>\n\t<meta property=\"og:image:type\" content=\"image\/jpeg\" \/>\n<meta name=\"author\" content=\"Administrador\" \/>\n<meta name=\"twitter:card\" content=\"summary_large_image\" \/>\n<meta name=\"twitter:label1\" content=\"Escrito por\" \/>\n\t<meta name=\"twitter:data1\" content=\"Administrador\" \/>\n\t<meta name=\"twitter:label2\" content=\"Tiempo de lectura\" \/>\n\t<meta name=\"twitter:data2\" content=\"5 minutos\" \/>\n<script type=\"application\/ld+json\" class=\"yoast-schema-graph\">{\"@context\":\"https:\/\/schema.org\",\"@graph\":[{\"@type\":\"WebPage\",\"@id\":\"https:\/\/www.asajacyl.com\/palencia\/sin-categoria\/asaja-reclama-a-los-partidos-politicos-ante-el-23-j-un-unico-ministerio-para-todos-los-asuntos-del-campo\",\"url\":\"https:\/\/www.asajacyl.com\/palencia\/sin-categoria\/asaja-reclama-a-los-partidos-politicos-ante-el-23-j-un-unico-ministerio-para-todos-los-asuntos-del-campo\",\"name\":\"ASAJA reclama a los partidos pol\u00edticos ante el 23-J un \u00fanico ministerio para todos los asuntos del campo - ASAJA Palencia\",\"isPartOf\":{\"@id\":\"https:\/\/www.asajacyl.com\/palencia\/#website\"},\"primaryImageOfPage\":{\"@id\":\"https:\/\/www.asajacyl.com\/palencia\/sin-categoria\/asaja-reclama-a-los-partidos-politicos-ante-el-23-j-un-unico-ministerio-para-todos-los-asuntos-del-campo#primaryimage\"},\"image\":{\"@id\":\"https:\/\/www.asajacyl.com\/palencia\/sin-categoria\/asaja-reclama-a-los-partidos-politicos-ante-el-23-j-un-unico-ministerio-para-todos-los-asuntos-del-campo#primaryimage\"},\"thumbnailUrl\":\"https:\/\/www.asajacyl.com\/palencia\/wp-content\/uploads\/sites\/3\/2023\/07\/Congreso-de-los-Diputados-1.jpg\",\"datePublished\":\"2023-07-06T08:00:00+00:00\",\"author\":{\"@id\":\"https:\/\/www.asajacyl.com\/palencia\/#\/schema\/person\/3ab17aeb03527485c317557fae64aab1\"},\"description\":\"Cara a las elecciones generales que se celebran este 23 de julio, ASAJA ha elaborado un documento reivindicativo dirigido a los partidos pol\u00edticos con\",\"breadcrumb\":{\"@id\":\"https:\/\/www.asajacyl.com\/palencia\/sin-categoria\/asaja-reclama-a-los-partidos-politicos-ante-el-23-j-un-unico-ministerio-para-todos-los-asuntos-del-campo#breadcrumb\"},\"inLanguage\":\"es\",\"potentialAction\":[{\"@type\":\"ReadAction\",\"target\":[\"https:\/\/www.asajacyl.com\/palencia\/sin-categoria\/asaja-reclama-a-los-partidos-politicos-ante-el-23-j-un-unico-ministerio-para-todos-los-asuntos-del-campo\"]}]},{\"@type\":\"ImageObject\",\"inLanguage\":\"es\",\"@id\":\"https:\/\/www.asajacyl.com\/palencia\/sin-categoria\/asaja-reclama-a-los-partidos-politicos-ante-el-23-j-un-unico-ministerio-para-todos-los-asuntos-del-campo#primaryimage\",\"url\":\"https:\/\/www.asajacyl.com\/palencia\/wp-content\/uploads\/sites\/3\/2023\/07\/Congreso-de-los-Diputados-1.jpg\",\"contentUrl\":\"https:\/\/www.asajacyl.com\/palencia\/wp-content\/uploads\/sites\/3\/2023\/07\/Congreso-de-los-Diputados-1.jpg\",\"width\":1575,\"height\":1378},{\"@type\":\"BreadcrumbList\",\"@id\":\"https:\/\/www.asajacyl.com\/palencia\/sin-categoria\/asaja-reclama-a-los-partidos-politicos-ante-el-23-j-un-unico-ministerio-para-todos-los-asuntos-del-campo#breadcrumb\",\"itemListElement\":[{\"@type\":\"ListItem\",\"position\":1,\"name\":\"Portada\",\"item\":\"https:\/\/www.asajacyl.com\/palencia\/\"},{\"@type\":\"ListItem\",\"position\":2,\"name\":\"ASAJA reclama a los partidos pol\u00edticos ante el 23-J un \u00fanico ministerio para todos los asuntos del campo\"}]},{\"@type\":\"WebSite\",\"@id\":\"https:\/\/www.asajacyl.com\/palencia\/#website\",\"url\":\"https:\/\/www.asajacyl.com\/palencia\/\",\"name\":\"ASAJA Palencia\",\"description\":\"Otro sitio m\u00e1s de Provincias ASAJA Castilla y Le\u00f3n\",\"potentialAction\":[{\"@type\":\"SearchAction\",\"target\":{\"@type\":\"EntryPoint\",\"urlTemplate\":\"https:\/\/www.asajacyl.com\/palencia\/?s={search_term_string}\"},\"query-input\":{\"@type\":\"PropertyValueSpecification\",\"valueRequired\":true,\"valueName\":\"search_term_string\"}}],\"inLanguage\":\"es\"},{\"@type\":\"Person\",\"@id\":\"https:\/\/www.asajacyl.com\/palencia\/#\/schema\/person\/3ab17aeb03527485c317557fae64aab1\",\"name\":\"Administrador\",\"image\":{\"@type\":\"ImageObject\",\"inLanguage\":\"es\",\"@id\":\"https:\/\/www.asajacyl.com\/palencia\/#\/schema\/person\/image\/\",\"url\":\"https:\/\/secure.gravatar.com\/avatar\/517384810d242ca9e38c180f3c9fb973?s=96&d=mm&r=g\",\"contentUrl\":\"https:\/\/secure.gravatar.com\/avatar\/517384810d242ca9e38c180f3c9fb973?s=96&d=mm&r=g\",\"caption\":\"Administrador\"},\"url\":\"https:\/\/www.asajacyl.com\/palencia\/author\/carlosrm\"}]}<\/script>\n<!-- \/ Yoast SEO plugin. -->","yoast_head_json":{"title":"ASAJA reclama a los partidos pol\u00edticos ante el 23-J un \u00fanico ministerio para todos los asuntos del campo - ASAJA Palencia","description":"Cara a las elecciones generales que se celebran este 23 de julio, ASAJA ha elaborado un documento reivindicativo dirigido a los partidos pol\u00edticos con","robots":{"index":"index","follow":"follow","max-snippet":"max-snippet:-1","max-image-preview":"max-image-preview:large","max-video-preview":"max-video-preview:-1"},"canonical":"https:\/\/www.asajacyl.com\/palencia\/sin-categoria\/asaja-reclama-a-los-partidos-politicos-ante-el-23-j-un-unico-ministerio-para-todos-los-asuntos-del-campo","og_locale":"es_ES","og_type":"article","og_title":"ASAJA reclama a los partidos pol\u00edticos ante el 23-J un \u00fanico ministerio para todos los asuntos del campo - ASAJA Palencia","og_description":"Cara a las elecciones generales que se celebran este 23 de julio, ASAJA ha elaborado un documento reivindicativo dirigido a los partidos pol\u00edticos con","og_url":"https:\/\/www.asajacyl.com\/palencia\/sin-categoria\/asaja-reclama-a-los-partidos-politicos-ante-el-23-j-un-unico-ministerio-para-todos-los-asuntos-del-campo","og_site_name":"ASAJA Palencia","article_published_time":"2023-07-06T08:00:00+00:00","og_image":[{"width":1575,"height":1378,"url":"https:\/\/www.asajacyl.com\/palencia\/wp-content\/uploads\/sites\/3\/2023\/07\/Congreso-de-los-Diputados-1.jpg","type":"image\/jpeg"}],"author":"Administrador","twitter_card":"summary_large_image","twitter_misc":{"Escrito por":"Administrador","Tiempo de lectura":"5 minutos"},"schema":{"@context":"https:\/\/schema.org","@graph":[{"@type":"WebPage","@id":"https:\/\/www.asajacyl.com\/palencia\/sin-categoria\/asaja-reclama-a-los-partidos-politicos-ante-el-23-j-un-unico-ministerio-para-todos-los-asuntos-del-campo","url":"https:\/\/www.asajacyl.com\/palencia\/sin-categoria\/asaja-reclama-a-los-partidos-politicos-ante-el-23-j-un-unico-ministerio-para-todos-los-asuntos-del-campo","name":"ASAJA reclama a los partidos pol\u00edticos ante el 23-J un \u00fanico ministerio para todos los asuntos del campo - ASAJA Palencia","isPartOf":{"@id":"https:\/\/www.asajacyl.com\/palencia\/#website"},"primaryImageOfPage":{"@id":"https:\/\/www.asajacyl.com\/palencia\/sin-categoria\/asaja-reclama-a-los-partidos-politicos-ante-el-23-j-un-unico-ministerio-para-todos-los-asuntos-del-campo#primaryimage"},"image":{"@id":"https:\/\/www.asajacyl.com\/palencia\/sin-categoria\/asaja-reclama-a-los-partidos-politicos-ante-el-23-j-un-unico-ministerio-para-todos-los-asuntos-del-campo#primaryimage"},"thumbnailUrl":"https:\/\/www.asajacyl.com\/palencia\/wp-content\/uploads\/sites\/3\/2023\/07\/Congreso-de-los-Diputados-1.jpg","datePublished":"2023-07-06T08:00:00+00:00","author":{"@id":"https:\/\/www.asajacyl.com\/palencia\/#\/schema\/person\/3ab17aeb03527485c317557fae64aab1"},"description":"Cara a las elecciones generales que se celebran este 23 de julio, ASAJA ha elaborado un documento reivindicativo dirigido a los partidos pol\u00edticos con","breadcrumb":{"@id":"https:\/\/www.asajacyl.com\/palencia\/sin-categoria\/asaja-reclama-a-los-partidos-politicos-ante-el-23-j-un-unico-ministerio-para-todos-los-asuntos-del-campo#breadcrumb"},"inLanguage":"es","potentialAction":[{"@type":"ReadAction","target":["https:\/\/www.asajacyl.com\/palencia\/sin-categoria\/asaja-reclama-a-los-partidos-politicos-ante-el-23-j-un-unico-ministerio-para-todos-los-asuntos-del-campo"]}]},{"@type":"ImageObject","inLanguage":"es","@id":"https:\/\/www.asajacyl.com\/palencia\/sin-categoria\/asaja-reclama-a-los-partidos-politicos-ante-el-23-j-un-unico-ministerio-para-todos-los-asuntos-del-campo#primaryimage","url":"https:\/\/www.asajacyl.com\/palencia\/wp-content\/uploads\/sites\/3\/2023\/07\/Congreso-de-los-Diputados-1.jpg","contentUrl":"https:\/\/www.asajacyl.com\/palencia\/wp-content\/uploads\/sites\/3\/2023\/07\/Congreso-de-los-Diputados-1.jpg","width":1575,"height":1378},{"@type":"BreadcrumbList","@id":"https:\/\/www.asajacyl.com\/palencia\/sin-categoria\/asaja-reclama-a-los-partidos-politicos-ante-el-23-j-un-unico-ministerio-para-todos-los-asuntos-del-campo#breadcrumb","itemListElement":[{"@type":"ListItem","position":1,"name":"Portada","item":"https:\/\/www.asajacyl.com\/palencia\/"},{"@type":"ListItem","position":2,"name":"ASAJA reclama a los partidos pol\u00edticos ante el 23-J un \u00fanico ministerio para todos los asuntos del campo"}]},{"@type":"WebSite","@id":"https:\/\/www.asajacyl.com\/palencia\/#website","url":"https:\/\/www.asajacyl.com\/palencia\/","name":"ASAJA Palencia","description":"Otro sitio m\u00e1s de Provincias ASAJA Castilla y Le\u00f3n","potentialAction":[{"@type":"SearchAction","target":{"@type":"EntryPoint","urlTemplate":"https:\/\/www.asajacyl.com\/palencia\/?s={search_term_string}"},"query-input":{"@type":"PropertyValueSpecification","valueRequired":true,"valueName":"search_term_string"}}],"inLanguage":"es"},{"@type":"Person","@id":"https:\/\/www.asajacyl.com\/palencia\/#\/schema\/person\/3ab17aeb03527485c317557fae64aab1","name":"Administrador","image":{"@type":"ImageObject","inLanguage":"es","@id":"https:\/\/www.asajacyl.com\/palencia\/#\/schema\/person\/image\/","url":"https:\/\/secure.gravatar.com\/avatar\/517384810d242ca9e38c180f3c9fb973?s=96&d=mm&r=g","contentUrl":"https:\/\/secure.gravatar.com\/avatar\/517384810d242ca9e38c180f3c9fb973?s=96&d=mm&r=g","caption":"Administrador"},"url":"https:\/\/www.asajacyl.com\/palencia\/author\/carlosrm"}]}},"_links":{"self":[{"href":"https:\/\/www.asajacyl.com\/palencia\/wp-json\/wp\/v2\/posts\/13672"}],"collection":[{"href":"https:\/\/www.asajacyl.com\/palencia\/wp-json\/wp\/v2\/posts"}],"about":[{"href":"https:\/\/www.asajacyl.com\/palencia\/wp-json\/wp\/v2\/types\/post"}],"author":[{"embeddable":true,"href":"https:\/\/www.asajacyl.com\/palencia\/wp-json\/wp\/v2\/users\/9"}],"replies":[{"embeddable":true,"href":"https:\/\/www.asajacyl.com\/palencia\/wp-json\/wp\/v2\/comments?post=13672"}],"version-history":[{"count":1,"href":"https:\/\/www.asajacyl.com\/palencia\/wp-json\/wp\/v2\/posts\/13672\/revisions"}],"predecessor-version":[{"id":13675,"href":"https:\/\/www.asajacyl.com\/palencia\/wp-json\/wp\/v2\/posts\/13672\/revisions\/13675"}],"wp:featuredmedia":[{"embeddable":true,"href":"https:\/\/www.asajacyl.com\/palencia\/wp-json\/wp\/v2\/media\/13674"}],"wp:attachment":[{"href":"https:\/\/www.asajacyl.com\/palencia\/wp-json\/wp\/v2\/media?parent=13672"}],"wp:term":[{"taxonomy":"category","embeddable":true,"href":"https:\/\/www.asajacyl.com\/palencia\/wp-json\/wp\/v2\/categories?post=13672"},{"taxonomy":"post_tag","embeddable":true,"href":"https:\/\/www.asajacyl.com\/palencia\/wp-json\/wp\/v2\/tags?post=13672"}],"curies":[{"name":"wp","href":"https:\/\/api.w.org\/{rel}","templated":true}]}}