{"id":13676,"date":"2023-07-08T09:29:09","date_gmt":"2023-07-08T07:29:09","guid":{"rendered":"https:\/\/www.asajacyl.com\/palencia\/?p=13676"},"modified":"2023-07-06T10:11:34","modified_gmt":"2023-07-06T08:11:34","slug":"alarma-entre-los-ministros-de-agricultura-del-g20-por-la-creciente-inseguridad-alimentaria","status":"publish","type":"post","link":"https:\/\/www.asajacyl.com\/palencia\/sin-categoria\/alarma-entre-los-ministros-de-agricultura-del-g20-por-la-creciente-inseguridad-alimentaria","title":{"rendered":"Alarma entre los ministros de agricultura del G20 por la creciente inseguridad alimentaria"},"content":{"rendered":"\n<h2 class=\"wp-block-heading\">Los ministros de Agricultura del G20 han subrayado la necesidad urgente de responder de manera concreta a los desaf\u00edos que plantea la creciente inseguridad alimentaria mundial. As\u00ed lo recoge la declaraci\u00f3n final adoptada tras su reciente reuni\u00f3n en la India, donde han abordado el problema global de los alimentos surgido por la sucesi\u00f3n de crisis de los \u00faltimos a\u00f1os: covid-19, guerra en Ucrania, cambio clim\u00e1tico, conflictos b\u00e9licos diversos&#8230;<\/h2>\n\n\n\n<p>El informe anual de la red mundial contra las crisis alimentarias (que forman el organismo del ramo de Naciones Unidas, la FAO; la Uni\u00f3n Europea y el Programa Alimentario Mundial \u2014PAM\u2014, ente de Naciones Unidas creado en 1963 para proveer de alimentos en situaciones de emergencia y acometer programas contra la malnutrici\u00f3n) revela que\u00a0unos 258 millones de personas, pertenecientes a 58 pa\u00edses (los menos avanzados) se encontraban en 2022 en situaci\u00f3n de crisis\u00a0alimentaria\u00a0aguda o peor que en 2021, que registraba 193 millones de personas de 53 pa\u00edses.<\/p>\n\n\n\n<p>El G20 est\u00e1 integrado por la Uni\u00f3n Europea y diecinueve pa\u00edses (Alemania, Arabia Saud\u00ed, Argentina, Australia, Brasil, Canad\u00e1, China, Estados Unidos, Francia, India, Indonesia, Italia, Jap\u00f3n, Reino Unido, Rep\u00fablica de Corea, M\u00e9xico, Rusia, Sud\u00e1frica y Turqu\u00eda). Las pr\u00f3ximas reuniones de los ministros de Agricultura del grupo se celebrar\u00e1n en Brasil (2024) y Sud\u00e1frica (2025).<\/p>\n\n\n\n<p><strong>VOLATILIDAD DE PRECIOS Y ALTERACIONES EN LA CADENA. <\/strong>En esta reciente cita en Hyderabad (India), los ministros de agricultura del G20 manifestaron su preocupaci\u00f3n por la excesiva volatilidad de los precios de los alimentos b\u00e1sicos y de los abonos, as\u00ed como por las continuas alteraciones de las cadenas de suministro mundiales. Para revertir esta situaci\u00f3n, piden que, pese a las crisis, se garantice la fiabilidad de esas cadenas, para estabilizar la disponibilidad de alimentos y que adem\u00e1s resulten asequibles, en especial para las personas m\u00e1s vulnerables. <\/p>\n\n\n\n<p>Asimismo, los ministros animan a fomentar la innovaci\u00f3n que estimule, con criterios de sostenibilidad, la producci\u00f3n alimentaria y el desarrollo rural. En ese sentido, abogan por compartir las buenas pr\u00e1cticas en el uso de las tecnolog\u00edas digitales para reforzar un sistema alimentario mundial sostenible.<strong>\/<\/strong><\/p>\n\n\n\n<p><\/p>\n","protected":false},"excerpt":{"rendered":"<p>Los ministros de Agricultura del G20 han subrayado la necesidad urgente de responder de manera concreta a los desaf\u00edos que plantea la creciente inseguridad alimentaria mundial. As\u00ed lo recoge la declaraci\u00f3n final adoptada tras su reciente reuni\u00f3n en la India, donde han abordado el problema global de los alimentos surgido por la sucesi\u00f3n de crisis [&hellip;]<\/p>\n","protected":false},"author":9,"featured_media":13677,"comment_status":"open","ping_status":"open","sticky":false,"template":"","format":"standard","meta":{"footnotes":""},"categories":[1],"tags":[58,322,320,318,77,137,314,321,317],"yoast_head":"<!-- This site is optimized with the Yoast SEO plugin v24.5 - https:\/\/yoast.com\/wordpress\/plugins\/seo\/ -->\n<title>Alarma entre los ministros de agricultura del G20 por la creciente inseguridad alimentaria - ASAJA Palencia<\/title>\n<meta name=\"description\" content=\"Los ministros de Agricultura del G20 han subrayado la necesidad urgente de responder de manera concreta a los desaf\u00edos que plantea la creciente\" \/>\n<meta name=\"robots\" content=\"index, follow, max-snippet:-1, max-image-preview:large, max-video-preview:-1\" \/>\n<link rel=\"canonical\" href=\"https:\/\/www.asajacyl.com\/palencia\/sin-categoria\/alarma-entre-los-ministros-de-agricultura-del-g20-por-la-creciente-inseguridad-alimentaria\" \/>\n<meta property=\"og:locale\" content=\"es_ES\" \/>\n<meta property=\"og:type\" content=\"article\" \/>\n<meta property=\"og:title\" content=\"Alarma entre los ministros de agricultura del G20 por la creciente inseguridad alimentaria - ASAJA Palencia\" \/>\n<meta property=\"og:description\" content=\"Los ministros de Agricultura del G20 han subrayado la necesidad urgente de responder de manera concreta a los desaf\u00edos que plantea la creciente\" \/>\n<meta property=\"og:url\" content=\"https:\/\/www.asajacyl.com\/palencia\/sin-categoria\/alarma-entre-los-ministros-de-agricultura-del-g20-por-la-creciente-inseguridad-alimentaria\" \/>\n<meta property=\"og:site_name\" content=\"ASAJA Palencia\" \/>\n<meta property=\"article:published_time\" content=\"2023-07-08T07:29:09+00:00\" \/>\n<meta property=\"og:image\" content=\"https:\/\/www.asajacyl.com\/palencia\/wp-content\/uploads\/sites\/3\/2023\/07\/G20-reunion-India-2023.jpg\" \/>\n\t<meta property=\"og:image:width\" content=\"1200\" \/>\n\t<meta property=\"og:image:height\" content=\"720\" \/>\n\t<meta property=\"og:image:type\" content=\"image\/jpeg\" \/>\n<meta name=\"author\" content=\"Administrador\" \/>\n<meta name=\"twitter:card\" content=\"summary_large_image\" \/>\n<meta name=\"twitter:label1\" content=\"Escrito por\" \/>\n\t<meta name=\"twitter:data1\" content=\"Administrador\" \/>\n\t<meta name=\"twitter:label2\" content=\"Tiempo de lectura\" \/>\n\t<meta name=\"twitter:data2\" content=\"2 minutos\" \/>\n<script type=\"application\/ld+json\" class=\"yoast-schema-graph\">{\"@context\":\"https:\/\/schema.org\",\"@graph\":[{\"@type\":\"WebPage\",\"@id\":\"https:\/\/www.asajacyl.com\/palencia\/sin-categoria\/alarma-entre-los-ministros-de-agricultura-del-g20-por-la-creciente-inseguridad-alimentaria\",\"url\":\"https:\/\/www.asajacyl.com\/palencia\/sin-categoria\/alarma-entre-los-ministros-de-agricultura-del-g20-por-la-creciente-inseguridad-alimentaria\",\"name\":\"Alarma entre los ministros de agricultura del G20 por la creciente inseguridad alimentaria - ASAJA Palencia\",\"isPartOf\":{\"@id\":\"https:\/\/www.asajacyl.com\/palencia\/#website\"},\"primaryImageOfPage\":{\"@id\":\"https:\/\/www.asajacyl.com\/palencia\/sin-categoria\/alarma-entre-los-ministros-de-agricultura-del-g20-por-la-creciente-inseguridad-alimentaria#primaryimage\"},\"image\":{\"@id\":\"https:\/\/www.asajacyl.com\/palencia\/sin-categoria\/alarma-entre-los-ministros-de-agricultura-del-g20-por-la-creciente-inseguridad-alimentaria#primaryimage\"},\"thumbnailUrl\":\"https:\/\/www.asajacyl.com\/palencia\/wp-content\/uploads\/sites\/3\/2023\/07\/G20-reunion-India-2023.jpg\",\"datePublished\":\"2023-07-08T07:29:09+00:00\",\"author\":{\"@id\":\"https:\/\/www.asajacyl.com\/palencia\/#\/schema\/person\/3ab17aeb03527485c317557fae64aab1\"},\"description\":\"Los ministros de Agricultura del G20 han subrayado la necesidad urgente de responder de manera concreta a los desaf\u00edos que plantea la creciente\",\"breadcrumb\":{\"@id\":\"https:\/\/www.asajacyl.com\/palencia\/sin-categoria\/alarma-entre-los-ministros-de-agricultura-del-g20-por-la-creciente-inseguridad-alimentaria#breadcrumb\"},\"inLanguage\":\"es\",\"potentialAction\":[{\"@type\":\"ReadAction\",\"target\":[\"https:\/\/www.asajacyl.com\/palencia\/sin-categoria\/alarma-entre-los-ministros-de-agricultura-del-g20-por-la-creciente-inseguridad-alimentaria\"]}]},{\"@type\":\"ImageObject\",\"inLanguage\":\"es\",\"@id\":\"https:\/\/www.asajacyl.com\/palencia\/sin-categoria\/alarma-entre-los-ministros-de-agricultura-del-g20-por-la-creciente-inseguridad-alimentaria#primaryimage\",\"url\":\"https:\/\/www.asajacyl.com\/palencia\/wp-content\/uploads\/sites\/3\/2023\/07\/G20-reunion-India-2023.jpg\",\"contentUrl\":\"https:\/\/www.asajacyl.com\/palencia\/wp-content\/uploads\/sites\/3\/2023\/07\/G20-reunion-India-2023.jpg\",\"width\":1200,\"height\":720},{\"@type\":\"BreadcrumbList\",\"@id\":\"https:\/\/www.asajacyl.com\/palencia\/sin-categoria\/alarma-entre-los-ministros-de-agricultura-del-g20-por-la-creciente-inseguridad-alimentaria#breadcrumb\",\"itemListElement\":[{\"@type\":\"ListItem\",\"position\":1,\"name\":\"Portada\",\"item\":\"https:\/\/www.asajacyl.com\/palencia\/\"},{\"@type\":\"ListItem\",\"position\":2,\"name\":\"Alarma entre los ministros de agricultura del G20 por la creciente inseguridad alimentaria\"}]},{\"@type\":\"WebSite\",\"@id\":\"https:\/\/www.asajacyl.com\/palencia\/#website\",\"url\":\"https:\/\/www.asajacyl.com\/palencia\/\",\"name\":\"ASAJA Palencia\",\"description\":\"Otro sitio m\u00e1s de Provincias ASAJA Castilla y Le\u00f3n\",\"potentialAction\":[{\"@type\":\"SearchAction\",\"target\":{\"@type\":\"EntryPoint\",\"urlTemplate\":\"https:\/\/www.asajacyl.com\/palencia\/?s={search_term_string}\"},\"query-input\":{\"@type\":\"PropertyValueSpecification\",\"valueRequired\":true,\"valueName\":\"search_term_string\"}}],\"inLanguage\":\"es\"},{\"@type\":\"Person\",\"@id\":\"https:\/\/www.asajacyl.com\/palencia\/#\/schema\/person\/3ab17aeb03527485c317557fae64aab1\",\"name\":\"Administrador\",\"image\":{\"@type\":\"ImageObject\",\"inLanguage\":\"es\",\"@id\":\"https:\/\/www.asajacyl.com\/palencia\/#\/schema\/person\/image\/\",\"url\":\"https:\/\/secure.gravatar.com\/avatar\/517384810d242ca9e38c180f3c9fb973?s=96&d=mm&r=g\",\"contentUrl\":\"https:\/\/secure.gravatar.com\/avatar\/517384810d242ca9e38c180f3c9fb973?s=96&d=mm&r=g\",\"caption\":\"Administrador\"},\"url\":\"https:\/\/www.asajacyl.com\/palencia\/author\/carlosrm\"}]}<\/script>\n<!-- \/ Yoast SEO plugin. -->","yoast_head_json":{"title":"Alarma entre los ministros de agricultura del G20 por la creciente inseguridad alimentaria - ASAJA Palencia","description":"Los ministros de Agricultura del G20 han subrayado la necesidad urgente de responder de manera concreta a los desaf\u00edos que plantea la creciente","robots":{"index":"index","follow":"follow","max-snippet":"max-snippet:-1","max-image-preview":"max-image-preview:large","max-video-preview":"max-video-preview:-1"},"canonical":"https:\/\/www.asajacyl.com\/palencia\/sin-categoria\/alarma-entre-los-ministros-de-agricultura-del-g20-por-la-creciente-inseguridad-alimentaria","og_locale":"es_ES","og_type":"article","og_title":"Alarma entre los ministros de agricultura del G20 por la creciente inseguridad alimentaria - ASAJA Palencia","og_description":"Los ministros de Agricultura del G20 han subrayado la necesidad urgente de responder de manera concreta a los desaf\u00edos que plantea la creciente","og_url":"https:\/\/www.asajacyl.com\/palencia\/sin-categoria\/alarma-entre-los-ministros-de-agricultura-del-g20-por-la-creciente-inseguridad-alimentaria","og_site_name":"ASAJA Palencia","article_published_time":"2023-07-08T07:29:09+00:00","og_image":[{"width":1200,"height":720,"url":"https:\/\/www.asajacyl.com\/palencia\/wp-content\/uploads\/sites\/3\/2023\/07\/G20-reunion-India-2023.jpg","type":"image\/jpeg"}],"author":"Administrador","twitter_card":"summary_large_image","twitter_misc":{"Escrito por":"Administrador","Tiempo de lectura":"2 minutos"},"schema":{"@context":"https:\/\/schema.org","@graph":[{"@type":"WebPage","@id":"https:\/\/www.asajacyl.com\/palencia\/sin-categoria\/alarma-entre-los-ministros-de-agricultura-del-g20-por-la-creciente-inseguridad-alimentaria","url":"https:\/\/www.asajacyl.com\/palencia\/sin-categoria\/alarma-entre-los-ministros-de-agricultura-del-g20-por-la-creciente-inseguridad-alimentaria","name":"Alarma entre los ministros de agricultura del G20 por la creciente inseguridad alimentaria - ASAJA Palencia","isPartOf":{"@id":"https:\/\/www.asajacyl.com\/palencia\/#website"},"primaryImageOfPage":{"@id":"https:\/\/www.asajacyl.com\/palencia\/sin-categoria\/alarma-entre-los-ministros-de-agricultura-del-g20-por-la-creciente-inseguridad-alimentaria#primaryimage"},"image":{"@id":"https:\/\/www.asajacyl.com\/palencia\/sin-categoria\/alarma-entre-los-ministros-de-agricultura-del-g20-por-la-creciente-inseguridad-alimentaria#primaryimage"},"thumbnailUrl":"https:\/\/www.asajacyl.com\/palencia\/wp-content\/uploads\/sites\/3\/2023\/07\/G20-reunion-India-2023.jpg","datePublished":"2023-07-08T07:29:09+00:00","author":{"@id":"https:\/\/www.asajacyl.com\/palencia\/#\/schema\/person\/3ab17aeb03527485c317557fae64aab1"},"description":"Los ministros de Agricultura del G20 han subrayado la necesidad urgente de responder de manera concreta a los desaf\u00edos que plantea la creciente","breadcrumb":{"@id":"https:\/\/www.asajacyl.com\/palencia\/sin-categoria\/alarma-entre-los-ministros-de-agricultura-del-g20-por-la-creciente-inseguridad-alimentaria#breadcrumb"},"inLanguage":"es","potentialAction":[{"@type":"ReadAction","target":["https:\/\/www.asajacyl.com\/palencia\/sin-categoria\/alarma-entre-los-ministros-de-agricultura-del-g20-por-la-creciente-inseguridad-alimentaria"]}]},{"@type":"ImageObject","inLanguage":"es","@id":"https:\/\/www.asajacyl.com\/palencia\/sin-categoria\/alarma-entre-los-ministros-de-agricultura-del-g20-por-la-creciente-inseguridad-alimentaria#primaryimage","url":"https:\/\/www.asajacyl.com\/palencia\/wp-content\/uploads\/sites\/3\/2023\/07\/G20-reunion-India-2023.jpg","contentUrl":"https:\/\/www.asajacyl.com\/palencia\/wp-content\/uploads\/sites\/3\/2023\/07\/G20-reunion-India-2023.jpg","width":1200,"height":720},{"@type":"BreadcrumbList","@id":"https:\/\/www.asajacyl.com\/palencia\/sin-categoria\/alarma-entre-los-ministros-de-agricultura-del-g20-por-la-creciente-inseguridad-alimentaria#breadcrumb","itemListElement":[{"@type":"ListItem","position":1,"name":"Portada","item":"https:\/\/www.asajacyl.com\/palencia\/"},{"@type":"ListItem","position":2,"name":"Alarma entre los ministros de agricultura del G20 por la creciente inseguridad alimentaria"}]},{"@type":"WebSite","@id":"https:\/\/www.asajacyl.com\/palencia\/#website","url":"https:\/\/www.asajacyl.com\/palencia\/","name":"ASAJA Palencia","description":"Otro sitio m\u00e1s de Provincias ASAJA Castilla y Le\u00f3n","potentialAction":[{"@type":"SearchAction","target":{"@type":"EntryPoint","urlTemplate":"https:\/\/www.asajacyl.com\/palencia\/?s={search_term_string}"},"query-input":{"@type":"PropertyValueSpecification","valueRequired":true,"valueName":"search_term_string"}}],"inLanguage":"es"},{"@type":"Person","@id":"https:\/\/www.asajacyl.com\/palencia\/#\/schema\/person\/3ab17aeb03527485c317557fae64aab1","name":"Administrador","image":{"@type":"ImageObject","inLanguage":"es","@id":"https:\/\/www.asajacyl.com\/palencia\/#\/schema\/person\/image\/","url":"https:\/\/secure.gravatar.com\/avatar\/517384810d242ca9e38c180f3c9fb973?s=96&d=mm&r=g","contentUrl":"https:\/\/secure.gravatar.com\/avatar\/517384810d242ca9e38c180f3c9fb973?s=96&d=mm&r=g","caption":"Administrador"},"url":"https:\/\/www.asajacyl.com\/palencia\/author\/carlosrm"}]}},"_links":{"self":[{"href":"https:\/\/www.asajacyl.com\/palencia\/wp-json\/wp\/v2\/posts\/13676"}],"collection":[{"href":"https:\/\/www.asajacyl.com\/palencia\/wp-json\/wp\/v2\/posts"}],"about":[{"href":"https:\/\/www.asajacyl.com\/palencia\/wp-json\/wp\/v2\/types\/post"}],"author":[{"embeddable":true,"href":"https:\/\/www.asajacyl.com\/palencia\/wp-json\/wp\/v2\/users\/9"}],"replies":[{"embeddable":true,"href":"https:\/\/www.asajacyl.com\/palencia\/wp-json\/wp\/v2\/comments?post=13676"}],"version-history":[{"count":1,"href":"https:\/\/www.asajacyl.com\/palencia\/wp-json\/wp\/v2\/posts\/13676\/revisions"}],"predecessor-version":[{"id":13678,"href":"https:\/\/www.asajacyl.com\/palencia\/wp-json\/wp\/v2\/posts\/13676\/revisions\/13678"}],"wp:featuredmedia":[{"embeddable":true,"href":"https:\/\/www.asajacyl.com\/palencia\/wp-json\/wp\/v2\/media\/13677"}],"wp:attachment":[{"href":"https:\/\/www.asajacyl.com\/palencia\/wp-json\/wp\/v2\/media?parent=13676"}],"wp:term":[{"taxonomy":"category","embeddable":true,"href":"https:\/\/www.asajacyl.com\/palencia\/wp-json\/wp\/v2\/categories?post=13676"},{"taxonomy":"post_tag","embeddable":true,"href":"https:\/\/www.asajacyl.com\/palencia\/wp-json\/wp\/v2\/tags?post=13676"}],"curies":[{"name":"wp","href":"https:\/\/api.w.org\/{rel}","templated":true}]}}