{"id":13694,"date":"2023-07-07T11:01:11","date_gmt":"2023-07-07T09:01:11","guid":{"rendered":"https:\/\/www.asajacyl.com\/palencia\/?p=13694"},"modified":"2023-07-07T12:32:54","modified_gmt":"2023-07-07T10:32:54","slug":"la-autoridad-alimentaria-europea-no-halla-en-el-glifosato-riesgo-para-las-personas-y-el-medio-ambiente","status":"publish","type":"post","link":"https:\/\/www.asajacyl.com\/palencia\/asaja-palencia-informa\/la-autoridad-alimentaria-europea-no-halla-en-el-glifosato-riesgo-para-las-personas-y-el-medio-ambiente","title":{"rendered":"La autoridad alimentaria europea no halla en el glifosato riesgo para las personas y el medio ambiente"},"content":{"rendered":"\n<h2 class=\"wp-block-heading\">La Autoridad Europea de Seguridad de los Alimentos (EFSA), que ha&nbsp;evaluado el impacto del glifosato en la salud de las personas, los animales y el medio ambiente, no ha identificado \u00e1reas de preocupaci\u00f3n cr\u00edticas. Una preocupaci\u00f3n se define como cr\u00edtica cuando afecta a todos los usos propuestos de la sustancia activa objeto de evaluaci\u00f3n (por ejemplo, usos previos a la siembra, usos posteriores a la cosecha, etc.), lo que impide su aprobaci\u00f3n y su renovaci\u00f3n. Se han detectado algunas lagunas de datos, se\u00f1aladas en las conclusiones, cuestiones pendientes para que la Comisi\u00f3n Europea y los Estados miembros las tengan en cuenta en la siguiente fase del proceso de renovaci\u00f3n de la aprobaci\u00f3n del uso de este herbicida. <\/h2>\n\n\n\n<p>El glifosato es un herbicida clave para combatir las malas hierbas que compiten con los cultivos y act\u00faan de reservorios de plagas y enfermedades. Es una sustancia qu\u00edmica cuyo uso en Europa est\u00e1 sujeto a regulaci\u00f3n estricta. Actualmente, est\u00e1 autorizado en la UE hasta el 15 de diciembre de 2023. La evaluaci\u00f3n del riesgo por parte de los Estados miembros y la posterior revisi\u00f3n por pares de la EFSA se han llevado a cabo como parte del proceso jur\u00eddico para renovar esa aprobaci\u00f3n de uso en Europa.<\/p>\n\n\n\n<p>El COPA y la COGECA, que representan respectivamente a los agricultores y las cooperativas de la UE, se ha mostrado satisfecha con conclusi\u00f3n preliminar de la evaluaci\u00f3n de riesgos de la EFSA sobre el glifosato. <\/p>\n\n\n\n<p><strong>RESPALDO CIENT\u00cdFICO. <\/strong>Las entidades del sector agrario se preguntan si ahora los pol\u00edticos de la Comisi\u00f3n Europea van a seguir las recomendaciones de la EFSA o ceder\u00e1n a campa\u00f1as de comunicaci\u00f3n e iniciativas ciudadanas no respaldadas por evidencias cient\u00edficas, como esta evaluaci\u00f3n de la agencia europea competente en la seguridad de los alimentos.<\/p>\n\n\n\n<p>Los agricultores y las cooperativas agr\u00edcolas siempre han apoyado el enfoque de evaluaci\u00f3n de riesgos con base cient\u00edfica adoptado por la EFSA y sobre las sustancias activas de los productos fitosanitarios, cuyo objetivo es garantizar la m\u00e1xima protecci\u00f3n de la salud humana, animal y medioambiental. <\/p>\n\n\n\n<p><strong>EVITAR LABOREO EXCESIVO. <\/strong>Como es l\u00f3gico, ASAJA se suma a la opini\u00f3n manifestada por el COPA y la COGECA, de reclamar para los productores europeos deben estar equipados con las herramientas adecuadas, desarrolladas de la mano de los \u00faltimos avances cient\u00edficos. El glifosato es un herbicida esencial para combatir las malas hierbas que adem\u00e1s no se utiliza en los cultivos, sino entre cultivos, principalmente en la cubierta vegetal, lo que permite mantener cultivos de cobertura y evitar la labranza excesiva.<\/p>\n\n\n\n<p>En 2022, la Agencia Europea de Sustancias y Mezclas Qu\u00edmicas (ECHA) ya evalu\u00f3 un hipot\u00e9tico peligro del glifosato y&nbsp;concluy\u00f3&nbsp;que los criterios cient\u00edficos no amparaban que pudiera clasificarse como sustancia generadora de c\u00e1ncer, mutaciones o problemas para la reproducci\u00f3n. La EFSA ha utilizado ahora la clasificaci\u00f3n de peligros de la ECHA para evaluar riesgos del glifosato en las personas, los animales y el medio ambiente.<\/p>\n\n\n\n<p>Se espera que la agencia publique las conclusiones este mismo mes de julio, en tanto los documentos de referencia, que ocupan miles de p\u00e1ginas, se difundir\u00e1n a partir de finales de agosto.<strong>\/<\/strong><\/p>\n","protected":false},"excerpt":{"rendered":"<p>La Autoridad Europea de Seguridad de los Alimentos (EFSA), que ha&nbsp;evaluado el impacto del glifosato en la salud de las personas, los animales y el medio ambiente, no ha identificado \u00e1reas de preocupaci\u00f3n cr\u00edticas. Una preocupaci\u00f3n se define como cr\u00edtica cuando afecta a todos los usos propuestos de la sustancia activa objeto de evaluaci\u00f3n (por [&hellip;]<\/p>\n","protected":false},"author":9,"featured_media":13695,"comment_status":"open","ping_status":"open","sticky":false,"template":"","format":"standard","meta":{"footnotes":""},"categories":[9,29,28],"tags":[58,330,141,329,86,140,317,44],"yoast_head":"<!-- This site is optimized with the Yoast SEO plugin v24.5 - https:\/\/yoast.com\/wordpress\/plugins\/seo\/ -->\n<title>La autoridad alimentaria europea no halla en el glifosato riesgo para las personas y el medio ambiente - ASAJA Palencia<\/title>\n<meta name=\"description\" content=\"La Autoridad Europea de Seguridad de los Alimentos (EFSA), que ha&nbsp;evaluado el impacto del glifosato en la salud de las personas, los animales y el\" \/>\n<meta name=\"robots\" content=\"index, follow, max-snippet:-1, max-image-preview:large, max-video-preview:-1\" \/>\n<link rel=\"canonical\" href=\"https:\/\/www.asajacyl.com\/palencia\/asaja-palencia-informa\/la-autoridad-alimentaria-europea-no-halla-en-el-glifosato-riesgo-para-las-personas-y-el-medio-ambiente\" \/>\n<meta property=\"og:locale\" content=\"es_ES\" \/>\n<meta property=\"og:type\" content=\"article\" \/>\n<meta property=\"og:title\" content=\"La autoridad alimentaria europea no halla en el glifosato riesgo para las personas y el medio ambiente - ASAJA Palencia\" \/>\n<meta property=\"og:description\" content=\"La Autoridad Europea de Seguridad de los Alimentos (EFSA), que ha&nbsp;evaluado el impacto del glifosato en la salud de las personas, los animales y el\" \/>\n<meta property=\"og:url\" content=\"https:\/\/www.asajacyl.com\/palencia\/asaja-palencia-informa\/la-autoridad-alimentaria-europea-no-halla-en-el-glifosato-riesgo-para-las-personas-y-el-medio-ambiente\" \/>\n<meta property=\"og:site_name\" content=\"ASAJA Palencia\" \/>\n<meta property=\"article:published_time\" content=\"2023-07-07T09:01:11+00:00\" \/>\n<meta property=\"article:modified_time\" content=\"2023-07-07T10:32:54+00:00\" \/>\n<meta property=\"og:image\" content=\"https:\/\/www.asajacyl.com\/palencia\/wp-content\/uploads\/sites\/3\/2023\/07\/Herbicida-glifosato.jpg\" \/>\n\t<meta property=\"og:image:width\" content=\"2500\" \/>\n\t<meta property=\"og:image:height\" content=\"2187\" \/>\n\t<meta property=\"og:image:type\" content=\"image\/jpeg\" \/>\n<meta name=\"author\" content=\"Administrador\" \/>\n<meta name=\"twitter:card\" content=\"summary_large_image\" \/>\n<meta name=\"twitter:label1\" content=\"Escrito por\" \/>\n\t<meta name=\"twitter:data1\" content=\"Administrador\" \/>\n\t<meta name=\"twitter:label2\" content=\"Tiempo de lectura\" \/>\n\t<meta name=\"twitter:data2\" content=\"3 minutos\" \/>\n<script type=\"application\/ld+json\" class=\"yoast-schema-graph\">{\"@context\":\"https:\/\/schema.org\",\"@graph\":[{\"@type\":\"WebPage\",\"@id\":\"https:\/\/www.asajacyl.com\/palencia\/asaja-palencia-informa\/la-autoridad-alimentaria-europea-no-halla-en-el-glifosato-riesgo-para-las-personas-y-el-medio-ambiente\",\"url\":\"https:\/\/www.asajacyl.com\/palencia\/asaja-palencia-informa\/la-autoridad-alimentaria-europea-no-halla-en-el-glifosato-riesgo-para-las-personas-y-el-medio-ambiente\",\"name\":\"La autoridad alimentaria europea no halla en el glifosato riesgo para las personas y el medio ambiente - ASAJA Palencia\",\"isPartOf\":{\"@id\":\"https:\/\/www.asajacyl.com\/palencia\/#website\"},\"primaryImageOfPage\":{\"@id\":\"https:\/\/www.asajacyl.com\/palencia\/asaja-palencia-informa\/la-autoridad-alimentaria-europea-no-halla-en-el-glifosato-riesgo-para-las-personas-y-el-medio-ambiente#primaryimage\"},\"image\":{\"@id\":\"https:\/\/www.asajacyl.com\/palencia\/asaja-palencia-informa\/la-autoridad-alimentaria-europea-no-halla-en-el-glifosato-riesgo-para-las-personas-y-el-medio-ambiente#primaryimage\"},\"thumbnailUrl\":\"https:\/\/www.asajacyl.com\/palencia\/wp-content\/uploads\/sites\/3\/2023\/07\/Herbicida-glifosato.jpg\",\"datePublished\":\"2023-07-07T09:01:11+00:00\",\"dateModified\":\"2023-07-07T10:32:54+00:00\",\"author\":{\"@id\":\"https:\/\/www.asajacyl.com\/palencia\/#\/schema\/person\/3ab17aeb03527485c317557fae64aab1\"},\"description\":\"La Autoridad Europea de Seguridad de los Alimentos (EFSA), que ha&nbsp;evaluado el impacto del glifosato en la salud de las personas, los animales y el\",\"breadcrumb\":{\"@id\":\"https:\/\/www.asajacyl.com\/palencia\/asaja-palencia-informa\/la-autoridad-alimentaria-europea-no-halla-en-el-glifosato-riesgo-para-las-personas-y-el-medio-ambiente#breadcrumb\"},\"inLanguage\":\"es\",\"potentialAction\":[{\"@type\":\"ReadAction\",\"target\":[\"https:\/\/www.asajacyl.com\/palencia\/asaja-palencia-informa\/la-autoridad-alimentaria-europea-no-halla-en-el-glifosato-riesgo-para-las-personas-y-el-medio-ambiente\"]}]},{\"@type\":\"ImageObject\",\"inLanguage\":\"es\",\"@id\":\"https:\/\/www.asajacyl.com\/palencia\/asaja-palencia-informa\/la-autoridad-alimentaria-europea-no-halla-en-el-glifosato-riesgo-para-las-personas-y-el-medio-ambiente#primaryimage\",\"url\":\"https:\/\/www.asajacyl.com\/palencia\/wp-content\/uploads\/sites\/3\/2023\/07\/Herbicida-glifosato.jpg\",\"contentUrl\":\"https:\/\/www.asajacyl.com\/palencia\/wp-content\/uploads\/sites\/3\/2023\/07\/Herbicida-glifosato.jpg\",\"width\":2500,\"height\":2187},{\"@type\":\"BreadcrumbList\",\"@id\":\"https:\/\/www.asajacyl.com\/palencia\/asaja-palencia-informa\/la-autoridad-alimentaria-europea-no-halla-en-el-glifosato-riesgo-para-las-personas-y-el-medio-ambiente#breadcrumb\",\"itemListElement\":[{\"@type\":\"ListItem\",\"position\":1,\"name\":\"Portada\",\"item\":\"https:\/\/www.asajacyl.com\/palencia\/\"},{\"@type\":\"ListItem\",\"position\":2,\"name\":\"La autoridad alimentaria europea no halla en el glifosato riesgo para las personas y el medio ambiente\"}]},{\"@type\":\"WebSite\",\"@id\":\"https:\/\/www.asajacyl.com\/palencia\/#website\",\"url\":\"https:\/\/www.asajacyl.com\/palencia\/\",\"name\":\"ASAJA Palencia\",\"description\":\"Otro sitio m\u00e1s de Provincias ASAJA Castilla y Le\u00f3n\",\"potentialAction\":[{\"@type\":\"SearchAction\",\"target\":{\"@type\":\"EntryPoint\",\"urlTemplate\":\"https:\/\/www.asajacyl.com\/palencia\/?s={search_term_string}\"},\"query-input\":{\"@type\":\"PropertyValueSpecification\",\"valueRequired\":true,\"valueName\":\"search_term_string\"}}],\"inLanguage\":\"es\"},{\"@type\":\"Person\",\"@id\":\"https:\/\/www.asajacyl.com\/palencia\/#\/schema\/person\/3ab17aeb03527485c317557fae64aab1\",\"name\":\"Administrador\",\"image\":{\"@type\":\"ImageObject\",\"inLanguage\":\"es\",\"@id\":\"https:\/\/www.asajacyl.com\/palencia\/#\/schema\/person\/image\/\",\"url\":\"https:\/\/secure.gravatar.com\/avatar\/517384810d242ca9e38c180f3c9fb973?s=96&d=mm&r=g\",\"contentUrl\":\"https:\/\/secure.gravatar.com\/avatar\/517384810d242ca9e38c180f3c9fb973?s=96&d=mm&r=g\",\"caption\":\"Administrador\"},\"url\":\"https:\/\/www.asajacyl.com\/palencia\/author\/carlosrm\"}]}<\/script>\n<!-- \/ Yoast SEO plugin. -->","yoast_head_json":{"title":"La autoridad alimentaria europea no halla en el glifosato riesgo para las personas y el medio ambiente - ASAJA Palencia","description":"La Autoridad Europea de Seguridad de los Alimentos (EFSA), que ha&nbsp;evaluado el impacto del glifosato en la salud de las personas, los animales y el","robots":{"index":"index","follow":"follow","max-snippet":"max-snippet:-1","max-image-preview":"max-image-preview:large","max-video-preview":"max-video-preview:-1"},"canonical":"https:\/\/www.asajacyl.com\/palencia\/asaja-palencia-informa\/la-autoridad-alimentaria-europea-no-halla-en-el-glifosato-riesgo-para-las-personas-y-el-medio-ambiente","og_locale":"es_ES","og_type":"article","og_title":"La autoridad alimentaria europea no halla en el glifosato riesgo para las personas y el medio ambiente - ASAJA Palencia","og_description":"La Autoridad Europea de Seguridad de los Alimentos (EFSA), que ha&nbsp;evaluado el impacto del glifosato en la salud de las personas, los animales y el","og_url":"https:\/\/www.asajacyl.com\/palencia\/asaja-palencia-informa\/la-autoridad-alimentaria-europea-no-halla-en-el-glifosato-riesgo-para-las-personas-y-el-medio-ambiente","og_site_name":"ASAJA Palencia","article_published_time":"2023-07-07T09:01:11+00:00","article_modified_time":"2023-07-07T10:32:54+00:00","og_image":[{"width":2500,"height":2187,"url":"https:\/\/www.asajacyl.com\/palencia\/wp-content\/uploads\/sites\/3\/2023\/07\/Herbicida-glifosato.jpg","type":"image\/jpeg"}],"author":"Administrador","twitter_card":"summary_large_image","twitter_misc":{"Escrito por":"Administrador","Tiempo de lectura":"3 minutos"},"schema":{"@context":"https:\/\/schema.org","@graph":[{"@type":"WebPage","@id":"https:\/\/www.asajacyl.com\/palencia\/asaja-palencia-informa\/la-autoridad-alimentaria-europea-no-halla-en-el-glifosato-riesgo-para-las-personas-y-el-medio-ambiente","url":"https:\/\/www.asajacyl.com\/palencia\/asaja-palencia-informa\/la-autoridad-alimentaria-europea-no-halla-en-el-glifosato-riesgo-para-las-personas-y-el-medio-ambiente","name":"La autoridad alimentaria europea no halla en el glifosato riesgo para las personas y el medio ambiente - ASAJA Palencia","isPartOf":{"@id":"https:\/\/www.asajacyl.com\/palencia\/#website"},"primaryImageOfPage":{"@id":"https:\/\/www.asajacyl.com\/palencia\/asaja-palencia-informa\/la-autoridad-alimentaria-europea-no-halla-en-el-glifosato-riesgo-para-las-personas-y-el-medio-ambiente#primaryimage"},"image":{"@id":"https:\/\/www.asajacyl.com\/palencia\/asaja-palencia-informa\/la-autoridad-alimentaria-europea-no-halla-en-el-glifosato-riesgo-para-las-personas-y-el-medio-ambiente#primaryimage"},"thumbnailUrl":"https:\/\/www.asajacyl.com\/palencia\/wp-content\/uploads\/sites\/3\/2023\/07\/Herbicida-glifosato.jpg","datePublished":"2023-07-07T09:01:11+00:00","dateModified":"2023-07-07T10:32:54+00:00","author":{"@id":"https:\/\/www.asajacyl.com\/palencia\/#\/schema\/person\/3ab17aeb03527485c317557fae64aab1"},"description":"La Autoridad Europea de Seguridad de los Alimentos (EFSA), que ha&nbsp;evaluado el impacto del glifosato en la salud de las personas, los animales y el","breadcrumb":{"@id":"https:\/\/www.asajacyl.com\/palencia\/asaja-palencia-informa\/la-autoridad-alimentaria-europea-no-halla-en-el-glifosato-riesgo-para-las-personas-y-el-medio-ambiente#breadcrumb"},"inLanguage":"es","potentialAction":[{"@type":"ReadAction","target":["https:\/\/www.asajacyl.com\/palencia\/asaja-palencia-informa\/la-autoridad-alimentaria-europea-no-halla-en-el-glifosato-riesgo-para-las-personas-y-el-medio-ambiente"]}]},{"@type":"ImageObject","inLanguage":"es","@id":"https:\/\/www.asajacyl.com\/palencia\/asaja-palencia-informa\/la-autoridad-alimentaria-europea-no-halla-en-el-glifosato-riesgo-para-las-personas-y-el-medio-ambiente#primaryimage","url":"https:\/\/www.asajacyl.com\/palencia\/wp-content\/uploads\/sites\/3\/2023\/07\/Herbicida-glifosato.jpg","contentUrl":"https:\/\/www.asajacyl.com\/palencia\/wp-content\/uploads\/sites\/3\/2023\/07\/Herbicida-glifosato.jpg","width":2500,"height":2187},{"@type":"BreadcrumbList","@id":"https:\/\/www.asajacyl.com\/palencia\/asaja-palencia-informa\/la-autoridad-alimentaria-europea-no-halla-en-el-glifosato-riesgo-para-las-personas-y-el-medio-ambiente#breadcrumb","itemListElement":[{"@type":"ListItem","position":1,"name":"Portada","item":"https:\/\/www.asajacyl.com\/palencia\/"},{"@type":"ListItem","position":2,"name":"La autoridad alimentaria europea no halla en el glifosato riesgo para las personas y el medio ambiente"}]},{"@type":"WebSite","@id":"https:\/\/www.asajacyl.com\/palencia\/#website","url":"https:\/\/www.asajacyl.com\/palencia\/","name":"ASAJA Palencia","description":"Otro sitio m\u00e1s de Provincias ASAJA Castilla y Le\u00f3n","potentialAction":[{"@type":"SearchAction","target":{"@type":"EntryPoint","urlTemplate":"https:\/\/www.asajacyl.com\/palencia\/?s={search_term_string}"},"query-input":{"@type":"PropertyValueSpecification","valueRequired":true,"valueName":"search_term_string"}}],"inLanguage":"es"},{"@type":"Person","@id":"https:\/\/www.asajacyl.com\/palencia\/#\/schema\/person\/3ab17aeb03527485c317557fae64aab1","name":"Administrador","image":{"@type":"ImageObject","inLanguage":"es","@id":"https:\/\/www.asajacyl.com\/palencia\/#\/schema\/person\/image\/","url":"https:\/\/secure.gravatar.com\/avatar\/517384810d242ca9e38c180f3c9fb973?s=96&d=mm&r=g","contentUrl":"https:\/\/secure.gravatar.com\/avatar\/517384810d242ca9e38c180f3c9fb973?s=96&d=mm&r=g","caption":"Administrador"},"url":"https:\/\/www.asajacyl.com\/palencia\/author\/carlosrm"}]}},"_links":{"self":[{"href":"https:\/\/www.asajacyl.com\/palencia\/wp-json\/wp\/v2\/posts\/13694"}],"collection":[{"href":"https:\/\/www.asajacyl.com\/palencia\/wp-json\/wp\/v2\/posts"}],"about":[{"href":"https:\/\/www.asajacyl.com\/palencia\/wp-json\/wp\/v2\/types\/post"}],"author":[{"embeddable":true,"href":"https:\/\/www.asajacyl.com\/palencia\/wp-json\/wp\/v2\/users\/9"}],"replies":[{"embeddable":true,"href":"https:\/\/www.asajacyl.com\/palencia\/wp-json\/wp\/v2\/comments?post=13694"}],"version-history":[{"count":2,"href":"https:\/\/www.asajacyl.com\/palencia\/wp-json\/wp\/v2\/posts\/13694\/revisions"}],"predecessor-version":[{"id":13698,"href":"https:\/\/www.asajacyl.com\/palencia\/wp-json\/wp\/v2\/posts\/13694\/revisions\/13698"}],"wp:featuredmedia":[{"embeddable":true,"href":"https:\/\/www.asajacyl.com\/palencia\/wp-json\/wp\/v2\/media\/13695"}],"wp:attachment":[{"href":"https:\/\/www.asajacyl.com\/palencia\/wp-json\/wp\/v2\/media?parent=13694"}],"wp:term":[{"taxonomy":"category","embeddable":true,"href":"https:\/\/www.asajacyl.com\/palencia\/wp-json\/wp\/v2\/categories?post=13694"},{"taxonomy":"post_tag","embeddable":true,"href":"https:\/\/www.asajacyl.com\/palencia\/wp-json\/wp\/v2\/tags?post=13694"}],"curies":[{"name":"wp","href":"https:\/\/api.w.org\/{rel}","templated":true}]}}