{"id":13702,"date":"2023-07-10T11:21:57","date_gmt":"2023-07-10T09:21:57","guid":{"rendered":"https:\/\/www.asajacyl.com\/palencia\/?p=13702"},"modified":"2023-07-10T11:21:59","modified_gmt":"2023-07-10T09:21:59","slug":"asaja-reclama-a-los-ministros-de-medio-ambiente-de-la-ue-que-no-legislen-penalizando-al-sector-agrario","status":"publish","type":"post","link":"https:\/\/www.asajacyl.com\/palencia\/asaja-palencia-informa\/asaja-reclama-a-los-ministros-de-medio-ambiente-de-la-ue-que-no-legislen-penalizando-al-sector-agrario","title":{"rendered":"Asaja reclama a los ministros de Medio Ambiente de la UE que no legislen penalizando al sector agrario"},"content":{"rendered":"\n<h2 class=\"wp-block-heading\">ASAJA-Castilla y Le\u00f3n pide a la Uni\u00f3n Europea que haga una profunda reflexi\u00f3n sobre las pol\u00edticas medioambientales que ponen en serio riesgo la rentabilidad de las explotaciones agropecuarias. Nuestra organizaci\u00f3n ha reclamado a los ministros de Medio Ambiente comunitarios, con motivo de la\u00a0reuni\u00f3n informal que celebran esta semana en Valladolid en el marco de la presidencia espa\u00f1ola del Consejo de la Uni\u00f3n Europea, que no legislen penalizando al campo. ASAJA-Castilla y Le\u00f3n denuncia, a modo de ejemplo, la pol\u00edtica europea respecto al agua, dictada por pa\u00edses que no conocen la sequ\u00eda como s\u00ed sucede en Espa\u00f1a, donde se aplican esas medidas y para la que esta organizaci\u00f3n profesional demanda m\u00e1s infraestructuras hidr\u00e1ulicas.<\/h2>\n\n\n\n<p>Sobre la propuesta de reducir el 50% el uso de plaguicidas y el 20% el de fertilizantes, con el horizonte del a\u00f1o 2030, ASAJA considera que cumplir este objetivo no es posible sin comprometer la viabilidad de muchas explotaciones, sobre todo las de terrenos m\u00e1s productivos de secano y de regad\u00edo, y, lo que es todav\u00eda peor, sin comprometer la soberan\u00eda alimentaria de la Uni\u00f3n Europea. <\/p>\n\n\n\n<p>La medida restar\u00eda competitividad a la agricultura europea en los mercados internacionales, y, si se aplicase en todos los pa\u00edses del mundo, pondr\u00eda m\u00e1s dif\u00edcil todav\u00eda el acceso a alimentos b\u00e1sicos para millones de habitantes.<\/p>\n\n\n\n<p>La retirada de un 10% de tierras de cultivo para destinarlas a otros usos no productivos supone, en opini\u00f3n de ASAJA, un retroceso en las pol\u00edticas agrarias que recuerda tiempos ya pasados y que fueron un fracaso, porque se incentivaba para no producir. <\/p>\n\n\n\n<p>Retirar tierras de la producci\u00f3n no reporta mejoras medioambientales, sino que, por el contrario, contribuye a degradar el paisaje y a fomentar los incendios forestales, cuesti\u00f3n esta \u00faltima muy importante en regiones \u00e1ridas como Castilla y Le\u00f3n.<\/p>\n\n\n\n<p><strong>AMBICI\u00d3N POCO REALISTA. <\/strong>ASAJA pide tambi\u00e9n a la Uni\u00f3n Europea que reconsidere el objetivo de destinar un 25% de las tierras de cultivo a cultivos ecol\u00f3gicos. Es un objetivo tan ambicioso que resulta imposible de cumplir y, caso de hacerlo, elevar\u00eda los costes de la cesta de la compra a los ciudadanos europeos, ya ahogados por la inflaci\u00f3n, adem\u00e1s de minar la competitividad a los productos europeos en los mercados internacionales.<\/p>\n\n\n\n<p>ASAJA denuncia tambi\u00e9n el objetivo de reducir en los pr\u00f3ximos a\u00f1os el uso de antibi\u00f3ticos en la ganader\u00eda en un 50%, que restar\u00eda competitividad a un sector ganadero que necesita exportar fuera de la Uni\u00f3n Europea. <\/p>\n\n\n\n<p>Adem\u00e1s, este objetivo colisiona a veces contra de las normas de bienestar animal que promulga tambi\u00e9n la UE, puesto que un animal enfermo al que no se le prestan los tratamientos curativos oportunos es un animal abocado al sufrimiento.<\/p>\n\n\n\n<p><strong>POL\u00cdTICA HIDR\u00c1ULICA. <\/strong>ASAJA-Castilla y Le\u00f3n denuncia tambi\u00e9n la pol\u00edtica de la Uni\u00f3n Europea respecto a las aguas, una pol\u00edtica que se dicta por pa\u00edses que no conocen la sequ\u00eda para despu\u00e9s aplicarse con rigor en pa\u00edses como el nuestro, Espa\u00f1a, donde llueve poco y la pol\u00edtica hidr\u00e1ulica es un factor clave de desarrollo. <\/p>\n\n\n\n<p>Castilla y Le\u00f3n necesita seguir invirtiendo en infraestructuras hidr\u00e1ulicas, tanto de nuevos regad\u00edos como de modernizaci\u00f3n, as\u00ed como planificar una pol\u00edtica a largo plazo de aumento de las reservas de agua, construyendo embalses y recargando acu\u00edferos. La pol\u00edtica europea no puede ponerle cortapisas.<\/p>\n\n\n\n<p><strong>FAUNA SALVAJE. <\/strong>En l\u00ednea con la postura que viene manifestando la Junta de Castilla y Le\u00f3n, ASAJA exige a los ministros de Medio Ambiente que se tomen en serio el problema que est\u00e1 ocasionando en determinados territorios la proliferaci\u00f3n de la fauna salvaje, y en particular los grandes carn\u00edvoros, como el lobo. <\/p>\n\n\n\n<p>La organizaci\u00f3n agraria aboga por el control de las especies para evitar sobrepoblaciones que ocasionan da\u00f1os ambientales, da\u00f1os en la ganader\u00eda, y que son fuente de propagaci\u00f3n de enfermedades, como la peste porcina o la tuberculosis bovina.<strong>\/<\/strong><\/p>\n\n\n\n<p>Por \u00faltimo, ASAJA cuestiona ciertas medidas de condicionalidad de la reforma de la PAC, como son la rotaci\u00f3n, la diversificaci\u00f3n, la retirada de tierras, las limitaciones en labores o la obligaci\u00f3n de dejar franjas sin cultivar en los cauces de agua, y cuestiona unos eco reg\u00edmenes que obligan a pr\u00e1cticas que reducen los ingresos de los agricultores profesionales. En definitiva, la organizaci\u00f3n cuestiona las pol\u00edticas europeas que van en contra la agricultura profesional y productiva, que tiene como principal objetivo producir alimentos sanos y de calidad a precios asequibles para la poblaci\u00f3n.<\/p>\n","protected":false},"excerpt":{"rendered":"<p>ASAJA-Castilla y Le\u00f3n pide a la Uni\u00f3n Europea que haga una profunda reflexi\u00f3n sobre las pol\u00edticas medioambientales que ponen en serio riesgo la rentabilidad de las explotaciones agropecuarias. Nuestra organizaci\u00f3n ha reclamado a los ministros de Medio Ambiente comunitarios, con motivo de la\u00a0reuni\u00f3n informal que celebran esta semana en Valladolid en el marco de la [&hellip;]<\/p>\n","protected":false},"author":9,"featured_media":13703,"comment_status":"open","ping_status":"open","sticky":false,"template":"","format":"standard","meta":{"footnotes":""},"categories":[9,29,28],"tags":[58,76,336,332,337,105,77,66,104,52,334,333,55,93,335,44],"yoast_head":"<!-- This site is optimized with the Yoast SEO plugin v24.5 - https:\/\/yoast.com\/wordpress\/plugins\/seo\/ -->\n<title>Asaja reclama a los ministros de Medio Ambiente de la UE que no legislen penalizando al sector agrario - ASAJA Palencia<\/title>\n<meta name=\"description\" content=\"ASAJA-Castilla y Le\u00f3n pide a la Uni\u00f3n Europea que haga una profunda reflexi\u00f3n sobre las pol\u00edticas medioambientales que ponen en serio riesgo la\" \/>\n<meta name=\"robots\" content=\"index, follow, max-snippet:-1, max-image-preview:large, max-video-preview:-1\" \/>\n<link rel=\"canonical\" href=\"https:\/\/www.asajacyl.com\/palencia\/asaja-palencia-informa\/asaja-reclama-a-los-ministros-de-medio-ambiente-de-la-ue-que-no-legislen-penalizando-al-sector-agrario\" \/>\n<meta property=\"og:locale\" content=\"es_ES\" \/>\n<meta property=\"og:type\" content=\"article\" \/>\n<meta property=\"og:title\" content=\"Asaja reclama a los ministros de Medio Ambiente de la UE que no legislen penalizando al sector agrario - ASAJA Palencia\" \/>\n<meta property=\"og:description\" content=\"ASAJA-Castilla y Le\u00f3n pide a la Uni\u00f3n Europea que haga una profunda reflexi\u00f3n sobre las pol\u00edticas medioambientales que ponen en serio riesgo la\" \/>\n<meta property=\"og:url\" content=\"https:\/\/www.asajacyl.com\/palencia\/asaja-palencia-informa\/asaja-reclama-a-los-ministros-de-medio-ambiente-de-la-ue-que-no-legislen-penalizando-al-sector-agrario\" \/>\n<meta property=\"og:site_name\" content=\"ASAJA Palencia\" \/>\n<meta property=\"article:published_time\" content=\"2023-07-10T09:21:57+00:00\" \/>\n<meta property=\"article:modified_time\" content=\"2023-07-10T09:21:59+00:00\" \/>\n<meta property=\"og:image\" content=\"https:\/\/www.asajacyl.com\/palencia\/wp-content\/uploads\/sites\/3\/2023\/07\/Arana-en-cereal.jpg\" \/>\n\t<meta property=\"og:image:width\" content=\"2500\" \/>\n\t<meta property=\"og:image:height\" content=\"2187\" \/>\n\t<meta property=\"og:image:type\" content=\"image\/jpeg\" \/>\n<meta name=\"author\" content=\"Administrador\" \/>\n<meta name=\"twitter:card\" content=\"summary_large_image\" \/>\n<meta name=\"twitter:label1\" content=\"Escrito por\" \/>\n\t<meta name=\"twitter:data1\" content=\"Administrador\" \/>\n\t<meta name=\"twitter:label2\" content=\"Tiempo de lectura\" \/>\n\t<meta name=\"twitter:data2\" content=\"4 minutos\" \/>\n<script type=\"application\/ld+json\" class=\"yoast-schema-graph\">{\"@context\":\"https:\/\/schema.org\",\"@graph\":[{\"@type\":\"WebPage\",\"@id\":\"https:\/\/www.asajacyl.com\/palencia\/asaja-palencia-informa\/asaja-reclama-a-los-ministros-de-medio-ambiente-de-la-ue-que-no-legislen-penalizando-al-sector-agrario\",\"url\":\"https:\/\/www.asajacyl.com\/palencia\/asaja-palencia-informa\/asaja-reclama-a-los-ministros-de-medio-ambiente-de-la-ue-que-no-legislen-penalizando-al-sector-agrario\",\"name\":\"Asaja reclama a los ministros de Medio Ambiente de la UE que no legislen penalizando al sector agrario - ASAJA Palencia\",\"isPartOf\":{\"@id\":\"https:\/\/www.asajacyl.com\/palencia\/#website\"},\"primaryImageOfPage\":{\"@id\":\"https:\/\/www.asajacyl.com\/palencia\/asaja-palencia-informa\/asaja-reclama-a-los-ministros-de-medio-ambiente-de-la-ue-que-no-legislen-penalizando-al-sector-agrario#primaryimage\"},\"image\":{\"@id\":\"https:\/\/www.asajacyl.com\/palencia\/asaja-palencia-informa\/asaja-reclama-a-los-ministros-de-medio-ambiente-de-la-ue-que-no-legislen-penalizando-al-sector-agrario#primaryimage\"},\"thumbnailUrl\":\"https:\/\/www.asajacyl.com\/palencia\/wp-content\/uploads\/sites\/3\/2023\/07\/Arana-en-cereal.jpg\",\"datePublished\":\"2023-07-10T09:21:57+00:00\",\"dateModified\":\"2023-07-10T09:21:59+00:00\",\"author\":{\"@id\":\"https:\/\/www.asajacyl.com\/palencia\/#\/schema\/person\/3ab17aeb03527485c317557fae64aab1\"},\"description\":\"ASAJA-Castilla y Le\u00f3n pide a la Uni\u00f3n Europea que haga una profunda reflexi\u00f3n sobre las pol\u00edticas medioambientales que ponen en serio riesgo la\",\"breadcrumb\":{\"@id\":\"https:\/\/www.asajacyl.com\/palencia\/asaja-palencia-informa\/asaja-reclama-a-los-ministros-de-medio-ambiente-de-la-ue-que-no-legislen-penalizando-al-sector-agrario#breadcrumb\"},\"inLanguage\":\"es\",\"potentialAction\":[{\"@type\":\"ReadAction\",\"target\":[\"https:\/\/www.asajacyl.com\/palencia\/asaja-palencia-informa\/asaja-reclama-a-los-ministros-de-medio-ambiente-de-la-ue-que-no-legislen-penalizando-al-sector-agrario\"]}]},{\"@type\":\"ImageObject\",\"inLanguage\":\"es\",\"@id\":\"https:\/\/www.asajacyl.com\/palencia\/asaja-palencia-informa\/asaja-reclama-a-los-ministros-de-medio-ambiente-de-la-ue-que-no-legislen-penalizando-al-sector-agrario#primaryimage\",\"url\":\"https:\/\/www.asajacyl.com\/palencia\/wp-content\/uploads\/sites\/3\/2023\/07\/Arana-en-cereal.jpg\",\"contentUrl\":\"https:\/\/www.asajacyl.com\/palencia\/wp-content\/uploads\/sites\/3\/2023\/07\/Arana-en-cereal.jpg\",\"width\":2500,\"height\":2187},{\"@type\":\"BreadcrumbList\",\"@id\":\"https:\/\/www.asajacyl.com\/palencia\/asaja-palencia-informa\/asaja-reclama-a-los-ministros-de-medio-ambiente-de-la-ue-que-no-legislen-penalizando-al-sector-agrario#breadcrumb\",\"itemListElement\":[{\"@type\":\"ListItem\",\"position\":1,\"name\":\"Portada\",\"item\":\"https:\/\/www.asajacyl.com\/palencia\/\"},{\"@type\":\"ListItem\",\"position\":2,\"name\":\"Asaja reclama a los ministros de Medio Ambiente de la UE que no legislen penalizando al sector agrario\"}]},{\"@type\":\"WebSite\",\"@id\":\"https:\/\/www.asajacyl.com\/palencia\/#website\",\"url\":\"https:\/\/www.asajacyl.com\/palencia\/\",\"name\":\"ASAJA Palencia\",\"description\":\"Otro sitio m\u00e1s de Provincias ASAJA Castilla y Le\u00f3n\",\"potentialAction\":[{\"@type\":\"SearchAction\",\"target\":{\"@type\":\"EntryPoint\",\"urlTemplate\":\"https:\/\/www.asajacyl.com\/palencia\/?s={search_term_string}\"},\"query-input\":{\"@type\":\"PropertyValueSpecification\",\"valueRequired\":true,\"valueName\":\"search_term_string\"}}],\"inLanguage\":\"es\"},{\"@type\":\"Person\",\"@id\":\"https:\/\/www.asajacyl.com\/palencia\/#\/schema\/person\/3ab17aeb03527485c317557fae64aab1\",\"name\":\"Administrador\",\"image\":{\"@type\":\"ImageObject\",\"inLanguage\":\"es\",\"@id\":\"https:\/\/www.asajacyl.com\/palencia\/#\/schema\/person\/image\/\",\"url\":\"https:\/\/secure.gravatar.com\/avatar\/517384810d242ca9e38c180f3c9fb973?s=96&d=mm&r=g\",\"contentUrl\":\"https:\/\/secure.gravatar.com\/avatar\/517384810d242ca9e38c180f3c9fb973?s=96&d=mm&r=g\",\"caption\":\"Administrador\"},\"url\":\"https:\/\/www.asajacyl.com\/palencia\/author\/carlosrm\"}]}<\/script>\n<!-- \/ Yoast SEO plugin. -->","yoast_head_json":{"title":"Asaja reclama a los ministros de Medio Ambiente de la UE que no legislen penalizando al sector agrario - ASAJA Palencia","description":"ASAJA-Castilla y Le\u00f3n pide a la Uni\u00f3n Europea que haga una profunda reflexi\u00f3n sobre las pol\u00edticas medioambientales que ponen en serio riesgo la","robots":{"index":"index","follow":"follow","max-snippet":"max-snippet:-1","max-image-preview":"max-image-preview:large","max-video-preview":"max-video-preview:-1"},"canonical":"https:\/\/www.asajacyl.com\/palencia\/asaja-palencia-informa\/asaja-reclama-a-los-ministros-de-medio-ambiente-de-la-ue-que-no-legislen-penalizando-al-sector-agrario","og_locale":"es_ES","og_type":"article","og_title":"Asaja reclama a los ministros de Medio Ambiente de la UE que no legislen penalizando al sector agrario - ASAJA Palencia","og_description":"ASAJA-Castilla y Le\u00f3n pide a la Uni\u00f3n Europea que haga una profunda reflexi\u00f3n sobre las pol\u00edticas medioambientales que ponen en serio riesgo la","og_url":"https:\/\/www.asajacyl.com\/palencia\/asaja-palencia-informa\/asaja-reclama-a-los-ministros-de-medio-ambiente-de-la-ue-que-no-legislen-penalizando-al-sector-agrario","og_site_name":"ASAJA Palencia","article_published_time":"2023-07-10T09:21:57+00:00","article_modified_time":"2023-07-10T09:21:59+00:00","og_image":[{"width":2500,"height":2187,"url":"https:\/\/www.asajacyl.com\/palencia\/wp-content\/uploads\/sites\/3\/2023\/07\/Arana-en-cereal.jpg","type":"image\/jpeg"}],"author":"Administrador","twitter_card":"summary_large_image","twitter_misc":{"Escrito por":"Administrador","Tiempo de lectura":"4 minutos"},"schema":{"@context":"https:\/\/schema.org","@graph":[{"@type":"WebPage","@id":"https:\/\/www.asajacyl.com\/palencia\/asaja-palencia-informa\/asaja-reclama-a-los-ministros-de-medio-ambiente-de-la-ue-que-no-legislen-penalizando-al-sector-agrario","url":"https:\/\/www.asajacyl.com\/palencia\/asaja-palencia-informa\/asaja-reclama-a-los-ministros-de-medio-ambiente-de-la-ue-que-no-legislen-penalizando-al-sector-agrario","name":"Asaja reclama a los ministros de Medio Ambiente de la UE que no legislen penalizando al sector agrario - ASAJA Palencia","isPartOf":{"@id":"https:\/\/www.asajacyl.com\/palencia\/#website"},"primaryImageOfPage":{"@id":"https:\/\/www.asajacyl.com\/palencia\/asaja-palencia-informa\/asaja-reclama-a-los-ministros-de-medio-ambiente-de-la-ue-que-no-legislen-penalizando-al-sector-agrario#primaryimage"},"image":{"@id":"https:\/\/www.asajacyl.com\/palencia\/asaja-palencia-informa\/asaja-reclama-a-los-ministros-de-medio-ambiente-de-la-ue-que-no-legislen-penalizando-al-sector-agrario#primaryimage"},"thumbnailUrl":"https:\/\/www.asajacyl.com\/palencia\/wp-content\/uploads\/sites\/3\/2023\/07\/Arana-en-cereal.jpg","datePublished":"2023-07-10T09:21:57+00:00","dateModified":"2023-07-10T09:21:59+00:00","author":{"@id":"https:\/\/www.asajacyl.com\/palencia\/#\/schema\/person\/3ab17aeb03527485c317557fae64aab1"},"description":"ASAJA-Castilla y Le\u00f3n pide a la Uni\u00f3n Europea que haga una profunda reflexi\u00f3n sobre las pol\u00edticas medioambientales que ponen en serio riesgo la","breadcrumb":{"@id":"https:\/\/www.asajacyl.com\/palencia\/asaja-palencia-informa\/asaja-reclama-a-los-ministros-de-medio-ambiente-de-la-ue-que-no-legislen-penalizando-al-sector-agrario#breadcrumb"},"inLanguage":"es","potentialAction":[{"@type":"ReadAction","target":["https:\/\/www.asajacyl.com\/palencia\/asaja-palencia-informa\/asaja-reclama-a-los-ministros-de-medio-ambiente-de-la-ue-que-no-legislen-penalizando-al-sector-agrario"]}]},{"@type":"ImageObject","inLanguage":"es","@id":"https:\/\/www.asajacyl.com\/palencia\/asaja-palencia-informa\/asaja-reclama-a-los-ministros-de-medio-ambiente-de-la-ue-que-no-legislen-penalizando-al-sector-agrario#primaryimage","url":"https:\/\/www.asajacyl.com\/palencia\/wp-content\/uploads\/sites\/3\/2023\/07\/Arana-en-cereal.jpg","contentUrl":"https:\/\/www.asajacyl.com\/palencia\/wp-content\/uploads\/sites\/3\/2023\/07\/Arana-en-cereal.jpg","width":2500,"height":2187},{"@type":"BreadcrumbList","@id":"https:\/\/www.asajacyl.com\/palencia\/asaja-palencia-informa\/asaja-reclama-a-los-ministros-de-medio-ambiente-de-la-ue-que-no-legislen-penalizando-al-sector-agrario#breadcrumb","itemListElement":[{"@type":"ListItem","position":1,"name":"Portada","item":"https:\/\/www.asajacyl.com\/palencia\/"},{"@type":"ListItem","position":2,"name":"Asaja reclama a los ministros de Medio Ambiente de la UE que no legislen penalizando al sector agrario"}]},{"@type":"WebSite","@id":"https:\/\/www.asajacyl.com\/palencia\/#website","url":"https:\/\/www.asajacyl.com\/palencia\/","name":"ASAJA Palencia","description":"Otro sitio m\u00e1s de Provincias ASAJA Castilla y Le\u00f3n","potentialAction":[{"@type":"SearchAction","target":{"@type":"EntryPoint","urlTemplate":"https:\/\/www.asajacyl.com\/palencia\/?s={search_term_string}"},"query-input":{"@type":"PropertyValueSpecification","valueRequired":true,"valueName":"search_term_string"}}],"inLanguage":"es"},{"@type":"Person","@id":"https:\/\/www.asajacyl.com\/palencia\/#\/schema\/person\/3ab17aeb03527485c317557fae64aab1","name":"Administrador","image":{"@type":"ImageObject","inLanguage":"es","@id":"https:\/\/www.asajacyl.com\/palencia\/#\/schema\/person\/image\/","url":"https:\/\/secure.gravatar.com\/avatar\/517384810d242ca9e38c180f3c9fb973?s=96&d=mm&r=g","contentUrl":"https:\/\/secure.gravatar.com\/avatar\/517384810d242ca9e38c180f3c9fb973?s=96&d=mm&r=g","caption":"Administrador"},"url":"https:\/\/www.asajacyl.com\/palencia\/author\/carlosrm"}]}},"_links":{"self":[{"href":"https:\/\/www.asajacyl.com\/palencia\/wp-json\/wp\/v2\/posts\/13702"}],"collection":[{"href":"https:\/\/www.asajacyl.com\/palencia\/wp-json\/wp\/v2\/posts"}],"about":[{"href":"https:\/\/www.asajacyl.com\/palencia\/wp-json\/wp\/v2\/types\/post"}],"author":[{"embeddable":true,"href":"https:\/\/www.asajacyl.com\/palencia\/wp-json\/wp\/v2\/users\/9"}],"replies":[{"embeddable":true,"href":"https:\/\/www.asajacyl.com\/palencia\/wp-json\/wp\/v2\/comments?post=13702"}],"version-history":[{"count":1,"href":"https:\/\/www.asajacyl.com\/palencia\/wp-json\/wp\/v2\/posts\/13702\/revisions"}],"predecessor-version":[{"id":13704,"href":"https:\/\/www.asajacyl.com\/palencia\/wp-json\/wp\/v2\/posts\/13702\/revisions\/13704"}],"wp:featuredmedia":[{"embeddable":true,"href":"https:\/\/www.asajacyl.com\/palencia\/wp-json\/wp\/v2\/media\/13703"}],"wp:attachment":[{"href":"https:\/\/www.asajacyl.com\/palencia\/wp-json\/wp\/v2\/media?parent=13702"}],"wp:term":[{"taxonomy":"category","embeddable":true,"href":"https:\/\/www.asajacyl.com\/palencia\/wp-json\/wp\/v2\/categories?post=13702"},{"taxonomy":"post_tag","embeddable":true,"href":"https:\/\/www.asajacyl.com\/palencia\/wp-json\/wp\/v2\/tags?post=13702"}],"curies":[{"name":"wp","href":"https:\/\/api.w.org\/{rel}","templated":true}]}}