{"id":13708,"date":"2023-07-11T09:39:34","date_gmt":"2023-07-11T07:39:34","guid":{"rendered":"https:\/\/www.asajacyl.com\/palencia\/?p=13708"},"modified":"2023-07-11T09:40:56","modified_gmt":"2023-07-11T07:40:56","slug":"asaja-reclama-a-los-ministros-de-medio-ambiente-de-la-ue-politicas-valientes-ante-el-problema-de-la-sequia","status":"publish","type":"post","link":"https:\/\/www.asajacyl.com\/palencia\/asaja-palencia-informa\/asaja-reclama-a-los-ministros-de-medio-ambiente-de-la-ue-politicas-valientes-ante-el-problema-de-la-sequia","title":{"rendered":"ASAJA reclama a los ministros de Medio Ambiente de la UE pol\u00edticas valientes ante el problema de la sequ\u00eda"},"content":{"rendered":"\n<h2 class=\"wp-block-heading\">La directiva nacional de ASAJA ha reclamado a los ministros de Medio Ambiente de la UE una pol\u00edtica valiente para afrontar el problema de la sequ\u00eda, petici\u00f3n formulada coincidiendo con el consejo informal que celebran esta semana en Valladolid. La ministra de Transici\u00f3n Ecol\u00f3gica y Reto Demogr\u00e1fico, Teresa Ribera, que preside la reuni\u00f3n, tiene la responsabilidad de abordar una soluci\u00f3n a la falta de agua y conseguir fondos europeos para infraestructuras hidr\u00e1ulicas.<\/h2>\n\n\n\n<p>La directiva nacional de ASAJA exige a la Uni\u00f3n Europea concienciaci\u00f3n y soluciones ante el &nbsp;grave problema de falta de agua que afecta de forma grave a Espa\u00f1a y a otros pa\u00edses del arco mediterr\u00e1neo como Francia, Italia y Grecia, e incluso a una parte de Alemania o Pa\u00edses Bajos. <\/p>\n\n\n\n<p>Para nuestra organizaci\u00f3n es el momento de adoptar medidas para preservar y mejorar los recursos h\u00eddricos de la UE e invertir fondos europeos en infraestructura que optimicen la acumulaci\u00f3n de agua y aprovechen las escasas reservas. Por eso, se insta a la ministra Ribera a que act\u00fae con responsabilidad y lidere esta iniciativa.<\/p>\n\n\n\n<p>Seg\u00fan los datos del Observatorio Europeo de la Sequ\u00eda, m\u00e1s de la cuarta parte del territorio comunitario re\u00fane las condiciones de alerta por sequ\u00eda, mientras que el ocho por ciento se encuentra ya en ese estado. <\/p>\n\n\n\n<p>La falta de lluvias y las altas temperaturas en el sur de Europa nos abocan a un cambio urgente en las pol\u00edticas sobre gesti\u00f3n h\u00eddrica y mejora de los recursos, afectados estos \u00faltimos por varios a\u00f1os de sequ\u00eda en la UE y condicionados en el futuro cercano por los efectos del cambio clim\u00e1tico. &nbsp;<\/p>\n\n\n\n<p><strong>ANTICIPACI\u00d3N. <\/strong>Es necesario, por tanto, actuar de forma valiente y decidida, con una pol\u00edtica com\u00fan de anticipaci\u00f3n, en vez de tener que habilitar, a\u00f1o tras a\u00f1o, ayudas destinadas a paliar los efectos de la sequ\u00eda en las producciones. <\/p>\n\n\n\n<p>Se prev\u00e9 que precisamente esta semana la UE asigne 330 millones de euros de la reserva agr\u00edcola de 2023 destinados a ayudar a los agricultores de veintid\u00f3s pa\u00edses cuyas producciones se han visto afectadas por condiciones meteorol\u00f3gicas adversas y por las consecuencias de la guerra de Ucrania. Espa\u00f1a recibir\u00e1 81 millones de euros para afrontar los da\u00f1os provocados por la sequ\u00eda.&nbsp; &nbsp;<strong>&nbsp;<\/strong><\/p>\n\n\n\n<p><strong>SE\u00d1ALAMIENTO<\/strong>. ASAJA pide que se deje de se\u00f1alar a&nbsp; la agricultura como \u00abla&nbsp;gran consumidora de agua\u00bb&nbsp;y&nbsp;\u00abla culpable de cambio clim\u00e1tico\u00bb,&nbsp;y se tome conciencia de un problema que cada vez afecta a m\u00e1s pa\u00edses comunitarios, lo que requiere invertir fondos comunitarios en infraestructuras hidr\u00e1ulicas de acumulaci\u00f3n de agua (embalses, recarga de acu\u00edferos&#8230;) y en regad\u00edos que crean riqueza, fijan poblaci\u00f3n y garantizan alimentos sanos, seguros y asequibles para la poblaci\u00f3n.<\/p>\n\n\n\n<p>Por otra parte, ASAJA insta a los responsables de Medio Ambiente de la UE a que a que escuchen a los agricultores en su firme rechazo de la Ley de Transformaci\u00f3n de la Naturaleza, cuya tramitaci\u00f3n se est\u00e1 ultimando, y act\u00faen en consecuencia. Esta propuesta legal, en sus t\u00e9rminos actuales, va en contra de todo el sector primario y del mundo rural y por tanto es necesaria una nueva redacci\u00f3n que respete los intereses de todos.<strong>\/<\/strong> &nbsp;&nbsp;&nbsp;&nbsp;<\/p>\n","protected":false},"excerpt":{"rendered":"<p>La directiva nacional de ASAJA ha reclamado a los ministros de Medio Ambiente de la UE una pol\u00edtica valiente para afrontar el problema de la sequ\u00eda, petici\u00f3n formulada coincidiendo con el consejo informal que celebran esta semana en Valladolid. La ministra de Transici\u00f3n Ecol\u00f3gica y Reto Demogr\u00e1fico, Teresa Ribera, que preside la reuni\u00f3n, tiene la [&hellip;]<\/p>\n","protected":false},"author":9,"featured_media":13710,"comment_status":"open","ping_status":"open","sticky":false,"template":"","format":"standard","meta":{"footnotes":""},"categories":[9,29,28],"tags":[58,278,77,104,92,237,339,55,93,338,44],"yoast_head":"<!-- This site is optimized with the Yoast SEO plugin v24.5 - https:\/\/yoast.com\/wordpress\/plugins\/seo\/ -->\n<title>ASAJA reclama a los ministros de Medio Ambiente de la UE pol\u00edticas valientes ante el problema de la sequ\u00eda - ASAJA Palencia<\/title>\n<meta name=\"description\" content=\"La directiva nacional de ASAJA ha reclamado a los ministros de Medio Ambiente de la UE una pol\u00edtica valiente para afrontar el problema de la sequ\u00eda,\" \/>\n<meta name=\"robots\" content=\"index, follow, max-snippet:-1, max-image-preview:large, max-video-preview:-1\" \/>\n<link rel=\"canonical\" href=\"https:\/\/www.asajacyl.com\/palencia\/asaja-palencia-informa\/asaja-reclama-a-los-ministros-de-medio-ambiente-de-la-ue-politicas-valientes-ante-el-problema-de-la-sequia\" \/>\n<meta property=\"og:locale\" content=\"es_ES\" \/>\n<meta property=\"og:type\" content=\"article\" \/>\n<meta property=\"og:title\" content=\"ASAJA reclama a los ministros de Medio Ambiente de la UE pol\u00edticas valientes ante el problema de la sequ\u00eda - ASAJA Palencia\" \/>\n<meta property=\"og:description\" content=\"La directiva nacional de ASAJA ha reclamado a los ministros de Medio Ambiente de la UE una pol\u00edtica valiente para afrontar el problema de la sequ\u00eda,\" \/>\n<meta property=\"og:url\" content=\"https:\/\/www.asajacyl.com\/palencia\/asaja-palencia-informa\/asaja-reclama-a-los-ministros-de-medio-ambiente-de-la-ue-politicas-valientes-ante-el-problema-de-la-sequia\" \/>\n<meta property=\"og:site_name\" content=\"ASAJA Palencia\" \/>\n<meta property=\"article:published_time\" content=\"2023-07-11T07:39:34+00:00\" \/>\n<meta property=\"article:modified_time\" content=\"2023-07-11T07:40:56+00:00\" \/>\n<meta property=\"og:image\" content=\"https:\/\/www.asajacyl.com\/palencia\/wp-content\/uploads\/sites\/3\/2023\/07\/Directiva-nacional-ASAJA.jpg\" \/>\n\t<meta property=\"og:image:width\" content=\"2500\" \/>\n\t<meta property=\"og:image:height\" content=\"2188\" \/>\n\t<meta property=\"og:image:type\" content=\"image\/jpeg\" \/>\n<meta name=\"author\" content=\"Administrador\" \/>\n<meta name=\"twitter:card\" content=\"summary_large_image\" \/>\n<meta name=\"twitter:label1\" content=\"Escrito por\" \/>\n\t<meta name=\"twitter:data1\" content=\"Administrador\" \/>\n\t<meta name=\"twitter:label2\" content=\"Tiempo de lectura\" \/>\n\t<meta name=\"twitter:data2\" content=\"3 minutos\" \/>\n<script type=\"application\/ld+json\" class=\"yoast-schema-graph\">{\"@context\":\"https:\/\/schema.org\",\"@graph\":[{\"@type\":\"WebPage\",\"@id\":\"https:\/\/www.asajacyl.com\/palencia\/asaja-palencia-informa\/asaja-reclama-a-los-ministros-de-medio-ambiente-de-la-ue-politicas-valientes-ante-el-problema-de-la-sequia\",\"url\":\"https:\/\/www.asajacyl.com\/palencia\/asaja-palencia-informa\/asaja-reclama-a-los-ministros-de-medio-ambiente-de-la-ue-politicas-valientes-ante-el-problema-de-la-sequia\",\"name\":\"ASAJA reclama a los ministros de Medio Ambiente de la UE pol\u00edticas valientes ante el problema de la sequ\u00eda - ASAJA Palencia\",\"isPartOf\":{\"@id\":\"https:\/\/www.asajacyl.com\/palencia\/#website\"},\"primaryImageOfPage\":{\"@id\":\"https:\/\/www.asajacyl.com\/palencia\/asaja-palencia-informa\/asaja-reclama-a-los-ministros-de-medio-ambiente-de-la-ue-politicas-valientes-ante-el-problema-de-la-sequia#primaryimage\"},\"image\":{\"@id\":\"https:\/\/www.asajacyl.com\/palencia\/asaja-palencia-informa\/asaja-reclama-a-los-ministros-de-medio-ambiente-de-la-ue-politicas-valientes-ante-el-problema-de-la-sequia#primaryimage\"},\"thumbnailUrl\":\"https:\/\/www.asajacyl.com\/palencia\/wp-content\/uploads\/sites\/3\/2023\/07\/Directiva-nacional-ASAJA.jpg\",\"datePublished\":\"2023-07-11T07:39:34+00:00\",\"dateModified\":\"2023-07-11T07:40:56+00:00\",\"author\":{\"@id\":\"https:\/\/www.asajacyl.com\/palencia\/#\/schema\/person\/3ab17aeb03527485c317557fae64aab1\"},\"description\":\"La directiva nacional de ASAJA ha reclamado a los ministros de Medio Ambiente de la UE una pol\u00edtica valiente para afrontar el problema de la sequ\u00eda,\",\"breadcrumb\":{\"@id\":\"https:\/\/www.asajacyl.com\/palencia\/asaja-palencia-informa\/asaja-reclama-a-los-ministros-de-medio-ambiente-de-la-ue-politicas-valientes-ante-el-problema-de-la-sequia#breadcrumb\"},\"inLanguage\":\"es\",\"potentialAction\":[{\"@type\":\"ReadAction\",\"target\":[\"https:\/\/www.asajacyl.com\/palencia\/asaja-palencia-informa\/asaja-reclama-a-los-ministros-de-medio-ambiente-de-la-ue-politicas-valientes-ante-el-problema-de-la-sequia\"]}]},{\"@type\":\"ImageObject\",\"inLanguage\":\"es\",\"@id\":\"https:\/\/www.asajacyl.com\/palencia\/asaja-palencia-informa\/asaja-reclama-a-los-ministros-de-medio-ambiente-de-la-ue-politicas-valientes-ante-el-problema-de-la-sequia#primaryimage\",\"url\":\"https:\/\/www.asajacyl.com\/palencia\/wp-content\/uploads\/sites\/3\/2023\/07\/Directiva-nacional-ASAJA.jpg\",\"contentUrl\":\"https:\/\/www.asajacyl.com\/palencia\/wp-content\/uploads\/sites\/3\/2023\/07\/Directiva-nacional-ASAJA.jpg\",\"width\":2500,\"height\":2188},{\"@type\":\"BreadcrumbList\",\"@id\":\"https:\/\/www.asajacyl.com\/palencia\/asaja-palencia-informa\/asaja-reclama-a-los-ministros-de-medio-ambiente-de-la-ue-politicas-valientes-ante-el-problema-de-la-sequia#breadcrumb\",\"itemListElement\":[{\"@type\":\"ListItem\",\"position\":1,\"name\":\"Portada\",\"item\":\"https:\/\/www.asajacyl.com\/palencia\/\"},{\"@type\":\"ListItem\",\"position\":2,\"name\":\"ASAJA reclama a los ministros de Medio Ambiente de la UE pol\u00edticas valientes ante el problema de la sequ\u00eda\"}]},{\"@type\":\"WebSite\",\"@id\":\"https:\/\/www.asajacyl.com\/palencia\/#website\",\"url\":\"https:\/\/www.asajacyl.com\/palencia\/\",\"name\":\"ASAJA Palencia\",\"description\":\"Otro sitio m\u00e1s de Provincias ASAJA Castilla y Le\u00f3n\",\"potentialAction\":[{\"@type\":\"SearchAction\",\"target\":{\"@type\":\"EntryPoint\",\"urlTemplate\":\"https:\/\/www.asajacyl.com\/palencia\/?s={search_term_string}\"},\"query-input\":{\"@type\":\"PropertyValueSpecification\",\"valueRequired\":true,\"valueName\":\"search_term_string\"}}],\"inLanguage\":\"es\"},{\"@type\":\"Person\",\"@id\":\"https:\/\/www.asajacyl.com\/palencia\/#\/schema\/person\/3ab17aeb03527485c317557fae64aab1\",\"name\":\"Administrador\",\"image\":{\"@type\":\"ImageObject\",\"inLanguage\":\"es\",\"@id\":\"https:\/\/www.asajacyl.com\/palencia\/#\/schema\/person\/image\/\",\"url\":\"https:\/\/secure.gravatar.com\/avatar\/517384810d242ca9e38c180f3c9fb973?s=96&d=mm&r=g\",\"contentUrl\":\"https:\/\/secure.gravatar.com\/avatar\/517384810d242ca9e38c180f3c9fb973?s=96&d=mm&r=g\",\"caption\":\"Administrador\"},\"url\":\"https:\/\/www.asajacyl.com\/palencia\/author\/carlosrm\"}]}<\/script>\n<!-- \/ Yoast SEO plugin. -->","yoast_head_json":{"title":"ASAJA reclama a los ministros de Medio Ambiente de la UE pol\u00edticas valientes ante el problema de la sequ\u00eda - ASAJA Palencia","description":"La directiva nacional de ASAJA ha reclamado a los ministros de Medio Ambiente de la UE una pol\u00edtica valiente para afrontar el problema de la sequ\u00eda,","robots":{"index":"index","follow":"follow","max-snippet":"max-snippet:-1","max-image-preview":"max-image-preview:large","max-video-preview":"max-video-preview:-1"},"canonical":"https:\/\/www.asajacyl.com\/palencia\/asaja-palencia-informa\/asaja-reclama-a-los-ministros-de-medio-ambiente-de-la-ue-politicas-valientes-ante-el-problema-de-la-sequia","og_locale":"es_ES","og_type":"article","og_title":"ASAJA reclama a los ministros de Medio Ambiente de la UE pol\u00edticas valientes ante el problema de la sequ\u00eda - ASAJA Palencia","og_description":"La directiva nacional de ASAJA ha reclamado a los ministros de Medio Ambiente de la UE una pol\u00edtica valiente para afrontar el problema de la sequ\u00eda,","og_url":"https:\/\/www.asajacyl.com\/palencia\/asaja-palencia-informa\/asaja-reclama-a-los-ministros-de-medio-ambiente-de-la-ue-politicas-valientes-ante-el-problema-de-la-sequia","og_site_name":"ASAJA Palencia","article_published_time":"2023-07-11T07:39:34+00:00","article_modified_time":"2023-07-11T07:40:56+00:00","og_image":[{"width":2500,"height":2188,"url":"https:\/\/www.asajacyl.com\/palencia\/wp-content\/uploads\/sites\/3\/2023\/07\/Directiva-nacional-ASAJA.jpg","type":"image\/jpeg"}],"author":"Administrador","twitter_card":"summary_large_image","twitter_misc":{"Escrito por":"Administrador","Tiempo de lectura":"3 minutos"},"schema":{"@context":"https:\/\/schema.org","@graph":[{"@type":"WebPage","@id":"https:\/\/www.asajacyl.com\/palencia\/asaja-palencia-informa\/asaja-reclama-a-los-ministros-de-medio-ambiente-de-la-ue-politicas-valientes-ante-el-problema-de-la-sequia","url":"https:\/\/www.asajacyl.com\/palencia\/asaja-palencia-informa\/asaja-reclama-a-los-ministros-de-medio-ambiente-de-la-ue-politicas-valientes-ante-el-problema-de-la-sequia","name":"ASAJA reclama a los ministros de Medio Ambiente de la UE pol\u00edticas valientes ante el problema de la sequ\u00eda - ASAJA Palencia","isPartOf":{"@id":"https:\/\/www.asajacyl.com\/palencia\/#website"},"primaryImageOfPage":{"@id":"https:\/\/www.asajacyl.com\/palencia\/asaja-palencia-informa\/asaja-reclama-a-los-ministros-de-medio-ambiente-de-la-ue-politicas-valientes-ante-el-problema-de-la-sequia#primaryimage"},"image":{"@id":"https:\/\/www.asajacyl.com\/palencia\/asaja-palencia-informa\/asaja-reclama-a-los-ministros-de-medio-ambiente-de-la-ue-politicas-valientes-ante-el-problema-de-la-sequia#primaryimage"},"thumbnailUrl":"https:\/\/www.asajacyl.com\/palencia\/wp-content\/uploads\/sites\/3\/2023\/07\/Directiva-nacional-ASAJA.jpg","datePublished":"2023-07-11T07:39:34+00:00","dateModified":"2023-07-11T07:40:56+00:00","author":{"@id":"https:\/\/www.asajacyl.com\/palencia\/#\/schema\/person\/3ab17aeb03527485c317557fae64aab1"},"description":"La directiva nacional de ASAJA ha reclamado a los ministros de Medio Ambiente de la UE una pol\u00edtica valiente para afrontar el problema de la sequ\u00eda,","breadcrumb":{"@id":"https:\/\/www.asajacyl.com\/palencia\/asaja-palencia-informa\/asaja-reclama-a-los-ministros-de-medio-ambiente-de-la-ue-politicas-valientes-ante-el-problema-de-la-sequia#breadcrumb"},"inLanguage":"es","potentialAction":[{"@type":"ReadAction","target":["https:\/\/www.asajacyl.com\/palencia\/asaja-palencia-informa\/asaja-reclama-a-los-ministros-de-medio-ambiente-de-la-ue-politicas-valientes-ante-el-problema-de-la-sequia"]}]},{"@type":"ImageObject","inLanguage":"es","@id":"https:\/\/www.asajacyl.com\/palencia\/asaja-palencia-informa\/asaja-reclama-a-los-ministros-de-medio-ambiente-de-la-ue-politicas-valientes-ante-el-problema-de-la-sequia#primaryimage","url":"https:\/\/www.asajacyl.com\/palencia\/wp-content\/uploads\/sites\/3\/2023\/07\/Directiva-nacional-ASAJA.jpg","contentUrl":"https:\/\/www.asajacyl.com\/palencia\/wp-content\/uploads\/sites\/3\/2023\/07\/Directiva-nacional-ASAJA.jpg","width":2500,"height":2188},{"@type":"BreadcrumbList","@id":"https:\/\/www.asajacyl.com\/palencia\/asaja-palencia-informa\/asaja-reclama-a-los-ministros-de-medio-ambiente-de-la-ue-politicas-valientes-ante-el-problema-de-la-sequia#breadcrumb","itemListElement":[{"@type":"ListItem","position":1,"name":"Portada","item":"https:\/\/www.asajacyl.com\/palencia\/"},{"@type":"ListItem","position":2,"name":"ASAJA reclama a los ministros de Medio Ambiente de la UE pol\u00edticas valientes ante el problema de la sequ\u00eda"}]},{"@type":"WebSite","@id":"https:\/\/www.asajacyl.com\/palencia\/#website","url":"https:\/\/www.asajacyl.com\/palencia\/","name":"ASAJA Palencia","description":"Otro sitio m\u00e1s de Provincias ASAJA Castilla y Le\u00f3n","potentialAction":[{"@type":"SearchAction","target":{"@type":"EntryPoint","urlTemplate":"https:\/\/www.asajacyl.com\/palencia\/?s={search_term_string}"},"query-input":{"@type":"PropertyValueSpecification","valueRequired":true,"valueName":"search_term_string"}}],"inLanguage":"es"},{"@type":"Person","@id":"https:\/\/www.asajacyl.com\/palencia\/#\/schema\/person\/3ab17aeb03527485c317557fae64aab1","name":"Administrador","image":{"@type":"ImageObject","inLanguage":"es","@id":"https:\/\/www.asajacyl.com\/palencia\/#\/schema\/person\/image\/","url":"https:\/\/secure.gravatar.com\/avatar\/517384810d242ca9e38c180f3c9fb973?s=96&d=mm&r=g","contentUrl":"https:\/\/secure.gravatar.com\/avatar\/517384810d242ca9e38c180f3c9fb973?s=96&d=mm&r=g","caption":"Administrador"},"url":"https:\/\/www.asajacyl.com\/palencia\/author\/carlosrm"}]}},"_links":{"self":[{"href":"https:\/\/www.asajacyl.com\/palencia\/wp-json\/wp\/v2\/posts\/13708"}],"collection":[{"href":"https:\/\/www.asajacyl.com\/palencia\/wp-json\/wp\/v2\/posts"}],"about":[{"href":"https:\/\/www.asajacyl.com\/palencia\/wp-json\/wp\/v2\/types\/post"}],"author":[{"embeddable":true,"href":"https:\/\/www.asajacyl.com\/palencia\/wp-json\/wp\/v2\/users\/9"}],"replies":[{"embeddable":true,"href":"https:\/\/www.asajacyl.com\/palencia\/wp-json\/wp\/v2\/comments?post=13708"}],"version-history":[{"count":2,"href":"https:\/\/www.asajacyl.com\/palencia\/wp-json\/wp\/v2\/posts\/13708\/revisions"}],"predecessor-version":[{"id":13711,"href":"https:\/\/www.asajacyl.com\/palencia\/wp-json\/wp\/v2\/posts\/13708\/revisions\/13711"}],"wp:featuredmedia":[{"embeddable":true,"href":"https:\/\/www.asajacyl.com\/palencia\/wp-json\/wp\/v2\/media\/13710"}],"wp:attachment":[{"href":"https:\/\/www.asajacyl.com\/palencia\/wp-json\/wp\/v2\/media?parent=13708"}],"wp:term":[{"taxonomy":"category","embeddable":true,"href":"https:\/\/www.asajacyl.com\/palencia\/wp-json\/wp\/v2\/categories?post=13708"},{"taxonomy":"post_tag","embeddable":true,"href":"https:\/\/www.asajacyl.com\/palencia\/wp-json\/wp\/v2\/tags?post=13708"}],"curies":[{"name":"wp","href":"https:\/\/api.w.org\/{rel}","templated":true}]}}