{"id":13724,"date":"2023-07-13T12:28:42","date_gmt":"2023-07-13T10:28:42","guid":{"rendered":"https:\/\/www.asajacyl.com\/palencia\/?p=13724"},"modified":"2023-07-13T12:28:44","modified_gmt":"2023-07-13T10:28:44","slug":"la-junta-estima-un-rendimiento-medio-del-cereal-de-invierno-en-palencia-de-2-348-kg-hectarea","status":"publish","type":"post","link":"https:\/\/www.asajacyl.com\/palencia\/asaja-palencia-informa\/la-junta-estima-un-rendimiento-medio-del-cereal-de-invierno-en-palencia-de-2-348-kg-hectarea","title":{"rendered":"La Junta estima un rendimiento medio del cereal de invierno en Palencia de 2.348 kg\/hect\u00e1rea"},"content":{"rendered":"\n<h2 class=\"wp-block-heading\">La Junta de Castilla y Le\u00f3n ha difundido sus estimaciones de superficies, producciones y rendimientos de la actual campa\u00f1a de cereales de invierno, que prev\u00e9n un rendimiento medio que ronda los 1.980 kilos por hect\u00e1rea en el conjunto de la comunidad. En la provincia de Palencia, la estimaci\u00f3n se aproxima a los 2.350 kilos de media (incluidos tanto los regad\u00edos como los secanos), la tercera m\u00e1s alta de la regi\u00f3n, solo superada por Le\u00f3n y Burgos, con 2.425 y 2.414 kilos, respectivamente. Se trata, no obstante, de rendimientos sensiblemente inferiores a los de una cosecha normal en nuestra provincia, como consecuencia de la sequ\u00eda.<\/h2>\n\n\n\n<p>Seg\u00fan los datos facilitados por la Consejer\u00eda de Agricultura, Ganader\u00eda y Desarrollo Rural, la superficie cerealista de invierno de esta campa\u00f1a supera ligeramente las 255.700 hect\u00e1reas, con el habitual predominio del trigo (algo m\u00e1s de 116.600 ha) y de la cebada (cerca de 107.000 ha), seguidos ya a distancia por la avena (15.340 ha), el centeno (12.931 ha) y el triticale (3.845 ha).<\/p>\n\n\n\n<p>El avance de producci\u00f3n de cereales de invierno que maneja la administraci\u00f3n auton\u00f3mica para la provincia de Palencia es de 600.400 toneladas, lo que representar\u00eda algo m\u00e1s del 18,5% del total estimado para toda Castilla y Le\u00f3n (cerca de 3.240.000 toneladas).<\/p>\n\n\n\n<p><strong>DOS A\u00d1OS DE DESCENSO CONSECUTIVOS. <\/strong>Esta cosecha provincial supone un descenso muy significativo con respecto a la que se alcanz\u00f3 en la campa\u00f1a anterior, que rond\u00f3 el mill\u00f3n de toneladas (1.009.025 t). De confirmarse la estimaciones de la Junta, la producci\u00f3n de cereal de invierno en Palencia habr\u00eda ca\u00eddo este a\u00f1o el 40,5%; pero hay que recordar que ya la campa\u00f1a 2021-2022 registr\u00f3 un 20,4% de descenso en la producci\u00f3n con respecto a la anterior. <\/p>\n\n\n\n<p>M\u00e1s acusado resulta, en cualquier caso, el descenso a nivel regional, debido a que la sequ\u00eda de la primavera azot\u00f3 a\u00fan con m\u00e1s gravedad a  otras provincias. En concreto, la Consejer\u00eda de Agricultura estima una producci\u00f3n en toda Castilla y Le\u00f3n para esta campa\u00f1a de 3.239.770 toneladas, frente a 6.553.870 de la anterior, lo que supone menos de la mitad de cosecha (-50,6%) con respecto a la de 2021-2022, que tambi\u00e9n a nivel regional se hab\u00eda reducido cerca del 29% en relaci\u00f3n a la 2020-2021.<\/p>\n\n\n\n<p>Por cultivos, el avance de rendimiento de la Junta para la provincia de Palencia, incluidos secanos y regad\u00edos, prev\u00e9 una media de 2.554 kilos por hect\u00e1rea en el trigo, mientras las cebadas arrojan un promedio de 2.200 kilos. El triticale rendir\u00eda una cifra similar (2.222 kg\/ha), en tanto la avena y el centeno superar\u00edan ligeramente los dos mil kilos por hect\u00e1rea de promedio (2.088 y 2.042 kg\/ha, respectivamente).<\/p>\n\n\n\n<p><strong>DIFERENCIAS PROVINCIALES. <\/strong>Los m\u00e1ximos rendimientos en Castilla y Le\u00f3n, seg\u00fan las estimaciones de la administraci\u00f3n auton\u00f3mica, corresponder\u00edan a los 3.000 kg\/ha que, de promedio, dar\u00e1n los trigos cultivados en Le\u00f3n (provincia que, adem\u00e1s de contar con una proporci\u00f3n mayor de regad\u00edo, no se ha visto tan afectada como otras por la sequ\u00eda). <\/p>\n\n\n\n<p>De hecho, en el otro extremo se sit\u00faan rendimientos medios tan exiguos como los previstos para el centeno en \u00c1vila (413 kg\/ha), la provincia m\u00e1s castigada, con un rendimiento general para los cereales de invierno que apenas llegar\u00e1 a los 951 kg\/ha), menos de la mitad del promedio de toda Castilla y Le\u00f3n (1.979 kg\/ha). <\/p>\n\n\n\n<p>Tambi\u00e9n se sit\u00faa muy por debajo de esas cantidades la provincia de Soria \u2014con 1.371 kg\/ha\u2014, mientras las de Zamora, Segovia y Valladolid no van a llegar a rendimientos medios del cereal de invierno de 1.800 kg\/ha.<strong>\/<\/strong><\/p>\n\n\n\n<div data-wp-interactive=\"core\/file\" class=\"wp-block-file\"><object data-wp-bind--hidden=\"!state.hasPdfPreview\"  class=\"wp-block-file__embed\" data=\"https:\/\/www.asajacyl.com\/palencia\/wp-content\/uploads\/sites\/3\/2023\/07\/Estimacion-cereal-invierno-2023-JCyL.pdf\" type=\"application\/pdf\" style=\"width:100%;height:600px\" aria-label=\"Incrustado de Estimacion-cereal-invierno-2023-JCyL.\"><\/object><a id=\"wp-block-file--media-7accffa5-a19a-42f3-95cf-27d5ab599c34\" href=\"https:\/\/www.asajacyl.com\/palencia\/wp-content\/uploads\/sites\/3\/2023\/07\/Estimacion-cereal-invierno-2023-JCyL.pdf\">Estimacion-cereal-invierno-2023-JCyL<\/a><a href=\"https:\/\/www.asajacyl.com\/palencia\/wp-content\/uploads\/sites\/3\/2023\/07\/Estimacion-cereal-invierno-2023-JCyL.pdf\" class=\"wp-block-file__button wp-element-button\" download aria-describedby=\"wp-block-file--media-7accffa5-a19a-42f3-95cf-27d5ab599c34\">Descarga<\/a><\/div>\n","protected":false},"excerpt":{"rendered":"<p>La Junta de Castilla y Le\u00f3n ha difundido sus estimaciones de superficies, producciones y rendimientos de la actual campa\u00f1a de cereales de invierno, que prev\u00e9n un rendimiento medio que ronda los 1.980 kilos por hect\u00e1rea en el conjunto de la comunidad. En la provincia de Palencia, la estimaci\u00f3n se aproxima a los 2.350 kilos de [&hellip;]<\/p>\n","protected":false},"author":9,"featured_media":13726,"comment_status":"open","ping_status":"open","sticky":false,"template":"","format":"standard","meta":{"footnotes":""},"categories":[9,29,28],"tags":[58,221,289,46,142,66,92,55,269,93,220,341],"yoast_head":"<!-- This site is optimized with the Yoast SEO plugin v24.5 - https:\/\/yoast.com\/wordpress\/plugins\/seo\/ -->\n<title>La Junta estima un rendimiento medio del cereal de invierno en Palencia de 2.348 kg\/hect\u00e1rea - ASAJA Palencia<\/title>\n<meta name=\"description\" content=\"La Junta de Castilla y Le\u00f3n ha difundido sus estimaciones de superficies, producciones y rendimientos de la actual campa\u00f1a de cereales de invierno, que\" \/>\n<meta name=\"robots\" content=\"index, follow, max-snippet:-1, max-image-preview:large, max-video-preview:-1\" \/>\n<link rel=\"canonical\" href=\"https:\/\/www.asajacyl.com\/palencia\/asaja-palencia-informa\/la-junta-estima-un-rendimiento-medio-del-cereal-de-invierno-en-palencia-de-2-348-kg-hectarea\" \/>\n<meta property=\"og:locale\" content=\"es_ES\" \/>\n<meta property=\"og:type\" content=\"article\" \/>\n<meta property=\"og:title\" content=\"La Junta estima un rendimiento medio del cereal de invierno en Palencia de 2.348 kg\/hect\u00e1rea - ASAJA Palencia\" \/>\n<meta property=\"og:description\" content=\"La Junta de Castilla y Le\u00f3n ha difundido sus estimaciones de superficies, producciones y rendimientos de la actual campa\u00f1a de cereales de invierno, que\" \/>\n<meta property=\"og:url\" content=\"https:\/\/www.asajacyl.com\/palencia\/asaja-palencia-informa\/la-junta-estima-un-rendimiento-medio-del-cereal-de-invierno-en-palencia-de-2-348-kg-hectarea\" \/>\n<meta property=\"og:site_name\" content=\"ASAJA Palencia\" \/>\n<meta property=\"article:published_time\" content=\"2023-07-13T10:28:42+00:00\" \/>\n<meta property=\"article:modified_time\" content=\"2023-07-13T10:28:44+00:00\" \/>\n<meta property=\"og:image\" content=\"https:\/\/www.asajacyl.com\/palencia\/wp-content\/uploads\/sites\/3\/2023\/07\/Cosechando-Ampudia2-junio20-1024x896.jpg\" \/>\n\t<meta property=\"og:image:width\" content=\"1024\" \/>\n\t<meta property=\"og:image:height\" content=\"896\" \/>\n\t<meta property=\"og:image:type\" content=\"image\/jpeg\" \/>\n<meta name=\"author\" content=\"Administrador\" \/>\n<meta name=\"twitter:card\" content=\"summary_large_image\" \/>\n<meta name=\"twitter:label1\" content=\"Escrito por\" \/>\n\t<meta name=\"twitter:data1\" content=\"Administrador\" \/>\n\t<meta name=\"twitter:label2\" content=\"Tiempo de lectura\" \/>\n\t<meta name=\"twitter:data2\" content=\"3 minutos\" \/>\n<script type=\"application\/ld+json\" class=\"yoast-schema-graph\">{\"@context\":\"https:\/\/schema.org\",\"@graph\":[{\"@type\":\"WebPage\",\"@id\":\"https:\/\/www.asajacyl.com\/palencia\/asaja-palencia-informa\/la-junta-estima-un-rendimiento-medio-del-cereal-de-invierno-en-palencia-de-2-348-kg-hectarea\",\"url\":\"https:\/\/www.asajacyl.com\/palencia\/asaja-palencia-informa\/la-junta-estima-un-rendimiento-medio-del-cereal-de-invierno-en-palencia-de-2-348-kg-hectarea\",\"name\":\"La Junta estima un rendimiento medio del cereal de invierno en Palencia de 2.348 kg\/hect\u00e1rea - ASAJA Palencia\",\"isPartOf\":{\"@id\":\"https:\/\/www.asajacyl.com\/palencia\/#website\"},\"primaryImageOfPage\":{\"@id\":\"https:\/\/www.asajacyl.com\/palencia\/asaja-palencia-informa\/la-junta-estima-un-rendimiento-medio-del-cereal-de-invierno-en-palencia-de-2-348-kg-hectarea#primaryimage\"},\"image\":{\"@id\":\"https:\/\/www.asajacyl.com\/palencia\/asaja-palencia-informa\/la-junta-estima-un-rendimiento-medio-del-cereal-de-invierno-en-palencia-de-2-348-kg-hectarea#primaryimage\"},\"thumbnailUrl\":\"https:\/\/www.asajacyl.com\/palencia\/wp-content\/uploads\/sites\/3\/2023\/07\/Cosechando-Ampudia2-junio20.jpg\",\"datePublished\":\"2023-07-13T10:28:42+00:00\",\"dateModified\":\"2023-07-13T10:28:44+00:00\",\"author\":{\"@id\":\"https:\/\/www.asajacyl.com\/palencia\/#\/schema\/person\/3ab17aeb03527485c317557fae64aab1\"},\"description\":\"La Junta de Castilla y Le\u00f3n ha difundido sus estimaciones de superficies, producciones y rendimientos de la actual campa\u00f1a de cereales de invierno, que\",\"breadcrumb\":{\"@id\":\"https:\/\/www.asajacyl.com\/palencia\/asaja-palencia-informa\/la-junta-estima-un-rendimiento-medio-del-cereal-de-invierno-en-palencia-de-2-348-kg-hectarea#breadcrumb\"},\"inLanguage\":\"es\",\"potentialAction\":[{\"@type\":\"ReadAction\",\"target\":[\"https:\/\/www.asajacyl.com\/palencia\/asaja-palencia-informa\/la-junta-estima-un-rendimiento-medio-del-cereal-de-invierno-en-palencia-de-2-348-kg-hectarea\"]}]},{\"@type\":\"ImageObject\",\"inLanguage\":\"es\",\"@id\":\"https:\/\/www.asajacyl.com\/palencia\/asaja-palencia-informa\/la-junta-estima-un-rendimiento-medio-del-cereal-de-invierno-en-palencia-de-2-348-kg-hectarea#primaryimage\",\"url\":\"https:\/\/www.asajacyl.com\/palencia\/wp-content\/uploads\/sites\/3\/2023\/07\/Cosechando-Ampudia2-junio20.jpg\",\"contentUrl\":\"https:\/\/www.asajacyl.com\/palencia\/wp-content\/uploads\/sites\/3\/2023\/07\/Cosechando-Ampudia2-junio20.jpg\",\"width\":1890,\"height\":1654},{\"@type\":\"BreadcrumbList\",\"@id\":\"https:\/\/www.asajacyl.com\/palencia\/asaja-palencia-informa\/la-junta-estima-un-rendimiento-medio-del-cereal-de-invierno-en-palencia-de-2-348-kg-hectarea#breadcrumb\",\"itemListElement\":[{\"@type\":\"ListItem\",\"position\":1,\"name\":\"Portada\",\"item\":\"https:\/\/www.asajacyl.com\/palencia\/\"},{\"@type\":\"ListItem\",\"position\":2,\"name\":\"La Junta estima un rendimiento medio del cereal de invierno en Palencia de 2.348 kg\/hect\u00e1rea\"}]},{\"@type\":\"WebSite\",\"@id\":\"https:\/\/www.asajacyl.com\/palencia\/#website\",\"url\":\"https:\/\/www.asajacyl.com\/palencia\/\",\"name\":\"ASAJA Palencia\",\"description\":\"Otro sitio m\u00e1s de Provincias ASAJA Castilla y Le\u00f3n\",\"potentialAction\":[{\"@type\":\"SearchAction\",\"target\":{\"@type\":\"EntryPoint\",\"urlTemplate\":\"https:\/\/www.asajacyl.com\/palencia\/?s={search_term_string}\"},\"query-input\":{\"@type\":\"PropertyValueSpecification\",\"valueRequired\":true,\"valueName\":\"search_term_string\"}}],\"inLanguage\":\"es\"},{\"@type\":\"Person\",\"@id\":\"https:\/\/www.asajacyl.com\/palencia\/#\/schema\/person\/3ab17aeb03527485c317557fae64aab1\",\"name\":\"Administrador\",\"image\":{\"@type\":\"ImageObject\",\"inLanguage\":\"es\",\"@id\":\"https:\/\/www.asajacyl.com\/palencia\/#\/schema\/person\/image\/\",\"url\":\"https:\/\/secure.gravatar.com\/avatar\/517384810d242ca9e38c180f3c9fb973?s=96&d=mm&r=g\",\"contentUrl\":\"https:\/\/secure.gravatar.com\/avatar\/517384810d242ca9e38c180f3c9fb973?s=96&d=mm&r=g\",\"caption\":\"Administrador\"},\"url\":\"https:\/\/www.asajacyl.com\/palencia\/author\/carlosrm\"}]}<\/script>\n<!-- \/ Yoast SEO plugin. -->","yoast_head_json":{"title":"La Junta estima un rendimiento medio del cereal de invierno en Palencia de 2.348 kg\/hect\u00e1rea - ASAJA Palencia","description":"La Junta de Castilla y Le\u00f3n ha difundido sus estimaciones de superficies, producciones y rendimientos de la actual campa\u00f1a de cereales de invierno, que","robots":{"index":"index","follow":"follow","max-snippet":"max-snippet:-1","max-image-preview":"max-image-preview:large","max-video-preview":"max-video-preview:-1"},"canonical":"https:\/\/www.asajacyl.com\/palencia\/asaja-palencia-informa\/la-junta-estima-un-rendimiento-medio-del-cereal-de-invierno-en-palencia-de-2-348-kg-hectarea","og_locale":"es_ES","og_type":"article","og_title":"La Junta estima un rendimiento medio del cereal de invierno en Palencia de 2.348 kg\/hect\u00e1rea - ASAJA Palencia","og_description":"La Junta de Castilla y Le\u00f3n ha difundido sus estimaciones de superficies, producciones y rendimientos de la actual campa\u00f1a de cereales de invierno, que","og_url":"https:\/\/www.asajacyl.com\/palencia\/asaja-palencia-informa\/la-junta-estima-un-rendimiento-medio-del-cereal-de-invierno-en-palencia-de-2-348-kg-hectarea","og_site_name":"ASAJA Palencia","article_published_time":"2023-07-13T10:28:42+00:00","article_modified_time":"2023-07-13T10:28:44+00:00","og_image":[{"width":1024,"height":896,"url":"https:\/\/www.asajacyl.com\/palencia\/wp-content\/uploads\/sites\/3\/2023\/07\/Cosechando-Ampudia2-junio20-1024x896.jpg","type":"image\/jpeg"}],"author":"Administrador","twitter_card":"summary_large_image","twitter_misc":{"Escrito por":"Administrador","Tiempo de lectura":"3 minutos"},"schema":{"@context":"https:\/\/schema.org","@graph":[{"@type":"WebPage","@id":"https:\/\/www.asajacyl.com\/palencia\/asaja-palencia-informa\/la-junta-estima-un-rendimiento-medio-del-cereal-de-invierno-en-palencia-de-2-348-kg-hectarea","url":"https:\/\/www.asajacyl.com\/palencia\/asaja-palencia-informa\/la-junta-estima-un-rendimiento-medio-del-cereal-de-invierno-en-palencia-de-2-348-kg-hectarea","name":"La Junta estima un rendimiento medio del cereal de invierno en Palencia de 2.348 kg\/hect\u00e1rea - ASAJA Palencia","isPartOf":{"@id":"https:\/\/www.asajacyl.com\/palencia\/#website"},"primaryImageOfPage":{"@id":"https:\/\/www.asajacyl.com\/palencia\/asaja-palencia-informa\/la-junta-estima-un-rendimiento-medio-del-cereal-de-invierno-en-palencia-de-2-348-kg-hectarea#primaryimage"},"image":{"@id":"https:\/\/www.asajacyl.com\/palencia\/asaja-palencia-informa\/la-junta-estima-un-rendimiento-medio-del-cereal-de-invierno-en-palencia-de-2-348-kg-hectarea#primaryimage"},"thumbnailUrl":"https:\/\/www.asajacyl.com\/palencia\/wp-content\/uploads\/sites\/3\/2023\/07\/Cosechando-Ampudia2-junio20.jpg","datePublished":"2023-07-13T10:28:42+00:00","dateModified":"2023-07-13T10:28:44+00:00","author":{"@id":"https:\/\/www.asajacyl.com\/palencia\/#\/schema\/person\/3ab17aeb03527485c317557fae64aab1"},"description":"La Junta de Castilla y Le\u00f3n ha difundido sus estimaciones de superficies, producciones y rendimientos de la actual campa\u00f1a de cereales de invierno, que","breadcrumb":{"@id":"https:\/\/www.asajacyl.com\/palencia\/asaja-palencia-informa\/la-junta-estima-un-rendimiento-medio-del-cereal-de-invierno-en-palencia-de-2-348-kg-hectarea#breadcrumb"},"inLanguage":"es","potentialAction":[{"@type":"ReadAction","target":["https:\/\/www.asajacyl.com\/palencia\/asaja-palencia-informa\/la-junta-estima-un-rendimiento-medio-del-cereal-de-invierno-en-palencia-de-2-348-kg-hectarea"]}]},{"@type":"ImageObject","inLanguage":"es","@id":"https:\/\/www.asajacyl.com\/palencia\/asaja-palencia-informa\/la-junta-estima-un-rendimiento-medio-del-cereal-de-invierno-en-palencia-de-2-348-kg-hectarea#primaryimage","url":"https:\/\/www.asajacyl.com\/palencia\/wp-content\/uploads\/sites\/3\/2023\/07\/Cosechando-Ampudia2-junio20.jpg","contentUrl":"https:\/\/www.asajacyl.com\/palencia\/wp-content\/uploads\/sites\/3\/2023\/07\/Cosechando-Ampudia2-junio20.jpg","width":1890,"height":1654},{"@type":"BreadcrumbList","@id":"https:\/\/www.asajacyl.com\/palencia\/asaja-palencia-informa\/la-junta-estima-un-rendimiento-medio-del-cereal-de-invierno-en-palencia-de-2-348-kg-hectarea#breadcrumb","itemListElement":[{"@type":"ListItem","position":1,"name":"Portada","item":"https:\/\/www.asajacyl.com\/palencia\/"},{"@type":"ListItem","position":2,"name":"La Junta estima un rendimiento medio del cereal de invierno en Palencia de 2.348 kg\/hect\u00e1rea"}]},{"@type":"WebSite","@id":"https:\/\/www.asajacyl.com\/palencia\/#website","url":"https:\/\/www.asajacyl.com\/palencia\/","name":"ASAJA Palencia","description":"Otro sitio m\u00e1s de Provincias ASAJA Castilla y Le\u00f3n","potentialAction":[{"@type":"SearchAction","target":{"@type":"EntryPoint","urlTemplate":"https:\/\/www.asajacyl.com\/palencia\/?s={search_term_string}"},"query-input":{"@type":"PropertyValueSpecification","valueRequired":true,"valueName":"search_term_string"}}],"inLanguage":"es"},{"@type":"Person","@id":"https:\/\/www.asajacyl.com\/palencia\/#\/schema\/person\/3ab17aeb03527485c317557fae64aab1","name":"Administrador","image":{"@type":"ImageObject","inLanguage":"es","@id":"https:\/\/www.asajacyl.com\/palencia\/#\/schema\/person\/image\/","url":"https:\/\/secure.gravatar.com\/avatar\/517384810d242ca9e38c180f3c9fb973?s=96&d=mm&r=g","contentUrl":"https:\/\/secure.gravatar.com\/avatar\/517384810d242ca9e38c180f3c9fb973?s=96&d=mm&r=g","caption":"Administrador"},"url":"https:\/\/www.asajacyl.com\/palencia\/author\/carlosrm"}]}},"_links":{"self":[{"href":"https:\/\/www.asajacyl.com\/palencia\/wp-json\/wp\/v2\/posts\/13724"}],"collection":[{"href":"https:\/\/www.asajacyl.com\/palencia\/wp-json\/wp\/v2\/posts"}],"about":[{"href":"https:\/\/www.asajacyl.com\/palencia\/wp-json\/wp\/v2\/types\/post"}],"author":[{"embeddable":true,"href":"https:\/\/www.asajacyl.com\/palencia\/wp-json\/wp\/v2\/users\/9"}],"replies":[{"embeddable":true,"href":"https:\/\/www.asajacyl.com\/palencia\/wp-json\/wp\/v2\/comments?post=13724"}],"version-history":[{"count":1,"href":"https:\/\/www.asajacyl.com\/palencia\/wp-json\/wp\/v2\/posts\/13724\/revisions"}],"predecessor-version":[{"id":13727,"href":"https:\/\/www.asajacyl.com\/palencia\/wp-json\/wp\/v2\/posts\/13724\/revisions\/13727"}],"wp:featuredmedia":[{"embeddable":true,"href":"https:\/\/www.asajacyl.com\/palencia\/wp-json\/wp\/v2\/media\/13726"}],"wp:attachment":[{"href":"https:\/\/www.asajacyl.com\/palencia\/wp-json\/wp\/v2\/media?parent=13724"}],"wp:term":[{"taxonomy":"category","embeddable":true,"href":"https:\/\/www.asajacyl.com\/palencia\/wp-json\/wp\/v2\/categories?post=13724"},{"taxonomy":"post_tag","embeddable":true,"href":"https:\/\/www.asajacyl.com\/palencia\/wp-json\/wp\/v2\/tags?post=13724"}],"curies":[{"name":"wp","href":"https:\/\/api.w.org\/{rel}","templated":true}]}}