{"id":13733,"date":"2023-07-15T10:22:32","date_gmt":"2023-07-15T08:22:32","guid":{"rendered":"https:\/\/www.asajacyl.com\/palencia\/?p=13733"},"modified":"2023-07-14T10:51:30","modified_gmt":"2023-07-14T08:51:30","slug":"agroseguro-estima-en-mas-de-166-000-las-hectareas-afectadas-por-la-sequia-en-palencia","status":"publish","type":"post","link":"https:\/\/www.asajacyl.com\/palencia\/asaja-palencia-informa\/agroseguro-estima-en-mas-de-166-000-las-hectareas-afectadas-por-la-sequia-en-palencia","title":{"rendered":"Agroseguro estima en m\u00e1s de 166.000 las hect\u00e1reas afectadas por la sequ\u00eda en Palencia"},"content":{"rendered":"\n<h1 class=\"wp-block-heading\">Agroseguro ha comenzado a abonar a los agricultores de cultivos herb\u00e1ceos de secano (cereal de invierno, leguminosas y colza) por los siniestros registrados en esta campa\u00f1a, especialmente por la sequ\u00eda, que ha afectado a m\u00e1s de 166.000 hect\u00e1reas en la provincia de Palencia, seg\u00fan las estimaciones del consorcio asegurador. <\/h1>\n\n\n\n<p>La Agrupaci\u00f3n Espa\u00f1ola de Entidades Aseguradoras de los Seguros Agrarios Combinados (Agroseguro) estima que en toda Espa\u00f1a abonar\u00e1 indemnizaciones por siniestro en los herb\u00e1ceos de secano por importe de unos 430 millones de euros. <\/p>\n\n\n\n<p>De ellos, 180 millones corresponder\u00e1n a los agricultores de Castilla y Le\u00f3n, lo que supone cerca del 42% del total, una proporci\u00f3n acorde con la importancia de estas producciones en nuestra comunidad, as\u00ed como por la afecci\u00f3n por sequ\u00eda, que ha resultado singularmente grave en provincias como \u00c1vila y Soria, con rendimientos medios del cereal de invierno por debajo de los 1.000 y 1.400 kilos respectivamente (incluidos secanos y regad\u00edos), seg\u00fan las estimaciones difundidas esta semana por la Consejer\u00eda de Agricultura.<\/p>\n\n\n\n<p>Aunque en menor proporci\u00f3n, la provincia de Palencia tambi\u00e9n ha visto reducidos de manera significativa los rendimientos cerealistas de invierno con respecto a los de una campa\u00f1a normal, al situarse como promedio en el entorno de los 2.350 (incluidos secanos y regad\u00edos), seg\u00fan esas previsiones de la Junta. <\/p>\n\n\n\n<p><strong>PRIMERO, EL SUR DE LA REGI\u00d3N. <\/strong>Agroseguro, que desde mayo inici\u00f3 el abono de indemnizaciones por siniestro en zonas del sur peninsular, coincidiendo con las primeras cosechas, ha empezado esta semana los pagos en las provincias de Castilla y Le\u00f3n de recolecci\u00f3n m\u00e1s temprana (\u00c1vila, Salamanca, Valladolid y Zamora), a la par que en otras zonas de Espa\u00f1a como Guadalajara, Arag\u00f3n y Navarra.<\/p>\n\n\n\n<p>Las indemnizaciones a los cultivadores de la provincia de Palencia tampoco se demorar\u00e1n mucho, puesto que ya se han peritado en gran parte y Agroseguro mantiene su compromiso de cumplir con el plazo medio de pago de los \u00faltimos a\u00f1os, situado en un mes tras la tasaci\u00f3n definitiva del siniestro. <\/p>\n\n\n\n<p><strong>PEDRISCOS. <\/strong>No obstante, hay que tener en cuenta que la superficie siniestrada en Espa\u00f1a alcanzar\u00e1 los dos millones de hect\u00e1reas, sumando los da\u00f1os provocados por la sequ\u00eda y los otros riesgos que cubre el seguro agrario, como las tormentas de pedrisco, que han descargado de manera muy violenta en mayo y junio en varias zonas del pa\u00eds.<\/p>\n\n\n\n<p>Esta suma de incidencias ha elevado el n\u00famero de hect\u00e1reas y de explotaciones afectadas, con el consiguiente trabajo suplementario de peritaje, que no solo se viene desarrollando desde hace m\u00e1s de dos meses en los cultivos de herb\u00e1ceos de gran parte de Espa\u00f1a, sino tambi\u00e9n con otras l\u00edneas de seguro (frutales, hortalizas, seguros pecuarios&#8230;), cuyas indemnizaciones tambi\u00e9n han empezado a saldarse en estos d\u00edas, seg\u00fan el consorcio asegurador.<strong>\/<\/strong><\/p>\n","protected":false},"excerpt":{"rendered":"<p>Agroseguro ha comenzado a abonar a los agricultores de cultivos herb\u00e1ceos de secano (cereal de invierno, leguminosas y colza) por los siniestros registrados en esta campa\u00f1a, especialmente por la sequ\u00eda, que ha afectado a m\u00e1s de 166.000 hect\u00e1reas en la provincia de Palencia, seg\u00fan las estimaciones del consorcio asegurador. La Agrupaci\u00f3n Espa\u00f1ola de Entidades Aseguradoras [&hellip;]<\/p>\n","protected":false},"author":9,"featured_media":13734,"comment_status":"open","ping_status":"open","sticky":false,"template":"","format":"standard","meta":{"footnotes":""},"categories":[9,29,28],"tags":[58,176,272,213,103,96,92,85,185,93],"yoast_head":"<!-- This site is optimized with the Yoast SEO plugin v24.5 - https:\/\/yoast.com\/wordpress\/plugins\/seo\/ -->\n<title>Agroseguro estima en m\u00e1s de 166.000 las hect\u00e1reas afectadas por la sequ\u00eda en Palencia - ASAJA Palencia<\/title>\n<meta name=\"description\" content=\"Agroseguro ha comenzado a abonar a los agricultores de cultivos herb\u00e1ceos de secano (cereal de invierno, leguminosas y colza) por los siniestros\" \/>\n<meta name=\"robots\" content=\"index, follow, max-snippet:-1, max-image-preview:large, max-video-preview:-1\" \/>\n<link rel=\"canonical\" href=\"https:\/\/www.asajacyl.com\/palencia\/asaja-palencia-informa\/agroseguro-estima-en-mas-de-166-000-las-hectareas-afectadas-por-la-sequia-en-palencia\" \/>\n<meta property=\"og:locale\" content=\"es_ES\" \/>\n<meta property=\"og:type\" content=\"article\" \/>\n<meta property=\"og:title\" content=\"Agroseguro estima en m\u00e1s de 166.000 las hect\u00e1reas afectadas por la sequ\u00eda en Palencia - ASAJA Palencia\" \/>\n<meta property=\"og:description\" content=\"Agroseguro ha comenzado a abonar a los agricultores de cultivos herb\u00e1ceos de secano (cereal de invierno, leguminosas y colza) por los siniestros\" \/>\n<meta property=\"og:url\" content=\"https:\/\/www.asajacyl.com\/palencia\/asaja-palencia-informa\/agroseguro-estima-en-mas-de-166-000-las-hectareas-afectadas-por-la-sequia-en-palencia\" \/>\n<meta property=\"og:site_name\" content=\"ASAJA Palencia\" \/>\n<meta property=\"article:published_time\" content=\"2023-07-15T08:22:32+00:00\" \/>\n<meta property=\"og:image\" content=\"https:\/\/www.asajacyl.com\/palencia\/wp-content\/uploads\/sites\/3\/2023\/07\/Cereal-sequia-Ampudia-junio-1024x896.jpg\" \/>\n\t<meta property=\"og:image:width\" content=\"1024\" \/>\n\t<meta property=\"og:image:height\" content=\"896\" \/>\n\t<meta property=\"og:image:type\" content=\"image\/jpeg\" \/>\n<meta name=\"author\" content=\"Administrador\" \/>\n<meta name=\"twitter:card\" content=\"summary_large_image\" \/>\n<meta name=\"twitter:label1\" content=\"Escrito por\" \/>\n\t<meta name=\"twitter:data1\" content=\"Administrador\" \/>\n\t<meta name=\"twitter:label2\" content=\"Tiempo de lectura\" \/>\n\t<meta name=\"twitter:data2\" content=\"3 minutos\" \/>\n<script type=\"application\/ld+json\" class=\"yoast-schema-graph\">{\"@context\":\"https:\/\/schema.org\",\"@graph\":[{\"@type\":\"WebPage\",\"@id\":\"https:\/\/www.asajacyl.com\/palencia\/asaja-palencia-informa\/agroseguro-estima-en-mas-de-166-000-las-hectareas-afectadas-por-la-sequia-en-palencia\",\"url\":\"https:\/\/www.asajacyl.com\/palencia\/asaja-palencia-informa\/agroseguro-estima-en-mas-de-166-000-las-hectareas-afectadas-por-la-sequia-en-palencia\",\"name\":\"Agroseguro estima en m\u00e1s de 166.000 las hect\u00e1reas afectadas por la sequ\u00eda en Palencia - ASAJA Palencia\",\"isPartOf\":{\"@id\":\"https:\/\/www.asajacyl.com\/palencia\/#website\"},\"primaryImageOfPage\":{\"@id\":\"https:\/\/www.asajacyl.com\/palencia\/asaja-palencia-informa\/agroseguro-estima-en-mas-de-166-000-las-hectareas-afectadas-por-la-sequia-en-palencia#primaryimage\"},\"image\":{\"@id\":\"https:\/\/www.asajacyl.com\/palencia\/asaja-palencia-informa\/agroseguro-estima-en-mas-de-166-000-las-hectareas-afectadas-por-la-sequia-en-palencia#primaryimage\"},\"thumbnailUrl\":\"https:\/\/www.asajacyl.com\/palencia\/wp-content\/uploads\/sites\/3\/2023\/07\/Cereal-sequia-Ampudia-junio.jpg\",\"datePublished\":\"2023-07-15T08:22:32+00:00\",\"author\":{\"@id\":\"https:\/\/www.asajacyl.com\/palencia\/#\/schema\/person\/3ab17aeb03527485c317557fae64aab1\"},\"description\":\"Agroseguro ha comenzado a abonar a los agricultores de cultivos herb\u00e1ceos de secano (cereal de invierno, leguminosas y colza) por los siniestros\",\"breadcrumb\":{\"@id\":\"https:\/\/www.asajacyl.com\/palencia\/asaja-palencia-informa\/agroseguro-estima-en-mas-de-166-000-las-hectareas-afectadas-por-la-sequia-en-palencia#breadcrumb\"},\"inLanguage\":\"es\",\"potentialAction\":[{\"@type\":\"ReadAction\",\"target\":[\"https:\/\/www.asajacyl.com\/palencia\/asaja-palencia-informa\/agroseguro-estima-en-mas-de-166-000-las-hectareas-afectadas-por-la-sequia-en-palencia\"]}]},{\"@type\":\"ImageObject\",\"inLanguage\":\"es\",\"@id\":\"https:\/\/www.asajacyl.com\/palencia\/asaja-palencia-informa\/agroseguro-estima-en-mas-de-166-000-las-hectareas-afectadas-por-la-sequia-en-palencia#primaryimage\",\"url\":\"https:\/\/www.asajacyl.com\/palencia\/wp-content\/uploads\/sites\/3\/2023\/07\/Cereal-sequia-Ampudia-junio.jpg\",\"contentUrl\":\"https:\/\/www.asajacyl.com\/palencia\/wp-content\/uploads\/sites\/3\/2023\/07\/Cereal-sequia-Ampudia-junio.jpg\",\"width\":1890,\"height\":1654},{\"@type\":\"BreadcrumbList\",\"@id\":\"https:\/\/www.asajacyl.com\/palencia\/asaja-palencia-informa\/agroseguro-estima-en-mas-de-166-000-las-hectareas-afectadas-por-la-sequia-en-palencia#breadcrumb\",\"itemListElement\":[{\"@type\":\"ListItem\",\"position\":1,\"name\":\"Portada\",\"item\":\"https:\/\/www.asajacyl.com\/palencia\/\"},{\"@type\":\"ListItem\",\"position\":2,\"name\":\"Agroseguro estima en m\u00e1s de 166.000 las hect\u00e1reas afectadas por la sequ\u00eda en Palencia\"}]},{\"@type\":\"WebSite\",\"@id\":\"https:\/\/www.asajacyl.com\/palencia\/#website\",\"url\":\"https:\/\/www.asajacyl.com\/palencia\/\",\"name\":\"ASAJA Palencia\",\"description\":\"Otro sitio m\u00e1s de Provincias ASAJA Castilla y Le\u00f3n\",\"potentialAction\":[{\"@type\":\"SearchAction\",\"target\":{\"@type\":\"EntryPoint\",\"urlTemplate\":\"https:\/\/www.asajacyl.com\/palencia\/?s={search_term_string}\"},\"query-input\":{\"@type\":\"PropertyValueSpecification\",\"valueRequired\":true,\"valueName\":\"search_term_string\"}}],\"inLanguage\":\"es\"},{\"@type\":\"Person\",\"@id\":\"https:\/\/www.asajacyl.com\/palencia\/#\/schema\/person\/3ab17aeb03527485c317557fae64aab1\",\"name\":\"Administrador\",\"image\":{\"@type\":\"ImageObject\",\"inLanguage\":\"es\",\"@id\":\"https:\/\/www.asajacyl.com\/palencia\/#\/schema\/person\/image\/\",\"url\":\"https:\/\/secure.gravatar.com\/avatar\/517384810d242ca9e38c180f3c9fb973?s=96&d=mm&r=g\",\"contentUrl\":\"https:\/\/secure.gravatar.com\/avatar\/517384810d242ca9e38c180f3c9fb973?s=96&d=mm&r=g\",\"caption\":\"Administrador\"},\"url\":\"https:\/\/www.asajacyl.com\/palencia\/author\/carlosrm\"}]}<\/script>\n<!-- \/ Yoast SEO plugin. -->","yoast_head_json":{"title":"Agroseguro estima en m\u00e1s de 166.000 las hect\u00e1reas afectadas por la sequ\u00eda en Palencia - ASAJA Palencia","description":"Agroseguro ha comenzado a abonar a los agricultores de cultivos herb\u00e1ceos de secano (cereal de invierno, leguminosas y colza) por los siniestros","robots":{"index":"index","follow":"follow","max-snippet":"max-snippet:-1","max-image-preview":"max-image-preview:large","max-video-preview":"max-video-preview:-1"},"canonical":"https:\/\/www.asajacyl.com\/palencia\/asaja-palencia-informa\/agroseguro-estima-en-mas-de-166-000-las-hectareas-afectadas-por-la-sequia-en-palencia","og_locale":"es_ES","og_type":"article","og_title":"Agroseguro estima en m\u00e1s de 166.000 las hect\u00e1reas afectadas por la sequ\u00eda en Palencia - ASAJA Palencia","og_description":"Agroseguro ha comenzado a abonar a los agricultores de cultivos herb\u00e1ceos de secano (cereal de invierno, leguminosas y colza) por los siniestros","og_url":"https:\/\/www.asajacyl.com\/palencia\/asaja-palencia-informa\/agroseguro-estima-en-mas-de-166-000-las-hectareas-afectadas-por-la-sequia-en-palencia","og_site_name":"ASAJA Palencia","article_published_time":"2023-07-15T08:22:32+00:00","og_image":[{"width":1024,"height":896,"url":"https:\/\/www.asajacyl.com\/palencia\/wp-content\/uploads\/sites\/3\/2023\/07\/Cereal-sequia-Ampudia-junio-1024x896.jpg","type":"image\/jpeg"}],"author":"Administrador","twitter_card":"summary_large_image","twitter_misc":{"Escrito por":"Administrador","Tiempo de lectura":"3 minutos"},"schema":{"@context":"https:\/\/schema.org","@graph":[{"@type":"WebPage","@id":"https:\/\/www.asajacyl.com\/palencia\/asaja-palencia-informa\/agroseguro-estima-en-mas-de-166-000-las-hectareas-afectadas-por-la-sequia-en-palencia","url":"https:\/\/www.asajacyl.com\/palencia\/asaja-palencia-informa\/agroseguro-estima-en-mas-de-166-000-las-hectareas-afectadas-por-la-sequia-en-palencia","name":"Agroseguro estima en m\u00e1s de 166.000 las hect\u00e1reas afectadas por la sequ\u00eda en Palencia - ASAJA Palencia","isPartOf":{"@id":"https:\/\/www.asajacyl.com\/palencia\/#website"},"primaryImageOfPage":{"@id":"https:\/\/www.asajacyl.com\/palencia\/asaja-palencia-informa\/agroseguro-estima-en-mas-de-166-000-las-hectareas-afectadas-por-la-sequia-en-palencia#primaryimage"},"image":{"@id":"https:\/\/www.asajacyl.com\/palencia\/asaja-palencia-informa\/agroseguro-estima-en-mas-de-166-000-las-hectareas-afectadas-por-la-sequia-en-palencia#primaryimage"},"thumbnailUrl":"https:\/\/www.asajacyl.com\/palencia\/wp-content\/uploads\/sites\/3\/2023\/07\/Cereal-sequia-Ampudia-junio.jpg","datePublished":"2023-07-15T08:22:32+00:00","author":{"@id":"https:\/\/www.asajacyl.com\/palencia\/#\/schema\/person\/3ab17aeb03527485c317557fae64aab1"},"description":"Agroseguro ha comenzado a abonar a los agricultores de cultivos herb\u00e1ceos de secano (cereal de invierno, leguminosas y colza) por los siniestros","breadcrumb":{"@id":"https:\/\/www.asajacyl.com\/palencia\/asaja-palencia-informa\/agroseguro-estima-en-mas-de-166-000-las-hectareas-afectadas-por-la-sequia-en-palencia#breadcrumb"},"inLanguage":"es","potentialAction":[{"@type":"ReadAction","target":["https:\/\/www.asajacyl.com\/palencia\/asaja-palencia-informa\/agroseguro-estima-en-mas-de-166-000-las-hectareas-afectadas-por-la-sequia-en-palencia"]}]},{"@type":"ImageObject","inLanguage":"es","@id":"https:\/\/www.asajacyl.com\/palencia\/asaja-palencia-informa\/agroseguro-estima-en-mas-de-166-000-las-hectareas-afectadas-por-la-sequia-en-palencia#primaryimage","url":"https:\/\/www.asajacyl.com\/palencia\/wp-content\/uploads\/sites\/3\/2023\/07\/Cereal-sequia-Ampudia-junio.jpg","contentUrl":"https:\/\/www.asajacyl.com\/palencia\/wp-content\/uploads\/sites\/3\/2023\/07\/Cereal-sequia-Ampudia-junio.jpg","width":1890,"height":1654},{"@type":"BreadcrumbList","@id":"https:\/\/www.asajacyl.com\/palencia\/asaja-palencia-informa\/agroseguro-estima-en-mas-de-166-000-las-hectareas-afectadas-por-la-sequia-en-palencia#breadcrumb","itemListElement":[{"@type":"ListItem","position":1,"name":"Portada","item":"https:\/\/www.asajacyl.com\/palencia\/"},{"@type":"ListItem","position":2,"name":"Agroseguro estima en m\u00e1s de 166.000 las hect\u00e1reas afectadas por la sequ\u00eda en Palencia"}]},{"@type":"WebSite","@id":"https:\/\/www.asajacyl.com\/palencia\/#website","url":"https:\/\/www.asajacyl.com\/palencia\/","name":"ASAJA Palencia","description":"Otro sitio m\u00e1s de Provincias ASAJA Castilla y Le\u00f3n","potentialAction":[{"@type":"SearchAction","target":{"@type":"EntryPoint","urlTemplate":"https:\/\/www.asajacyl.com\/palencia\/?s={search_term_string}"},"query-input":{"@type":"PropertyValueSpecification","valueRequired":true,"valueName":"search_term_string"}}],"inLanguage":"es"},{"@type":"Person","@id":"https:\/\/www.asajacyl.com\/palencia\/#\/schema\/person\/3ab17aeb03527485c317557fae64aab1","name":"Administrador","image":{"@type":"ImageObject","inLanguage":"es","@id":"https:\/\/www.asajacyl.com\/palencia\/#\/schema\/person\/image\/","url":"https:\/\/secure.gravatar.com\/avatar\/517384810d242ca9e38c180f3c9fb973?s=96&d=mm&r=g","contentUrl":"https:\/\/secure.gravatar.com\/avatar\/517384810d242ca9e38c180f3c9fb973?s=96&d=mm&r=g","caption":"Administrador"},"url":"https:\/\/www.asajacyl.com\/palencia\/author\/carlosrm"}]}},"_links":{"self":[{"href":"https:\/\/www.asajacyl.com\/palencia\/wp-json\/wp\/v2\/posts\/13733"}],"collection":[{"href":"https:\/\/www.asajacyl.com\/palencia\/wp-json\/wp\/v2\/posts"}],"about":[{"href":"https:\/\/www.asajacyl.com\/palencia\/wp-json\/wp\/v2\/types\/post"}],"author":[{"embeddable":true,"href":"https:\/\/www.asajacyl.com\/palencia\/wp-json\/wp\/v2\/users\/9"}],"replies":[{"embeddable":true,"href":"https:\/\/www.asajacyl.com\/palencia\/wp-json\/wp\/v2\/comments?post=13733"}],"version-history":[{"count":1,"href":"https:\/\/www.asajacyl.com\/palencia\/wp-json\/wp\/v2\/posts\/13733\/revisions"}],"predecessor-version":[{"id":13735,"href":"https:\/\/www.asajacyl.com\/palencia\/wp-json\/wp\/v2\/posts\/13733\/revisions\/13735"}],"wp:featuredmedia":[{"embeddable":true,"href":"https:\/\/www.asajacyl.com\/palencia\/wp-json\/wp\/v2\/media\/13734"}],"wp:attachment":[{"href":"https:\/\/www.asajacyl.com\/palencia\/wp-json\/wp\/v2\/media?parent=13733"}],"wp:term":[{"taxonomy":"category","embeddable":true,"href":"https:\/\/www.asajacyl.com\/palencia\/wp-json\/wp\/v2\/categories?post=13733"},{"taxonomy":"post_tag","embeddable":true,"href":"https:\/\/www.asajacyl.com\/palencia\/wp-json\/wp\/v2\/tags?post=13733"}],"curies":[{"name":"wp","href":"https:\/\/api.w.org\/{rel}","templated":true}]}}