{"id":13736,"date":"2023-07-14T11:34:55","date_gmt":"2023-07-14T09:34:55","guid":{"rendered":"https:\/\/www.asajacyl.com\/palencia\/?p=13736"},"modified":"2023-07-14T13:05:02","modified_gmt":"2023-07-14T11:05:02","slug":"la-provincia-de-palencia-registra-5-871-solicitudes-de-la-pac-2023-el-32-menos-que-el-pasado-ano","status":"publish","type":"post","link":"https:\/\/www.asajacyl.com\/palencia\/asaja-palencia-informa\/la-provincia-de-palencia-registra-5-871-solicitudes-de-la-pac-2023-el-32-menos-que-el-pasado-ano","title":{"rendered":"La provincia de Palencia registra 5.871 solicitudes de la PAC 2023, el 3% menos que el pasado a\u00f1o"},"content":{"rendered":"\n<h2 class=\"wp-block-heading\">Los agricultores de la provincia de Palencia han presentado 5.871 solicitudes \u00fanicas de ayudas de la Pol\u00edtica Agr\u00edcola Com\u00fan (PAC) para 2023, seg\u00fan los datos facilitados esta semana por la Consejer\u00eda de Agricultura, Ganader\u00eda y Desarrollo Rural de la Junta de Castilla y Le\u00f3n. La cifra supone el 3,2% menos que en 2022 (a\u00f1o en el que se formularon 6.065 solicitudes), un retroceso ligeramente m\u00e1s bajo que el registrado en el conjunto de la comunidad (-3,6%), donde se han cumplimentado 65.543 solicitudes, frente a las cerca de 68.000 de la anterior PAC.<\/h2>\n\n\n\n<p>Seg\u00fan la Consejer\u00eda de Agricultura, la desaparici\u00f3n del r\u00e9gimen simplificado de peque\u00f1os agricultores, as\u00ed como las mayores exigencias de las pr\u00e1cticas beneficiosas para el clima y el medio ambiente, ha provocado la desaparici\u00f3n de ciertas explotaciones. No obstante, su superficie se ha integrado en otras ya existentes, pues la superficie de cultivo de una forma global se mantiene.<\/p>\n\n\n\n<p>El avance provisional de la superficie declarada en Castilla y Le\u00f3n supera ligeramente los 5,3 millones de hect\u00e1reas, de las que corresponden a la provincia de Palencia 520.246 hect\u00e1reas, lo que supone el 9,8% del total regional.<\/p>\n\n\n\n<p>Por cultivos, ese avance de superficies proporcionado por la Junta correspondiente a la PAC 2023 recoge que cerca de 38.000 hect\u00e1reas se quedar\u00e1n este a\u00f1o en barbecho y algo m\u00e1s de 63.000 se destinar\u00e1n a pastos. En cuanto a cultivos, se mantiene el tradicional predominio cerealista \u2014121.482 ha de trigo y 108.854 ha de cebada\u2014, seguido por las leguminosas y proteaginosas para consumo animal (66.594 ha) y el girasol (57.286 ha). A cierta distancia se sit\u00faan ya las superficies para avena (casi 21.700 ha) y centeno (poco m\u00e1s 14.000 ha).<\/p>\n\n\n\n<p><strong>LEGUMINOSAS Y PROTEAGINOSAS. <\/strong>Palencia se sit\u00faa as\u00ed en esta PAC 2023 como la provincia de Castilla y Le\u00f3n con m\u00e1s superficie dedicada a leguminosas y proteaginosas para consumo animal. Tambi\u00e9n ocupa el primer puesto en superficie destinada a centeno y es la segunda de la comunidad en extensi\u00f3n cultivada de trigo y de girasol, solo superada por Burgos en ambos casos. Asimismo, Palencia es la tercera provincia de Castilla y Le\u00f3n en superficie destinada para cultivar este a\u00f1o cebada y avena.<\/p>\n\n\n\n<p>En el conjunto regional, los pastos ocupan el primer puesto en cuanto a superficie (casi dos millones de hect\u00e1reas, el 37% de la superficie global de la PAC 2023 en Castilla y Le\u00f3n) y se dejar\u00e1n en barbecho con cargo a la PAC 2023 cerca de 492.000 hect\u00e1reas (casi el 9,3% del total). Por cultivos, tambi\u00e9n hay a nivel auton\u00f3mico un predominio del trigo, con cerca de 785.000 hect\u00e1reas (14,8%); y la cebada, con 715.000 hect\u00e1reas (13,5%). Menos proporci\u00f3n a ese nivel auton\u00f3mico representan ya el girasol, con casi 366.000 hect\u00e1reas. <\/p>\n\n\n\n<p><strong>REG\u00cdMENES. <\/strong>Por tipos de solicitudes, seg\u00fan la Consejer\u00eda de Agricultura, el mayor n\u00famero corresponde en Castilla y Le\u00f3n al r\u00e9gimen de ayuda b\u00e1sica a la renta y pagos complementarios al mismo como el pago redistributivo, para el que se han presentado 59.345 solicitudes. Nueve de cada diez solicitudes se acogen a este r\u00e9gimen. El segundo lugar corresponde a la nueva ayuda denominada ecorreg\u00edmenes, dentro del componente ambiental, a la que se han presentado 54.402 agricultores y ganaderos (el 83% de las solicitudes). <\/p>\n\n\n\n<p>La Junta anuncia que en los pr\u00f3ximos d\u00edas, una vez obtenida la informaci\u00f3n definitiva por la finalizaci\u00f3n del periodo de solicitud, comenzar\u00e1 la difusi\u00f3n de la informaci\u00f3n de los recintos con discrepancias del control por monitorizaci\u00f3n, basado en la obtenci\u00f3n de im\u00e1genes de los sat\u00e9lites Sentinel y un seguimiento continuo de la evoluci\u00f3n de los cultivos.<\/p>\n\n\n\n<p><strong>FOTOS CON REFERENCIA GEOGR\u00c1FICA. <\/strong>Castilla y Le\u00f3n es una comunidad pionera en este novedoso m\u00e9todo de control, m\u00e1s eficaz con la necesaria colaboraci\u00f3n y participaci\u00f3n de los agricultores y ganaderos. En ese sentido, para resolver posibles discrepancias que puedan surgir del m\u00e9todo de control automatizado, resultan de enorme utilidad las pruebas que se pueden aportar por los profesionales agrarios, principalmente fotograf\u00edas georreferenciadas de sus cultivos y aprovechamientos.<\/p>\n\n\n\n<p>Para ello, la Consejer\u00eda de Agricultura, Ganader\u00eda y Desarrollo Rural pone a disposici\u00f3n de todos una aplicaci\u00f3n propia. Tambi\u00e9n son relevantes pruebas documentales como las actas de Agroseguro, las facturas de empleo de semilla o cualquier documento que permita verificar el ejercicio de la actividad agraria o el cultivo actual en las parcelas objeto de discrepancia.<\/p>\n\n\n\n<p>La administraci\u00f3n auton\u00f3mica se plantea mantener los objetivos de efectuar los anticipos de las ayudas el primer d\u00eda h\u00e1bil que autorice la Comisi\u00f3n Europea (en todo caso, a partir del 16 de octubre) y de alcanzar una ejecuci\u00f3n de pagos del 95% dentro del a\u00f1o de la solicitud.<strong>\/<\/strong><\/p>\n","protected":false},"excerpt":{"rendered":"<p>Los agricultores de la provincia de Palencia han presentado 5.871 solicitudes \u00fanicas de ayudas de la Pol\u00edtica Agr\u00edcola Com\u00fan (PAC) para 2023, seg\u00fan los datos facilitados esta semana por la Consejer\u00eda de Agricultura, Ganader\u00eda y Desarrollo Rural de la Junta de Castilla y Le\u00f3n. La cifra supone el 3,2% menos que en 2022 (a\u00f1o en [&hellip;]<\/p>\n","protected":false},"author":9,"featured_media":13739,"comment_status":"open","ping_status":"open","sticky":false,"template":"","format":"standard","meta":{"footnotes":""},"categories":[9,29,28],"tags":[58,176,343,59,46,142,250,345,77,145,66,60,342,344,98,44],"yoast_head":"<!-- This site is optimized with the Yoast SEO plugin v24.5 - https:\/\/yoast.com\/wordpress\/plugins\/seo\/ -->\n<title>La provincia de Palencia registra 5.871 solicitudes de la PAC 2023, el 3% menos que el pasado a\u00f1o - ASAJA Palencia<\/title>\n<meta name=\"description\" content=\"Los agricultores de la provincia de Palencia han presentado 5.871 solicitudes \u00fanicas de ayudas de la Pol\u00edtica Agr\u00edcola Com\u00fan (PAC) para 2023, seg\u00fan los\" \/>\n<meta name=\"robots\" content=\"index, follow, max-snippet:-1, max-image-preview:large, max-video-preview:-1\" \/>\n<link rel=\"canonical\" href=\"https:\/\/www.asajacyl.com\/palencia\/asaja-palencia-informa\/la-provincia-de-palencia-registra-5-871-solicitudes-de-la-pac-2023-el-32-menos-que-el-pasado-ano\" \/>\n<meta property=\"og:locale\" content=\"es_ES\" \/>\n<meta property=\"og:type\" content=\"article\" \/>\n<meta property=\"og:title\" content=\"La provincia de Palencia registra 5.871 solicitudes de la PAC 2023, el 3% menos que el pasado a\u00f1o - ASAJA Palencia\" \/>\n<meta property=\"og:description\" content=\"Los agricultores de la provincia de Palencia han presentado 5.871 solicitudes \u00fanicas de ayudas de la Pol\u00edtica Agr\u00edcola Com\u00fan (PAC) para 2023, seg\u00fan los\" \/>\n<meta property=\"og:url\" content=\"https:\/\/www.asajacyl.com\/palencia\/asaja-palencia-informa\/la-provincia-de-palencia-registra-5-871-solicitudes-de-la-pac-2023-el-32-menos-que-el-pasado-ano\" \/>\n<meta property=\"og:site_name\" content=\"ASAJA Palencia\" \/>\n<meta property=\"article:published_time\" content=\"2023-07-14T09:34:55+00:00\" \/>\n<meta property=\"article:modified_time\" content=\"2023-07-14T11:05:02+00:00\" \/>\n<meta property=\"og:image\" content=\"https:\/\/www.asajacyl.com\/palencia\/wp-content\/uploads\/sites\/3\/2023\/07\/Campo-de-cereal-1024x896.jpg\" \/>\n\t<meta property=\"og:image:width\" content=\"1024\" \/>\n\t<meta property=\"og:image:height\" content=\"896\" \/>\n\t<meta property=\"og:image:type\" content=\"image\/jpeg\" \/>\n<meta name=\"author\" content=\"Administrador\" \/>\n<meta name=\"twitter:card\" content=\"summary_large_image\" \/>\n<meta name=\"twitter:label1\" content=\"Escrito por\" \/>\n\t<meta name=\"twitter:data1\" content=\"Administrador\" \/>\n\t<meta name=\"twitter:label2\" content=\"Tiempo de lectura\" \/>\n\t<meta name=\"twitter:data2\" content=\"4 minutos\" \/>\n<script type=\"application\/ld+json\" class=\"yoast-schema-graph\">{\"@context\":\"https:\/\/schema.org\",\"@graph\":[{\"@type\":\"WebPage\",\"@id\":\"https:\/\/www.asajacyl.com\/palencia\/asaja-palencia-informa\/la-provincia-de-palencia-registra-5-871-solicitudes-de-la-pac-2023-el-32-menos-que-el-pasado-ano\",\"url\":\"https:\/\/www.asajacyl.com\/palencia\/asaja-palencia-informa\/la-provincia-de-palencia-registra-5-871-solicitudes-de-la-pac-2023-el-32-menos-que-el-pasado-ano\",\"name\":\"La provincia de Palencia registra 5.871 solicitudes de la PAC 2023, el 3% menos que el pasado a\u00f1o - ASAJA Palencia\",\"isPartOf\":{\"@id\":\"https:\/\/www.asajacyl.com\/palencia\/#website\"},\"primaryImageOfPage\":{\"@id\":\"https:\/\/www.asajacyl.com\/palencia\/asaja-palencia-informa\/la-provincia-de-palencia-registra-5-871-solicitudes-de-la-pac-2023-el-32-menos-que-el-pasado-ano#primaryimage\"},\"image\":{\"@id\":\"https:\/\/www.asajacyl.com\/palencia\/asaja-palencia-informa\/la-provincia-de-palencia-registra-5-871-solicitudes-de-la-pac-2023-el-32-menos-que-el-pasado-ano#primaryimage\"},\"thumbnailUrl\":\"https:\/\/www.asajacyl.com\/palencia\/wp-content\/uploads\/sites\/3\/2023\/07\/Campo-de-cereal.jpg\",\"datePublished\":\"2023-07-14T09:34:55+00:00\",\"dateModified\":\"2023-07-14T11:05:02+00:00\",\"author\":{\"@id\":\"https:\/\/www.asajacyl.com\/palencia\/#\/schema\/person\/3ab17aeb03527485c317557fae64aab1\"},\"description\":\"Los agricultores de la provincia de Palencia han presentado 5.871 solicitudes \u00fanicas de ayudas de la Pol\u00edtica Agr\u00edcola Com\u00fan (PAC) para 2023, seg\u00fan los\",\"breadcrumb\":{\"@id\":\"https:\/\/www.asajacyl.com\/palencia\/asaja-palencia-informa\/la-provincia-de-palencia-registra-5-871-solicitudes-de-la-pac-2023-el-32-menos-que-el-pasado-ano#breadcrumb\"},\"inLanguage\":\"es\",\"potentialAction\":[{\"@type\":\"ReadAction\",\"target\":[\"https:\/\/www.asajacyl.com\/palencia\/asaja-palencia-informa\/la-provincia-de-palencia-registra-5-871-solicitudes-de-la-pac-2023-el-32-menos-que-el-pasado-ano\"]}]},{\"@type\":\"ImageObject\",\"inLanguage\":\"es\",\"@id\":\"https:\/\/www.asajacyl.com\/palencia\/asaja-palencia-informa\/la-provincia-de-palencia-registra-5-871-solicitudes-de-la-pac-2023-el-32-menos-que-el-pasado-ano#primaryimage\",\"url\":\"https:\/\/www.asajacyl.com\/palencia\/wp-content\/uploads\/sites\/3\/2023\/07\/Campo-de-cereal.jpg\",\"contentUrl\":\"https:\/\/www.asajacyl.com\/palencia\/wp-content\/uploads\/sites\/3\/2023\/07\/Campo-de-cereal.jpg\",\"width\":1890,\"height\":1654},{\"@type\":\"BreadcrumbList\",\"@id\":\"https:\/\/www.asajacyl.com\/palencia\/asaja-palencia-informa\/la-provincia-de-palencia-registra-5-871-solicitudes-de-la-pac-2023-el-32-menos-que-el-pasado-ano#breadcrumb\",\"itemListElement\":[{\"@type\":\"ListItem\",\"position\":1,\"name\":\"Portada\",\"item\":\"https:\/\/www.asajacyl.com\/palencia\/\"},{\"@type\":\"ListItem\",\"position\":2,\"name\":\"La provincia de Palencia registra 5.871 solicitudes de la PAC 2023, el 3% menos que el pasado a\u00f1o\"}]},{\"@type\":\"WebSite\",\"@id\":\"https:\/\/www.asajacyl.com\/palencia\/#website\",\"url\":\"https:\/\/www.asajacyl.com\/palencia\/\",\"name\":\"ASAJA Palencia\",\"description\":\"Otro sitio m\u00e1s de Provincias ASAJA Castilla y Le\u00f3n\",\"potentialAction\":[{\"@type\":\"SearchAction\",\"target\":{\"@type\":\"EntryPoint\",\"urlTemplate\":\"https:\/\/www.asajacyl.com\/palencia\/?s={search_term_string}\"},\"query-input\":{\"@type\":\"PropertyValueSpecification\",\"valueRequired\":true,\"valueName\":\"search_term_string\"}}],\"inLanguage\":\"es\"},{\"@type\":\"Person\",\"@id\":\"https:\/\/www.asajacyl.com\/palencia\/#\/schema\/person\/3ab17aeb03527485c317557fae64aab1\",\"name\":\"Administrador\",\"image\":{\"@type\":\"ImageObject\",\"inLanguage\":\"es\",\"@id\":\"https:\/\/www.asajacyl.com\/palencia\/#\/schema\/person\/image\/\",\"url\":\"https:\/\/secure.gravatar.com\/avatar\/517384810d242ca9e38c180f3c9fb973?s=96&d=mm&r=g\",\"contentUrl\":\"https:\/\/secure.gravatar.com\/avatar\/517384810d242ca9e38c180f3c9fb973?s=96&d=mm&r=g\",\"caption\":\"Administrador\"},\"url\":\"https:\/\/www.asajacyl.com\/palencia\/author\/carlosrm\"}]}<\/script>\n<!-- \/ Yoast SEO plugin. -->","yoast_head_json":{"title":"La provincia de Palencia registra 5.871 solicitudes de la PAC 2023, el 3% menos que el pasado a\u00f1o - ASAJA Palencia","description":"Los agricultores de la provincia de Palencia han presentado 5.871 solicitudes \u00fanicas de ayudas de la Pol\u00edtica Agr\u00edcola Com\u00fan (PAC) para 2023, seg\u00fan los","robots":{"index":"index","follow":"follow","max-snippet":"max-snippet:-1","max-image-preview":"max-image-preview:large","max-video-preview":"max-video-preview:-1"},"canonical":"https:\/\/www.asajacyl.com\/palencia\/asaja-palencia-informa\/la-provincia-de-palencia-registra-5-871-solicitudes-de-la-pac-2023-el-32-menos-que-el-pasado-ano","og_locale":"es_ES","og_type":"article","og_title":"La provincia de Palencia registra 5.871 solicitudes de la PAC 2023, el 3% menos que el pasado a\u00f1o - ASAJA Palencia","og_description":"Los agricultores de la provincia de Palencia han presentado 5.871 solicitudes \u00fanicas de ayudas de la Pol\u00edtica Agr\u00edcola Com\u00fan (PAC) para 2023, seg\u00fan los","og_url":"https:\/\/www.asajacyl.com\/palencia\/asaja-palencia-informa\/la-provincia-de-palencia-registra-5-871-solicitudes-de-la-pac-2023-el-32-menos-que-el-pasado-ano","og_site_name":"ASAJA Palencia","article_published_time":"2023-07-14T09:34:55+00:00","article_modified_time":"2023-07-14T11:05:02+00:00","og_image":[{"width":1024,"height":896,"url":"https:\/\/www.asajacyl.com\/palencia\/wp-content\/uploads\/sites\/3\/2023\/07\/Campo-de-cereal-1024x896.jpg","type":"image\/jpeg"}],"author":"Administrador","twitter_card":"summary_large_image","twitter_misc":{"Escrito por":"Administrador","Tiempo de lectura":"4 minutos"},"schema":{"@context":"https:\/\/schema.org","@graph":[{"@type":"WebPage","@id":"https:\/\/www.asajacyl.com\/palencia\/asaja-palencia-informa\/la-provincia-de-palencia-registra-5-871-solicitudes-de-la-pac-2023-el-32-menos-que-el-pasado-ano","url":"https:\/\/www.asajacyl.com\/palencia\/asaja-palencia-informa\/la-provincia-de-palencia-registra-5-871-solicitudes-de-la-pac-2023-el-32-menos-que-el-pasado-ano","name":"La provincia de Palencia registra 5.871 solicitudes de la PAC 2023, el 3% menos que el pasado a\u00f1o - ASAJA Palencia","isPartOf":{"@id":"https:\/\/www.asajacyl.com\/palencia\/#website"},"primaryImageOfPage":{"@id":"https:\/\/www.asajacyl.com\/palencia\/asaja-palencia-informa\/la-provincia-de-palencia-registra-5-871-solicitudes-de-la-pac-2023-el-32-menos-que-el-pasado-ano#primaryimage"},"image":{"@id":"https:\/\/www.asajacyl.com\/palencia\/asaja-palencia-informa\/la-provincia-de-palencia-registra-5-871-solicitudes-de-la-pac-2023-el-32-menos-que-el-pasado-ano#primaryimage"},"thumbnailUrl":"https:\/\/www.asajacyl.com\/palencia\/wp-content\/uploads\/sites\/3\/2023\/07\/Campo-de-cereal.jpg","datePublished":"2023-07-14T09:34:55+00:00","dateModified":"2023-07-14T11:05:02+00:00","author":{"@id":"https:\/\/www.asajacyl.com\/palencia\/#\/schema\/person\/3ab17aeb03527485c317557fae64aab1"},"description":"Los agricultores de la provincia de Palencia han presentado 5.871 solicitudes \u00fanicas de ayudas de la Pol\u00edtica Agr\u00edcola Com\u00fan (PAC) para 2023, seg\u00fan los","breadcrumb":{"@id":"https:\/\/www.asajacyl.com\/palencia\/asaja-palencia-informa\/la-provincia-de-palencia-registra-5-871-solicitudes-de-la-pac-2023-el-32-menos-que-el-pasado-ano#breadcrumb"},"inLanguage":"es","potentialAction":[{"@type":"ReadAction","target":["https:\/\/www.asajacyl.com\/palencia\/asaja-palencia-informa\/la-provincia-de-palencia-registra-5-871-solicitudes-de-la-pac-2023-el-32-menos-que-el-pasado-ano"]}]},{"@type":"ImageObject","inLanguage":"es","@id":"https:\/\/www.asajacyl.com\/palencia\/asaja-palencia-informa\/la-provincia-de-palencia-registra-5-871-solicitudes-de-la-pac-2023-el-32-menos-que-el-pasado-ano#primaryimage","url":"https:\/\/www.asajacyl.com\/palencia\/wp-content\/uploads\/sites\/3\/2023\/07\/Campo-de-cereal.jpg","contentUrl":"https:\/\/www.asajacyl.com\/palencia\/wp-content\/uploads\/sites\/3\/2023\/07\/Campo-de-cereal.jpg","width":1890,"height":1654},{"@type":"BreadcrumbList","@id":"https:\/\/www.asajacyl.com\/palencia\/asaja-palencia-informa\/la-provincia-de-palencia-registra-5-871-solicitudes-de-la-pac-2023-el-32-menos-que-el-pasado-ano#breadcrumb","itemListElement":[{"@type":"ListItem","position":1,"name":"Portada","item":"https:\/\/www.asajacyl.com\/palencia\/"},{"@type":"ListItem","position":2,"name":"La provincia de Palencia registra 5.871 solicitudes de la PAC 2023, el 3% menos que el pasado a\u00f1o"}]},{"@type":"WebSite","@id":"https:\/\/www.asajacyl.com\/palencia\/#website","url":"https:\/\/www.asajacyl.com\/palencia\/","name":"ASAJA Palencia","description":"Otro sitio m\u00e1s de Provincias ASAJA Castilla y Le\u00f3n","potentialAction":[{"@type":"SearchAction","target":{"@type":"EntryPoint","urlTemplate":"https:\/\/www.asajacyl.com\/palencia\/?s={search_term_string}"},"query-input":{"@type":"PropertyValueSpecification","valueRequired":true,"valueName":"search_term_string"}}],"inLanguage":"es"},{"@type":"Person","@id":"https:\/\/www.asajacyl.com\/palencia\/#\/schema\/person\/3ab17aeb03527485c317557fae64aab1","name":"Administrador","image":{"@type":"ImageObject","inLanguage":"es","@id":"https:\/\/www.asajacyl.com\/palencia\/#\/schema\/person\/image\/","url":"https:\/\/secure.gravatar.com\/avatar\/517384810d242ca9e38c180f3c9fb973?s=96&d=mm&r=g","contentUrl":"https:\/\/secure.gravatar.com\/avatar\/517384810d242ca9e38c180f3c9fb973?s=96&d=mm&r=g","caption":"Administrador"},"url":"https:\/\/www.asajacyl.com\/palencia\/author\/carlosrm"}]}},"_links":{"self":[{"href":"https:\/\/www.asajacyl.com\/palencia\/wp-json\/wp\/v2\/posts\/13736"}],"collection":[{"href":"https:\/\/www.asajacyl.com\/palencia\/wp-json\/wp\/v2\/posts"}],"about":[{"href":"https:\/\/www.asajacyl.com\/palencia\/wp-json\/wp\/v2\/types\/post"}],"author":[{"embeddable":true,"href":"https:\/\/www.asajacyl.com\/palencia\/wp-json\/wp\/v2\/users\/9"}],"replies":[{"embeddable":true,"href":"https:\/\/www.asajacyl.com\/palencia\/wp-json\/wp\/v2\/comments?post=13736"}],"version-history":[{"count":2,"href":"https:\/\/www.asajacyl.com\/palencia\/wp-json\/wp\/v2\/posts\/13736\/revisions"}],"predecessor-version":[{"id":13740,"href":"https:\/\/www.asajacyl.com\/palencia\/wp-json\/wp\/v2\/posts\/13736\/revisions\/13740"}],"wp:featuredmedia":[{"embeddable":true,"href":"https:\/\/www.asajacyl.com\/palencia\/wp-json\/wp\/v2\/media\/13739"}],"wp:attachment":[{"href":"https:\/\/www.asajacyl.com\/palencia\/wp-json\/wp\/v2\/media?parent=13736"}],"wp:term":[{"taxonomy":"category","embeddable":true,"href":"https:\/\/www.asajacyl.com\/palencia\/wp-json\/wp\/v2\/categories?post=13736"},{"taxonomy":"post_tag","embeddable":true,"href":"https:\/\/www.asajacyl.com\/palencia\/wp-json\/wp\/v2\/tags?post=13736"}],"curies":[{"name":"wp","href":"https:\/\/api.w.org\/{rel}","templated":true}]}}