{"id":13741,"date":"2023-07-16T11:00:00","date_gmt":"2023-07-16T09:00:00","guid":{"rendered":"https:\/\/www.asajacyl.com\/palencia\/?p=13741"},"modified":"2023-07-14T13:50:21","modified_gmt":"2023-07-14T11:50:21","slug":"indignacion-en-asaja-tras-aprobar-el-parlamento-europeo-la-ley-de-restauracion-de-la-naturaleza","status":"publish","type":"post","link":"https:\/\/www.asajacyl.com\/palencia\/asaja-palencia-informa\/indignacion-en-asaja-tras-aprobar-el-parlamento-europeo-la-ley-de-restauracion-de-la-naturaleza","title":{"rendered":"Indignaci\u00f3n en ASAJA tras aprobar el Parlamento Europeo la Ley de Restauraci\u00f3n de la Naturaleza"},"content":{"rendered":"\n<h2 class=\"wp-block-heading\">ASAJA ha acogido con indignaci\u00f3n y una gran preocupaci\u00f3n la reciente aprobaci\u00f3n en el Parlamento Europeo de la Ley de Restauraci\u00f3n de la Naturaleza por un ajustado margen (324 votos a favor y 312 en contra). Nuestra organizaci\u00f3n reconoce la importancia de proteger nuestro medio natural y est\u00e1 comprometida con la restauraci\u00f3n de la naturaleza en armon\u00eda con la actividad agr\u00edcola. Sin embargo, ASAJA discrepa de modo significativo con la orientaci\u00f3n de esta ley, que perjudicar\u00e1 a los agricultores y ganaderos espa\u00f1oles. Al final de esta informaci\u00f3n se a\u00f1ade el documento con la n\u00f3mina de los europarlamentarios de nuestro pa\u00eds que han respaldado esta norma, los partidos y los grupos pol\u00edticos del parlamento de Estrasburgo a los que pertenecen. <\/h2>\n\n\n\n<p>Los tres rechazos a esta ley en los comit\u00e9s del Parlamento Europeo que tienen competencias sobre el sector primario ya muestran hasta qu\u00e9 punto el planteamiento de la Comisi\u00f3n Europea ha sido divisivo, punitivo e ideol\u00f3gico. <\/p>\n\n\n\n<p>As\u00ed pues, la oposici\u00f3n a esta ley radica en la falta de equilibrio y flexibilidad en las medidas propuestas, porque la restauraci\u00f3n de la naturaleza debe tener en cuenta las particularidades de cada regi\u00f3n y las diferentes pr\u00e1cticas agr\u00edcolas que se emplean en Europa.\u00a0<\/p>\n\n\n\n<p>Es importante recordar que los agricultores y los ganaderos no estamos en contra de la restauraci\u00f3n de la naturaleza, como se nos ha acusado desde determinados grupos y organizaciones. Al contrario, somos conscientes de nuestro papel como defensores de la tierra y reconocemos la necesidad de adoptar pr\u00e1cticas agr\u00edcolas sostenibles, que promuevan la biodiversidad y la conservaci\u00f3n de nuestros ecosistemas. Sin embargo, a pesar de las enmiendas, esta ley mantiene sus errores fundamentales y es inaplicable para los agricultores, los ganaderos y los propietarios forestales, como el tiempo demostrar\u00e1.\u00a0<\/p>\n\n\n\n<p><strong>SIN FINANCIACI\u00d3N. <\/strong>Asimismo, un aspecto alarmante de esta propuesta es su carencia de presupuesto. ASAJA sostiene que la financiaci\u00f3n de la restauraci\u00f3n de la naturaleza no puede escamotearse del ya maltrecho fondo de la PAC, sobrecargado por la incertidumbre de la guerra en Ucrania, la inflaci\u00f3n y los altos costes de materias primas y la energ\u00eda, as\u00ed como por las condiciones clim\u00e1ticas adversas.\u00a0<\/p>\n\n\n\n<p>Nuestra organizaci\u00f3n aboga por medidas que reconcilien la restauraci\u00f3n de la naturaleza y las necesidades de los agricultores, con un enfoque basado en la colaboraci\u00f3n y el di\u00e1logo entre las instituciones europeas, los profesionales del campo y otros actores relevantes. <\/p>\n\n\n\n<p>ASAJA cree que es posible hallar soluciones equilibradas y realistas, que fomenten una coexistencia armoniosa entre el medio ambiente y los sectores forestal y agroganadero, tan esencial este \u00faltimo para garantizar la soberan\u00eda alimentaria de la Uni\u00f3n Europea, cada vez m\u00e1s en peligro.\u00a0<\/p>\n\n\n\n<p>Nuestra organizaci\u00f3n, junto a todas las entidades profesionales y cooperativas del campo integradas en el COPA y la COGECA, vamos a permanecer vigilantes durante los pr\u00f3ximos meses en las negociaciones en los <em>tr\u00edlogos<\/em> (grupos informales de la UE para cada propuesta legislativa, en los que participan un miembro de la Comisi\u00f3n Europea, otro del Parlamento Europeo y un tercero de la Presidencia del Consejo). <\/p>\n\n\n\n<p>Los representantes del sector intentar\u00e1n que se asegure el respeto a la subsidiariedad y la inclusi\u00f3n activa de los productores agroganaderos y forestales en la toma de decisiones que nos afecten directamente.\u00a0<\/p>\n\n\n\n<p>ASAJA quiere trasladar finalmente su agradecimiento a los europarlamentarios que han expresado su apoyo a nuestro sector, que han reconocido nuestras preocupaciones, que han trasladado nuestras sugerencias e inquietudes y que en la votaci\u00f3n del plenario se opusieron a la Ley de la Restauraci\u00f3n de la Naturaleza en los t\u00e9rminos en los que finalmente recibi\u00f3 el respaldo por apenas una docena de votos de diferencia.<strong>\/<\/strong><\/p>\n\n\n\n<div data-wp-interactive=\"core\/file\" class=\"wp-block-file\">&lt;object class=&quot;wp-block-file__embed&quot; data=&quot;https:\/\/www.asajacyl.com\/palencia\/wp-content\/uploads\/sites\/3\/2023\/07\/Eurodip-espanoles-respaldo-LRN.pdf&quot; type=&quot;application\/pdf&quot; style=&quot;width:100%;height:600px&quot; aria-label=&quot;&lt;em&gt;Relaci\u00f3n de europarlamentarios que votaron a favor de una Ley de la Restauraci\u00f3n de la Naturaleza lesiva para el sector agropecuario.<\/em><\/object><a id=\"wp-block-file--media-44255cfc-5660-48f7-a95e-821e2686c226\" href=\"https:\/\/www.asajacyl.com\/palencia\/wp-content\/uploads\/sites\/3\/2023\/07\/Eurodip-espanoles-respaldo-LRN.pdf\"><em>Relaci\u00f3n de europarlamentarios que votaron a favor de una Ley de la Restauraci\u00f3n de la Naturaleza lesiva para el sector agropecuario.<\/em><\/a><a href=\"https:\/\/www.asajacyl.com\/palencia\/wp-content\/uploads\/sites\/3\/2023\/07\/Eurodip-espanoles-respaldo-LRN.pdf\" class=\"wp-block-file__button wp-element-button\" download aria-describedby=\"wp-block-file--media-44255cfc-5660-48f7-a95e-821e2686c226\">Descarga<\/a><\/div>\n\n\n\n<p><\/p>\n","protected":false},"excerpt":{"rendered":"<p>ASAJA ha acogido con indignaci\u00f3n y una gran preocupaci\u00f3n la reciente aprobaci\u00f3n en el Parlamento Europeo de la Ley de Restauraci\u00f3n de la Naturaleza por un ajustado margen (324 votos a favor y 312 en contra). Nuestra organizaci\u00f3n reconoce la importancia de proteger nuestro medio natural y est\u00e1 comprometida con la restauraci\u00f3n de la naturaleza [&hellip;]<\/p>\n","protected":false},"author":9,"featured_media":13612,"comment_status":"open","ping_status":"open","sticky":false,"template":"","format":"standard","meta":{"footnotes":""},"categories":[9,29,28],"tags":[58,260,332,190,77,104,52,45,191,44],"yoast_head":"<!-- This site is optimized with the Yoast SEO plugin v24.5 - https:\/\/yoast.com\/wordpress\/plugins\/seo\/ -->\n<title>Indignaci\u00f3n en ASAJA tras aprobar el Parlamento Europeo la Ley de Restauraci\u00f3n de la Naturaleza - ASAJA Palencia<\/title>\n<meta name=\"description\" content=\"ASAJA ha acogido con indignaci\u00f3n y una gran preocupaci\u00f3n la reciente aprobaci\u00f3n en el Parlamento Europeo de la Ley de Restauraci\u00f3n de la Naturaleza por un\" \/>\n<meta name=\"robots\" content=\"index, follow, max-snippet:-1, max-image-preview:large, max-video-preview:-1\" \/>\n<link rel=\"canonical\" href=\"https:\/\/www.asajacyl.com\/palencia\/asaja-palencia-informa\/indignacion-en-asaja-tras-aprobar-el-parlamento-europeo-la-ley-de-restauracion-de-la-naturaleza\" \/>\n<meta property=\"og:locale\" content=\"es_ES\" \/>\n<meta property=\"og:type\" content=\"article\" \/>\n<meta property=\"og:title\" content=\"Indignaci\u00f3n en ASAJA tras aprobar el Parlamento Europeo la Ley de Restauraci\u00f3n de la Naturaleza - ASAJA Palencia\" \/>\n<meta property=\"og:description\" content=\"ASAJA ha acogido con indignaci\u00f3n y una gran preocupaci\u00f3n la reciente aprobaci\u00f3n en el Parlamento Europeo de la Ley de Restauraci\u00f3n de la Naturaleza por un\" \/>\n<meta property=\"og:url\" content=\"https:\/\/www.asajacyl.com\/palencia\/asaja-palencia-informa\/indignacion-en-asaja-tras-aprobar-el-parlamento-europeo-la-ley-de-restauracion-de-la-naturaleza\" \/>\n<meta property=\"og:site_name\" content=\"ASAJA Palencia\" \/>\n<meta property=\"article:published_time\" content=\"2023-07-16T09:00:00+00:00\" \/>\n<meta property=\"og:image\" content=\"https:\/\/www.asajacyl.com\/palencia\/wp-content\/uploads\/sites\/3\/2023\/06\/Parlamento-Europeo.jpg\" \/>\n\t<meta property=\"og:image:width\" content=\"1890\" \/>\n\t<meta property=\"og:image:height\" content=\"1654\" \/>\n\t<meta property=\"og:image:type\" content=\"image\/jpeg\" \/>\n<meta name=\"author\" content=\"Administrador\" \/>\n<meta name=\"twitter:card\" content=\"summary_large_image\" \/>\n<meta name=\"twitter:label1\" content=\"Escrito por\" \/>\n\t<meta name=\"twitter:data1\" content=\"Administrador\" \/>\n\t<meta name=\"twitter:label2\" content=\"Tiempo de lectura\" \/>\n\t<meta name=\"twitter:data2\" content=\"3 minutos\" \/>\n<script type=\"application\/ld+json\" class=\"yoast-schema-graph\">{\"@context\":\"https:\/\/schema.org\",\"@graph\":[{\"@type\":\"WebPage\",\"@id\":\"https:\/\/www.asajacyl.com\/palencia\/asaja-palencia-informa\/indignacion-en-asaja-tras-aprobar-el-parlamento-europeo-la-ley-de-restauracion-de-la-naturaleza\",\"url\":\"https:\/\/www.asajacyl.com\/palencia\/asaja-palencia-informa\/indignacion-en-asaja-tras-aprobar-el-parlamento-europeo-la-ley-de-restauracion-de-la-naturaleza\",\"name\":\"Indignaci\u00f3n en ASAJA tras aprobar el Parlamento Europeo la Ley de Restauraci\u00f3n de la Naturaleza - ASAJA Palencia\",\"isPartOf\":{\"@id\":\"https:\/\/www.asajacyl.com\/palencia\/#website\"},\"primaryImageOfPage\":{\"@id\":\"https:\/\/www.asajacyl.com\/palencia\/asaja-palencia-informa\/indignacion-en-asaja-tras-aprobar-el-parlamento-europeo-la-ley-de-restauracion-de-la-naturaleza#primaryimage\"},\"image\":{\"@id\":\"https:\/\/www.asajacyl.com\/palencia\/asaja-palencia-informa\/indignacion-en-asaja-tras-aprobar-el-parlamento-europeo-la-ley-de-restauracion-de-la-naturaleza#primaryimage\"},\"thumbnailUrl\":\"https:\/\/www.asajacyl.com\/palencia\/wp-content\/uploads\/sites\/3\/2023\/06\/Parlamento-Europeo.jpg\",\"datePublished\":\"2023-07-16T09:00:00+00:00\",\"author\":{\"@id\":\"https:\/\/www.asajacyl.com\/palencia\/#\/schema\/person\/3ab17aeb03527485c317557fae64aab1\"},\"description\":\"ASAJA ha acogido con indignaci\u00f3n y una gran preocupaci\u00f3n la reciente aprobaci\u00f3n en el Parlamento Europeo de la Ley de Restauraci\u00f3n de la Naturaleza por un\",\"breadcrumb\":{\"@id\":\"https:\/\/www.asajacyl.com\/palencia\/asaja-palencia-informa\/indignacion-en-asaja-tras-aprobar-el-parlamento-europeo-la-ley-de-restauracion-de-la-naturaleza#breadcrumb\"},\"inLanguage\":\"es\",\"potentialAction\":[{\"@type\":\"ReadAction\",\"target\":[\"https:\/\/www.asajacyl.com\/palencia\/asaja-palencia-informa\/indignacion-en-asaja-tras-aprobar-el-parlamento-europeo-la-ley-de-restauracion-de-la-naturaleza\"]}]},{\"@type\":\"ImageObject\",\"inLanguage\":\"es\",\"@id\":\"https:\/\/www.asajacyl.com\/palencia\/asaja-palencia-informa\/indignacion-en-asaja-tras-aprobar-el-parlamento-europeo-la-ley-de-restauracion-de-la-naturaleza#primaryimage\",\"url\":\"https:\/\/www.asajacyl.com\/palencia\/wp-content\/uploads\/sites\/3\/2023\/06\/Parlamento-Europeo.jpg\",\"contentUrl\":\"https:\/\/www.asajacyl.com\/palencia\/wp-content\/uploads\/sites\/3\/2023\/06\/Parlamento-Europeo.jpg\",\"width\":1890,\"height\":1654},{\"@type\":\"BreadcrumbList\",\"@id\":\"https:\/\/www.asajacyl.com\/palencia\/asaja-palencia-informa\/indignacion-en-asaja-tras-aprobar-el-parlamento-europeo-la-ley-de-restauracion-de-la-naturaleza#breadcrumb\",\"itemListElement\":[{\"@type\":\"ListItem\",\"position\":1,\"name\":\"Portada\",\"item\":\"https:\/\/www.asajacyl.com\/palencia\/\"},{\"@type\":\"ListItem\",\"position\":2,\"name\":\"Indignaci\u00f3n en ASAJA tras aprobar el Parlamento Europeo la Ley de Restauraci\u00f3n de la Naturaleza\"}]},{\"@type\":\"WebSite\",\"@id\":\"https:\/\/www.asajacyl.com\/palencia\/#website\",\"url\":\"https:\/\/www.asajacyl.com\/palencia\/\",\"name\":\"ASAJA Palencia\",\"description\":\"Otro sitio m\u00e1s de Provincias ASAJA Castilla y Le\u00f3n\",\"potentialAction\":[{\"@type\":\"SearchAction\",\"target\":{\"@type\":\"EntryPoint\",\"urlTemplate\":\"https:\/\/www.asajacyl.com\/palencia\/?s={search_term_string}\"},\"query-input\":{\"@type\":\"PropertyValueSpecification\",\"valueRequired\":true,\"valueName\":\"search_term_string\"}}],\"inLanguage\":\"es\"},{\"@type\":\"Person\",\"@id\":\"https:\/\/www.asajacyl.com\/palencia\/#\/schema\/person\/3ab17aeb03527485c317557fae64aab1\",\"name\":\"Administrador\",\"image\":{\"@type\":\"ImageObject\",\"inLanguage\":\"es\",\"@id\":\"https:\/\/www.asajacyl.com\/palencia\/#\/schema\/person\/image\/\",\"url\":\"https:\/\/secure.gravatar.com\/avatar\/517384810d242ca9e38c180f3c9fb973?s=96&d=mm&r=g\",\"contentUrl\":\"https:\/\/secure.gravatar.com\/avatar\/517384810d242ca9e38c180f3c9fb973?s=96&d=mm&r=g\",\"caption\":\"Administrador\"},\"url\":\"https:\/\/www.asajacyl.com\/palencia\/author\/carlosrm\"}]}<\/script>\n<!-- \/ Yoast SEO plugin. -->","yoast_head_json":{"title":"Indignaci\u00f3n en ASAJA tras aprobar el Parlamento Europeo la Ley de Restauraci\u00f3n de la Naturaleza - ASAJA Palencia","description":"ASAJA ha acogido con indignaci\u00f3n y una gran preocupaci\u00f3n la reciente aprobaci\u00f3n en el Parlamento Europeo de la Ley de Restauraci\u00f3n de la Naturaleza por un","robots":{"index":"index","follow":"follow","max-snippet":"max-snippet:-1","max-image-preview":"max-image-preview:large","max-video-preview":"max-video-preview:-1"},"canonical":"https:\/\/www.asajacyl.com\/palencia\/asaja-palencia-informa\/indignacion-en-asaja-tras-aprobar-el-parlamento-europeo-la-ley-de-restauracion-de-la-naturaleza","og_locale":"es_ES","og_type":"article","og_title":"Indignaci\u00f3n en ASAJA tras aprobar el Parlamento Europeo la Ley de Restauraci\u00f3n de la Naturaleza - ASAJA Palencia","og_description":"ASAJA ha acogido con indignaci\u00f3n y una gran preocupaci\u00f3n la reciente aprobaci\u00f3n en el Parlamento Europeo de la Ley de Restauraci\u00f3n de la Naturaleza por un","og_url":"https:\/\/www.asajacyl.com\/palencia\/asaja-palencia-informa\/indignacion-en-asaja-tras-aprobar-el-parlamento-europeo-la-ley-de-restauracion-de-la-naturaleza","og_site_name":"ASAJA Palencia","article_published_time":"2023-07-16T09:00:00+00:00","og_image":[{"width":1890,"height":1654,"url":"https:\/\/www.asajacyl.com\/palencia\/wp-content\/uploads\/sites\/3\/2023\/06\/Parlamento-Europeo.jpg","type":"image\/jpeg"}],"author":"Administrador","twitter_card":"summary_large_image","twitter_misc":{"Escrito por":"Administrador","Tiempo de lectura":"3 minutos"},"schema":{"@context":"https:\/\/schema.org","@graph":[{"@type":"WebPage","@id":"https:\/\/www.asajacyl.com\/palencia\/asaja-palencia-informa\/indignacion-en-asaja-tras-aprobar-el-parlamento-europeo-la-ley-de-restauracion-de-la-naturaleza","url":"https:\/\/www.asajacyl.com\/palencia\/asaja-palencia-informa\/indignacion-en-asaja-tras-aprobar-el-parlamento-europeo-la-ley-de-restauracion-de-la-naturaleza","name":"Indignaci\u00f3n en ASAJA tras aprobar el Parlamento Europeo la Ley de Restauraci\u00f3n de la Naturaleza - ASAJA Palencia","isPartOf":{"@id":"https:\/\/www.asajacyl.com\/palencia\/#website"},"primaryImageOfPage":{"@id":"https:\/\/www.asajacyl.com\/palencia\/asaja-palencia-informa\/indignacion-en-asaja-tras-aprobar-el-parlamento-europeo-la-ley-de-restauracion-de-la-naturaleza#primaryimage"},"image":{"@id":"https:\/\/www.asajacyl.com\/palencia\/asaja-palencia-informa\/indignacion-en-asaja-tras-aprobar-el-parlamento-europeo-la-ley-de-restauracion-de-la-naturaleza#primaryimage"},"thumbnailUrl":"https:\/\/www.asajacyl.com\/palencia\/wp-content\/uploads\/sites\/3\/2023\/06\/Parlamento-Europeo.jpg","datePublished":"2023-07-16T09:00:00+00:00","author":{"@id":"https:\/\/www.asajacyl.com\/palencia\/#\/schema\/person\/3ab17aeb03527485c317557fae64aab1"},"description":"ASAJA ha acogido con indignaci\u00f3n y una gran preocupaci\u00f3n la reciente aprobaci\u00f3n en el Parlamento Europeo de la Ley de Restauraci\u00f3n de la Naturaleza por un","breadcrumb":{"@id":"https:\/\/www.asajacyl.com\/palencia\/asaja-palencia-informa\/indignacion-en-asaja-tras-aprobar-el-parlamento-europeo-la-ley-de-restauracion-de-la-naturaleza#breadcrumb"},"inLanguage":"es","potentialAction":[{"@type":"ReadAction","target":["https:\/\/www.asajacyl.com\/palencia\/asaja-palencia-informa\/indignacion-en-asaja-tras-aprobar-el-parlamento-europeo-la-ley-de-restauracion-de-la-naturaleza"]}]},{"@type":"ImageObject","inLanguage":"es","@id":"https:\/\/www.asajacyl.com\/palencia\/asaja-palencia-informa\/indignacion-en-asaja-tras-aprobar-el-parlamento-europeo-la-ley-de-restauracion-de-la-naturaleza#primaryimage","url":"https:\/\/www.asajacyl.com\/palencia\/wp-content\/uploads\/sites\/3\/2023\/06\/Parlamento-Europeo.jpg","contentUrl":"https:\/\/www.asajacyl.com\/palencia\/wp-content\/uploads\/sites\/3\/2023\/06\/Parlamento-Europeo.jpg","width":1890,"height":1654},{"@type":"BreadcrumbList","@id":"https:\/\/www.asajacyl.com\/palencia\/asaja-palencia-informa\/indignacion-en-asaja-tras-aprobar-el-parlamento-europeo-la-ley-de-restauracion-de-la-naturaleza#breadcrumb","itemListElement":[{"@type":"ListItem","position":1,"name":"Portada","item":"https:\/\/www.asajacyl.com\/palencia\/"},{"@type":"ListItem","position":2,"name":"Indignaci\u00f3n en ASAJA tras aprobar el Parlamento Europeo la Ley de Restauraci\u00f3n de la Naturaleza"}]},{"@type":"WebSite","@id":"https:\/\/www.asajacyl.com\/palencia\/#website","url":"https:\/\/www.asajacyl.com\/palencia\/","name":"ASAJA Palencia","description":"Otro sitio m\u00e1s de Provincias ASAJA Castilla y Le\u00f3n","potentialAction":[{"@type":"SearchAction","target":{"@type":"EntryPoint","urlTemplate":"https:\/\/www.asajacyl.com\/palencia\/?s={search_term_string}"},"query-input":{"@type":"PropertyValueSpecification","valueRequired":true,"valueName":"search_term_string"}}],"inLanguage":"es"},{"@type":"Person","@id":"https:\/\/www.asajacyl.com\/palencia\/#\/schema\/person\/3ab17aeb03527485c317557fae64aab1","name":"Administrador","image":{"@type":"ImageObject","inLanguage":"es","@id":"https:\/\/www.asajacyl.com\/palencia\/#\/schema\/person\/image\/","url":"https:\/\/secure.gravatar.com\/avatar\/517384810d242ca9e38c180f3c9fb973?s=96&d=mm&r=g","contentUrl":"https:\/\/secure.gravatar.com\/avatar\/517384810d242ca9e38c180f3c9fb973?s=96&d=mm&r=g","caption":"Administrador"},"url":"https:\/\/www.asajacyl.com\/palencia\/author\/carlosrm"}]}},"_links":{"self":[{"href":"https:\/\/www.asajacyl.com\/palencia\/wp-json\/wp\/v2\/posts\/13741"}],"collection":[{"href":"https:\/\/www.asajacyl.com\/palencia\/wp-json\/wp\/v2\/posts"}],"about":[{"href":"https:\/\/www.asajacyl.com\/palencia\/wp-json\/wp\/v2\/types\/post"}],"author":[{"embeddable":true,"href":"https:\/\/www.asajacyl.com\/palencia\/wp-json\/wp\/v2\/users\/9"}],"replies":[{"embeddable":true,"href":"https:\/\/www.asajacyl.com\/palencia\/wp-json\/wp\/v2\/comments?post=13741"}],"version-history":[{"count":1,"href":"https:\/\/www.asajacyl.com\/palencia\/wp-json\/wp\/v2\/posts\/13741\/revisions"}],"predecessor-version":[{"id":13743,"href":"https:\/\/www.asajacyl.com\/palencia\/wp-json\/wp\/v2\/posts\/13741\/revisions\/13743"}],"wp:featuredmedia":[{"embeddable":true,"href":"https:\/\/www.asajacyl.com\/palencia\/wp-json\/wp\/v2\/media\/13612"}],"wp:attachment":[{"href":"https:\/\/www.asajacyl.com\/palencia\/wp-json\/wp\/v2\/media?parent=13741"}],"wp:term":[{"taxonomy":"category","embeddable":true,"href":"https:\/\/www.asajacyl.com\/palencia\/wp-json\/wp\/v2\/categories?post=13741"},{"taxonomy":"post_tag","embeddable":true,"href":"https:\/\/www.asajacyl.com\/palencia\/wp-json\/wp\/v2\/tags?post=13741"}],"curies":[{"name":"wp","href":"https:\/\/api.w.org\/{rel}","templated":true}]}}