{"id":13747,"date":"2023-07-18T10:40:00","date_gmt":"2023-07-18T08:40:00","guid":{"rendered":"https:\/\/www.asajacyl.com\/palencia\/?p=13747"},"modified":"2023-07-17T12:31:17","modified_gmt":"2023-07-17T10:31:17","slug":"el-duero-excluido-de-las-inversiones-urgentes-por-sequia-pese-a-que-la-cuenca-esta-significativamente-afectada","status":"publish","type":"post","link":"https:\/\/www.asajacyl.com\/palencia\/asaja-palencia-informa\/el-duero-excluido-de-las-inversiones-urgentes-por-sequia-pese-a-que-la-cuenca-esta-significativamente-afectada","title":{"rendered":"El Duero, sin inversiones urgentes por sequ\u00eda, pese a que la cuenca est\u00e1 \u00absignificativamente afectada\u00bb"},"content":{"rendered":"\n<h2 class=\"wp-block-heading\">\u00b7 El Gobierno de Espa\u00f1a s\u00ed ha anunciado infraestructuras extraordinarias en Catalu\u00f1a (220 millones de euros) y Andaluc\u00eda (200 millones), as\u00ed como en las cuencas del J\u00facar (180 millones) y el Segura (54 millones)<\/h2>\n\n\n\n<h2 class=\"wp-block-heading\">\u00b7 El Real Decreto-ley aprobado en mayo solo incluye para el Duero dos millones del Ministerio de Transici\u00f3n Ecol\u00f3gica para exenciones de tasas, tambi\u00e9n previstas para las cuencas del Guadalquivir (40 millones) y el Ebro (15 millones) <\/h2>\n\n\n\n<h2 class=\"wp-block-heading\">\u00b7 ASAJA-Palencia denuncia el agravio que supone no impulsar ni acelerar obra alguna en la cuenca, aun cuando el propio Ejecutivo reconoce falta de \u00abreservas suficientes\u00bb incluso limitando la demanda de riego<\/h2>\n\n\n\n<p><strong>El Gobierno de Espa\u00f1a vuelve a discriminar a Castilla y Le\u00f3n, y a la provincia de Palencia, en sus pol\u00edticas ante la actual sequ\u00eda. No s\u00f3lo ha situado a estos territorios en las regiones de afecci\u00f3n media (lo que reduce a la mitad el importe de las ayudas del Ministerio de Agricultura), sino que tampoco va a beneficiar a la cuenca del Duero de las millonarias inversiones extraordinarias al amparo del Real Decreto-Ley aprobado a mediados de mayo para afrontar la sequ\u00eda y aumentar la disponibilidad de recursos h\u00eddricos. El Duero solo se beneficiar\u00e1, al igual que las cuencas del Ebro y del Guadalquivir, de las exenciones al canon de regulaci\u00f3n y la tarifa de utilizaci\u00f3n de agua para los regantes que vean reducida su dotaci\u00f3n\u2026 pero no de los 1.400 millones de inversiones extraordinarias que financiar\u00e1 el Ministerio de Transici\u00f3n Ecol\u00f3gica y Reto Demogr\u00e1fico. En ese reparto no se prev\u00e9 agilizar ni impulsar obra suplementaria alguna en el Duero, pese a que el propio Ejecutivo reconoce la insuficiencia de las reservas, incluso aplicando restricciones en el riego. Las inversiones s\u00ed se han anunciado para las cuencas internas de Catalu\u00f1a (220 millones de euros), las \u00e1reas mediterr\u00e1neas de Andaluc\u00eda (200 millones) y las cuencas del J\u00facar (180 millones), Guadalquivir (104 millones), Segura (54 millones), Guadiana (9,15 millones) y Ebro (1,6 millones).<\/strong><\/p>\n\n\n\n<p>El Real Decreto-ley 4\/2023, de 11 de mayo, por el que se adoptan medidas urgentes en materia agraria y de aguas en respuesta a la sequ\u00eda y al agravamiento de las condiciones del sector primario derivado del conflicto b\u00e9lico en Ucrania y de las condiciones climatol\u00f3gicas, subraya que la actual sequ\u00eda afecta de manera muy grave a la cuenca del Guadalquivir, pero tambi\u00e9n reconoce expresamente que \u00abtambi\u00e9n se encuentran significativamente afectadas por la sequ\u00eda las cuencas del Ebro, especialmente en el sistema del Segre, y del Duero, presentando riesgos los sistemas del Pisuerga [vital para el regad\u00edo de la zona oriental de la provincia de Palencia] y del Bajo Duero\u00bb.<\/p>\n\n\n\n<p>En los antecedentes de esta norma, el propio Ejecutivo a\u00f1ade que \u00aben la demarcaci\u00f3n hidrogr\u00e1fica del Duero, la situaci\u00f3n de escasez en las unidades territoriales del Pisuerga y Bajo Duero, en las provincias de Palencia, Burgos, Valladolid y Zamora, y Tor\u00edo-Bernesga en Le\u00f3n, ha supuesto (\u2026) establecer dos medidas restrictivas al uso del agua: por un lado, fijar una asignaci\u00f3n de agua a los usos regad\u00edo de las unidades territoriales del Pisuerga y Bajo Duero para la campa\u00f1a de 2023 del 58% de la asignaci\u00f3n normal; y, por otro, establecer un sistema de turnos de extracci\u00f3n de agua de los cauces p\u00fablicos para los regad\u00edos de la unidad territorial del Tor\u00edo-Bernesga, lo que puede suponer una restricci\u00f3n del 50% de la asignaci\u00f3n normal de estos usos\u00bb.<\/p>\n\n\n\n<p>Sin cuestionar la gravedad de la situaci\u00f3n en otros territorios de Espa\u00f1a, ASAJA-Palencia considera incoherente que el propio Gobierno reconozca la existencia de \u00abafecci\u00f3n significativa\u00bb en la cuenca del Duero y, concretamente, en el sistema Pisuerga, y se excluya a esta cuenca de las inversiones millonarias anunciadas por el Ministerio de Transici\u00f3n Ecol\u00f3gica y Reto Demogr\u00e1fico (MITECO).<\/p>\n\n\n\n<p>Asimismo, el Real Decreto-Ley del Ejecutivo cita al Duero, junto al Ebro y al Guadalquivir, entre las cuencas donde, dada \u00abla situaci\u00f3n de extraordinaria y urgente necesidad claramente definida por la sequ\u00eda y la consecuente situaci\u00f3n de escasez h\u00eddrica, a pesar de las restricciones a la demanda impuestas conforme a los Planes Especiales de Sequ\u00eda (\u2026) no ha sido posible alcanzar unas reservas disponibles suficientes para afrontar un futuro incierto, con las repercusiones socioecon\u00f3micas y ambientales que ello comporta\u00bb, para justificar adem\u00e1s la urgencia de la norma.<\/p>\n\n\n\n<p><strong>CONDICI\u00d3N DEL 40%<\/strong>. Sin embargo, para la cuenca del Duero, el Ministerio que dirige Teresa Ribera solo prev\u00e9 una asignaci\u00f3n de dos millones de euros en exenci\u00f3n de tasas de riego cuando las reducciones de los suministros a los usuarios superen el 40%, condici\u00f3n tambi\u00e9n prevista para sus hom\u00f3logos de la demarcaci\u00f3n hidrogr\u00e1fica del Guadalquivir (con una consignaci\u00f3n de cuarenta millones) y del Ebro (15 millones).<\/p>\n\n\n\n<p>Por s\u00ed solas, estas cifras del volumen de exenci\u00f3n de tasas ya dan idea de c\u00f3mo existe en nuestra cuenca un hist\u00f3rico d\u00e9ficit comparativo de almacenamiento y regulaci\u00f3n hidrogr\u00e1fica con respecto a otros territorios de Espa\u00f1a (lo que viene lastrando desde hace d\u00e9cadas el desarrollo y el potencial de nuestra agricultura, y as\u00ed lo denuncia tradicionalmente ASAJA).<\/p>\n\n\n\n<p>Pero tampoco una sequ\u00eda extraordinaria como la que se est\u00e1 padeciendo, que hace aflorar a\u00fan m\u00e1s ese d\u00e9ficit, da pie al actual Gobierno de Espa\u00f1a a incluir a la cuenca del Duero entre las \u00e1reas hidrogr\u00e1ficas del pa\u00eds donde anuncia inversiones millonarias el MITECO, obras cuya necesidad no discute nuestra organizaci\u00f3n.<\/p>\n\n\n\n<p><strong>MEDITERR\u00c1NEO Y GUADALQUIVIR. <\/strong>Sin embargo, ASAJA-Palencia s\u00ed ve con sana envidia c\u00f3mo este Ministerio anuncia planes de cientos de millones para toda la vertiente mediterr\u00e1nea, de Catalu\u00f1a a Andaluc\u00eda, y a la cuenca del Guadalquivir, mientras la Castilla y Le\u00f3n del interior parece condenada a ver c\u00f3mo sus proyectos de inversi\u00f3n se tramitan, nunca mejor dicho, con cuentagotas; casi siempre con consignaciones presupuestarias escasas que dilatan a\u00f1os y a\u00f1os.<\/p>\n\n\n\n<p>Dicho de otro modo, nuestra organizaci\u00f3n no cuestiona la necesidad de los 220 millones que, por ejemplo, compromete el Gobierno de Espa\u00f1a para avanzar con la desaladora en Tordera (Barcelona), pero s\u00ed se pregunta cu\u00e1ndo le llegan a Palencia algunos de los 22.844 millones de euros que el Ejecutivo dice tener previstos para los Planes Hidrol\u00f3gicos 2022-2027 o de los 3.167 millones del PERTE de Digitalizaci\u00f3n del Ciclo de Agua del Plan de Recuperaci\u00f3n, Transformaci\u00f3n y Resiliencia. De esto mismo \u2014de resiliencia (\u00abcapacidad de adaptaci\u00f3n de un ser vivo frente a un agente perturbador o un estado o situaci\u00f3n adversos\u00bb, seg\u00fan la RAE)\u2014, los regantes palentinos pueden dar sobrado testimonio.<strong>\/<\/strong><\/p>\n","protected":false},"excerpt":{"rendered":"<p>\u00b7 El Gobierno de Espa\u00f1a s\u00ed ha anunciado infraestructuras extraordinarias en Catalu\u00f1a (220 millones de euros) y Andaluc\u00eda (200 millones), as\u00ed como en las cuencas del J\u00facar (180 millones) y el Segura (54 millones) \u00b7 El Real Decreto-ley aprobado en mayo solo incluye para el Duero dos millones del Ministerio de Transici\u00f3n Ecol\u00f3gica para exenciones [&hellip;]<\/p>\n","protected":false},"author":9,"featured_media":13748,"comment_status":"open","ping_status":"open","sticky":false,"template":"","format":"standard","meta":{"footnotes":""},"categories":[9,29,28],"tags":[58,346,239,132,64,92,237,339,55,127,93,135],"yoast_head":"<!-- This site is optimized with the Yoast SEO plugin v24.5 - https:\/\/yoast.com\/wordpress\/plugins\/seo\/ -->\n<title>El Duero, sin inversiones urgentes por sequ\u00eda, pese a que la cuenca est\u00e1 \u00absignificativamente afectada\u00bb - ASAJA Palencia<\/title>\n<meta name=\"description\" content=\"\u00b7 El Gobierno de Espa\u00f1a s\u00ed ha anunciado infraestructuras extraordinarias en Catalu\u00f1a (220 millones de euros) y Andaluc\u00eda (200 millones), as\u00ed como en las\" \/>\n<meta name=\"robots\" content=\"index, follow, max-snippet:-1, max-image-preview:large, max-video-preview:-1\" \/>\n<link rel=\"canonical\" href=\"https:\/\/www.asajacyl.com\/palencia\/asaja-palencia-informa\/el-duero-excluido-de-las-inversiones-urgentes-por-sequia-pese-a-que-la-cuenca-esta-significativamente-afectada\" \/>\n<meta property=\"og:locale\" content=\"es_ES\" \/>\n<meta property=\"og:type\" content=\"article\" \/>\n<meta property=\"og:title\" content=\"El Duero, sin inversiones urgentes por sequ\u00eda, pese a que la cuenca est\u00e1 \u00absignificativamente afectada\u00bb - ASAJA Palencia\" \/>\n<meta property=\"og:description\" content=\"\u00b7 El Gobierno de Espa\u00f1a s\u00ed ha anunciado infraestructuras extraordinarias en Catalu\u00f1a (220 millones de euros) y Andaluc\u00eda (200 millones), as\u00ed como en las\" \/>\n<meta property=\"og:url\" content=\"https:\/\/www.asajacyl.com\/palencia\/asaja-palencia-informa\/el-duero-excluido-de-las-inversiones-urgentes-por-sequia-pese-a-que-la-cuenca-esta-significativamente-afectada\" \/>\n<meta property=\"og:site_name\" content=\"ASAJA Palencia\" \/>\n<meta property=\"article:published_time\" content=\"2023-07-18T08:40:00+00:00\" \/>\n<meta property=\"og:image\" content=\"https:\/\/www.asajacyl.com\/palencia\/wp-content\/uploads\/sites\/3\/2023\/07\/Embalse-de-Aguilar-sequia-1024x896.jpg\" \/>\n\t<meta property=\"og:image:width\" content=\"1024\" \/>\n\t<meta property=\"og:image:height\" content=\"896\" \/>\n\t<meta property=\"og:image:type\" content=\"image\/jpeg\" \/>\n<meta name=\"author\" content=\"Administrador\" \/>\n<meta name=\"twitter:card\" content=\"summary_large_image\" \/>\n<meta name=\"twitter:label1\" content=\"Escrito por\" \/>\n\t<meta name=\"twitter:data1\" content=\"Administrador\" \/>\n\t<meta name=\"twitter:label2\" content=\"Tiempo de lectura\" \/>\n\t<meta name=\"twitter:data2\" content=\"5 minutos\" \/>\n<script type=\"application\/ld+json\" class=\"yoast-schema-graph\">{\"@context\":\"https:\/\/schema.org\",\"@graph\":[{\"@type\":\"WebPage\",\"@id\":\"https:\/\/www.asajacyl.com\/palencia\/asaja-palencia-informa\/el-duero-excluido-de-las-inversiones-urgentes-por-sequia-pese-a-que-la-cuenca-esta-significativamente-afectada\",\"url\":\"https:\/\/www.asajacyl.com\/palencia\/asaja-palencia-informa\/el-duero-excluido-de-las-inversiones-urgentes-por-sequia-pese-a-que-la-cuenca-esta-significativamente-afectada\",\"name\":\"El Duero, sin inversiones urgentes por sequ\u00eda, pese a que la cuenca est\u00e1 \u00absignificativamente afectada\u00bb - ASAJA Palencia\",\"isPartOf\":{\"@id\":\"https:\/\/www.asajacyl.com\/palencia\/#website\"},\"primaryImageOfPage\":{\"@id\":\"https:\/\/www.asajacyl.com\/palencia\/asaja-palencia-informa\/el-duero-excluido-de-las-inversiones-urgentes-por-sequia-pese-a-que-la-cuenca-esta-significativamente-afectada#primaryimage\"},\"image\":{\"@id\":\"https:\/\/www.asajacyl.com\/palencia\/asaja-palencia-informa\/el-duero-excluido-de-las-inversiones-urgentes-por-sequia-pese-a-que-la-cuenca-esta-significativamente-afectada#primaryimage\"},\"thumbnailUrl\":\"https:\/\/www.asajacyl.com\/palencia\/wp-content\/uploads\/sites\/3\/2023\/07\/Embalse-de-Aguilar-sequia.jpg\",\"datePublished\":\"2023-07-18T08:40:00+00:00\",\"author\":{\"@id\":\"https:\/\/www.asajacyl.com\/palencia\/#\/schema\/person\/3ab17aeb03527485c317557fae64aab1\"},\"description\":\"\u00b7 El Gobierno de Espa\u00f1a s\u00ed ha anunciado infraestructuras extraordinarias en Catalu\u00f1a (220 millones de euros) y Andaluc\u00eda (200 millones), as\u00ed como en las\",\"breadcrumb\":{\"@id\":\"https:\/\/www.asajacyl.com\/palencia\/asaja-palencia-informa\/el-duero-excluido-de-las-inversiones-urgentes-por-sequia-pese-a-que-la-cuenca-esta-significativamente-afectada#breadcrumb\"},\"inLanguage\":\"es\",\"potentialAction\":[{\"@type\":\"ReadAction\",\"target\":[\"https:\/\/www.asajacyl.com\/palencia\/asaja-palencia-informa\/el-duero-excluido-de-las-inversiones-urgentes-por-sequia-pese-a-que-la-cuenca-esta-significativamente-afectada\"]}]},{\"@type\":\"ImageObject\",\"inLanguage\":\"es\",\"@id\":\"https:\/\/www.asajacyl.com\/palencia\/asaja-palencia-informa\/el-duero-excluido-de-las-inversiones-urgentes-por-sequia-pese-a-que-la-cuenca-esta-significativamente-afectada#primaryimage\",\"url\":\"https:\/\/www.asajacyl.com\/palencia\/wp-content\/uploads\/sites\/3\/2023\/07\/Embalse-de-Aguilar-sequia.jpg\",\"contentUrl\":\"https:\/\/www.asajacyl.com\/palencia\/wp-content\/uploads\/sites\/3\/2023\/07\/Embalse-de-Aguilar-sequia.jpg\",\"width\":1890,\"height\":1654},{\"@type\":\"BreadcrumbList\",\"@id\":\"https:\/\/www.asajacyl.com\/palencia\/asaja-palencia-informa\/el-duero-excluido-de-las-inversiones-urgentes-por-sequia-pese-a-que-la-cuenca-esta-significativamente-afectada#breadcrumb\",\"itemListElement\":[{\"@type\":\"ListItem\",\"position\":1,\"name\":\"Portada\",\"item\":\"https:\/\/www.asajacyl.com\/palencia\/\"},{\"@type\":\"ListItem\",\"position\":2,\"name\":\"El Duero, sin inversiones urgentes por sequ\u00eda, pese a que la cuenca est\u00e1 \u00absignificativamente afectada\u00bb\"}]},{\"@type\":\"WebSite\",\"@id\":\"https:\/\/www.asajacyl.com\/palencia\/#website\",\"url\":\"https:\/\/www.asajacyl.com\/palencia\/\",\"name\":\"ASAJA Palencia\",\"description\":\"Otro sitio m\u00e1s de Provincias ASAJA Castilla y Le\u00f3n\",\"potentialAction\":[{\"@type\":\"SearchAction\",\"target\":{\"@type\":\"EntryPoint\",\"urlTemplate\":\"https:\/\/www.asajacyl.com\/palencia\/?s={search_term_string}\"},\"query-input\":{\"@type\":\"PropertyValueSpecification\",\"valueRequired\":true,\"valueName\":\"search_term_string\"}}],\"inLanguage\":\"es\"},{\"@type\":\"Person\",\"@id\":\"https:\/\/www.asajacyl.com\/palencia\/#\/schema\/person\/3ab17aeb03527485c317557fae64aab1\",\"name\":\"Administrador\",\"image\":{\"@type\":\"ImageObject\",\"inLanguage\":\"es\",\"@id\":\"https:\/\/www.asajacyl.com\/palencia\/#\/schema\/person\/image\/\",\"url\":\"https:\/\/secure.gravatar.com\/avatar\/517384810d242ca9e38c180f3c9fb973?s=96&d=mm&r=g\",\"contentUrl\":\"https:\/\/secure.gravatar.com\/avatar\/517384810d242ca9e38c180f3c9fb973?s=96&d=mm&r=g\",\"caption\":\"Administrador\"},\"url\":\"https:\/\/www.asajacyl.com\/palencia\/author\/carlosrm\"}]}<\/script>\n<!-- \/ Yoast SEO plugin. -->","yoast_head_json":{"title":"El Duero, sin inversiones urgentes por sequ\u00eda, pese a que la cuenca est\u00e1 \u00absignificativamente afectada\u00bb - ASAJA Palencia","description":"\u00b7 El Gobierno de Espa\u00f1a s\u00ed ha anunciado infraestructuras extraordinarias en Catalu\u00f1a (220 millones de euros) y Andaluc\u00eda (200 millones), as\u00ed como en las","robots":{"index":"index","follow":"follow","max-snippet":"max-snippet:-1","max-image-preview":"max-image-preview:large","max-video-preview":"max-video-preview:-1"},"canonical":"https:\/\/www.asajacyl.com\/palencia\/asaja-palencia-informa\/el-duero-excluido-de-las-inversiones-urgentes-por-sequia-pese-a-que-la-cuenca-esta-significativamente-afectada","og_locale":"es_ES","og_type":"article","og_title":"El Duero, sin inversiones urgentes por sequ\u00eda, pese a que la cuenca est\u00e1 \u00absignificativamente afectada\u00bb - ASAJA Palencia","og_description":"\u00b7 El Gobierno de Espa\u00f1a s\u00ed ha anunciado infraestructuras extraordinarias en Catalu\u00f1a (220 millones de euros) y Andaluc\u00eda (200 millones), as\u00ed como en las","og_url":"https:\/\/www.asajacyl.com\/palencia\/asaja-palencia-informa\/el-duero-excluido-de-las-inversiones-urgentes-por-sequia-pese-a-que-la-cuenca-esta-significativamente-afectada","og_site_name":"ASAJA Palencia","article_published_time":"2023-07-18T08:40:00+00:00","og_image":[{"width":1024,"height":896,"url":"https:\/\/www.asajacyl.com\/palencia\/wp-content\/uploads\/sites\/3\/2023\/07\/Embalse-de-Aguilar-sequia-1024x896.jpg","type":"image\/jpeg"}],"author":"Administrador","twitter_card":"summary_large_image","twitter_misc":{"Escrito por":"Administrador","Tiempo de lectura":"5 minutos"},"schema":{"@context":"https:\/\/schema.org","@graph":[{"@type":"WebPage","@id":"https:\/\/www.asajacyl.com\/palencia\/asaja-palencia-informa\/el-duero-excluido-de-las-inversiones-urgentes-por-sequia-pese-a-que-la-cuenca-esta-significativamente-afectada","url":"https:\/\/www.asajacyl.com\/palencia\/asaja-palencia-informa\/el-duero-excluido-de-las-inversiones-urgentes-por-sequia-pese-a-que-la-cuenca-esta-significativamente-afectada","name":"El Duero, sin inversiones urgentes por sequ\u00eda, pese a que la cuenca est\u00e1 \u00absignificativamente afectada\u00bb - ASAJA Palencia","isPartOf":{"@id":"https:\/\/www.asajacyl.com\/palencia\/#website"},"primaryImageOfPage":{"@id":"https:\/\/www.asajacyl.com\/palencia\/asaja-palencia-informa\/el-duero-excluido-de-las-inversiones-urgentes-por-sequia-pese-a-que-la-cuenca-esta-significativamente-afectada#primaryimage"},"image":{"@id":"https:\/\/www.asajacyl.com\/palencia\/asaja-palencia-informa\/el-duero-excluido-de-las-inversiones-urgentes-por-sequia-pese-a-que-la-cuenca-esta-significativamente-afectada#primaryimage"},"thumbnailUrl":"https:\/\/www.asajacyl.com\/palencia\/wp-content\/uploads\/sites\/3\/2023\/07\/Embalse-de-Aguilar-sequia.jpg","datePublished":"2023-07-18T08:40:00+00:00","author":{"@id":"https:\/\/www.asajacyl.com\/palencia\/#\/schema\/person\/3ab17aeb03527485c317557fae64aab1"},"description":"\u00b7 El Gobierno de Espa\u00f1a s\u00ed ha anunciado infraestructuras extraordinarias en Catalu\u00f1a (220 millones de euros) y Andaluc\u00eda (200 millones), as\u00ed como en las","breadcrumb":{"@id":"https:\/\/www.asajacyl.com\/palencia\/asaja-palencia-informa\/el-duero-excluido-de-las-inversiones-urgentes-por-sequia-pese-a-que-la-cuenca-esta-significativamente-afectada#breadcrumb"},"inLanguage":"es","potentialAction":[{"@type":"ReadAction","target":["https:\/\/www.asajacyl.com\/palencia\/asaja-palencia-informa\/el-duero-excluido-de-las-inversiones-urgentes-por-sequia-pese-a-que-la-cuenca-esta-significativamente-afectada"]}]},{"@type":"ImageObject","inLanguage":"es","@id":"https:\/\/www.asajacyl.com\/palencia\/asaja-palencia-informa\/el-duero-excluido-de-las-inversiones-urgentes-por-sequia-pese-a-que-la-cuenca-esta-significativamente-afectada#primaryimage","url":"https:\/\/www.asajacyl.com\/palencia\/wp-content\/uploads\/sites\/3\/2023\/07\/Embalse-de-Aguilar-sequia.jpg","contentUrl":"https:\/\/www.asajacyl.com\/palencia\/wp-content\/uploads\/sites\/3\/2023\/07\/Embalse-de-Aguilar-sequia.jpg","width":1890,"height":1654},{"@type":"BreadcrumbList","@id":"https:\/\/www.asajacyl.com\/palencia\/asaja-palencia-informa\/el-duero-excluido-de-las-inversiones-urgentes-por-sequia-pese-a-que-la-cuenca-esta-significativamente-afectada#breadcrumb","itemListElement":[{"@type":"ListItem","position":1,"name":"Portada","item":"https:\/\/www.asajacyl.com\/palencia\/"},{"@type":"ListItem","position":2,"name":"El Duero, sin inversiones urgentes por sequ\u00eda, pese a que la cuenca est\u00e1 \u00absignificativamente afectada\u00bb"}]},{"@type":"WebSite","@id":"https:\/\/www.asajacyl.com\/palencia\/#website","url":"https:\/\/www.asajacyl.com\/palencia\/","name":"ASAJA Palencia","description":"Otro sitio m\u00e1s de Provincias ASAJA Castilla y Le\u00f3n","potentialAction":[{"@type":"SearchAction","target":{"@type":"EntryPoint","urlTemplate":"https:\/\/www.asajacyl.com\/palencia\/?s={search_term_string}"},"query-input":{"@type":"PropertyValueSpecification","valueRequired":true,"valueName":"search_term_string"}}],"inLanguage":"es"},{"@type":"Person","@id":"https:\/\/www.asajacyl.com\/palencia\/#\/schema\/person\/3ab17aeb03527485c317557fae64aab1","name":"Administrador","image":{"@type":"ImageObject","inLanguage":"es","@id":"https:\/\/www.asajacyl.com\/palencia\/#\/schema\/person\/image\/","url":"https:\/\/secure.gravatar.com\/avatar\/517384810d242ca9e38c180f3c9fb973?s=96&d=mm&r=g","contentUrl":"https:\/\/secure.gravatar.com\/avatar\/517384810d242ca9e38c180f3c9fb973?s=96&d=mm&r=g","caption":"Administrador"},"url":"https:\/\/www.asajacyl.com\/palencia\/author\/carlosrm"}]}},"_links":{"self":[{"href":"https:\/\/www.asajacyl.com\/palencia\/wp-json\/wp\/v2\/posts\/13747"}],"collection":[{"href":"https:\/\/www.asajacyl.com\/palencia\/wp-json\/wp\/v2\/posts"}],"about":[{"href":"https:\/\/www.asajacyl.com\/palencia\/wp-json\/wp\/v2\/types\/post"}],"author":[{"embeddable":true,"href":"https:\/\/www.asajacyl.com\/palencia\/wp-json\/wp\/v2\/users\/9"}],"replies":[{"embeddable":true,"href":"https:\/\/www.asajacyl.com\/palencia\/wp-json\/wp\/v2\/comments?post=13747"}],"version-history":[{"count":6,"href":"https:\/\/www.asajacyl.com\/palencia\/wp-json\/wp\/v2\/posts\/13747\/revisions"}],"predecessor-version":[{"id":13754,"href":"https:\/\/www.asajacyl.com\/palencia\/wp-json\/wp\/v2\/posts\/13747\/revisions\/13754"}],"wp:featuredmedia":[{"embeddable":true,"href":"https:\/\/www.asajacyl.com\/palencia\/wp-json\/wp\/v2\/media\/13748"}],"wp:attachment":[{"href":"https:\/\/www.asajacyl.com\/palencia\/wp-json\/wp\/v2\/media?parent=13747"}],"wp:term":[{"taxonomy":"category","embeddable":true,"href":"https:\/\/www.asajacyl.com\/palencia\/wp-json\/wp\/v2\/categories?post=13747"},{"taxonomy":"post_tag","embeddable":true,"href":"https:\/\/www.asajacyl.com\/palencia\/wp-json\/wp\/v2\/tags?post=13747"}],"curies":[{"name":"wp","href":"https:\/\/api.w.org\/{rel}","templated":true}]}}