{"id":13771,"date":"2023-07-20T10:04:27","date_gmt":"2023-07-20T08:04:27","guid":{"rendered":"https:\/\/www.asajacyl.com\/palencia\/?p=13771"},"modified":"2023-07-18T10:56:01","modified_gmt":"2023-07-18T08:56:01","slug":"asaja-supera-las-tres-mil-solicitudes-de-la-pac-2023-tramitadas-mas-de-la-mitad-presentadas-en-palencia","status":"publish","type":"post","link":"https:\/\/www.asajacyl.com\/palencia\/asaja-palencia-informa\/asaja-supera-las-tres-mil-solicitudes-de-la-pac-2023-tramitadas-mas-de-la-mitad-presentadas-en-palencia","title":{"rendered":"ASAJA supera las tres mil solicitudes de la PAC 2023 tramitadas, m\u00e1s de la mitad presentadas en Palencia"},"content":{"rendered":"\n<h2 class=\"wp-block-heading\">ASAJA-Palencia ha tramitado en los \u00faltimos meses algo m\u00e1s de tres mil solicitudes \u00fanicas de ayudas de la Pol\u00edtica Agr\u00edcola Com\u00fan (PAC) para 2023, lo que representa m\u00e1s de la mitad (51%) de las que 5.871 que se han presentado en esta provincia. Nuestra organizaci\u00f3n profesional se ratifica un a\u00f1o m\u00e1s como la primera entidad colaboradora de la Consejer\u00eda de Agricultura, Ganader\u00eda y Desarrollo Rural de la Junta de Castilla y Le\u00f3n en esta tramitaci\u00f3n por lo que se refiere al campo palentino.<\/h2>\n\n\n\n<p>Esas m\u00e1s de tres mil solicitudes de la PAC constituyen un \u00e9xito en un contexto de paulatina reducci\u00f3n que se viene registrando en la provincia de Palencia, al igual que en el conjunto de Castilla y Le\u00f3n, en la cifra total de peticiones que se plantean. <\/p>\n\n\n\n<p>En concreto, las 5.871 solicitudes en esta provincia suponen el 3,2% menos que en 2022 (a\u00f1o en el que se formularon 6.065 solicitudes), retroceso ligeramente m\u00e1s bajo que el registrado en el conjunto de la comunidad (-3,6%), donde se han cumplimentado 65.543 solicitudes, frente a las cerca de 68.000 de la anterior PAC. <\/p>\n\n\n\n<p>No sobra recordar que hace apenas quince a\u00f1os se rondaban las cien mil solicitudes en el conjunto de Castilla y Le\u00f3n, lo que da idea de esa tendencia inversa en el volumen general de peticiones tramitadas.<\/p>\n\n\n\n<p><strong>GRATITUD EN DOS DIRECCIONES. <\/strong>La directiva de ASAJA-Palencia, con su presidente Jos\u00e9 Luis Marcos al frente, quiere agradecer a los profesionales agroganaderos de la provincia de Palencia la masiva confianza que demuestran en nuestra organizaci\u00f3n para esta tramitaci\u00f3n, as\u00ed como al personal de la entidad por el trabajo desarrollado, a lo largo del primer semestre del a\u00f1o, para tramitar esta primera PAC del periodo 2023-2007. Aunque la tramitaci\u00f3n comenz\u00f3 efectivamente el 1 de marzo, desde mucho antes se trabaja en recabar informaci\u00f3n y en documentarse para ofrecer un servicio lo m\u00e1s completo y riguroso posible.<\/p>\n\n\n\n<p>Este proceso ha resultado extraordinariamente complejo, tanto por las numerosas dudas y lagunas que la nueva PAC presenta (algunas a\u00fan sin despejar actualmente por parte de las administraciones p\u00fablicas), como por la sequ\u00eda y la guerra en Ucrania, que han generado modificaciones y excepciones con la campa\u00f1a ya en marcha. <\/p>\n\n\n\n<p>El estudio, la formaci\u00f3n y el conocimiento previos, unidos al trabajo y a la interpretaci\u00f3n de la normativa por parte de la plantilla multidisciplinar de ASAJA-Palencia, que se reforz\u00f3 para la campa\u00f1a de la PAC, han permitido completar con \u00e9xito esas m\u00e1s de tres mil solicitudes de un primer a\u00f1o lleno de novedades e incidencias.<\/p>\n\n\n\n<p>Ese proceso se ha desarrollado adem\u00e1s en un contexto de burocracia redoblada, en muchos supuestos in\u00e9dita, sin reparar en que todos y cada uno de aspectos que van recogidos \u00aben los papeles\u00bb \u2014por muy digitales que ahora sean esos papeles\u2014 deben tener su correlato en las pr\u00e1cticas agron\u00f3micas de los profesionales del campo, lo que les acarrea no pocos problemas, molestias y quebraderos de cabeza, pues a menudo la normativa se plantea en unos despachos muy alejados, f\u00edsica y mentalmente, de la realidad de la agricultura y la ganader\u00eda de nuestra provincia.<\/p>\n\n\n\n<p><strong>AGILIZACI\u00d3N.<\/strong> Las solicitudes presentadas se hallan ahora pasando los diferentes filtros de la administraci\u00f3n, un proceso para el que ASAJA-Palencia reclama la mayor agilizaci\u00f3n posible, resolvi\u00e9ndose las posibles incidencias y tr\u00e1mites con rapidez y flexibilidad, habida cuenta de la complejidad burocr\u00e1tica y de una campa\u00f1a marcada por la sequ\u00eda, en la que los profesionales del campo se han visto obligados a reaccionar y cambiar planes ante un panorama adverso.<\/p>\n\n\n\n<p>En ese sentido, los agricultores y ganaderos necesitan que los anticipos se abonen cuanto antes, porque esos ingresos pueden resultar un b\u00e1lsamo que pal\u00ede los perjuicios de una mala campa\u00f1a \u2014donde la sequ\u00eda se ha unido a otras adversidades\u2014 y poder as\u00ed afrontar los gastos de mantener las explotaciones.<\/p>\n\n\n\n<p><strong>PAPEL INDISPENSABLE. <\/strong>ASAJA-Palencia quiere destacar, finalmente, el papel indispensable de las organizaciones profesionales tanto en su apoyo al sector agroganadero en esa ingrata y creciente tramitaci\u00f3n burocr\u00e1tica como en su labor solidaria con las administraciones p\u00fablicas, ofreciendo servicios y atenciones que, de otro modo, tendr\u00eda que presta de manera directa, con el consiguiente perjuicio para todas las partes.<\/p>\n\n\n\n<p>Como reiteradamente denuncia nuestro presidente regional, Donaciano Dujo, hay que recordar m\u00e1s que nunca que la Junta de Castilla y Le\u00f3n lleva incumpliendo a\u00f1os la Ley Agraria de 2014, donde se exige el reconocimiento de las organizaciones profesionales agrarias como entidades colaboradoras del sector, como vienen ejerciendo de facto. <\/p>\n\n\n\n<p>Lejos de ese reconocimiento al que obliga la ley, la Consejer\u00eda de Agricultura, Ganader\u00eda y Desarrollo Rural ha rebajado el 30% este 2023 las ayudas institucionales a las organizaciones del sector, recorte que se une a las escasas facilidades que la Junta da para una interlocuci\u00f3n fluida con unas entidades representativas de los profesionales del campo, elegidas democr\u00e1ticamente en las urnas.<strong>\/<\/strong><\/p>\n","protected":false},"excerpt":{"rendered":"<p>ASAJA-Palencia ha tramitado en los \u00faltimos meses algo m\u00e1s de tres mil solicitudes \u00fanicas de ayudas de la Pol\u00edtica Agr\u00edcola Com\u00fan (PAC) para 2023, lo que representa m\u00e1s de la mitad (51%) de las que 5.871 que se han presentado en esta provincia. Nuestra organizaci\u00f3n profesional se ratifica un a\u00f1o m\u00e1s como la primera entidad [&hellip;]<\/p>\n","protected":false},"author":9,"featured_media":13488,"comment_status":"open","ping_status":"open","sticky":false,"template":"","format":"standard","meta":{"footnotes":""},"categories":[9,29,28],"tags":[58,59,298,142,349,77,137,350,66,45,262,93,44],"yoast_head":"<!-- This site is optimized with the Yoast SEO plugin v24.5 - https:\/\/yoast.com\/wordpress\/plugins\/seo\/ -->\n<title>ASAJA supera las tres mil solicitudes de la PAC 2023 tramitadas, m\u00e1s de la mitad presentadas en Palencia - ASAJA Palencia<\/title>\n<meta name=\"description\" content=\"ASAJA-Palencia ha tramitado en los \u00faltimos meses algo m\u00e1s de tres mil solicitudes \u00fanicas de ayudas de la Pol\u00edtica Agr\u00edcola Com\u00fan (PAC) para 2023, lo que\" \/>\n<meta name=\"robots\" content=\"index, follow, max-snippet:-1, max-image-preview:large, max-video-preview:-1\" \/>\n<link rel=\"canonical\" href=\"https:\/\/www.asajacyl.com\/palencia\/asaja-palencia-informa\/asaja-supera-las-tres-mil-solicitudes-de-la-pac-2023-tramitadas-mas-de-la-mitad-presentadas-en-palencia\" \/>\n<meta property=\"og:locale\" content=\"es_ES\" \/>\n<meta property=\"og:type\" content=\"article\" \/>\n<meta property=\"og:title\" content=\"ASAJA supera las tres mil solicitudes de la PAC 2023 tramitadas, m\u00e1s de la mitad presentadas en Palencia - ASAJA Palencia\" \/>\n<meta property=\"og:description\" content=\"ASAJA-Palencia ha tramitado en los \u00faltimos meses algo m\u00e1s de tres mil solicitudes \u00fanicas de ayudas de la Pol\u00edtica Agr\u00edcola Com\u00fan (PAC) para 2023, lo que\" \/>\n<meta property=\"og:url\" content=\"https:\/\/www.asajacyl.com\/palencia\/asaja-palencia-informa\/asaja-supera-las-tres-mil-solicitudes-de-la-pac-2023-tramitadas-mas-de-la-mitad-presentadas-en-palencia\" \/>\n<meta property=\"og:site_name\" content=\"ASAJA Palencia\" \/>\n<meta property=\"article:published_time\" content=\"2023-07-20T08:04:27+00:00\" \/>\n<meta property=\"og:image\" content=\"https:\/\/www.asajacyl.com\/palencia\/wp-content\/uploads\/sites\/3\/2023\/06\/PAC-2023-2027.jpg\" \/>\n\t<meta property=\"og:image:width\" content=\"1600\" \/>\n\t<meta property=\"og:image:height\" content=\"1031\" \/>\n\t<meta property=\"og:image:type\" content=\"image\/jpeg\" \/>\n<meta name=\"author\" content=\"Administrador\" \/>\n<meta name=\"twitter:card\" content=\"summary_large_image\" \/>\n<meta name=\"twitter:label1\" content=\"Escrito por\" \/>\n\t<meta name=\"twitter:data1\" content=\"Administrador\" \/>\n\t<meta name=\"twitter:label2\" content=\"Tiempo de lectura\" \/>\n\t<meta name=\"twitter:data2\" content=\"4 minutos\" \/>\n<script type=\"application\/ld+json\" class=\"yoast-schema-graph\">{\"@context\":\"https:\/\/schema.org\",\"@graph\":[{\"@type\":\"WebPage\",\"@id\":\"https:\/\/www.asajacyl.com\/palencia\/asaja-palencia-informa\/asaja-supera-las-tres-mil-solicitudes-de-la-pac-2023-tramitadas-mas-de-la-mitad-presentadas-en-palencia\",\"url\":\"https:\/\/www.asajacyl.com\/palencia\/asaja-palencia-informa\/asaja-supera-las-tres-mil-solicitudes-de-la-pac-2023-tramitadas-mas-de-la-mitad-presentadas-en-palencia\",\"name\":\"ASAJA supera las tres mil solicitudes de la PAC 2023 tramitadas, m\u00e1s de la mitad presentadas en Palencia - ASAJA Palencia\",\"isPartOf\":{\"@id\":\"https:\/\/www.asajacyl.com\/palencia\/#website\"},\"primaryImageOfPage\":{\"@id\":\"https:\/\/www.asajacyl.com\/palencia\/asaja-palencia-informa\/asaja-supera-las-tres-mil-solicitudes-de-la-pac-2023-tramitadas-mas-de-la-mitad-presentadas-en-palencia#primaryimage\"},\"image\":{\"@id\":\"https:\/\/www.asajacyl.com\/palencia\/asaja-palencia-informa\/asaja-supera-las-tres-mil-solicitudes-de-la-pac-2023-tramitadas-mas-de-la-mitad-presentadas-en-palencia#primaryimage\"},\"thumbnailUrl\":\"https:\/\/www.asajacyl.com\/palencia\/wp-content\/uploads\/sites\/3\/2023\/06\/PAC-2023-2027.jpg\",\"datePublished\":\"2023-07-20T08:04:27+00:00\",\"author\":{\"@id\":\"https:\/\/www.asajacyl.com\/palencia\/#\/schema\/person\/3ab17aeb03527485c317557fae64aab1\"},\"description\":\"ASAJA-Palencia ha tramitado en los \u00faltimos meses algo m\u00e1s de tres mil solicitudes \u00fanicas de ayudas de la Pol\u00edtica Agr\u00edcola Com\u00fan (PAC) para 2023, lo que\",\"breadcrumb\":{\"@id\":\"https:\/\/www.asajacyl.com\/palencia\/asaja-palencia-informa\/asaja-supera-las-tres-mil-solicitudes-de-la-pac-2023-tramitadas-mas-de-la-mitad-presentadas-en-palencia#breadcrumb\"},\"inLanguage\":\"es\",\"potentialAction\":[{\"@type\":\"ReadAction\",\"target\":[\"https:\/\/www.asajacyl.com\/palencia\/asaja-palencia-informa\/asaja-supera-las-tres-mil-solicitudes-de-la-pac-2023-tramitadas-mas-de-la-mitad-presentadas-en-palencia\"]}]},{\"@type\":\"ImageObject\",\"inLanguage\":\"es\",\"@id\":\"https:\/\/www.asajacyl.com\/palencia\/asaja-palencia-informa\/asaja-supera-las-tres-mil-solicitudes-de-la-pac-2023-tramitadas-mas-de-la-mitad-presentadas-en-palencia#primaryimage\",\"url\":\"https:\/\/www.asajacyl.com\/palencia\/wp-content\/uploads\/sites\/3\/2023\/06\/PAC-2023-2027.jpg\",\"contentUrl\":\"https:\/\/www.asajacyl.com\/palencia\/wp-content\/uploads\/sites\/3\/2023\/06\/PAC-2023-2027.jpg\",\"width\":1600,\"height\":1031},{\"@type\":\"BreadcrumbList\",\"@id\":\"https:\/\/www.asajacyl.com\/palencia\/asaja-palencia-informa\/asaja-supera-las-tres-mil-solicitudes-de-la-pac-2023-tramitadas-mas-de-la-mitad-presentadas-en-palencia#breadcrumb\",\"itemListElement\":[{\"@type\":\"ListItem\",\"position\":1,\"name\":\"Portada\",\"item\":\"https:\/\/www.asajacyl.com\/palencia\/\"},{\"@type\":\"ListItem\",\"position\":2,\"name\":\"ASAJA supera las tres mil solicitudes de la PAC 2023 tramitadas, m\u00e1s de la mitad presentadas en Palencia\"}]},{\"@type\":\"WebSite\",\"@id\":\"https:\/\/www.asajacyl.com\/palencia\/#website\",\"url\":\"https:\/\/www.asajacyl.com\/palencia\/\",\"name\":\"ASAJA Palencia\",\"description\":\"Otro sitio m\u00e1s de Provincias ASAJA Castilla y Le\u00f3n\",\"potentialAction\":[{\"@type\":\"SearchAction\",\"target\":{\"@type\":\"EntryPoint\",\"urlTemplate\":\"https:\/\/www.asajacyl.com\/palencia\/?s={search_term_string}\"},\"query-input\":{\"@type\":\"PropertyValueSpecification\",\"valueRequired\":true,\"valueName\":\"search_term_string\"}}],\"inLanguage\":\"es\"},{\"@type\":\"Person\",\"@id\":\"https:\/\/www.asajacyl.com\/palencia\/#\/schema\/person\/3ab17aeb03527485c317557fae64aab1\",\"name\":\"Administrador\",\"image\":{\"@type\":\"ImageObject\",\"inLanguage\":\"es\",\"@id\":\"https:\/\/www.asajacyl.com\/palencia\/#\/schema\/person\/image\/\",\"url\":\"https:\/\/secure.gravatar.com\/avatar\/517384810d242ca9e38c180f3c9fb973?s=96&d=mm&r=g\",\"contentUrl\":\"https:\/\/secure.gravatar.com\/avatar\/517384810d242ca9e38c180f3c9fb973?s=96&d=mm&r=g\",\"caption\":\"Administrador\"},\"url\":\"https:\/\/www.asajacyl.com\/palencia\/author\/carlosrm\"}]}<\/script>\n<!-- \/ Yoast SEO plugin. -->","yoast_head_json":{"title":"ASAJA supera las tres mil solicitudes de la PAC 2023 tramitadas, m\u00e1s de la mitad presentadas en Palencia - ASAJA Palencia","description":"ASAJA-Palencia ha tramitado en los \u00faltimos meses algo m\u00e1s de tres mil solicitudes \u00fanicas de ayudas de la Pol\u00edtica Agr\u00edcola Com\u00fan (PAC) para 2023, lo que","robots":{"index":"index","follow":"follow","max-snippet":"max-snippet:-1","max-image-preview":"max-image-preview:large","max-video-preview":"max-video-preview:-1"},"canonical":"https:\/\/www.asajacyl.com\/palencia\/asaja-palencia-informa\/asaja-supera-las-tres-mil-solicitudes-de-la-pac-2023-tramitadas-mas-de-la-mitad-presentadas-en-palencia","og_locale":"es_ES","og_type":"article","og_title":"ASAJA supera las tres mil solicitudes de la PAC 2023 tramitadas, m\u00e1s de la mitad presentadas en Palencia - ASAJA Palencia","og_description":"ASAJA-Palencia ha tramitado en los \u00faltimos meses algo m\u00e1s de tres mil solicitudes \u00fanicas de ayudas de la Pol\u00edtica Agr\u00edcola Com\u00fan (PAC) para 2023, lo que","og_url":"https:\/\/www.asajacyl.com\/palencia\/asaja-palencia-informa\/asaja-supera-las-tres-mil-solicitudes-de-la-pac-2023-tramitadas-mas-de-la-mitad-presentadas-en-palencia","og_site_name":"ASAJA Palencia","article_published_time":"2023-07-20T08:04:27+00:00","og_image":[{"width":1600,"height":1031,"url":"https:\/\/www.asajacyl.com\/palencia\/wp-content\/uploads\/sites\/3\/2023\/06\/PAC-2023-2027.jpg","type":"image\/jpeg"}],"author":"Administrador","twitter_card":"summary_large_image","twitter_misc":{"Escrito por":"Administrador","Tiempo de lectura":"4 minutos"},"schema":{"@context":"https:\/\/schema.org","@graph":[{"@type":"WebPage","@id":"https:\/\/www.asajacyl.com\/palencia\/asaja-palencia-informa\/asaja-supera-las-tres-mil-solicitudes-de-la-pac-2023-tramitadas-mas-de-la-mitad-presentadas-en-palencia","url":"https:\/\/www.asajacyl.com\/palencia\/asaja-palencia-informa\/asaja-supera-las-tres-mil-solicitudes-de-la-pac-2023-tramitadas-mas-de-la-mitad-presentadas-en-palencia","name":"ASAJA supera las tres mil solicitudes de la PAC 2023 tramitadas, m\u00e1s de la mitad presentadas en Palencia - ASAJA Palencia","isPartOf":{"@id":"https:\/\/www.asajacyl.com\/palencia\/#website"},"primaryImageOfPage":{"@id":"https:\/\/www.asajacyl.com\/palencia\/asaja-palencia-informa\/asaja-supera-las-tres-mil-solicitudes-de-la-pac-2023-tramitadas-mas-de-la-mitad-presentadas-en-palencia#primaryimage"},"image":{"@id":"https:\/\/www.asajacyl.com\/palencia\/asaja-palencia-informa\/asaja-supera-las-tres-mil-solicitudes-de-la-pac-2023-tramitadas-mas-de-la-mitad-presentadas-en-palencia#primaryimage"},"thumbnailUrl":"https:\/\/www.asajacyl.com\/palencia\/wp-content\/uploads\/sites\/3\/2023\/06\/PAC-2023-2027.jpg","datePublished":"2023-07-20T08:04:27+00:00","author":{"@id":"https:\/\/www.asajacyl.com\/palencia\/#\/schema\/person\/3ab17aeb03527485c317557fae64aab1"},"description":"ASAJA-Palencia ha tramitado en los \u00faltimos meses algo m\u00e1s de tres mil solicitudes \u00fanicas de ayudas de la Pol\u00edtica Agr\u00edcola Com\u00fan (PAC) para 2023, lo que","breadcrumb":{"@id":"https:\/\/www.asajacyl.com\/palencia\/asaja-palencia-informa\/asaja-supera-las-tres-mil-solicitudes-de-la-pac-2023-tramitadas-mas-de-la-mitad-presentadas-en-palencia#breadcrumb"},"inLanguage":"es","potentialAction":[{"@type":"ReadAction","target":["https:\/\/www.asajacyl.com\/palencia\/asaja-palencia-informa\/asaja-supera-las-tres-mil-solicitudes-de-la-pac-2023-tramitadas-mas-de-la-mitad-presentadas-en-palencia"]}]},{"@type":"ImageObject","inLanguage":"es","@id":"https:\/\/www.asajacyl.com\/palencia\/asaja-palencia-informa\/asaja-supera-las-tres-mil-solicitudes-de-la-pac-2023-tramitadas-mas-de-la-mitad-presentadas-en-palencia#primaryimage","url":"https:\/\/www.asajacyl.com\/palencia\/wp-content\/uploads\/sites\/3\/2023\/06\/PAC-2023-2027.jpg","contentUrl":"https:\/\/www.asajacyl.com\/palencia\/wp-content\/uploads\/sites\/3\/2023\/06\/PAC-2023-2027.jpg","width":1600,"height":1031},{"@type":"BreadcrumbList","@id":"https:\/\/www.asajacyl.com\/palencia\/asaja-palencia-informa\/asaja-supera-las-tres-mil-solicitudes-de-la-pac-2023-tramitadas-mas-de-la-mitad-presentadas-en-palencia#breadcrumb","itemListElement":[{"@type":"ListItem","position":1,"name":"Portada","item":"https:\/\/www.asajacyl.com\/palencia\/"},{"@type":"ListItem","position":2,"name":"ASAJA supera las tres mil solicitudes de la PAC 2023 tramitadas, m\u00e1s de la mitad presentadas en Palencia"}]},{"@type":"WebSite","@id":"https:\/\/www.asajacyl.com\/palencia\/#website","url":"https:\/\/www.asajacyl.com\/palencia\/","name":"ASAJA Palencia","description":"Otro sitio m\u00e1s de Provincias ASAJA Castilla y Le\u00f3n","potentialAction":[{"@type":"SearchAction","target":{"@type":"EntryPoint","urlTemplate":"https:\/\/www.asajacyl.com\/palencia\/?s={search_term_string}"},"query-input":{"@type":"PropertyValueSpecification","valueRequired":true,"valueName":"search_term_string"}}],"inLanguage":"es"},{"@type":"Person","@id":"https:\/\/www.asajacyl.com\/palencia\/#\/schema\/person\/3ab17aeb03527485c317557fae64aab1","name":"Administrador","image":{"@type":"ImageObject","inLanguage":"es","@id":"https:\/\/www.asajacyl.com\/palencia\/#\/schema\/person\/image\/","url":"https:\/\/secure.gravatar.com\/avatar\/517384810d242ca9e38c180f3c9fb973?s=96&d=mm&r=g","contentUrl":"https:\/\/secure.gravatar.com\/avatar\/517384810d242ca9e38c180f3c9fb973?s=96&d=mm&r=g","caption":"Administrador"},"url":"https:\/\/www.asajacyl.com\/palencia\/author\/carlosrm"}]}},"_links":{"self":[{"href":"https:\/\/www.asajacyl.com\/palencia\/wp-json\/wp\/v2\/posts\/13771"}],"collection":[{"href":"https:\/\/www.asajacyl.com\/palencia\/wp-json\/wp\/v2\/posts"}],"about":[{"href":"https:\/\/www.asajacyl.com\/palencia\/wp-json\/wp\/v2\/types\/post"}],"author":[{"embeddable":true,"href":"https:\/\/www.asajacyl.com\/palencia\/wp-json\/wp\/v2\/users\/9"}],"replies":[{"embeddable":true,"href":"https:\/\/www.asajacyl.com\/palencia\/wp-json\/wp\/v2\/comments?post=13771"}],"version-history":[{"count":1,"href":"https:\/\/www.asajacyl.com\/palencia\/wp-json\/wp\/v2\/posts\/13771\/revisions"}],"predecessor-version":[{"id":13772,"href":"https:\/\/www.asajacyl.com\/palencia\/wp-json\/wp\/v2\/posts\/13771\/revisions\/13772"}],"wp:featuredmedia":[{"embeddable":true,"href":"https:\/\/www.asajacyl.com\/palencia\/wp-json\/wp\/v2\/media\/13488"}],"wp:attachment":[{"href":"https:\/\/www.asajacyl.com\/palencia\/wp-json\/wp\/v2\/media?parent=13771"}],"wp:term":[{"taxonomy":"category","embeddable":true,"href":"https:\/\/www.asajacyl.com\/palencia\/wp-json\/wp\/v2\/categories?post=13771"},{"taxonomy":"post_tag","embeddable":true,"href":"https:\/\/www.asajacyl.com\/palencia\/wp-json\/wp\/v2\/tags?post=13771"}],"curies":[{"name":"wp","href":"https:\/\/api.w.org\/{rel}","templated":true}]}}