{"id":13774,"date":"2023-07-22T09:33:17","date_gmt":"2023-07-22T07:33:17","guid":{"rendered":"https:\/\/www.asajacyl.com\/palencia\/?p=13774"},"modified":"2023-07-19T12:56:46","modified_gmt":"2023-07-19T10:56:46","slug":"el-parlamento-europeo-rechaza-aplicar-en-la-ganaderia-la-directiva-sobre-emisiones-industriales-dei","status":"publish","type":"post","link":"https:\/\/www.asajacyl.com\/palencia\/asaja-palencia-informa\/el-parlamento-europeo-rechaza-aplicar-en-la-ganaderia-la-directiva-sobre-emisiones-industriales-dei","title":{"rendered":"El Parlamento Europeo rechaza extender la Directiva sobre Emisiones Industriales a m\u00e1s ganader\u00eda"},"content":{"rendered":"\n<h2 class=\"wp-block-heading\">La oficina de ASAJA en Bruselas se la movilizado ante la reciente votaci\u00f3n en el Parlamento Europeo contra cualquier ampliaci\u00f3n del \u00e1mbito de aplicaci\u00f3n de la Directiva sobre Emisiones Industriales (DEI) en las explotaciones ganaderas. Finalmente, los europarlamentarios han rechazado extender la DEI por 367 votos frente 245 que s\u00ed se mostraban partidarios de extenderla m\u00e1s all\u00e1 de la actual regulaci\u00f3n para determinadas explotaciones porcinas y av\u00edcolas. En los d\u00edas previos, la secci\u00f3n de nuestra organizaci\u00f3n ante las instituciones europeas envi\u00f3 una carta a los eurodiputados, firmada por el presidente Pedro Barato, para solicitar su apoyo ante la inminente votaci\u00f3n y reclamarles mantener el status quo en el marco de aplicaci\u00f3n de la DEI, con el fin de frenar el intento de equiparar al sector ganadero con una industria pesada.<\/h2>\n\n\n\n<p>El Parlamento Europeo ha reconocido que la DEI es un instrumento legislativo que ignora las realidades b\u00e1sicas del sector ganadero. La ampliaci\u00f3n del \u00e1mbito de la norma causar\u00eda un aumento de costes muy elevados, lo que motivar\u00eda el cierre de explotaciones ganaderas y que la producci\u00f3n se desplazara a pa\u00edses extracomunitarios, donde las exigencias legales son sensiblemente menores.<\/p>\n\n\n\n<p>Los eurodiputados han votado a favor de mantener el \u00e1mbito de aplicaci\u00f3n en las explotaciones de cerdos y aves de corral, pero rechazaron incluir las explotaciones de ganado vacuno o mixtas. <\/p>\n\n\n\n<p>Por otro lado, se mantienen algunas disposiciones como la norma de agregaci\u00f3n, por la que se contabilizar\u00e1 como una sola instalaci\u00f3n las que se encuentren pr\u00f3ximas y pertenezcan al mismo operador.<\/p>\n\n\n\n<p>El pleno ha apoyado mantener la legislaci\u00f3n vigente e incluir granjas porcinas con m\u00e1s de 2.000 plazas para cerdos de producci\u00f3n (m\u00e1s de 30 kg), o con m\u00e1s de 750 plazas para cerdas y granjas av\u00edcolas con m\u00e1s de 40.000 plazas para aves de corral, as\u00ed como granjas con m\u00e1s de 750 unidades de ganado (LSU). <\/p>\n\n\n\n<p><strong>PROPUESTA DE LA COMISI\u00d3N. <\/strong>El Parlamento Europeo no quiere extenderlo a las explotaciones ganaderas, tal como propone la Comisi\u00f3n Europea, cuya propuesta propone un umbral de 150 unidades de ganado (LSU) para aplicar la directiva. <\/p>\n\n\n\n<p>Los eurodiputados tambi\u00e9n han subrayado la importancia de garantizar que los productores extracomunitarios cumplan unos requisitos similares a las normas comunitarias.<\/p>\n\n\n\n<p>El Parlamento pasar\u00e1 ahora a negociar con el Consejo Europeo la redacci\u00f3n final de la legislaci\u00f3n. El Consejo, que adopt\u00f3 su posici\u00f3n el pasado mes de marzo, considera que la directiva debe aplicarse a las explotaciones de vacuno y porcino a partir de 350 unidades de ganado mayor (UGM), a las explotaciones av\u00edcolas a partir de 280 UGM y a las explotaciones mixtas a partir de 350 UGM. El proyecto inicial de la Comisi\u00f3n Europea propon\u00eda que la disposici\u00f3n se aplicase a las explotaciones de vacuno, aves y cerdos a partir de 150 UGM.<\/p>\n\n\n\n<p><strong>SENTIDO DEL VOTO. <\/strong>Por considerarlo de inter\u00e9s para los asociados de ASAJA, as\u00ed como de los ganaderos en general, reproducimos el sentido del voto de los europarlamentarios espa\u00f1oles, con la sigla de su grupo en la c\u00e1mara comunitaria y de su partido en Espa\u00f1a: <\/p>\n\n\n\n<p>Han votado a favor de los intereses de la explotaciones ganaderas, defendiendo el status quo de la directiva:<\/p>\n\n\n\n<ul>\n<li>ECR (VOX): Aguilar y de la Pisa Carri\u00f3n.<\/li>\n\n\n\n<li>PPE (PP): Arias Echeverr\u00eda, Benjumea Benjumea, del Castillo Vera, Estar\u00e0s Ferragut, L\u00f3pez Gil, L\u00f3pez-Ist\u00fariz White, Mato, Montserrat y Zarzalejos.<\/li>\n\n\n\n<li>Renew (Ciudadanos y PNV): Bauz\u00e1 D\u00edaz, Bilbao Barandica (PNV), Ca\u00f1as, Pagazaurtund\u00faa, Poptcheva y V\u00e1zquez L\u00e1zara. <\/li>\n\n\n\n<li>S&amp;D(PSOE): Aguilera, Gonz\u00e1lez, Gonz\u00e1lez Casares y L\u00f3pez.<\/li>\n<\/ul>\n\n\n\n<p>En cambio, han votado contra los intereses ganaderos, abogando por regular a las explotaciones familiares y profesionales como si fueran una industria pesada los siguiente europarlamentarios espa\u00f1oles:<\/p>\n\n\n\n<ul>\n<li>NI (noinscritos): Clara Ponsat\u00ed Obiols.<\/li>\n\n\n\n<li>Renew (Ciudadanos y PNV): Soraya Rodr\u00edguez Ramos (Ciudadanos).<\/li>\n\n\n\n<li>S&amp;D (PSOE): Estrella Dur\u00e1 Ferrandis, Jon\u00e1s Fern\u00e1ndez, Lina G\u00e1lvez Mu\u00f1oz, Ib\u00e1n Garc\u00eda Del Blanco, Isabel Garc\u00eda Mu\u00f1oz, Iratxe Garc\u00eda P\u00e9rez, Eider Gardiazabal Rubial, Alicia Homs Ginel, L\u00f3pez Aguilar, C\u00e9sar Luena, Javier Moreno S\u00e1nchez, Inmaculada Rodr\u00edguez-Pi\u00f1ero, Marcos Ros Sempere, Dom\u00e8nec Ruiz Devesa y Nacho S\u00e1nchez Amor.<\/li>\n\n\n\n<li>The Left (Unidas Podemos): Sira Rego, Eugenia Rodr\u00edguez Palop, Miguel Urb\u00e1n Crespo, Idoia Villanueva Ruiz.<\/li>\n\n\n\n<li>Verts\/ALE (ERC y BNG): Ana Miranda, Diana Riba i Giner y Jordi Sol\u00e9.<strong> \/<\/strong><\/li>\n<\/ul>\n","protected":false},"excerpt":{"rendered":"<p>La oficina de ASAJA en Bruselas se la movilizado ante la reciente votaci\u00f3n en el Parlamento Europeo contra cualquier ampliaci\u00f3n del \u00e1mbito de aplicaci\u00f3n de la Directiva sobre Emisiones Industriales (DEI) en las explotaciones ganaderas. Finalmente, los europarlamentarios han rechazado extender la DEI por 367 votos frente 245 que s\u00ed se mostraban partidarios de extenderla [&hellip;]<\/p>\n","protected":false},"author":9,"featured_media":13776,"comment_status":"open","ping_status":"open","sticky":false,"template":"","format":"standard","meta":{"footnotes":""},"categories":[9,29,28],"tags":[157,158,234,260,332,351,354,353,77,104,352,191,181,355,217,44,144],"yoast_head":"<!-- This site is optimized with the Yoast SEO plugin v24.5 - https:\/\/yoast.com\/wordpress\/plugins\/seo\/ -->\n<title>El Parlamento Europeo rechaza extender la Directiva sobre Emisiones Industriales a m\u00e1s ganader\u00eda - ASAJA Palencia<\/title>\n<meta name=\"description\" content=\"La oficina de ASAJA en Bruselas se la movilizado ante la reciente votaci\u00f3n en el Parlamento Europeo contra cualquier ampliaci\u00f3n del \u00e1mbito de aplicaci\u00f3n\" \/>\n<meta name=\"robots\" content=\"index, follow, max-snippet:-1, max-image-preview:large, max-video-preview:-1\" \/>\n<link rel=\"canonical\" href=\"https:\/\/www.asajacyl.com\/palencia\/asaja-palencia-informa\/el-parlamento-europeo-rechaza-aplicar-en-la-ganaderia-la-directiva-sobre-emisiones-industriales-dei\" \/>\n<meta property=\"og:locale\" content=\"es_ES\" \/>\n<meta property=\"og:type\" content=\"article\" \/>\n<meta property=\"og:title\" content=\"El Parlamento Europeo rechaza extender la Directiva sobre Emisiones Industriales a m\u00e1s ganader\u00eda - ASAJA Palencia\" \/>\n<meta property=\"og:description\" content=\"La oficina de ASAJA en Bruselas se la movilizado ante la reciente votaci\u00f3n en el Parlamento Europeo contra cualquier ampliaci\u00f3n del \u00e1mbito de aplicaci\u00f3n\" \/>\n<meta property=\"og:url\" content=\"https:\/\/www.asajacyl.com\/palencia\/asaja-palencia-informa\/el-parlamento-europeo-rechaza-aplicar-en-la-ganaderia-la-directiva-sobre-emisiones-industriales-dei\" \/>\n<meta property=\"og:site_name\" content=\"ASAJA Palencia\" \/>\n<meta property=\"article:published_time\" content=\"2023-07-22T07:33:17+00:00\" \/>\n<meta property=\"og:image\" content=\"https:\/\/www.asajacyl.com\/palencia\/wp-content\/uploads\/sites\/3\/2023\/07\/POLLOS-AVICULTURA-1024x896.jpg\" \/>\n\t<meta property=\"og:image:width\" content=\"1024\" \/>\n\t<meta property=\"og:image:height\" content=\"896\" \/>\n\t<meta property=\"og:image:type\" content=\"image\/jpeg\" \/>\n<meta name=\"author\" content=\"Administrador\" \/>\n<meta name=\"twitter:card\" content=\"summary_large_image\" \/>\n<meta name=\"twitter:label1\" content=\"Escrito por\" \/>\n\t<meta name=\"twitter:data1\" content=\"Administrador\" \/>\n\t<meta name=\"twitter:label2\" content=\"Tiempo de lectura\" \/>\n\t<meta name=\"twitter:data2\" content=\"4 minutos\" \/>\n<script type=\"application\/ld+json\" class=\"yoast-schema-graph\">{\"@context\":\"https:\/\/schema.org\",\"@graph\":[{\"@type\":\"WebPage\",\"@id\":\"https:\/\/www.asajacyl.com\/palencia\/asaja-palencia-informa\/el-parlamento-europeo-rechaza-aplicar-en-la-ganaderia-la-directiva-sobre-emisiones-industriales-dei\",\"url\":\"https:\/\/www.asajacyl.com\/palencia\/asaja-palencia-informa\/el-parlamento-europeo-rechaza-aplicar-en-la-ganaderia-la-directiva-sobre-emisiones-industriales-dei\",\"name\":\"El Parlamento Europeo rechaza extender la Directiva sobre Emisiones Industriales a m\u00e1s ganader\u00eda - ASAJA Palencia\",\"isPartOf\":{\"@id\":\"https:\/\/www.asajacyl.com\/palencia\/#website\"},\"primaryImageOfPage\":{\"@id\":\"https:\/\/www.asajacyl.com\/palencia\/asaja-palencia-informa\/el-parlamento-europeo-rechaza-aplicar-en-la-ganaderia-la-directiva-sobre-emisiones-industriales-dei#primaryimage\"},\"image\":{\"@id\":\"https:\/\/www.asajacyl.com\/palencia\/asaja-palencia-informa\/el-parlamento-europeo-rechaza-aplicar-en-la-ganaderia-la-directiva-sobre-emisiones-industriales-dei#primaryimage\"},\"thumbnailUrl\":\"https:\/\/www.asajacyl.com\/palencia\/wp-content\/uploads\/sites\/3\/2023\/07\/POLLOS-AVICULTURA.jpg\",\"datePublished\":\"2023-07-22T07:33:17+00:00\",\"author\":{\"@id\":\"https:\/\/www.asajacyl.com\/palencia\/#\/schema\/person\/3ab17aeb03527485c317557fae64aab1\"},\"description\":\"La oficina de ASAJA en Bruselas se la movilizado ante la reciente votaci\u00f3n en el Parlamento Europeo contra cualquier ampliaci\u00f3n del \u00e1mbito de aplicaci\u00f3n\",\"breadcrumb\":{\"@id\":\"https:\/\/www.asajacyl.com\/palencia\/asaja-palencia-informa\/el-parlamento-europeo-rechaza-aplicar-en-la-ganaderia-la-directiva-sobre-emisiones-industriales-dei#breadcrumb\"},\"inLanguage\":\"es\",\"potentialAction\":[{\"@type\":\"ReadAction\",\"target\":[\"https:\/\/www.asajacyl.com\/palencia\/asaja-palencia-informa\/el-parlamento-europeo-rechaza-aplicar-en-la-ganaderia-la-directiva-sobre-emisiones-industriales-dei\"]}]},{\"@type\":\"ImageObject\",\"inLanguage\":\"es\",\"@id\":\"https:\/\/www.asajacyl.com\/palencia\/asaja-palencia-informa\/el-parlamento-europeo-rechaza-aplicar-en-la-ganaderia-la-directiva-sobre-emisiones-industriales-dei#primaryimage\",\"url\":\"https:\/\/www.asajacyl.com\/palencia\/wp-content\/uploads\/sites\/3\/2023\/07\/POLLOS-AVICULTURA.jpg\",\"contentUrl\":\"https:\/\/www.asajacyl.com\/palencia\/wp-content\/uploads\/sites\/3\/2023\/07\/POLLOS-AVICULTURA.jpg\",\"width\":1890,\"height\":1654},{\"@type\":\"BreadcrumbList\",\"@id\":\"https:\/\/www.asajacyl.com\/palencia\/asaja-palencia-informa\/el-parlamento-europeo-rechaza-aplicar-en-la-ganaderia-la-directiva-sobre-emisiones-industriales-dei#breadcrumb\",\"itemListElement\":[{\"@type\":\"ListItem\",\"position\":1,\"name\":\"Portada\",\"item\":\"https:\/\/www.asajacyl.com\/palencia\/\"},{\"@type\":\"ListItem\",\"position\":2,\"name\":\"El Parlamento Europeo rechaza extender la Directiva sobre Emisiones Industriales a m\u00e1s ganader\u00eda\"}]},{\"@type\":\"WebSite\",\"@id\":\"https:\/\/www.asajacyl.com\/palencia\/#website\",\"url\":\"https:\/\/www.asajacyl.com\/palencia\/\",\"name\":\"ASAJA Palencia\",\"description\":\"Otro sitio m\u00e1s de Provincias ASAJA Castilla y Le\u00f3n\",\"potentialAction\":[{\"@type\":\"SearchAction\",\"target\":{\"@type\":\"EntryPoint\",\"urlTemplate\":\"https:\/\/www.asajacyl.com\/palencia\/?s={search_term_string}\"},\"query-input\":{\"@type\":\"PropertyValueSpecification\",\"valueRequired\":true,\"valueName\":\"search_term_string\"}}],\"inLanguage\":\"es\"},{\"@type\":\"Person\",\"@id\":\"https:\/\/www.asajacyl.com\/palencia\/#\/schema\/person\/3ab17aeb03527485c317557fae64aab1\",\"name\":\"Administrador\",\"image\":{\"@type\":\"ImageObject\",\"inLanguage\":\"es\",\"@id\":\"https:\/\/www.asajacyl.com\/palencia\/#\/schema\/person\/image\/\",\"url\":\"https:\/\/secure.gravatar.com\/avatar\/517384810d242ca9e38c180f3c9fb973?s=96&d=mm&r=g\",\"contentUrl\":\"https:\/\/secure.gravatar.com\/avatar\/517384810d242ca9e38c180f3c9fb973?s=96&d=mm&r=g\",\"caption\":\"Administrador\"},\"url\":\"https:\/\/www.asajacyl.com\/palencia\/author\/carlosrm\"}]}<\/script>\n<!-- \/ Yoast SEO plugin. -->","yoast_head_json":{"title":"El Parlamento Europeo rechaza extender la Directiva sobre Emisiones Industriales a m\u00e1s ganader\u00eda - ASAJA Palencia","description":"La oficina de ASAJA en Bruselas se la movilizado ante la reciente votaci\u00f3n en el Parlamento Europeo contra cualquier ampliaci\u00f3n del \u00e1mbito de aplicaci\u00f3n","robots":{"index":"index","follow":"follow","max-snippet":"max-snippet:-1","max-image-preview":"max-image-preview:large","max-video-preview":"max-video-preview:-1"},"canonical":"https:\/\/www.asajacyl.com\/palencia\/asaja-palencia-informa\/el-parlamento-europeo-rechaza-aplicar-en-la-ganaderia-la-directiva-sobre-emisiones-industriales-dei","og_locale":"es_ES","og_type":"article","og_title":"El Parlamento Europeo rechaza extender la Directiva sobre Emisiones Industriales a m\u00e1s ganader\u00eda - ASAJA Palencia","og_description":"La oficina de ASAJA en Bruselas se la movilizado ante la reciente votaci\u00f3n en el Parlamento Europeo contra cualquier ampliaci\u00f3n del \u00e1mbito de aplicaci\u00f3n","og_url":"https:\/\/www.asajacyl.com\/palencia\/asaja-palencia-informa\/el-parlamento-europeo-rechaza-aplicar-en-la-ganaderia-la-directiva-sobre-emisiones-industriales-dei","og_site_name":"ASAJA Palencia","article_published_time":"2023-07-22T07:33:17+00:00","og_image":[{"width":1024,"height":896,"url":"https:\/\/www.asajacyl.com\/palencia\/wp-content\/uploads\/sites\/3\/2023\/07\/POLLOS-AVICULTURA-1024x896.jpg","type":"image\/jpeg"}],"author":"Administrador","twitter_card":"summary_large_image","twitter_misc":{"Escrito por":"Administrador","Tiempo de lectura":"4 minutos"},"schema":{"@context":"https:\/\/schema.org","@graph":[{"@type":"WebPage","@id":"https:\/\/www.asajacyl.com\/palencia\/asaja-palencia-informa\/el-parlamento-europeo-rechaza-aplicar-en-la-ganaderia-la-directiva-sobre-emisiones-industriales-dei","url":"https:\/\/www.asajacyl.com\/palencia\/asaja-palencia-informa\/el-parlamento-europeo-rechaza-aplicar-en-la-ganaderia-la-directiva-sobre-emisiones-industriales-dei","name":"El Parlamento Europeo rechaza extender la Directiva sobre Emisiones Industriales a m\u00e1s ganader\u00eda - ASAJA Palencia","isPartOf":{"@id":"https:\/\/www.asajacyl.com\/palencia\/#website"},"primaryImageOfPage":{"@id":"https:\/\/www.asajacyl.com\/palencia\/asaja-palencia-informa\/el-parlamento-europeo-rechaza-aplicar-en-la-ganaderia-la-directiva-sobre-emisiones-industriales-dei#primaryimage"},"image":{"@id":"https:\/\/www.asajacyl.com\/palencia\/asaja-palencia-informa\/el-parlamento-europeo-rechaza-aplicar-en-la-ganaderia-la-directiva-sobre-emisiones-industriales-dei#primaryimage"},"thumbnailUrl":"https:\/\/www.asajacyl.com\/palencia\/wp-content\/uploads\/sites\/3\/2023\/07\/POLLOS-AVICULTURA.jpg","datePublished":"2023-07-22T07:33:17+00:00","author":{"@id":"https:\/\/www.asajacyl.com\/palencia\/#\/schema\/person\/3ab17aeb03527485c317557fae64aab1"},"description":"La oficina de ASAJA en Bruselas se la movilizado ante la reciente votaci\u00f3n en el Parlamento Europeo contra cualquier ampliaci\u00f3n del \u00e1mbito de aplicaci\u00f3n","breadcrumb":{"@id":"https:\/\/www.asajacyl.com\/palencia\/asaja-palencia-informa\/el-parlamento-europeo-rechaza-aplicar-en-la-ganaderia-la-directiva-sobre-emisiones-industriales-dei#breadcrumb"},"inLanguage":"es","potentialAction":[{"@type":"ReadAction","target":["https:\/\/www.asajacyl.com\/palencia\/asaja-palencia-informa\/el-parlamento-europeo-rechaza-aplicar-en-la-ganaderia-la-directiva-sobre-emisiones-industriales-dei"]}]},{"@type":"ImageObject","inLanguage":"es","@id":"https:\/\/www.asajacyl.com\/palencia\/asaja-palencia-informa\/el-parlamento-europeo-rechaza-aplicar-en-la-ganaderia-la-directiva-sobre-emisiones-industriales-dei#primaryimage","url":"https:\/\/www.asajacyl.com\/palencia\/wp-content\/uploads\/sites\/3\/2023\/07\/POLLOS-AVICULTURA.jpg","contentUrl":"https:\/\/www.asajacyl.com\/palencia\/wp-content\/uploads\/sites\/3\/2023\/07\/POLLOS-AVICULTURA.jpg","width":1890,"height":1654},{"@type":"BreadcrumbList","@id":"https:\/\/www.asajacyl.com\/palencia\/asaja-palencia-informa\/el-parlamento-europeo-rechaza-aplicar-en-la-ganaderia-la-directiva-sobre-emisiones-industriales-dei#breadcrumb","itemListElement":[{"@type":"ListItem","position":1,"name":"Portada","item":"https:\/\/www.asajacyl.com\/palencia\/"},{"@type":"ListItem","position":2,"name":"El Parlamento Europeo rechaza extender la Directiva sobre Emisiones Industriales a m\u00e1s ganader\u00eda"}]},{"@type":"WebSite","@id":"https:\/\/www.asajacyl.com\/palencia\/#website","url":"https:\/\/www.asajacyl.com\/palencia\/","name":"ASAJA Palencia","description":"Otro sitio m\u00e1s de Provincias ASAJA Castilla y Le\u00f3n","potentialAction":[{"@type":"SearchAction","target":{"@type":"EntryPoint","urlTemplate":"https:\/\/www.asajacyl.com\/palencia\/?s={search_term_string}"},"query-input":{"@type":"PropertyValueSpecification","valueRequired":true,"valueName":"search_term_string"}}],"inLanguage":"es"},{"@type":"Person","@id":"https:\/\/www.asajacyl.com\/palencia\/#\/schema\/person\/3ab17aeb03527485c317557fae64aab1","name":"Administrador","image":{"@type":"ImageObject","inLanguage":"es","@id":"https:\/\/www.asajacyl.com\/palencia\/#\/schema\/person\/image\/","url":"https:\/\/secure.gravatar.com\/avatar\/517384810d242ca9e38c180f3c9fb973?s=96&d=mm&r=g","contentUrl":"https:\/\/secure.gravatar.com\/avatar\/517384810d242ca9e38c180f3c9fb973?s=96&d=mm&r=g","caption":"Administrador"},"url":"https:\/\/www.asajacyl.com\/palencia\/author\/carlosrm"}]}},"_links":{"self":[{"href":"https:\/\/www.asajacyl.com\/palencia\/wp-json\/wp\/v2\/posts\/13774"}],"collection":[{"href":"https:\/\/www.asajacyl.com\/palencia\/wp-json\/wp\/v2\/posts"}],"about":[{"href":"https:\/\/www.asajacyl.com\/palencia\/wp-json\/wp\/v2\/types\/post"}],"author":[{"embeddable":true,"href":"https:\/\/www.asajacyl.com\/palencia\/wp-json\/wp\/v2\/users\/9"}],"replies":[{"embeddable":true,"href":"https:\/\/www.asajacyl.com\/palencia\/wp-json\/wp\/v2\/comments?post=13774"}],"version-history":[{"count":2,"href":"https:\/\/www.asajacyl.com\/palencia\/wp-json\/wp\/v2\/posts\/13774\/revisions"}],"predecessor-version":[{"id":13784,"href":"https:\/\/www.asajacyl.com\/palencia\/wp-json\/wp\/v2\/posts\/13774\/revisions\/13784"}],"wp:featuredmedia":[{"embeddable":true,"href":"https:\/\/www.asajacyl.com\/palencia\/wp-json\/wp\/v2\/media\/13776"}],"wp:attachment":[{"href":"https:\/\/www.asajacyl.com\/palencia\/wp-json\/wp\/v2\/media?parent=13774"}],"wp:term":[{"taxonomy":"category","embeddable":true,"href":"https:\/\/www.asajacyl.com\/palencia\/wp-json\/wp\/v2\/categories?post=13774"},{"taxonomy":"post_tag","embeddable":true,"href":"https:\/\/www.asajacyl.com\/palencia\/wp-json\/wp\/v2\/tags?post=13774"}],"curies":[{"name":"wp","href":"https:\/\/api.w.org\/{rel}","templated":true}]}}