{"id":13778,"date":"2023-07-21T11:00:00","date_gmt":"2023-07-21T09:00:00","guid":{"rendered":"https:\/\/www.asajacyl.com\/palencia\/?p=13778"},"modified":"2023-07-21T10:19:21","modified_gmt":"2023-07-21T08:19:21","slug":"el-carrion-y-el-pisuerga-mejoran-su-indice-de-escasez-pero-no-evitan-llegar-a-julio-en-sequia-prolongada","status":"publish","type":"post","link":"https:\/\/www.asajacyl.com\/palencia\/asaja-palencia-informa\/el-carrion-y-el-pisuerga-mejoran-su-indice-de-escasez-pero-no-evitan-llegar-a-julio-en-sequia-prolongada","title":{"rendered":"El Carri\u00f3n y el Pisuerga mejoran su \u00edndice de escasez, pero no evitan llegar a julio en \u00absequ\u00eda prolongada\u00bb"},"content":{"rendered":"\n<h2 class=\"wp-block-heading\">El \u00faltimo informe mensual de seguimiento del Plan Especial de Sequ\u00eda de la cuenca del Duero, con fecha del pasado 3 de julio, revela que los dos sistemas de la provincia de Palencia, Carri\u00f3n y Pisuerga, ya han pasado en el indicador de sequ\u00eda del nivel de normalidad al de sequ\u00eda prolongada, lo que ya sucedi\u00f3 en los veranos de 2019, 2021 y 2022 (no as\u00ed en el de 2020). Este \u00edndice se elabora con datos de aportaciones a los embalses, estaciones de aforo y precipitaciones acumuladas en los \u00faltimos nueve meses. Sin embargo, el indicador de escasez \u2014basado en volumen de agua embalsada\u2014no ha variado en el caso del sistema Pisuerga, que sigue en alerta; pero s\u00ed ha mejorado en el Carri\u00f3n, que ha pasado de alerta a prealerta, seg\u00fan este \u00faltimo informe de la Confederaci\u00f3n Hidrogr\u00e1fica del Duero (CHD).<\/h2>\n\n\n\n<p>Pese a que el sistema Pisuerga se mantiene en nivel de alerta en cuanto al indicador de escasez, s\u00ed se ha registrado una ligera mejor\u00eda con respecto al informe de mayo (este \u00edndice ha pasado de 0,20 a 0,25), con lo que se aleja \u2014al menos de momento\u2014 el \u00faltimo y m\u00e1s grave nivel de \u00abemergencia\u00bb. Este \u00edndice se calcula en funci\u00f3n del total de volumen almacenado en los tres embalses del sistema: Cervera-Ruesga, Requejada y Aguilar de Campoo.<\/p>\n\n\n\n<p>Cabe recordar que el Plan Especial de Sequ\u00eda en vigor prev\u00e9, para el escenario de \u00abescasez\u00bb reducciones efectivas de hasta el 50% en la demanda de riego (incluso aun habi\u00e9ndose concedido en junta de gobierno de la CHD), recortes en la asignaci\u00f3n de riego de cada sistema que pueden llegar al 100% en el escenario de \u00abemergencia\u00bb.<\/p>\n\n\n\n<p><strong>SIMILAR A 2022. <\/strong>A fecha de este viernes 21 de julio, seg\u00fan los datos de la CHD, estos embalses del sistema Pisuerga se encuentran ya por debajo de un tercio de su capacidad total (32,7%), con un volumen embalsado de 103,3 hect\u00f3metros c\u00fabicos, no muy lejos del que se registraba en la campa\u00f1a veraniega de 2022 por estas mismas fechas (100,4 hm<sup>3<\/sup>), tambi\u00e9n marcada por la sequ\u00eda; y sensiblemente inferior a la media de la \u00faltima d\u00e9cada a estas alturas de a\u00f1o hidrol\u00f3gico (198,4 hm<sup>3<\/sup>). <\/p>\n\n\n\n<p>Con estas cifras y la ola de calor de la presente semana, parece dif\u00edcil que este sistema vaya a poder abandonar ese nivel de alerta en cuanto a escasez, como s\u00ed se ha producido en el sistema Carri\u00f3n, cuyos embalses de Camporredondo y Compuerto se han beneficiado de las precipitaciones de finales de mayo y del mes de junio. <\/p>\n\n\n\n<p><strong>M\u00c1S QUE HACE UN A\u00d1O. <\/strong>A fecha tambi\u00e9n de este viernes 21 de julio, seg\u00fan los datos de la CHD, los dos embalses del sistema Carri\u00f3n rondan ya el 50% de su capacidad total, con un volumen embalsado de 82,3 hect\u00f3metros c\u00fabicos, pero m\u00e1s cerca del promedio de la \u00faltima d\u00e9cada a estas alturas de a\u00f1o hidrol\u00f3gico (94,3 hm<sup>3<\/sup>) que del bajo nivel que presentaban en 2022 en la misma fecha (56 hm<sup>3<\/sup>). <\/p>\n\n\n\n<p>Esa mejor\u00eda se ha traducido en que su \u00edndice de escasez se haya elevado en este \u00faltimo informe de primeros de julio a 0,38 puntos, frente al 0,26 del balance anterior, con lo que ha abandonado el nivel de alerta para pasar al de prealerta, al superar el umbral de 0,30. <\/p>\n\n\n\n<p>La mejora de este \u00edndice en el sistema Pisuerga (que ha pasado de 0,20 a 0,25) ha resultado insuficiente para cambiar de rango, pero s\u00ed refleja que las precipitaciones del final de la primavera han aliviado la situaci\u00f3n, unidas a las restricciones impuestas y a la racionalidad en los usos del riego comprometidas por parte de los agricultores usuarios. <\/p>\n\n\n\n<p>Por lo que respecta al indicador de sequ\u00eda, tambi\u00e9n el sistema Carri\u00f3n \u2014como el Pisuerga\u2014 ha pasado en este \u00faltimo informe al estado de \u00absequ\u00eda prolongada\u00bb al caer su coeficiente por debajo de 0,30. Este \u00edndice se elabora con los aportes acumulados en el ultimo medio a\u00f1o (medidos en los embalses de cabecera y en estaciones de aforo a lo largo de la cuenca de cada r\u00edo) y con las precipitaciones de los \u00faltimos nueve meses.<strong>\/<\/strong> <\/p>\n\n\n\n<figure class=\"wp-block-image size-large is-resized\"><img loading=\"lazy\" decoding=\"async\" src=\"https:\/\/www.asajacyl.com\/palencia\/wp-content\/uploads\/sites\/3\/2023\/07\/Sistema-Carrion-Escasez-jun-1024x522.jpg\" alt=\"\" class=\"wp-image-13780\" width=\"1078\" height=\"572\" \/><\/figure>\n\n\n\n<p><\/p>\n\n\n\n<figure class=\"wp-block-image size-large is-resized\"><img loading=\"lazy\" decoding=\"async\" src=\"https:\/\/www.asajacyl.com\/palencia\/wp-content\/uploads\/sites\/3\/2023\/07\/Sistema-Pisuerga-Escasez-ju-1024x522.jpg\" alt=\"\" class=\"wp-image-13779\" width=\"1062\" height=\"563\" \/><\/figure>\n","protected":false},"excerpt":{"rendered":"<p>El \u00faltimo informe mensual de seguimiento del Plan Especial de Sequ\u00eda de la cuenca del Duero, con fecha del pasado 3 de julio, revela que los dos sistemas de la provincia de Palencia, Carri\u00f3n y Pisuerga, ya han pasado en el indicador de sequ\u00eda del nivel de normalidad al de sequ\u00eda prolongada, lo que ya [&hellip;]<\/p>\n","protected":false},"author":9,"featured_media":11345,"comment_status":"open","ping_status":"open","sticky":false,"template":"","format":"standard","meta":{"footnotes":""},"categories":[9,29,28],"tags":[58,83,134,92,356,55,93,136,135],"yoast_head":"<!-- This site is optimized with the Yoast SEO plugin v24.5 - https:\/\/yoast.com\/wordpress\/plugins\/seo\/ -->\n<title>El Carri\u00f3n y el Pisuerga mejoran su \u00edndice de escasez, pero no evitan llegar a julio en \u00absequ\u00eda prolongada\u00bb - ASAJA Palencia<\/title>\n<meta name=\"description\" content=\"El \u00faltimo informe mensual de seguimiento del Plan Especial de Sequ\u00eda de la cuenca del Duero, con fecha del pasado 3 de julio, revela que los dos sistemas\" \/>\n<meta name=\"robots\" content=\"index, follow, max-snippet:-1, max-image-preview:large, max-video-preview:-1\" \/>\n<link rel=\"canonical\" href=\"https:\/\/www.asajacyl.com\/palencia\/asaja-palencia-informa\/el-carrion-y-el-pisuerga-mejoran-su-indice-de-escasez-pero-no-evitan-llegar-a-julio-en-sequia-prolongada\" \/>\n<meta property=\"og:locale\" content=\"es_ES\" \/>\n<meta property=\"og:type\" content=\"article\" \/>\n<meta property=\"og:title\" content=\"El Carri\u00f3n y el Pisuerga mejoran su \u00edndice de escasez, pero no evitan llegar a julio en \u00absequ\u00eda prolongada\u00bb - ASAJA Palencia\" \/>\n<meta property=\"og:description\" content=\"El \u00faltimo informe mensual de seguimiento del Plan Especial de Sequ\u00eda de la cuenca del Duero, con fecha del pasado 3 de julio, revela que los dos sistemas\" \/>\n<meta property=\"og:url\" content=\"https:\/\/www.asajacyl.com\/palencia\/asaja-palencia-informa\/el-carrion-y-el-pisuerga-mejoran-su-indice-de-escasez-pero-no-evitan-llegar-a-julio-en-sequia-prolongada\" \/>\n<meta property=\"og:site_name\" content=\"ASAJA Palencia\" \/>\n<meta property=\"article:published_time\" content=\"2023-07-21T09:00:00+00:00\" \/>\n<meta property=\"og:image\" content=\"https:\/\/www.asajacyl.com\/palencia\/wp-content\/uploads\/sites\/3\/2022\/08\/EMBALSE-RUESGA.jpg\" \/>\n\t<meta property=\"og:image:width\" content=\"2048\" \/>\n\t<meta property=\"og:image:height\" content=\"1536\" \/>\n\t<meta property=\"og:image:type\" content=\"image\/jpeg\" \/>\n<meta name=\"author\" content=\"Administrador\" \/>\n<meta name=\"twitter:card\" content=\"summary_large_image\" \/>\n<meta name=\"twitter:label1\" content=\"Escrito por\" \/>\n\t<meta name=\"twitter:data1\" content=\"Administrador\" \/>\n\t<meta name=\"twitter:label2\" content=\"Tiempo de lectura\" \/>\n\t<meta name=\"twitter:data2\" content=\"4 minutos\" \/>\n<script type=\"application\/ld+json\" class=\"yoast-schema-graph\">{\"@context\":\"https:\/\/schema.org\",\"@graph\":[{\"@type\":\"WebPage\",\"@id\":\"https:\/\/www.asajacyl.com\/palencia\/asaja-palencia-informa\/el-carrion-y-el-pisuerga-mejoran-su-indice-de-escasez-pero-no-evitan-llegar-a-julio-en-sequia-prolongada\",\"url\":\"https:\/\/www.asajacyl.com\/palencia\/asaja-palencia-informa\/el-carrion-y-el-pisuerga-mejoran-su-indice-de-escasez-pero-no-evitan-llegar-a-julio-en-sequia-prolongada\",\"name\":\"El Carri\u00f3n y el Pisuerga mejoran su \u00edndice de escasez, pero no evitan llegar a julio en \u00absequ\u00eda prolongada\u00bb - ASAJA Palencia\",\"isPartOf\":{\"@id\":\"https:\/\/www.asajacyl.com\/palencia\/#website\"},\"primaryImageOfPage\":{\"@id\":\"https:\/\/www.asajacyl.com\/palencia\/asaja-palencia-informa\/el-carrion-y-el-pisuerga-mejoran-su-indice-de-escasez-pero-no-evitan-llegar-a-julio-en-sequia-prolongada#primaryimage\"},\"image\":{\"@id\":\"https:\/\/www.asajacyl.com\/palencia\/asaja-palencia-informa\/el-carrion-y-el-pisuerga-mejoran-su-indice-de-escasez-pero-no-evitan-llegar-a-julio-en-sequia-prolongada#primaryimage\"},\"thumbnailUrl\":\"https:\/\/www.asajacyl.com\/palencia\/wp-content\/uploads\/sites\/3\/2022\/08\/EMBALSE-RUESGA.jpg\",\"datePublished\":\"2023-07-21T09:00:00+00:00\",\"author\":{\"@id\":\"https:\/\/www.asajacyl.com\/palencia\/#\/schema\/person\/3ab17aeb03527485c317557fae64aab1\"},\"description\":\"El \u00faltimo informe mensual de seguimiento del Plan Especial de Sequ\u00eda de la cuenca del Duero, con fecha del pasado 3 de julio, revela que los dos sistemas\",\"breadcrumb\":{\"@id\":\"https:\/\/www.asajacyl.com\/palencia\/asaja-palencia-informa\/el-carrion-y-el-pisuerga-mejoran-su-indice-de-escasez-pero-no-evitan-llegar-a-julio-en-sequia-prolongada#breadcrumb\"},\"inLanguage\":\"es\",\"potentialAction\":[{\"@type\":\"ReadAction\",\"target\":[\"https:\/\/www.asajacyl.com\/palencia\/asaja-palencia-informa\/el-carrion-y-el-pisuerga-mejoran-su-indice-de-escasez-pero-no-evitan-llegar-a-julio-en-sequia-prolongada\"]}]},{\"@type\":\"ImageObject\",\"inLanguage\":\"es\",\"@id\":\"https:\/\/www.asajacyl.com\/palencia\/asaja-palencia-informa\/el-carrion-y-el-pisuerga-mejoran-su-indice-de-escasez-pero-no-evitan-llegar-a-julio-en-sequia-prolongada#primaryimage\",\"url\":\"https:\/\/www.asajacyl.com\/palencia\/wp-content\/uploads\/sites\/3\/2022\/08\/EMBALSE-RUESGA.jpg\",\"contentUrl\":\"https:\/\/www.asajacyl.com\/palencia\/wp-content\/uploads\/sites\/3\/2022\/08\/EMBALSE-RUESGA.jpg\",\"width\":2048,\"height\":1536},{\"@type\":\"BreadcrumbList\",\"@id\":\"https:\/\/www.asajacyl.com\/palencia\/asaja-palencia-informa\/el-carrion-y-el-pisuerga-mejoran-su-indice-de-escasez-pero-no-evitan-llegar-a-julio-en-sequia-prolongada#breadcrumb\",\"itemListElement\":[{\"@type\":\"ListItem\",\"position\":1,\"name\":\"Portada\",\"item\":\"https:\/\/www.asajacyl.com\/palencia\/\"},{\"@type\":\"ListItem\",\"position\":2,\"name\":\"El Carri\u00f3n y el Pisuerga mejoran su \u00edndice de escasez, pero no evitan llegar a julio en \u00absequ\u00eda prolongada\u00bb\"}]},{\"@type\":\"WebSite\",\"@id\":\"https:\/\/www.asajacyl.com\/palencia\/#website\",\"url\":\"https:\/\/www.asajacyl.com\/palencia\/\",\"name\":\"ASAJA Palencia\",\"description\":\"Otro sitio m\u00e1s de Provincias ASAJA Castilla y Le\u00f3n\",\"potentialAction\":[{\"@type\":\"SearchAction\",\"target\":{\"@type\":\"EntryPoint\",\"urlTemplate\":\"https:\/\/www.asajacyl.com\/palencia\/?s={search_term_string}\"},\"query-input\":{\"@type\":\"PropertyValueSpecification\",\"valueRequired\":true,\"valueName\":\"search_term_string\"}}],\"inLanguage\":\"es\"},{\"@type\":\"Person\",\"@id\":\"https:\/\/www.asajacyl.com\/palencia\/#\/schema\/person\/3ab17aeb03527485c317557fae64aab1\",\"name\":\"Administrador\",\"image\":{\"@type\":\"ImageObject\",\"inLanguage\":\"es\",\"@id\":\"https:\/\/www.asajacyl.com\/palencia\/#\/schema\/person\/image\/\",\"url\":\"https:\/\/secure.gravatar.com\/avatar\/517384810d242ca9e38c180f3c9fb973?s=96&d=mm&r=g\",\"contentUrl\":\"https:\/\/secure.gravatar.com\/avatar\/517384810d242ca9e38c180f3c9fb973?s=96&d=mm&r=g\",\"caption\":\"Administrador\"},\"url\":\"https:\/\/www.asajacyl.com\/palencia\/author\/carlosrm\"}]}<\/script>\n<!-- \/ Yoast SEO plugin. -->","yoast_head_json":{"title":"El Carri\u00f3n y el Pisuerga mejoran su \u00edndice de escasez, pero no evitan llegar a julio en \u00absequ\u00eda prolongada\u00bb - ASAJA Palencia","description":"El \u00faltimo informe mensual de seguimiento del Plan Especial de Sequ\u00eda de la cuenca del Duero, con fecha del pasado 3 de julio, revela que los dos sistemas","robots":{"index":"index","follow":"follow","max-snippet":"max-snippet:-1","max-image-preview":"max-image-preview:large","max-video-preview":"max-video-preview:-1"},"canonical":"https:\/\/www.asajacyl.com\/palencia\/asaja-palencia-informa\/el-carrion-y-el-pisuerga-mejoran-su-indice-de-escasez-pero-no-evitan-llegar-a-julio-en-sequia-prolongada","og_locale":"es_ES","og_type":"article","og_title":"El Carri\u00f3n y el Pisuerga mejoran su \u00edndice de escasez, pero no evitan llegar a julio en \u00absequ\u00eda prolongada\u00bb - ASAJA Palencia","og_description":"El \u00faltimo informe mensual de seguimiento del Plan Especial de Sequ\u00eda de la cuenca del Duero, con fecha del pasado 3 de julio, revela que los dos sistemas","og_url":"https:\/\/www.asajacyl.com\/palencia\/asaja-palencia-informa\/el-carrion-y-el-pisuerga-mejoran-su-indice-de-escasez-pero-no-evitan-llegar-a-julio-en-sequia-prolongada","og_site_name":"ASAJA Palencia","article_published_time":"2023-07-21T09:00:00+00:00","og_image":[{"width":2048,"height":1536,"url":"https:\/\/www.asajacyl.com\/palencia\/wp-content\/uploads\/sites\/3\/2022\/08\/EMBALSE-RUESGA.jpg","type":"image\/jpeg"}],"author":"Administrador","twitter_card":"summary_large_image","twitter_misc":{"Escrito por":"Administrador","Tiempo de lectura":"4 minutos"},"schema":{"@context":"https:\/\/schema.org","@graph":[{"@type":"WebPage","@id":"https:\/\/www.asajacyl.com\/palencia\/asaja-palencia-informa\/el-carrion-y-el-pisuerga-mejoran-su-indice-de-escasez-pero-no-evitan-llegar-a-julio-en-sequia-prolongada","url":"https:\/\/www.asajacyl.com\/palencia\/asaja-palencia-informa\/el-carrion-y-el-pisuerga-mejoran-su-indice-de-escasez-pero-no-evitan-llegar-a-julio-en-sequia-prolongada","name":"El Carri\u00f3n y el Pisuerga mejoran su \u00edndice de escasez, pero no evitan llegar a julio en \u00absequ\u00eda prolongada\u00bb - ASAJA Palencia","isPartOf":{"@id":"https:\/\/www.asajacyl.com\/palencia\/#website"},"primaryImageOfPage":{"@id":"https:\/\/www.asajacyl.com\/palencia\/asaja-palencia-informa\/el-carrion-y-el-pisuerga-mejoran-su-indice-de-escasez-pero-no-evitan-llegar-a-julio-en-sequia-prolongada#primaryimage"},"image":{"@id":"https:\/\/www.asajacyl.com\/palencia\/asaja-palencia-informa\/el-carrion-y-el-pisuerga-mejoran-su-indice-de-escasez-pero-no-evitan-llegar-a-julio-en-sequia-prolongada#primaryimage"},"thumbnailUrl":"https:\/\/www.asajacyl.com\/palencia\/wp-content\/uploads\/sites\/3\/2022\/08\/EMBALSE-RUESGA.jpg","datePublished":"2023-07-21T09:00:00+00:00","author":{"@id":"https:\/\/www.asajacyl.com\/palencia\/#\/schema\/person\/3ab17aeb03527485c317557fae64aab1"},"description":"El \u00faltimo informe mensual de seguimiento del Plan Especial de Sequ\u00eda de la cuenca del Duero, con fecha del pasado 3 de julio, revela que los dos sistemas","breadcrumb":{"@id":"https:\/\/www.asajacyl.com\/palencia\/asaja-palencia-informa\/el-carrion-y-el-pisuerga-mejoran-su-indice-de-escasez-pero-no-evitan-llegar-a-julio-en-sequia-prolongada#breadcrumb"},"inLanguage":"es","potentialAction":[{"@type":"ReadAction","target":["https:\/\/www.asajacyl.com\/palencia\/asaja-palencia-informa\/el-carrion-y-el-pisuerga-mejoran-su-indice-de-escasez-pero-no-evitan-llegar-a-julio-en-sequia-prolongada"]}]},{"@type":"ImageObject","inLanguage":"es","@id":"https:\/\/www.asajacyl.com\/palencia\/asaja-palencia-informa\/el-carrion-y-el-pisuerga-mejoran-su-indice-de-escasez-pero-no-evitan-llegar-a-julio-en-sequia-prolongada#primaryimage","url":"https:\/\/www.asajacyl.com\/palencia\/wp-content\/uploads\/sites\/3\/2022\/08\/EMBALSE-RUESGA.jpg","contentUrl":"https:\/\/www.asajacyl.com\/palencia\/wp-content\/uploads\/sites\/3\/2022\/08\/EMBALSE-RUESGA.jpg","width":2048,"height":1536},{"@type":"BreadcrumbList","@id":"https:\/\/www.asajacyl.com\/palencia\/asaja-palencia-informa\/el-carrion-y-el-pisuerga-mejoran-su-indice-de-escasez-pero-no-evitan-llegar-a-julio-en-sequia-prolongada#breadcrumb","itemListElement":[{"@type":"ListItem","position":1,"name":"Portada","item":"https:\/\/www.asajacyl.com\/palencia\/"},{"@type":"ListItem","position":2,"name":"El Carri\u00f3n y el Pisuerga mejoran su \u00edndice de escasez, pero no evitan llegar a julio en \u00absequ\u00eda prolongada\u00bb"}]},{"@type":"WebSite","@id":"https:\/\/www.asajacyl.com\/palencia\/#website","url":"https:\/\/www.asajacyl.com\/palencia\/","name":"ASAJA Palencia","description":"Otro sitio m\u00e1s de Provincias ASAJA Castilla y Le\u00f3n","potentialAction":[{"@type":"SearchAction","target":{"@type":"EntryPoint","urlTemplate":"https:\/\/www.asajacyl.com\/palencia\/?s={search_term_string}"},"query-input":{"@type":"PropertyValueSpecification","valueRequired":true,"valueName":"search_term_string"}}],"inLanguage":"es"},{"@type":"Person","@id":"https:\/\/www.asajacyl.com\/palencia\/#\/schema\/person\/3ab17aeb03527485c317557fae64aab1","name":"Administrador","image":{"@type":"ImageObject","inLanguage":"es","@id":"https:\/\/www.asajacyl.com\/palencia\/#\/schema\/person\/image\/","url":"https:\/\/secure.gravatar.com\/avatar\/517384810d242ca9e38c180f3c9fb973?s=96&d=mm&r=g","contentUrl":"https:\/\/secure.gravatar.com\/avatar\/517384810d242ca9e38c180f3c9fb973?s=96&d=mm&r=g","caption":"Administrador"},"url":"https:\/\/www.asajacyl.com\/palencia\/author\/carlosrm"}]}},"_links":{"self":[{"href":"https:\/\/www.asajacyl.com\/palencia\/wp-json\/wp\/v2\/posts\/13778"}],"collection":[{"href":"https:\/\/www.asajacyl.com\/palencia\/wp-json\/wp\/v2\/posts"}],"about":[{"href":"https:\/\/www.asajacyl.com\/palencia\/wp-json\/wp\/v2\/types\/post"}],"author":[{"embeddable":true,"href":"https:\/\/www.asajacyl.com\/palencia\/wp-json\/wp\/v2\/users\/9"}],"replies":[{"embeddable":true,"href":"https:\/\/www.asajacyl.com\/palencia\/wp-json\/wp\/v2\/comments?post=13778"}],"version-history":[{"count":4,"href":"https:\/\/www.asajacyl.com\/palencia\/wp-json\/wp\/v2\/posts\/13778\/revisions"}],"predecessor-version":[{"id":13820,"href":"https:\/\/www.asajacyl.com\/palencia\/wp-json\/wp\/v2\/posts\/13778\/revisions\/13820"}],"wp:featuredmedia":[{"embeddable":true,"href":"https:\/\/www.asajacyl.com\/palencia\/wp-json\/wp\/v2\/media\/11345"}],"wp:attachment":[{"href":"https:\/\/www.asajacyl.com\/palencia\/wp-json\/wp\/v2\/media?parent=13778"}],"wp:term":[{"taxonomy":"category","embeddable":true,"href":"https:\/\/www.asajacyl.com\/palencia\/wp-json\/wp\/v2\/categories?post=13778"},{"taxonomy":"post_tag","embeddable":true,"href":"https:\/\/www.asajacyl.com\/palencia\/wp-json\/wp\/v2\/tags?post=13778"}],"curies":[{"name":"wp","href":"https:\/\/api.w.org\/{rel}","templated":true}]}}