{"id":13825,"date":"2023-07-23T08:00:00","date_gmt":"2023-07-23T06:00:00","guid":{"rendered":"https:\/\/www.asajacyl.com\/palencia\/?p=13825"},"modified":"2023-07-21T12:30:17","modified_gmt":"2023-07-21T10:30:17","slug":"el-uso-de-gasoleo-agricola-en-los-primeros-cinco-meses-del-ano-cae-el-23-en-la-provincia-de-palencia","status":"publish","type":"post","link":"https:\/\/www.asajacyl.com\/palencia\/asaja-palencia-informa\/el-uso-de-gasoleo-agricola-en-los-primeros-cinco-meses-del-ano-cae-el-23-en-la-provincia-de-palencia","title":{"rendered":"El uso de gas\u00f3leo agr\u00edcola en los primeros cinco meses del a\u00f1o cae el 23% en la provincia de Palencia"},"content":{"rendered":"\n<h2 class=\"wp-block-heading\">Palencia es la provincia de Castilla y Le\u00f3n en la que m\u00e1s ha ca\u00eddo el uso del carburante agr\u00edcola en los cinco primeros meses de 2023, s\u00edntoma claro de la crisis que padece el campo en nuestro territorio. Si el descenso a nivel regional (-17,5%) ya ha sido muy acusado de enero a mayo con respecto al mismo periodo de 2022, en Palencia la bajada es casi siete puntos porcentuales m\u00e1s grave (-23,4%). En una campa\u00f1a marcada por la inflaci\u00f3n de costes, los precios de venta bajos y la sequ\u00eda, los agricultores y los ganaderos palentinos se lo han pensado mucho antes de encender su maquinaria.<\/h2>\n\n\n\n<p>Seg\u00fan los datos de la Corporaci\u00f3n de Reservas Estrat\u00e9gicas de Productos Petrol\u00edferos (Cores), que ha difundido la agencia Ical recientemente, el campo palentino consumi\u00f3 de enero a mayo de este a\u00f1o cerca de 20.250 toneladas, frente a casi 25.450 toneladas de ese mismo periodo en 2022.<\/p>\n\n\n\n<p>Se trata del mayor descenso proporcional entre las provincias de Castilla y Le\u00f3n, donde la maquinaria agr\u00edcola en los cinco primeros meses de este a\u00f1o ha consumido 230.350 toneladas de carburante, frente a las casi 280.000 de enero a mayo de 2022. Tambi\u00e9n se ha reducido en consumo de gas\u00f3leo agr\u00edcola en m\u00e1s que una quinta parte en las provincias de Soria (-21,6%), Segovia (-21,3%) y Salamanca (-20,2%). Las bajadas menos acusada en Castilla y Le\u00f3n se registraron en Zamora (-5,4%) y Valladolid (-14,5%).<\/p>\n\n\n\n<p>Los datos de Cores sobre el gas\u00f3leo B contrastan con el comportamiento que, de enero a mayo, se observa en el conjunto de Castilla y Le\u00f3n en los tres carburantes del transporte (gas\u00f3leo A y gasolinas 95 y 98), con una ligera subida del 1% con respecto a ese periodo en 2022, debida a la mejora en su precio y al mantenimiento de las bonificaciones a los profesionales del transporte. El consumo de gas\u00f3leo A, de hecho, subi\u00f3 en la provincia de Palencia el 53%, mientras los repostajes de las gasolinas 95 y 98 se incrementaron cerca del 20% y del 5,8%, respectivamente.<strong>\/<\/strong><\/p>\n","protected":false},"excerpt":{"rendered":"<p>Palencia es la provincia de Castilla y Le\u00f3n en la que m\u00e1s ha ca\u00eddo el uso del carburante agr\u00edcola en los cinco primeros meses de 2023, s\u00edntoma claro de la crisis que padece el campo en nuestro territorio. Si el descenso a nivel regional (-17,5%) ya ha sido muy acusado de enero a mayo con [&hellip;]<\/p>\n","protected":false},"author":9,"featured_media":13826,"comment_status":"open","ping_status":"open","sticky":false,"template":"","format":"standard","meta":{"footnotes":""},"categories":[9,29,28],"tags":[58,371,272,166,77,279,93],"yoast_head":"<!-- This site is optimized with the Yoast SEO plugin v24.5 - https:\/\/yoast.com\/wordpress\/plugins\/seo\/ -->\n<title>El uso de gas\u00f3leo agr\u00edcola en los primeros cinco meses del a\u00f1o cae el 23% en la provincia de Palencia - ASAJA Palencia<\/title>\n<meta name=\"description\" content=\"Palencia es la provincia de Castilla y Le\u00f3n en la que m\u00e1s ha ca\u00eddo el uso del carburante agr\u00edcola en los cinco primeros meses de 2023, s\u00edntoma claro de la\" \/>\n<meta name=\"robots\" content=\"index, follow, max-snippet:-1, max-image-preview:large, max-video-preview:-1\" \/>\n<link rel=\"canonical\" href=\"https:\/\/www.asajacyl.com\/palencia\/asaja-palencia-informa\/el-uso-de-gasoleo-agricola-en-los-primeros-cinco-meses-del-ano-cae-el-23-en-la-provincia-de-palencia\" \/>\n<meta property=\"og:locale\" content=\"es_ES\" \/>\n<meta property=\"og:type\" content=\"article\" \/>\n<meta property=\"og:title\" content=\"El uso de gas\u00f3leo agr\u00edcola en los primeros cinco meses del a\u00f1o cae el 23% en la provincia de Palencia - ASAJA Palencia\" \/>\n<meta property=\"og:description\" content=\"Palencia es la provincia de Castilla y Le\u00f3n en la que m\u00e1s ha ca\u00eddo el uso del carburante agr\u00edcola en los cinco primeros meses de 2023, s\u00edntoma claro de la\" \/>\n<meta property=\"og:url\" content=\"https:\/\/www.asajacyl.com\/palencia\/asaja-palencia-informa\/el-uso-de-gasoleo-agricola-en-los-primeros-cinco-meses-del-ano-cae-el-23-en-la-provincia-de-palencia\" \/>\n<meta property=\"og:site_name\" content=\"ASAJA Palencia\" \/>\n<meta property=\"article:published_time\" content=\"2023-07-23T06:00:00+00:00\" \/>\n<meta property=\"og:image\" content=\"https:\/\/www.asajacyl.com\/palencia\/wp-content\/uploads\/sites\/3\/2023\/07\/Maquinaria-gasoleo.jpg\" \/>\n\t<meta property=\"og:image:width\" content=\"1890\" \/>\n\t<meta property=\"og:image:height\" content=\"1654\" \/>\n\t<meta property=\"og:image:type\" content=\"image\/jpeg\" \/>\n<meta name=\"author\" content=\"Administrador\" \/>\n<meta name=\"twitter:card\" content=\"summary_large_image\" \/>\n<meta name=\"twitter:label1\" content=\"Escrito por\" \/>\n\t<meta name=\"twitter:data1\" content=\"Administrador\" \/>\n\t<meta name=\"twitter:label2\" content=\"Tiempo de lectura\" \/>\n\t<meta name=\"twitter:data2\" content=\"2 minutos\" \/>\n<script type=\"application\/ld+json\" class=\"yoast-schema-graph\">{\"@context\":\"https:\/\/schema.org\",\"@graph\":[{\"@type\":\"WebPage\",\"@id\":\"https:\/\/www.asajacyl.com\/palencia\/asaja-palencia-informa\/el-uso-de-gasoleo-agricola-en-los-primeros-cinco-meses-del-ano-cae-el-23-en-la-provincia-de-palencia\",\"url\":\"https:\/\/www.asajacyl.com\/palencia\/asaja-palencia-informa\/el-uso-de-gasoleo-agricola-en-los-primeros-cinco-meses-del-ano-cae-el-23-en-la-provincia-de-palencia\",\"name\":\"El uso de gas\u00f3leo agr\u00edcola en los primeros cinco meses del a\u00f1o cae el 23% en la provincia de Palencia - ASAJA Palencia\",\"isPartOf\":{\"@id\":\"https:\/\/www.asajacyl.com\/palencia\/#website\"},\"primaryImageOfPage\":{\"@id\":\"https:\/\/www.asajacyl.com\/palencia\/asaja-palencia-informa\/el-uso-de-gasoleo-agricola-en-los-primeros-cinco-meses-del-ano-cae-el-23-en-la-provincia-de-palencia#primaryimage\"},\"image\":{\"@id\":\"https:\/\/www.asajacyl.com\/palencia\/asaja-palencia-informa\/el-uso-de-gasoleo-agricola-en-los-primeros-cinco-meses-del-ano-cae-el-23-en-la-provincia-de-palencia#primaryimage\"},\"thumbnailUrl\":\"https:\/\/www.asajacyl.com\/palencia\/wp-content\/uploads\/sites\/3\/2023\/07\/Maquinaria-gasoleo.jpg\",\"datePublished\":\"2023-07-23T06:00:00+00:00\",\"author\":{\"@id\":\"https:\/\/www.asajacyl.com\/palencia\/#\/schema\/person\/3ab17aeb03527485c317557fae64aab1\"},\"description\":\"Palencia es la provincia de Castilla y Le\u00f3n en la que m\u00e1s ha ca\u00eddo el uso del carburante agr\u00edcola en los cinco primeros meses de 2023, s\u00edntoma claro de la\",\"breadcrumb\":{\"@id\":\"https:\/\/www.asajacyl.com\/palencia\/asaja-palencia-informa\/el-uso-de-gasoleo-agricola-en-los-primeros-cinco-meses-del-ano-cae-el-23-en-la-provincia-de-palencia#breadcrumb\"},\"inLanguage\":\"es\",\"potentialAction\":[{\"@type\":\"ReadAction\",\"target\":[\"https:\/\/www.asajacyl.com\/palencia\/asaja-palencia-informa\/el-uso-de-gasoleo-agricola-en-los-primeros-cinco-meses-del-ano-cae-el-23-en-la-provincia-de-palencia\"]}]},{\"@type\":\"ImageObject\",\"inLanguage\":\"es\",\"@id\":\"https:\/\/www.asajacyl.com\/palencia\/asaja-palencia-informa\/el-uso-de-gasoleo-agricola-en-los-primeros-cinco-meses-del-ano-cae-el-23-en-la-provincia-de-palencia#primaryimage\",\"url\":\"https:\/\/www.asajacyl.com\/palencia\/wp-content\/uploads\/sites\/3\/2023\/07\/Maquinaria-gasoleo.jpg\",\"contentUrl\":\"https:\/\/www.asajacyl.com\/palencia\/wp-content\/uploads\/sites\/3\/2023\/07\/Maquinaria-gasoleo.jpg\",\"width\":1890,\"height\":1654},{\"@type\":\"BreadcrumbList\",\"@id\":\"https:\/\/www.asajacyl.com\/palencia\/asaja-palencia-informa\/el-uso-de-gasoleo-agricola-en-los-primeros-cinco-meses-del-ano-cae-el-23-en-la-provincia-de-palencia#breadcrumb\",\"itemListElement\":[{\"@type\":\"ListItem\",\"position\":1,\"name\":\"Portada\",\"item\":\"https:\/\/www.asajacyl.com\/palencia\/\"},{\"@type\":\"ListItem\",\"position\":2,\"name\":\"El uso de gas\u00f3leo agr\u00edcola en los primeros cinco meses del a\u00f1o cae el 23% en la provincia de Palencia\"}]},{\"@type\":\"WebSite\",\"@id\":\"https:\/\/www.asajacyl.com\/palencia\/#website\",\"url\":\"https:\/\/www.asajacyl.com\/palencia\/\",\"name\":\"ASAJA Palencia\",\"description\":\"Otro sitio m\u00e1s de Provincias ASAJA Castilla y Le\u00f3n\",\"potentialAction\":[{\"@type\":\"SearchAction\",\"target\":{\"@type\":\"EntryPoint\",\"urlTemplate\":\"https:\/\/www.asajacyl.com\/palencia\/?s={search_term_string}\"},\"query-input\":{\"@type\":\"PropertyValueSpecification\",\"valueRequired\":true,\"valueName\":\"search_term_string\"}}],\"inLanguage\":\"es\"},{\"@type\":\"Person\",\"@id\":\"https:\/\/www.asajacyl.com\/palencia\/#\/schema\/person\/3ab17aeb03527485c317557fae64aab1\",\"name\":\"Administrador\",\"image\":{\"@type\":\"ImageObject\",\"inLanguage\":\"es\",\"@id\":\"https:\/\/www.asajacyl.com\/palencia\/#\/schema\/person\/image\/\",\"url\":\"https:\/\/secure.gravatar.com\/avatar\/517384810d242ca9e38c180f3c9fb973?s=96&d=mm&r=g\",\"contentUrl\":\"https:\/\/secure.gravatar.com\/avatar\/517384810d242ca9e38c180f3c9fb973?s=96&d=mm&r=g\",\"caption\":\"Administrador\"},\"url\":\"https:\/\/www.asajacyl.com\/palencia\/author\/carlosrm\"}]}<\/script>\n<!-- \/ Yoast SEO plugin. -->","yoast_head_json":{"title":"El uso de gas\u00f3leo agr\u00edcola en los primeros cinco meses del a\u00f1o cae el 23% en la provincia de Palencia - ASAJA Palencia","description":"Palencia es la provincia de Castilla y Le\u00f3n en la que m\u00e1s ha ca\u00eddo el uso del carburante agr\u00edcola en los cinco primeros meses de 2023, s\u00edntoma claro de la","robots":{"index":"index","follow":"follow","max-snippet":"max-snippet:-1","max-image-preview":"max-image-preview:large","max-video-preview":"max-video-preview:-1"},"canonical":"https:\/\/www.asajacyl.com\/palencia\/asaja-palencia-informa\/el-uso-de-gasoleo-agricola-en-los-primeros-cinco-meses-del-ano-cae-el-23-en-la-provincia-de-palencia","og_locale":"es_ES","og_type":"article","og_title":"El uso de gas\u00f3leo agr\u00edcola en los primeros cinco meses del a\u00f1o cae el 23% en la provincia de Palencia - ASAJA Palencia","og_description":"Palencia es la provincia de Castilla y Le\u00f3n en la que m\u00e1s ha ca\u00eddo el uso del carburante agr\u00edcola en los cinco primeros meses de 2023, s\u00edntoma claro de la","og_url":"https:\/\/www.asajacyl.com\/palencia\/asaja-palencia-informa\/el-uso-de-gasoleo-agricola-en-los-primeros-cinco-meses-del-ano-cae-el-23-en-la-provincia-de-palencia","og_site_name":"ASAJA Palencia","article_published_time":"2023-07-23T06:00:00+00:00","og_image":[{"width":1890,"height":1654,"url":"https:\/\/www.asajacyl.com\/palencia\/wp-content\/uploads\/sites\/3\/2023\/07\/Maquinaria-gasoleo.jpg","type":"image\/jpeg"}],"author":"Administrador","twitter_card":"summary_large_image","twitter_misc":{"Escrito por":"Administrador","Tiempo de lectura":"2 minutos"},"schema":{"@context":"https:\/\/schema.org","@graph":[{"@type":"WebPage","@id":"https:\/\/www.asajacyl.com\/palencia\/asaja-palencia-informa\/el-uso-de-gasoleo-agricola-en-los-primeros-cinco-meses-del-ano-cae-el-23-en-la-provincia-de-palencia","url":"https:\/\/www.asajacyl.com\/palencia\/asaja-palencia-informa\/el-uso-de-gasoleo-agricola-en-los-primeros-cinco-meses-del-ano-cae-el-23-en-la-provincia-de-palencia","name":"El uso de gas\u00f3leo agr\u00edcola en los primeros cinco meses del a\u00f1o cae el 23% en la provincia de Palencia - ASAJA Palencia","isPartOf":{"@id":"https:\/\/www.asajacyl.com\/palencia\/#website"},"primaryImageOfPage":{"@id":"https:\/\/www.asajacyl.com\/palencia\/asaja-palencia-informa\/el-uso-de-gasoleo-agricola-en-los-primeros-cinco-meses-del-ano-cae-el-23-en-la-provincia-de-palencia#primaryimage"},"image":{"@id":"https:\/\/www.asajacyl.com\/palencia\/asaja-palencia-informa\/el-uso-de-gasoleo-agricola-en-los-primeros-cinco-meses-del-ano-cae-el-23-en-la-provincia-de-palencia#primaryimage"},"thumbnailUrl":"https:\/\/www.asajacyl.com\/palencia\/wp-content\/uploads\/sites\/3\/2023\/07\/Maquinaria-gasoleo.jpg","datePublished":"2023-07-23T06:00:00+00:00","author":{"@id":"https:\/\/www.asajacyl.com\/palencia\/#\/schema\/person\/3ab17aeb03527485c317557fae64aab1"},"description":"Palencia es la provincia de Castilla y Le\u00f3n en la que m\u00e1s ha ca\u00eddo el uso del carburante agr\u00edcola en los cinco primeros meses de 2023, s\u00edntoma claro de la","breadcrumb":{"@id":"https:\/\/www.asajacyl.com\/palencia\/asaja-palencia-informa\/el-uso-de-gasoleo-agricola-en-los-primeros-cinco-meses-del-ano-cae-el-23-en-la-provincia-de-palencia#breadcrumb"},"inLanguage":"es","potentialAction":[{"@type":"ReadAction","target":["https:\/\/www.asajacyl.com\/palencia\/asaja-palencia-informa\/el-uso-de-gasoleo-agricola-en-los-primeros-cinco-meses-del-ano-cae-el-23-en-la-provincia-de-palencia"]}]},{"@type":"ImageObject","inLanguage":"es","@id":"https:\/\/www.asajacyl.com\/palencia\/asaja-palencia-informa\/el-uso-de-gasoleo-agricola-en-los-primeros-cinco-meses-del-ano-cae-el-23-en-la-provincia-de-palencia#primaryimage","url":"https:\/\/www.asajacyl.com\/palencia\/wp-content\/uploads\/sites\/3\/2023\/07\/Maquinaria-gasoleo.jpg","contentUrl":"https:\/\/www.asajacyl.com\/palencia\/wp-content\/uploads\/sites\/3\/2023\/07\/Maquinaria-gasoleo.jpg","width":1890,"height":1654},{"@type":"BreadcrumbList","@id":"https:\/\/www.asajacyl.com\/palencia\/asaja-palencia-informa\/el-uso-de-gasoleo-agricola-en-los-primeros-cinco-meses-del-ano-cae-el-23-en-la-provincia-de-palencia#breadcrumb","itemListElement":[{"@type":"ListItem","position":1,"name":"Portada","item":"https:\/\/www.asajacyl.com\/palencia\/"},{"@type":"ListItem","position":2,"name":"El uso de gas\u00f3leo agr\u00edcola en los primeros cinco meses del a\u00f1o cae el 23% en la provincia de Palencia"}]},{"@type":"WebSite","@id":"https:\/\/www.asajacyl.com\/palencia\/#website","url":"https:\/\/www.asajacyl.com\/palencia\/","name":"ASAJA Palencia","description":"Otro sitio m\u00e1s de Provincias ASAJA Castilla y Le\u00f3n","potentialAction":[{"@type":"SearchAction","target":{"@type":"EntryPoint","urlTemplate":"https:\/\/www.asajacyl.com\/palencia\/?s={search_term_string}"},"query-input":{"@type":"PropertyValueSpecification","valueRequired":true,"valueName":"search_term_string"}}],"inLanguage":"es"},{"@type":"Person","@id":"https:\/\/www.asajacyl.com\/palencia\/#\/schema\/person\/3ab17aeb03527485c317557fae64aab1","name":"Administrador","image":{"@type":"ImageObject","inLanguage":"es","@id":"https:\/\/www.asajacyl.com\/palencia\/#\/schema\/person\/image\/","url":"https:\/\/secure.gravatar.com\/avatar\/517384810d242ca9e38c180f3c9fb973?s=96&d=mm&r=g","contentUrl":"https:\/\/secure.gravatar.com\/avatar\/517384810d242ca9e38c180f3c9fb973?s=96&d=mm&r=g","caption":"Administrador"},"url":"https:\/\/www.asajacyl.com\/palencia\/author\/carlosrm"}]}},"_links":{"self":[{"href":"https:\/\/www.asajacyl.com\/palencia\/wp-json\/wp\/v2\/posts\/13825"}],"collection":[{"href":"https:\/\/www.asajacyl.com\/palencia\/wp-json\/wp\/v2\/posts"}],"about":[{"href":"https:\/\/www.asajacyl.com\/palencia\/wp-json\/wp\/v2\/types\/post"}],"author":[{"embeddable":true,"href":"https:\/\/www.asajacyl.com\/palencia\/wp-json\/wp\/v2\/users\/9"}],"replies":[{"embeddable":true,"href":"https:\/\/www.asajacyl.com\/palencia\/wp-json\/wp\/v2\/comments?post=13825"}],"version-history":[{"count":2,"href":"https:\/\/www.asajacyl.com\/palencia\/wp-json\/wp\/v2\/posts\/13825\/revisions"}],"predecessor-version":[{"id":13828,"href":"https:\/\/www.asajacyl.com\/palencia\/wp-json\/wp\/v2\/posts\/13825\/revisions\/13828"}],"wp:featuredmedia":[{"embeddable":true,"href":"https:\/\/www.asajacyl.com\/palencia\/wp-json\/wp\/v2\/media\/13826"}],"wp:attachment":[{"href":"https:\/\/www.asajacyl.com\/palencia\/wp-json\/wp\/v2\/media?parent=13825"}],"wp:term":[{"taxonomy":"category","embeddable":true,"href":"https:\/\/www.asajacyl.com\/palencia\/wp-json\/wp\/v2\/categories?post=13825"},{"taxonomy":"post_tag","embeddable":true,"href":"https:\/\/www.asajacyl.com\/palencia\/wp-json\/wp\/v2\/tags?post=13825"}],"curies":[{"name":"wp","href":"https:\/\/api.w.org\/{rel}","templated":true}]}}