{"id":13853,"date":"2023-07-28T10:27:12","date_gmt":"2023-07-28T08:27:12","guid":{"rendered":"https:\/\/www.asajacyl.com\/palencia\/?p=13853"},"modified":"2023-07-26T12:19:48","modified_gmt":"2023-07-26T10:19:48","slug":"agricultores-y-ganaderos-de-veinte-paises-contra-la-ley-de-restauracion-de-la-naturaleza","status":"publish","type":"post","link":"https:\/\/www.asajacyl.com\/palencia\/asaja-palencia-informa\/agricultores-y-ganaderos-de-veinte-paises-contra-la-ley-de-restauracion-de-la-naturaleza","title":{"rendered":"Agricultores y ganaderos de veinte pa\u00edses, contra la Ley de Restauraci\u00f3n de la Naturaleza"},"content":{"rendered":"\n<h2 class=\"wp-block-heading\">M\u00e1s de trescientos agricultores y ganaderos de veinte delegaciones nacionales de la Uni\u00f3n Europea se han personado en Estrasburgo para dar un no rotundo a la propuesta de Ley de Restauraci\u00f3n de la Naturaleza. Los profesionales del campo participaron en una nueva manifestaci\u00f3n-sorpresa convocada por las dos entidades representativas del sector en el \u00e1mbito comunitario, tanto de las asociaciones y organizaciones profesionales (COPA) como de las cooperativas agroganaderas (COGECA).<\/h2>\n\n\n\n<p>Las delegaciones, a las que se unieron una veintena de eurodiputados, acudieron al acto para clamar que los agricultores son los primeros interesados en la restauraci\u00f3n de la naturaleza, pero que no puede lograrse con esta propuesta tal y como se present\u00f3 ante el Parlamento Europeo, que a mediados de mes aprob\u00f3 la nueva ley.<\/p>\n\n\n\n<p>ASAJA ha acogido con indignaci\u00f3n y gran preocupaci\u00f3n la reciente aprobaci\u00f3n en el Parlamento Europeo de la Ley de Restauraci\u00f3n de la Naturaleza por un ajustado margen (324 votos a favor y 312 en contra). Nuestra organizaci\u00f3n reconoce la importancia de proteger nuestro medio natural y est\u00e1 comprometida con la restauraci\u00f3n de la naturaleza en armon\u00eda con la actividad agr\u00edcola. Sin embargo, ASAJA discrepa de modo significativo con la orientaci\u00f3n de esta ley, que perjudicar\u00e1 a los agricultores y ganaderos espa\u00f1oles. <\/p>\n\n\n\n<p>Tras el primer acto sorpresa organizado por COPA-COGECA hace un mes en Bruselas, esta vez unas veinte delegaciones nacionales se dieron cita en Estrasburgo para protestar con motivo del debate parlamentario y la votaci\u00f3n en el plenario reunido en Estrasburgo. <\/p>\n\n\n\n<p>Las tres comisiones del Parlamento Europeo que intentaron enmendar el texto no lograron un desenlace satisfactorio, debido al desequilibrio que caracteriza al texto propuesto por la Comisi\u00f3n y a la total falta de claridad respecto a la financiaci\u00f3n correspondiente.<\/p>\n\n\n\n<p><strong>CORTINA DE HUMO. <\/strong>Algunos activistas han levantado una cortina de humo en torno a la comunicaci\u00f3n pol\u00edtica, con una argumento simplista que reduce la controversia a una postura \u00aba favor o en contra\u00bb de la restauraci\u00f3n de la naturaleza. <\/p>\n\n\n\n<p>Ese manique\u00edsmo ha imposibilitado que haya un debate decente sobre el contenido de la propuesta. Los miembros del Parlamento Europeo han quedado as\u00ed situados entre la espada y la pared: o aceptaban o rechazaban en el Pleno esta propuesta, que parte de unas enmiendas apresuradas, o simplemente copiadas de la orientaci\u00f3n general del Consejo. Pero un par de enmiendas no disipar\u00e1n los problemas de fondo que presenta el texto.<\/p>\n\n\n\n<p>Sisumamos las dem\u00e1s pol\u00edticas del Pacto Verde y una pol\u00edtica comercial desajustada, resulta muy poco probable que se logren los objetivos estipulados en la Ley de Restauraci\u00f3n de la Naturaleza. Nadie saldr\u00e1 ganando con esta iniciativa. M\u00e1s bien habr\u00e1 muchos perdedores en nuestras zonas rurales, empezando por las estructuras econ\u00f3micas m\u00e1s peque\u00f1as y fr\u00e1giles. Por eso, todos los agricultores y ganaderos que acudieron a Estrasburgo desde toda Europa reflejan la generalizada opini\u00f3n de un sector primario que considera inviable esta ley inviable.<strong>\/<\/strong><\/p>\n\n\n\n<figure class=\"wp-block-image size-large\"><img loading=\"lazy\" decoding=\"async\" width=\"1024\" height=\"573\" src=\"https:\/\/www.asajacyl.com\/palencia\/wp-content\/uploads\/sites\/3\/2023\/07\/Mani2-contra-LRN-Estrasburg-1024x573.jpg\" alt=\"\" class=\"wp-image-13855\" srcset=\"https:\/\/www.asajacyl.com\/palencia\/wp-content\/uploads\/sites\/3\/2023\/07\/Mani2-contra-LRN-Estrasburg-1024x573.jpg 1024w, https:\/\/www.asajacyl.com\/palencia\/wp-content\/uploads\/sites\/3\/2023\/07\/Mani2-contra-LRN-Estrasburg-300x168.jpg 300w, https:\/\/www.asajacyl.com\/palencia\/wp-content\/uploads\/sites\/3\/2023\/07\/Mani2-contra-LRN-Estrasburg-768x430.jpg 768w, https:\/\/www.asajacyl.com\/palencia\/wp-content\/uploads\/sites\/3\/2023\/07\/Mani2-contra-LRN-Estrasburg-1536x860.jpg 1536w, https:\/\/www.asajacyl.com\/palencia\/wp-content\/uploads\/sites\/3\/2023\/07\/Mani2-contra-LRN-Estrasburg-696x390.jpg 696w, https:\/\/www.asajacyl.com\/palencia\/wp-content\/uploads\/sites\/3\/2023\/07\/Mani2-contra-LRN-Estrasburg-1068x598.jpg 1068w, https:\/\/www.asajacyl.com\/palencia\/wp-content\/uploads\/sites\/3\/2023\/07\/Mani2-contra-LRN-Estrasburg-1920x1075.jpg 1920w, https:\/\/www.asajacyl.com\/palencia\/wp-content\/uploads\/sites\/3\/2023\/07\/Mani2-contra-LRN-Estrasburg-750x420.jpg 750w, https:\/\/www.asajacyl.com\/palencia\/wp-content\/uploads\/sites\/3\/2023\/07\/Mani2-contra-LRN-Estrasburg.jpg 1949w\" sizes=\"(max-width: 1024px) 100vw, 1024px\" \/><\/figure>\n","protected":false},"excerpt":{"rendered":"<p>M\u00e1s de trescientos agricultores y ganaderos de veinte delegaciones nacionales de la Uni\u00f3n Europea se han personado en Estrasburgo para dar un no rotundo a la propuesta de Ley de Restauraci\u00f3n de la Naturaleza. Los profesionales del campo participaron en una nueva manifestaci\u00f3n-sorpresa convocada por las dos entidades representativas del sector en el \u00e1mbito comunitario, [&hellip;]<\/p>\n","protected":false},"author":9,"featured_media":13856,"comment_status":"open","ping_status":"open","sticky":false,"template":"","format":"standard","meta":{"footnotes":""},"categories":[9,29,28],"tags":[58,238,332,77,287,191,44],"yoast_head":"<!-- This site is optimized with the Yoast SEO plugin v24.5 - https:\/\/yoast.com\/wordpress\/plugins\/seo\/ -->\n<title>Agricultores y ganaderos de veinte pa\u00edses, contra la Ley de Restauraci\u00f3n de la Naturaleza - ASAJA Palencia<\/title>\n<meta name=\"description\" content=\"M\u00e1s de trescientos agricultores y ganaderos de veinte delegaciones nacionales de la Uni\u00f3n Europea se han personado en Estrasburgo para dar un no rotundo a\" \/>\n<meta name=\"robots\" content=\"index, follow, max-snippet:-1, max-image-preview:large, max-video-preview:-1\" \/>\n<link rel=\"canonical\" href=\"https:\/\/www.asajacyl.com\/palencia\/asaja-palencia-informa\/agricultores-y-ganaderos-de-veinte-paises-contra-la-ley-de-restauracion-de-la-naturaleza\" \/>\n<meta property=\"og:locale\" content=\"es_ES\" \/>\n<meta property=\"og:type\" content=\"article\" \/>\n<meta property=\"og:title\" content=\"Agricultores y ganaderos de veinte pa\u00edses, contra la Ley de Restauraci\u00f3n de la Naturaleza - ASAJA Palencia\" \/>\n<meta property=\"og:description\" content=\"M\u00e1s de trescientos agricultores y ganaderos de veinte delegaciones nacionales de la Uni\u00f3n Europea se han personado en Estrasburgo para dar un no rotundo a\" \/>\n<meta property=\"og:url\" content=\"https:\/\/www.asajacyl.com\/palencia\/asaja-palencia-informa\/agricultores-y-ganaderos-de-veinte-paises-contra-la-ley-de-restauracion-de-la-naturaleza\" \/>\n<meta property=\"og:site_name\" content=\"ASAJA Palencia\" \/>\n<meta property=\"article:published_time\" content=\"2023-07-28T08:27:12+00:00\" \/>\n<meta property=\"og:image\" content=\"https:\/\/www.asajacyl.com\/palencia\/wp-content\/uploads\/sites\/3\/2023\/07\/Mani-contra-LRN-Estrasburgo-1024x896.jpg\" \/>\n\t<meta property=\"og:image:width\" content=\"1024\" \/>\n\t<meta property=\"og:image:height\" content=\"896\" \/>\n\t<meta property=\"og:image:type\" content=\"image\/jpeg\" \/>\n<meta name=\"author\" content=\"Administrador\" \/>\n<meta name=\"twitter:card\" content=\"summary_large_image\" \/>\n<meta name=\"twitter:label1\" content=\"Escrito por\" \/>\n\t<meta name=\"twitter:data1\" content=\"Administrador\" \/>\n\t<meta name=\"twitter:label2\" content=\"Tiempo de lectura\" \/>\n\t<meta name=\"twitter:data2\" content=\"3 minutos\" \/>\n<script type=\"application\/ld+json\" class=\"yoast-schema-graph\">{\"@context\":\"https:\/\/schema.org\",\"@graph\":[{\"@type\":\"WebPage\",\"@id\":\"https:\/\/www.asajacyl.com\/palencia\/asaja-palencia-informa\/agricultores-y-ganaderos-de-veinte-paises-contra-la-ley-de-restauracion-de-la-naturaleza\",\"url\":\"https:\/\/www.asajacyl.com\/palencia\/asaja-palencia-informa\/agricultores-y-ganaderos-de-veinte-paises-contra-la-ley-de-restauracion-de-la-naturaleza\",\"name\":\"Agricultores y ganaderos de veinte pa\u00edses, contra la Ley de Restauraci\u00f3n de la Naturaleza - ASAJA Palencia\",\"isPartOf\":{\"@id\":\"https:\/\/www.asajacyl.com\/palencia\/#website\"},\"primaryImageOfPage\":{\"@id\":\"https:\/\/www.asajacyl.com\/palencia\/asaja-palencia-informa\/agricultores-y-ganaderos-de-veinte-paises-contra-la-ley-de-restauracion-de-la-naturaleza#primaryimage\"},\"image\":{\"@id\":\"https:\/\/www.asajacyl.com\/palencia\/asaja-palencia-informa\/agricultores-y-ganaderos-de-veinte-paises-contra-la-ley-de-restauracion-de-la-naturaleza#primaryimage\"},\"thumbnailUrl\":\"https:\/\/www.asajacyl.com\/palencia\/wp-content\/uploads\/sites\/3\/2023\/07\/Mani-contra-LRN-Estrasburgo.jpg\",\"datePublished\":\"2023-07-28T08:27:12+00:00\",\"author\":{\"@id\":\"https:\/\/www.asajacyl.com\/palencia\/#\/schema\/person\/3ab17aeb03527485c317557fae64aab1\"},\"description\":\"M\u00e1s de trescientos agricultores y ganaderos de veinte delegaciones nacionales de la Uni\u00f3n Europea se han personado en Estrasburgo para dar un no rotundo a\",\"breadcrumb\":{\"@id\":\"https:\/\/www.asajacyl.com\/palencia\/asaja-palencia-informa\/agricultores-y-ganaderos-de-veinte-paises-contra-la-ley-de-restauracion-de-la-naturaleza#breadcrumb\"},\"inLanguage\":\"es\",\"potentialAction\":[{\"@type\":\"ReadAction\",\"target\":[\"https:\/\/www.asajacyl.com\/palencia\/asaja-palencia-informa\/agricultores-y-ganaderos-de-veinte-paises-contra-la-ley-de-restauracion-de-la-naturaleza\"]}]},{\"@type\":\"ImageObject\",\"inLanguage\":\"es\",\"@id\":\"https:\/\/www.asajacyl.com\/palencia\/asaja-palencia-informa\/agricultores-y-ganaderos-de-veinte-paises-contra-la-ley-de-restauracion-de-la-naturaleza#primaryimage\",\"url\":\"https:\/\/www.asajacyl.com\/palencia\/wp-content\/uploads\/sites\/3\/2023\/07\/Mani-contra-LRN-Estrasburgo.jpg\",\"contentUrl\":\"https:\/\/www.asajacyl.com\/palencia\/wp-content\/uploads\/sites\/3\/2023\/07\/Mani-contra-LRN-Estrasburgo.jpg\",\"width\":1890,\"height\":1654},{\"@type\":\"BreadcrumbList\",\"@id\":\"https:\/\/www.asajacyl.com\/palencia\/asaja-palencia-informa\/agricultores-y-ganaderos-de-veinte-paises-contra-la-ley-de-restauracion-de-la-naturaleza#breadcrumb\",\"itemListElement\":[{\"@type\":\"ListItem\",\"position\":1,\"name\":\"Portada\",\"item\":\"https:\/\/www.asajacyl.com\/palencia\/\"},{\"@type\":\"ListItem\",\"position\":2,\"name\":\"Agricultores y ganaderos de veinte pa\u00edses, contra la Ley de Restauraci\u00f3n de la Naturaleza\"}]},{\"@type\":\"WebSite\",\"@id\":\"https:\/\/www.asajacyl.com\/palencia\/#website\",\"url\":\"https:\/\/www.asajacyl.com\/palencia\/\",\"name\":\"ASAJA Palencia\",\"description\":\"Otro sitio m\u00e1s de Provincias ASAJA Castilla y Le\u00f3n\",\"potentialAction\":[{\"@type\":\"SearchAction\",\"target\":{\"@type\":\"EntryPoint\",\"urlTemplate\":\"https:\/\/www.asajacyl.com\/palencia\/?s={search_term_string}\"},\"query-input\":{\"@type\":\"PropertyValueSpecification\",\"valueRequired\":true,\"valueName\":\"search_term_string\"}}],\"inLanguage\":\"es\"},{\"@type\":\"Person\",\"@id\":\"https:\/\/www.asajacyl.com\/palencia\/#\/schema\/person\/3ab17aeb03527485c317557fae64aab1\",\"name\":\"Administrador\",\"image\":{\"@type\":\"ImageObject\",\"inLanguage\":\"es\",\"@id\":\"https:\/\/www.asajacyl.com\/palencia\/#\/schema\/person\/image\/\",\"url\":\"https:\/\/secure.gravatar.com\/avatar\/517384810d242ca9e38c180f3c9fb973?s=96&d=mm&r=g\",\"contentUrl\":\"https:\/\/secure.gravatar.com\/avatar\/517384810d242ca9e38c180f3c9fb973?s=96&d=mm&r=g\",\"caption\":\"Administrador\"},\"url\":\"https:\/\/www.asajacyl.com\/palencia\/author\/carlosrm\"}]}<\/script>\n<!-- \/ Yoast SEO plugin. -->","yoast_head_json":{"title":"Agricultores y ganaderos de veinte pa\u00edses, contra la Ley de Restauraci\u00f3n de la Naturaleza - ASAJA Palencia","description":"M\u00e1s de trescientos agricultores y ganaderos de veinte delegaciones nacionales de la Uni\u00f3n Europea se han personado en Estrasburgo para dar un no rotundo a","robots":{"index":"index","follow":"follow","max-snippet":"max-snippet:-1","max-image-preview":"max-image-preview:large","max-video-preview":"max-video-preview:-1"},"canonical":"https:\/\/www.asajacyl.com\/palencia\/asaja-palencia-informa\/agricultores-y-ganaderos-de-veinte-paises-contra-la-ley-de-restauracion-de-la-naturaleza","og_locale":"es_ES","og_type":"article","og_title":"Agricultores y ganaderos de veinte pa\u00edses, contra la Ley de Restauraci\u00f3n de la Naturaleza - ASAJA Palencia","og_description":"M\u00e1s de trescientos agricultores y ganaderos de veinte delegaciones nacionales de la Uni\u00f3n Europea se han personado en Estrasburgo para dar un no rotundo a","og_url":"https:\/\/www.asajacyl.com\/palencia\/asaja-palencia-informa\/agricultores-y-ganaderos-de-veinte-paises-contra-la-ley-de-restauracion-de-la-naturaleza","og_site_name":"ASAJA Palencia","article_published_time":"2023-07-28T08:27:12+00:00","og_image":[{"width":1024,"height":896,"url":"https:\/\/www.asajacyl.com\/palencia\/wp-content\/uploads\/sites\/3\/2023\/07\/Mani-contra-LRN-Estrasburgo-1024x896.jpg","type":"image\/jpeg"}],"author":"Administrador","twitter_card":"summary_large_image","twitter_misc":{"Escrito por":"Administrador","Tiempo de lectura":"3 minutos"},"schema":{"@context":"https:\/\/schema.org","@graph":[{"@type":"WebPage","@id":"https:\/\/www.asajacyl.com\/palencia\/asaja-palencia-informa\/agricultores-y-ganaderos-de-veinte-paises-contra-la-ley-de-restauracion-de-la-naturaleza","url":"https:\/\/www.asajacyl.com\/palencia\/asaja-palencia-informa\/agricultores-y-ganaderos-de-veinte-paises-contra-la-ley-de-restauracion-de-la-naturaleza","name":"Agricultores y ganaderos de veinte pa\u00edses, contra la Ley de Restauraci\u00f3n de la Naturaleza - ASAJA Palencia","isPartOf":{"@id":"https:\/\/www.asajacyl.com\/palencia\/#website"},"primaryImageOfPage":{"@id":"https:\/\/www.asajacyl.com\/palencia\/asaja-palencia-informa\/agricultores-y-ganaderos-de-veinte-paises-contra-la-ley-de-restauracion-de-la-naturaleza#primaryimage"},"image":{"@id":"https:\/\/www.asajacyl.com\/palencia\/asaja-palencia-informa\/agricultores-y-ganaderos-de-veinte-paises-contra-la-ley-de-restauracion-de-la-naturaleza#primaryimage"},"thumbnailUrl":"https:\/\/www.asajacyl.com\/palencia\/wp-content\/uploads\/sites\/3\/2023\/07\/Mani-contra-LRN-Estrasburgo.jpg","datePublished":"2023-07-28T08:27:12+00:00","author":{"@id":"https:\/\/www.asajacyl.com\/palencia\/#\/schema\/person\/3ab17aeb03527485c317557fae64aab1"},"description":"M\u00e1s de trescientos agricultores y ganaderos de veinte delegaciones nacionales de la Uni\u00f3n Europea se han personado en Estrasburgo para dar un no rotundo a","breadcrumb":{"@id":"https:\/\/www.asajacyl.com\/palencia\/asaja-palencia-informa\/agricultores-y-ganaderos-de-veinte-paises-contra-la-ley-de-restauracion-de-la-naturaleza#breadcrumb"},"inLanguage":"es","potentialAction":[{"@type":"ReadAction","target":["https:\/\/www.asajacyl.com\/palencia\/asaja-palencia-informa\/agricultores-y-ganaderos-de-veinte-paises-contra-la-ley-de-restauracion-de-la-naturaleza"]}]},{"@type":"ImageObject","inLanguage":"es","@id":"https:\/\/www.asajacyl.com\/palencia\/asaja-palencia-informa\/agricultores-y-ganaderos-de-veinte-paises-contra-la-ley-de-restauracion-de-la-naturaleza#primaryimage","url":"https:\/\/www.asajacyl.com\/palencia\/wp-content\/uploads\/sites\/3\/2023\/07\/Mani-contra-LRN-Estrasburgo.jpg","contentUrl":"https:\/\/www.asajacyl.com\/palencia\/wp-content\/uploads\/sites\/3\/2023\/07\/Mani-contra-LRN-Estrasburgo.jpg","width":1890,"height":1654},{"@type":"BreadcrumbList","@id":"https:\/\/www.asajacyl.com\/palencia\/asaja-palencia-informa\/agricultores-y-ganaderos-de-veinte-paises-contra-la-ley-de-restauracion-de-la-naturaleza#breadcrumb","itemListElement":[{"@type":"ListItem","position":1,"name":"Portada","item":"https:\/\/www.asajacyl.com\/palencia\/"},{"@type":"ListItem","position":2,"name":"Agricultores y ganaderos de veinte pa\u00edses, contra la Ley de Restauraci\u00f3n de la Naturaleza"}]},{"@type":"WebSite","@id":"https:\/\/www.asajacyl.com\/palencia\/#website","url":"https:\/\/www.asajacyl.com\/palencia\/","name":"ASAJA Palencia","description":"Otro sitio m\u00e1s de Provincias ASAJA Castilla y Le\u00f3n","potentialAction":[{"@type":"SearchAction","target":{"@type":"EntryPoint","urlTemplate":"https:\/\/www.asajacyl.com\/palencia\/?s={search_term_string}"},"query-input":{"@type":"PropertyValueSpecification","valueRequired":true,"valueName":"search_term_string"}}],"inLanguage":"es"},{"@type":"Person","@id":"https:\/\/www.asajacyl.com\/palencia\/#\/schema\/person\/3ab17aeb03527485c317557fae64aab1","name":"Administrador","image":{"@type":"ImageObject","inLanguage":"es","@id":"https:\/\/www.asajacyl.com\/palencia\/#\/schema\/person\/image\/","url":"https:\/\/secure.gravatar.com\/avatar\/517384810d242ca9e38c180f3c9fb973?s=96&d=mm&r=g","contentUrl":"https:\/\/secure.gravatar.com\/avatar\/517384810d242ca9e38c180f3c9fb973?s=96&d=mm&r=g","caption":"Administrador"},"url":"https:\/\/www.asajacyl.com\/palencia\/author\/carlosrm"}]}},"_links":{"self":[{"href":"https:\/\/www.asajacyl.com\/palencia\/wp-json\/wp\/v2\/posts\/13853"}],"collection":[{"href":"https:\/\/www.asajacyl.com\/palencia\/wp-json\/wp\/v2\/posts"}],"about":[{"href":"https:\/\/www.asajacyl.com\/palencia\/wp-json\/wp\/v2\/types\/post"}],"author":[{"embeddable":true,"href":"https:\/\/www.asajacyl.com\/palencia\/wp-json\/wp\/v2\/users\/9"}],"replies":[{"embeddable":true,"href":"https:\/\/www.asajacyl.com\/palencia\/wp-json\/wp\/v2\/comments?post=13853"}],"version-history":[{"count":1,"href":"https:\/\/www.asajacyl.com\/palencia\/wp-json\/wp\/v2\/posts\/13853\/revisions"}],"predecessor-version":[{"id":13858,"href":"https:\/\/www.asajacyl.com\/palencia\/wp-json\/wp\/v2\/posts\/13853\/revisions\/13858"}],"wp:featuredmedia":[{"embeddable":true,"href":"https:\/\/www.asajacyl.com\/palencia\/wp-json\/wp\/v2\/media\/13856"}],"wp:attachment":[{"href":"https:\/\/www.asajacyl.com\/palencia\/wp-json\/wp\/v2\/media?parent=13853"}],"wp:term":[{"taxonomy":"category","embeddable":true,"href":"https:\/\/www.asajacyl.com\/palencia\/wp-json\/wp\/v2\/categories?post=13853"},{"taxonomy":"post_tag","embeddable":true,"href":"https:\/\/www.asajacyl.com\/palencia\/wp-json\/wp\/v2\/tags?post=13853"}],"curies":[{"name":"wp","href":"https:\/\/api.w.org\/{rel}","templated":true}]}}