{"id":13864,"date":"2023-07-27T11:50:52","date_gmt":"2023-07-27T09:50:52","guid":{"rendered":"https:\/\/www.asajacyl.com\/palencia\/?p=13864"},"modified":"2023-07-28T00:31:21","modified_gmt":"2023-07-27T22:31:21","slug":"el-ministerio-fija-en-225-e-su-ayuda-maxima-por-sequia-en-palencia-para-herbaceos-de-secano","status":"publish","type":"post","link":"https:\/\/www.asajacyl.com\/palencia\/asaja-palencia-informa\/el-ministerio-fija-en-225-e-su-ayuda-maxima-por-sequia-en-palencia-para-herbaceos-de-secano","title":{"rendered":"El Ministerio fija en 22,5 \u20ac\/ha su ayuda m\u00e1xima por sequ\u00eda en Palencia para herb\u00e1ceos de secano"},"content":{"rendered":"\n<h2 class=\"wp-block-heading\">El Gobierno de Espa\u00f1a ha publicado en el Bolet\u00edn Oficial del Estado de este mi\u00e9rcoles, 26 de julio, los criterios de concesi\u00f3n de las ayudas extraordinarias a los agricultores por la sequ\u00eda y por los sobrecostes derivados de la guerra de Ucrania. Su importe total es de 357,7 millones de euros para el conjunto del pa\u00eds (cifra similar a los 355 ya aprobados en ayudas para la ganader\u00eda). Esa cantidad incluye ya los 81 millones del fondo de reserva asignados a nuestro pa\u00eds por la Uni\u00f3n Europea, que el Ministerio de Agricultura, Pesca y Alimentaci\u00f3n (MAPA) destina \u00edntegramente para ayudas en frutales y otros cultivos le\u00f1osos. Como avanz\u00f3 hace semanas, el MAPA mantiene a Palencia entre las zonas de afecci\u00f3n \u00abmenos severa\u00bb por la sequ\u00eda, as\u00ed que el importe de la ayuda en los cultivos herb\u00e1ceos de secano ser\u00e1 la mitad que en las de afecci\u00f3n alta. La cuant\u00eda m\u00e1xima para el agricultor palentino por ese concepto se fija, pues, en 22,5 euros por hect\u00e1rea.<\/h2>\n\n\n\n<p>La orden ministerial se ha publicado en el BOE, una vez consultadas las comunidades aut\u00f3nomas y las organizaciones del sector agrario. Hace un mes, ASAJA-Castilla y Le\u00f3n ya calific\u00f3 como un \u00abesc\u00e1ndalo\u00bb y un \u00abagravio sin precedentes\u00bb los cerca de cien millones de euros escamoteados por el Gobierno de Espa\u00f1a al campo de esta comunidad, al no considerarla zona de sequ\u00eda intensa, lo que ha reducido a la mitad las ayudas ministeriales directas a las explotaciones ganaderas y agrarias.<\/p>\n\n\n\n<p>De esos 357,7 millones de euros presupuestados en la orden publicada este mi\u00e9rcoles por el BOE, cerca de 269 millones se emplear\u00e1n para mitigar las p\u00e9rdidas de los agricultores con superficies de cultivos herb\u00e1ceos de secano y determinados cultivos industriales (tomate de industria y arroz, para productores que excepcionalmente no hayan podido realizar las siembras). <\/p>\n\n\n\n<p>Para los <strong>cultivos herb\u00e1ceos de secano<\/strong>, el Ministerio diferencia por zonas el importe unitario de la ayuda. En el \u00e1rea m\u00e1s amplia, con reducciones de cosecha m\u00e1s acusadas, los agricultores recibir\u00e1n una ayuda m\u00e1xima de 45 euros por hect\u00e1rea. <\/p>\n\n\n\n<p><strong>\u00c1LAVA Y TREVI\u00d1O, ZONAS DE AFECCI\u00d3N ALTA.<\/strong> Esa zona comprende las comunidades aut\u00f3nomas de Andaluc\u00eda, Arag\u00f3n, Castilla-La Mancha, Catalu\u00f1a, Extremadura, Madrid, Murcia, Navarra, La Rioja y la Comunidad Valenciana, as\u00ed como las provincias de \u00c1lava y, dentro de Castilla y Le\u00f3n, las de \u00c1vila, Salamanca y Segovia, y el enclave de Trevi\u00f1o (Burgos).<\/p>\n\n\n\n<p>Los agricultores de las provincias del norte de Castilla y Le\u00f3n \u2014<strong>Palencia<\/strong>, Zamora, Le\u00f3n, Valladolid, Burgos y Soria\u2014, \u00abdonde los efectos de la sequ\u00eda han sido menos severos\u00bb, seg\u00fan el MAPA, as\u00ed como los de las Islas Baleares y las Islas Canarias, recibir\u00e1n el 50% del importe unitario por hect\u00e1rea de la ayuda (es decir, un m\u00e1ximo de 22,5 euros). Asimismo, no se conceder\u00e1n ayudas cuando el importe resulte inferior a los 200 euros.<\/p>\n\n\n\n<p>Esta distribuci\u00f3n territorial contrasta, por ejemplo, con los avances de rendimientos del cereal de invierno que la Junta de Castilla y Le\u00f3n difundi\u00f3 recientemente. Ciertamente, la provincia de \u00c1vila figura entre las que ofrec\u00edan peores perspectivas en las estimaciones de la Consejer\u00eda de Agricultura, con unos 950 kilos por hect\u00e1rea; y Segovia (1.730 kg\/ha) tambi\u00e9n se situaba por debajo de la media regional, que ronda los 1.980 kg\/ha, seg\u00fan esos mismos c\u00e1lculos. <\/p>\n\n\n\n<p>Pero la previsi\u00f3n de rendimiento de la provincia de de Salamanca, con 2.270 kg\/ha, e incluida en el tr\u00edo de provincias m\u00e1s da\u00f1adas, supera la de territorios incluidos en la zona media, como Soria (1.370 kg\/ha), Valladolid (1.800 kg\/ha) y Zamora (1.780 kg\/ha). Palencia se situar\u00eda, seg\u00fan la estimaci\u00f3n de la administraci\u00f3n auton\u00f3mica en torno a los 2.350 kg\/ha, incluyendo \u2014como en las cifras anteriores\u2014 agregando regad\u00edos y secanos. <\/p>\n\n\n\n<p>En definitiva, la modulaci\u00f3n en dos zonas por provincias (salvo la excepci\u00f3n de Trevi\u00f1o), con ayudas del 100% y del 50%, no parece del todo justificada, al menos por lo que respecta a las ayudas al cereal de invierno en secano, sensiblemente perjudicado en todo el territorio de Castilla y Le\u00f3n, incluida Palencia, como bien saben los agricultores, y con disparidad de rendimientos seg\u00fan zonas y cultivos, con las cebadas en producciones mucho m\u00e1s bajas que las de una campa\u00f1a normal.<\/p>\n\n\n\n<p><strong>PRECIOS M\u00c1S BAJOS QUE EN 2022. <\/strong>A ello hay que a\u00f1adir que, seg\u00fan los datos de la Consejer\u00eda, con las cotizaciones con las que se ha llegado a la cosecha de 2023, se estima un valor de la producci\u00f3n de cereales de invierno de unos 850 millones de euros en el conjunto de Castilla y Le\u00f3n, lo que supone un 53 % menos que la cosecha de la campa\u00f1a pasada.<\/p>\n\n\n\n<p>En Castilla y Le\u00f3n, los precios del trigo y la cebada al empezar la recolecci\u00f3n presentaban un descenso interanual del 26 % respecto a 2022. Del verano de 2016 al de 2022, la situaci\u00f3n geopol\u00edtica hab\u00eda elevado los precios hasta alcanzar el pasado a\u00f1o los 360 euros por tonelada para el trigo y los 343 euros por tonelada para la cebada.  <\/p>\n\n\n\n<p><strong>M\u00c1XIMO, 300 HA POR BENEFICIARIO.<\/strong> Estas ayudas se pagar\u00e1n directamente, mediante transferencia directa por parte del Fondo Espa\u00f1ol de Garant\u00eda Agraria (FEGA), a los titulares de explotaciones agrarias beneficiarios de las ayudas directas de la PAC 2023, cuyo plazo de presentaci\u00f3n finaliz\u00f3 el pasado 30 de junio, sin que los beneficiarios tengan que realizar ning\u00fan tipo de gesti\u00f3n adicional. Se limitar\u00e1n a 300 hect\u00e1reas por beneficiario en el caso de las tierras de cultivo de secano.<\/p>\n\n\n\n<p>Al margen de estos cultivos, seg\u00fan informa el MAPA, ocho millones de euros ir\u00e1n a los productores de la cereza del Valle del Jerte (C\u00e1ceres) y los 81 millones de euros procedentes de la reserva agr\u00edcola, concedidos a Espa\u00f1a por la Comisi\u00f3n Europea, se destinar\u00e1n \u00edntegramente a los productores de determinados cultivos le\u00f1osos (frutales de pepita, de hueso, tropicales, c\u00edtricos y frutos de c\u00e1scara).<strong>\/<\/strong><\/p>\n","protected":false},"excerpt":{"rendered":"<p>El Gobierno de Espa\u00f1a ha publicado en el Bolet\u00edn Oficial del Estado de este mi\u00e9rcoles, 26 de julio, los criterios de concesi\u00f3n de las ayudas extraordinarias a los agricultores por la sequ\u00eda y por los sobrecostes derivados de la guerra de Ucrania. Su importe total es de 357,7 millones de euros para el conjunto del [&hellip;]<\/p>\n","protected":false},"author":9,"featured_media":13866,"comment_status":"open","ping_status":"open","sticky":false,"template":"","format":"standard","meta":{"footnotes":""},"categories":[9,29,28],"tags":[58,59,46,142,77,137,146,66,111,110,269,93],"yoast_head":"<!-- This site is optimized with the Yoast SEO plugin v24.5 - https:\/\/yoast.com\/wordpress\/plugins\/seo\/ -->\n<title>El Ministerio fija en 22,5 \u20ac\/ha su ayuda m\u00e1xima por sequ\u00eda en Palencia para herb\u00e1ceos de secano - ASAJA Palencia<\/title>\n<meta name=\"description\" content=\"El Gobierno de Espa\u00f1a ha publicado en el Bolet\u00edn Oficial del Estado de este mi\u00e9rcoles, 26 de julio, los criterios de concesi\u00f3n de las ayudas\" \/>\n<meta name=\"robots\" content=\"index, follow, max-snippet:-1, max-image-preview:large, max-video-preview:-1\" \/>\n<link rel=\"canonical\" href=\"https:\/\/www.asajacyl.com\/palencia\/asaja-palencia-informa\/el-ministerio-fija-en-225-e-su-ayuda-maxima-por-sequia-en-palencia-para-herbaceos-de-secano\" \/>\n<meta property=\"og:locale\" content=\"es_ES\" \/>\n<meta property=\"og:type\" content=\"article\" \/>\n<meta property=\"og:title\" content=\"El Ministerio fija en 22,5 \u20ac\/ha su ayuda m\u00e1xima por sequ\u00eda en Palencia para herb\u00e1ceos de secano - ASAJA Palencia\" \/>\n<meta property=\"og:description\" content=\"El Gobierno de Espa\u00f1a ha publicado en el Bolet\u00edn Oficial del Estado de este mi\u00e9rcoles, 26 de julio, los criterios de concesi\u00f3n de las ayudas\" \/>\n<meta property=\"og:url\" content=\"https:\/\/www.asajacyl.com\/palencia\/asaja-palencia-informa\/el-ministerio-fija-en-225-e-su-ayuda-maxima-por-sequia-en-palencia-para-herbaceos-de-secano\" \/>\n<meta property=\"og:site_name\" content=\"ASAJA Palencia\" \/>\n<meta property=\"article:published_time\" content=\"2023-07-27T09:50:52+00:00\" \/>\n<meta property=\"article:modified_time\" content=\"2023-07-27T22:31:21+00:00\" \/>\n<meta property=\"og:image\" content=\"https:\/\/www.asajacyl.com\/palencia\/wp-content\/uploads\/sites\/3\/2023\/07\/Cosecha-sequia-Ampudia-juni-1024x896.jpg\" \/>\n\t<meta property=\"og:image:width\" content=\"1024\" \/>\n\t<meta property=\"og:image:height\" content=\"896\" \/>\n\t<meta property=\"og:image:type\" content=\"image\/jpeg\" \/>\n<meta name=\"author\" content=\"Administrador\" \/>\n<meta name=\"twitter:card\" content=\"summary_large_image\" \/>\n<meta name=\"twitter:label1\" content=\"Escrito por\" \/>\n\t<meta name=\"twitter:data1\" content=\"Administrador\" \/>\n\t<meta name=\"twitter:label2\" content=\"Tiempo de lectura\" \/>\n\t<meta name=\"twitter:data2\" content=\"5 minutos\" \/>\n<script type=\"application\/ld+json\" class=\"yoast-schema-graph\">{\"@context\":\"https:\/\/schema.org\",\"@graph\":[{\"@type\":\"WebPage\",\"@id\":\"https:\/\/www.asajacyl.com\/palencia\/asaja-palencia-informa\/el-ministerio-fija-en-225-e-su-ayuda-maxima-por-sequia-en-palencia-para-herbaceos-de-secano\",\"url\":\"https:\/\/www.asajacyl.com\/palencia\/asaja-palencia-informa\/el-ministerio-fija-en-225-e-su-ayuda-maxima-por-sequia-en-palencia-para-herbaceos-de-secano\",\"name\":\"El Ministerio fija en 22,5 \u20ac\/ha su ayuda m\u00e1xima por sequ\u00eda en Palencia para herb\u00e1ceos de secano - ASAJA Palencia\",\"isPartOf\":{\"@id\":\"https:\/\/www.asajacyl.com\/palencia\/#website\"},\"primaryImageOfPage\":{\"@id\":\"https:\/\/www.asajacyl.com\/palencia\/asaja-palencia-informa\/el-ministerio-fija-en-225-e-su-ayuda-maxima-por-sequia-en-palencia-para-herbaceos-de-secano#primaryimage\"},\"image\":{\"@id\":\"https:\/\/www.asajacyl.com\/palencia\/asaja-palencia-informa\/el-ministerio-fija-en-225-e-su-ayuda-maxima-por-sequia-en-palencia-para-herbaceos-de-secano#primaryimage\"},\"thumbnailUrl\":\"https:\/\/www.asajacyl.com\/palencia\/wp-content\/uploads\/sites\/3\/2023\/07\/Cosecha-sequia-Ampudia-juni.jpg\",\"datePublished\":\"2023-07-27T09:50:52+00:00\",\"dateModified\":\"2023-07-27T22:31:21+00:00\",\"author\":{\"@id\":\"https:\/\/www.asajacyl.com\/palencia\/#\/schema\/person\/3ab17aeb03527485c317557fae64aab1\"},\"description\":\"El Gobierno de Espa\u00f1a ha publicado en el Bolet\u00edn Oficial del Estado de este mi\u00e9rcoles, 26 de julio, los criterios de concesi\u00f3n de las ayudas\",\"breadcrumb\":{\"@id\":\"https:\/\/www.asajacyl.com\/palencia\/asaja-palencia-informa\/el-ministerio-fija-en-225-e-su-ayuda-maxima-por-sequia-en-palencia-para-herbaceos-de-secano#breadcrumb\"},\"inLanguage\":\"es\",\"potentialAction\":[{\"@type\":\"ReadAction\",\"target\":[\"https:\/\/www.asajacyl.com\/palencia\/asaja-palencia-informa\/el-ministerio-fija-en-225-e-su-ayuda-maxima-por-sequia-en-palencia-para-herbaceos-de-secano\"]}]},{\"@type\":\"ImageObject\",\"inLanguage\":\"es\",\"@id\":\"https:\/\/www.asajacyl.com\/palencia\/asaja-palencia-informa\/el-ministerio-fija-en-225-e-su-ayuda-maxima-por-sequia-en-palencia-para-herbaceos-de-secano#primaryimage\",\"url\":\"https:\/\/www.asajacyl.com\/palencia\/wp-content\/uploads\/sites\/3\/2023\/07\/Cosecha-sequia-Ampudia-juni.jpg\",\"contentUrl\":\"https:\/\/www.asajacyl.com\/palencia\/wp-content\/uploads\/sites\/3\/2023\/07\/Cosecha-sequia-Ampudia-juni.jpg\",\"width\":1890,\"height\":1654},{\"@type\":\"BreadcrumbList\",\"@id\":\"https:\/\/www.asajacyl.com\/palencia\/asaja-palencia-informa\/el-ministerio-fija-en-225-e-su-ayuda-maxima-por-sequia-en-palencia-para-herbaceos-de-secano#breadcrumb\",\"itemListElement\":[{\"@type\":\"ListItem\",\"position\":1,\"name\":\"Portada\",\"item\":\"https:\/\/www.asajacyl.com\/palencia\/\"},{\"@type\":\"ListItem\",\"position\":2,\"name\":\"El Ministerio fija en 22,5 \u20ac\/ha su ayuda m\u00e1xima por sequ\u00eda en Palencia para herb\u00e1ceos de secano\"}]},{\"@type\":\"WebSite\",\"@id\":\"https:\/\/www.asajacyl.com\/palencia\/#website\",\"url\":\"https:\/\/www.asajacyl.com\/palencia\/\",\"name\":\"ASAJA Palencia\",\"description\":\"Otro sitio m\u00e1s de Provincias ASAJA Castilla y Le\u00f3n\",\"potentialAction\":[{\"@type\":\"SearchAction\",\"target\":{\"@type\":\"EntryPoint\",\"urlTemplate\":\"https:\/\/www.asajacyl.com\/palencia\/?s={search_term_string}\"},\"query-input\":{\"@type\":\"PropertyValueSpecification\",\"valueRequired\":true,\"valueName\":\"search_term_string\"}}],\"inLanguage\":\"es\"},{\"@type\":\"Person\",\"@id\":\"https:\/\/www.asajacyl.com\/palencia\/#\/schema\/person\/3ab17aeb03527485c317557fae64aab1\",\"name\":\"Administrador\",\"image\":{\"@type\":\"ImageObject\",\"inLanguage\":\"es\",\"@id\":\"https:\/\/www.asajacyl.com\/palencia\/#\/schema\/person\/image\/\",\"url\":\"https:\/\/secure.gravatar.com\/avatar\/517384810d242ca9e38c180f3c9fb973?s=96&d=mm&r=g\",\"contentUrl\":\"https:\/\/secure.gravatar.com\/avatar\/517384810d242ca9e38c180f3c9fb973?s=96&d=mm&r=g\",\"caption\":\"Administrador\"},\"url\":\"https:\/\/www.asajacyl.com\/palencia\/author\/carlosrm\"}]}<\/script>\n<!-- \/ Yoast SEO plugin. -->","yoast_head_json":{"title":"El Ministerio fija en 22,5 \u20ac\/ha su ayuda m\u00e1xima por sequ\u00eda en Palencia para herb\u00e1ceos de secano - ASAJA Palencia","description":"El Gobierno de Espa\u00f1a ha publicado en el Bolet\u00edn Oficial del Estado de este mi\u00e9rcoles, 26 de julio, los criterios de concesi\u00f3n de las ayudas","robots":{"index":"index","follow":"follow","max-snippet":"max-snippet:-1","max-image-preview":"max-image-preview:large","max-video-preview":"max-video-preview:-1"},"canonical":"https:\/\/www.asajacyl.com\/palencia\/asaja-palencia-informa\/el-ministerio-fija-en-225-e-su-ayuda-maxima-por-sequia-en-palencia-para-herbaceos-de-secano","og_locale":"es_ES","og_type":"article","og_title":"El Ministerio fija en 22,5 \u20ac\/ha su ayuda m\u00e1xima por sequ\u00eda en Palencia para herb\u00e1ceos de secano - ASAJA Palencia","og_description":"El Gobierno de Espa\u00f1a ha publicado en el Bolet\u00edn Oficial del Estado de este mi\u00e9rcoles, 26 de julio, los criterios de concesi\u00f3n de las ayudas","og_url":"https:\/\/www.asajacyl.com\/palencia\/asaja-palencia-informa\/el-ministerio-fija-en-225-e-su-ayuda-maxima-por-sequia-en-palencia-para-herbaceos-de-secano","og_site_name":"ASAJA Palencia","article_published_time":"2023-07-27T09:50:52+00:00","article_modified_time":"2023-07-27T22:31:21+00:00","og_image":[{"width":1024,"height":896,"url":"https:\/\/www.asajacyl.com\/palencia\/wp-content\/uploads\/sites\/3\/2023\/07\/Cosecha-sequia-Ampudia-juni-1024x896.jpg","type":"image\/jpeg"}],"author":"Administrador","twitter_card":"summary_large_image","twitter_misc":{"Escrito por":"Administrador","Tiempo de lectura":"5 minutos"},"schema":{"@context":"https:\/\/schema.org","@graph":[{"@type":"WebPage","@id":"https:\/\/www.asajacyl.com\/palencia\/asaja-palencia-informa\/el-ministerio-fija-en-225-e-su-ayuda-maxima-por-sequia-en-palencia-para-herbaceos-de-secano","url":"https:\/\/www.asajacyl.com\/palencia\/asaja-palencia-informa\/el-ministerio-fija-en-225-e-su-ayuda-maxima-por-sequia-en-palencia-para-herbaceos-de-secano","name":"El Ministerio fija en 22,5 \u20ac\/ha su ayuda m\u00e1xima por sequ\u00eda en Palencia para herb\u00e1ceos de secano - ASAJA Palencia","isPartOf":{"@id":"https:\/\/www.asajacyl.com\/palencia\/#website"},"primaryImageOfPage":{"@id":"https:\/\/www.asajacyl.com\/palencia\/asaja-palencia-informa\/el-ministerio-fija-en-225-e-su-ayuda-maxima-por-sequia-en-palencia-para-herbaceos-de-secano#primaryimage"},"image":{"@id":"https:\/\/www.asajacyl.com\/palencia\/asaja-palencia-informa\/el-ministerio-fija-en-225-e-su-ayuda-maxima-por-sequia-en-palencia-para-herbaceos-de-secano#primaryimage"},"thumbnailUrl":"https:\/\/www.asajacyl.com\/palencia\/wp-content\/uploads\/sites\/3\/2023\/07\/Cosecha-sequia-Ampudia-juni.jpg","datePublished":"2023-07-27T09:50:52+00:00","dateModified":"2023-07-27T22:31:21+00:00","author":{"@id":"https:\/\/www.asajacyl.com\/palencia\/#\/schema\/person\/3ab17aeb03527485c317557fae64aab1"},"description":"El Gobierno de Espa\u00f1a ha publicado en el Bolet\u00edn Oficial del Estado de este mi\u00e9rcoles, 26 de julio, los criterios de concesi\u00f3n de las ayudas","breadcrumb":{"@id":"https:\/\/www.asajacyl.com\/palencia\/asaja-palencia-informa\/el-ministerio-fija-en-225-e-su-ayuda-maxima-por-sequia-en-palencia-para-herbaceos-de-secano#breadcrumb"},"inLanguage":"es","potentialAction":[{"@type":"ReadAction","target":["https:\/\/www.asajacyl.com\/palencia\/asaja-palencia-informa\/el-ministerio-fija-en-225-e-su-ayuda-maxima-por-sequia-en-palencia-para-herbaceos-de-secano"]}]},{"@type":"ImageObject","inLanguage":"es","@id":"https:\/\/www.asajacyl.com\/palencia\/asaja-palencia-informa\/el-ministerio-fija-en-225-e-su-ayuda-maxima-por-sequia-en-palencia-para-herbaceos-de-secano#primaryimage","url":"https:\/\/www.asajacyl.com\/palencia\/wp-content\/uploads\/sites\/3\/2023\/07\/Cosecha-sequia-Ampudia-juni.jpg","contentUrl":"https:\/\/www.asajacyl.com\/palencia\/wp-content\/uploads\/sites\/3\/2023\/07\/Cosecha-sequia-Ampudia-juni.jpg","width":1890,"height":1654},{"@type":"BreadcrumbList","@id":"https:\/\/www.asajacyl.com\/palencia\/asaja-palencia-informa\/el-ministerio-fija-en-225-e-su-ayuda-maxima-por-sequia-en-palencia-para-herbaceos-de-secano#breadcrumb","itemListElement":[{"@type":"ListItem","position":1,"name":"Portada","item":"https:\/\/www.asajacyl.com\/palencia\/"},{"@type":"ListItem","position":2,"name":"El Ministerio fija en 22,5 \u20ac\/ha su ayuda m\u00e1xima por sequ\u00eda en Palencia para herb\u00e1ceos de secano"}]},{"@type":"WebSite","@id":"https:\/\/www.asajacyl.com\/palencia\/#website","url":"https:\/\/www.asajacyl.com\/palencia\/","name":"ASAJA Palencia","description":"Otro sitio m\u00e1s de Provincias ASAJA Castilla y Le\u00f3n","potentialAction":[{"@type":"SearchAction","target":{"@type":"EntryPoint","urlTemplate":"https:\/\/www.asajacyl.com\/palencia\/?s={search_term_string}"},"query-input":{"@type":"PropertyValueSpecification","valueRequired":true,"valueName":"search_term_string"}}],"inLanguage":"es"},{"@type":"Person","@id":"https:\/\/www.asajacyl.com\/palencia\/#\/schema\/person\/3ab17aeb03527485c317557fae64aab1","name":"Administrador","image":{"@type":"ImageObject","inLanguage":"es","@id":"https:\/\/www.asajacyl.com\/palencia\/#\/schema\/person\/image\/","url":"https:\/\/secure.gravatar.com\/avatar\/517384810d242ca9e38c180f3c9fb973?s=96&d=mm&r=g","contentUrl":"https:\/\/secure.gravatar.com\/avatar\/517384810d242ca9e38c180f3c9fb973?s=96&d=mm&r=g","caption":"Administrador"},"url":"https:\/\/www.asajacyl.com\/palencia\/author\/carlosrm"}]}},"_links":{"self":[{"href":"https:\/\/www.asajacyl.com\/palencia\/wp-json\/wp\/v2\/posts\/13864"}],"collection":[{"href":"https:\/\/www.asajacyl.com\/palencia\/wp-json\/wp\/v2\/posts"}],"about":[{"href":"https:\/\/www.asajacyl.com\/palencia\/wp-json\/wp\/v2\/types\/post"}],"author":[{"embeddable":true,"href":"https:\/\/www.asajacyl.com\/palencia\/wp-json\/wp\/v2\/users\/9"}],"replies":[{"embeddable":true,"href":"https:\/\/www.asajacyl.com\/palencia\/wp-json\/wp\/v2\/comments?post=13864"}],"version-history":[{"count":2,"href":"https:\/\/www.asajacyl.com\/palencia\/wp-json\/wp\/v2\/posts\/13864\/revisions"}],"predecessor-version":[{"id":13887,"href":"https:\/\/www.asajacyl.com\/palencia\/wp-json\/wp\/v2\/posts\/13864\/revisions\/13887"}],"wp:featuredmedia":[{"embeddable":true,"href":"https:\/\/www.asajacyl.com\/palencia\/wp-json\/wp\/v2\/media\/13866"}],"wp:attachment":[{"href":"https:\/\/www.asajacyl.com\/palencia\/wp-json\/wp\/v2\/media?parent=13864"}],"wp:term":[{"taxonomy":"category","embeddable":true,"href":"https:\/\/www.asajacyl.com\/palencia\/wp-json\/wp\/v2\/categories?post=13864"},{"taxonomy":"post_tag","embeddable":true,"href":"https:\/\/www.asajacyl.com\/palencia\/wp-json\/wp\/v2\/tags?post=13864"}],"curies":[{"name":"wp","href":"https:\/\/api.w.org\/{rel}","templated":true}]}}