{"id":13921,"date":"2023-08-09T12:59:44","date_gmt":"2023-08-09T10:59:44","guid":{"rendered":"https:\/\/www.asajacyl.com\/palencia\/?p=13921"},"modified":"2023-08-10T09:51:09","modified_gmt":"2023-08-10T07:51:09","slug":"el-tratado-de-libre-comercio-con-el-mercosur-un-acuerdo-obsoleto-que-se-aparta-de-las-ambiciones-establecidas-en-la-estrategia-de-la-granja-a-la-mesa","status":"publish","type":"post","link":"https:\/\/www.asajacyl.com\/palencia\/asaja-palencia-informa\/el-tratado-de-libre-comercio-con-el-mercosur-un-acuerdo-obsoleto-que-se-aparta-de-las-ambiciones-establecidas-en-la-estrategia-de-la-granja-a-la-mesa","title":{"rendered":"El tratado de libre comercio con el Mercosur: un acuerdo obsoleto que se aparta de las ambiciones establecidas en la estrategia \u00abDe la granja a la mesa\u00bb"},"content":{"rendered":"\n<p><strong><mark style=\"color:#1ca975\" class=\"has-inline-color\">Christiane Lambert, presidente del COPA, y Ram\u00f3n Armengol, presidente de la COGECA<\/mark><\/strong><\/p>\n\n\n\n<p>Hemos tratado el tema del Mercosur en tantas ocasiones y, sin embargo, volvemos a la carga otra vez. Ahora que el Consejo est\u00e1 presidido por la Presidencia espa\u00f1ola, que est\u00e1 plenamente comprometida con la aprobaci\u00f3n de este tratado y con la pr\u00f3xima cumbre UE-Am\u00e9rica Latina, es el momento perfecto para volver a poner de relieve las preocupaciones que nos ocupan desde hace ya tiempo con respecto a este acuerdo.<\/p>\n\n\n\n<p>Ser\u00eda un eufemismo decir que mucho ha cambiado en la UE y en el mundo desde que los Estados de la UE y del Mercosur (Argentina, Brasil, Paraguay y Uruguay) alcanzaran un acuerdo pol\u00edtico el 28 de junio de 2019 sobre un posible tratado comercial global. En este acuerdo de principio, celebrado bajo el mandato del presidente de la Comisi\u00f3n Europea Jean-Claude Juncker en 2019, no se tienen en cuenta ni los cambios ni las iniciativas que dimanan del Pacto Verde Europeo, que es la pol\u00edtica emblem\u00e1tica de la Comisi\u00f3n que preside la Sra. Von der Leyen. Tampoco se tiene presente el cambiante panorama en el que trabajan nuestros agricultores hoy en d\u00eda, tras la pandemia de Covid-19 y con el impacto de la guerra en Ucrania. De hecho, el planteamiento de la Comisi\u00f3n, que es afanoso en demas\u00eda, no solo nos lo pone dif\u00edcil a nosotros los agricultores europeos, sino que tambi\u00e9n nos resta viabilidad a los ojos de nuestros socios comerciales.<\/p>\n\n\n\n<p>Desde principios de a\u00f1o y con la elecci\u00f3n del presidente Lula en Brasil, no se habla sino de la oportunidad \u00fanica que representa la ratificaci\u00f3n de este acuerdo. No obstante, los hechos indican lo contrario. Hace tan solo unas semanas, el presidente Lula dej\u00f3 muy en<br>claro que o bien no quiere o no puede respaldar el gran compromiso medioambiental concomitante que le pide la UE.<\/p>\n\n\n\n<p>Parece que por razones geopol\u00edticas y por un determinado inter\u00e9s relativo a algunas industrias, la Comisi\u00f3n est\u00e1 dispuesta a hacer la vista gorda ante el impacto que tendr\u00eda en el sector agr\u00edcola y la percepci\u00f3n negativa que podr\u00eda suponer ahora que nos estamos preparando para las pr\u00f3ximas elecciones europeas.<\/p>\n\n\n\n<p>Desde el acuerdo pol\u00edtico de 2019, venimos presenciando una verdadera avalancha normativa comunitaria a ra\u00edz de la implantaci\u00f3n del Pacto Verde Europeo. Este aluvi\u00f3n acarrea decenas de iniciativas normativas que en la actualidad son objeto de debate en Bruselas a un ritmo m\u00e1s que vertiginoso, por as\u00ed decirlo, cuyos efectos se har\u00e1n sentir a lo largo y ancho del sector agroganadero. El impacto m\u00e1s tangible surtir\u00e1 efecto en el seno de las explotaciones y de las cooperativas en tan solo unos a\u00f1os. Aun con las ambiciones que se establecen en el instrumento adicional sobre sostenibilidad, que probablemente no contemple ninguna medida de aplicaci\u00f3n de gran calado, est\u00e1 claro que la UE no puede esperar que los pa\u00edses del Mercosur acepten cumplir con las mismas normas de producci\u00f3n agr\u00edcola que aquella pretende imponer a sus propios agricultores y ganaderos. La propia magnitud de las diferencias en materia de realidades agr\u00edcolas entre los pa\u00edses<br>de la UE y los del Mercosur es lisa y llanamente colosal. Y lo mismo ocurre con las normas de producci\u00f3n a nivel de explotaci\u00f3n agr\u00edcola.<\/p>\n\n\n\n<p>\u00bfAcaso la Comisi\u00f3n se propone plantearles la Ley de Restauraci\u00f3n de la Naturaleza tambi\u00e9n para las explotaciones agroganaderas de los pa\u00edses del Mercosur? \u00bfAcaso se cree que est\u00e1 en condiciones de imponer a otros pa\u00edses su ambici\u00f3n de reducir en un 50% el uso de<br>plaguicidas?<\/p>\n\n\n\n<p>\u00bfY cree acaso la Comisi\u00f3n que las normas de bienestar animal que est\u00e1n en vigor en la UE pueden verdaderamente imponerse y controlarse en los pa\u00edses del Mercosur?<\/p>\n\n\n\n<p>Existe una brecha cada vez mayor entre, por una parte, los objetivos comunitarios de \u00edndole clim\u00e1tica y de sostenibilidad que se le aplican al sector agropecuario y, por otra, todo aquello con respecto a lo cual la Comisi\u00f3n est\u00e1 dispuesta a hacer la vista gorda en el marco<br>de las negociaciones sobre los tratados y acuerdos comerciales.<\/p>\n\n\n\n<p>El Copa y la Cogeca apoyamos el comercio internacional, siempre y cuando sea equitativo, equilibrado y transparente. Sin embargo, de ninguna manera podemos aceptar que se rebajen los est\u00e1ndares europeos ni que se penalice en el mercado a los agricultores<br>europeos que cumplen con ellos. <\/p>\n\n\n\n<p>A pesar del acceso concedido a los productos de la UE, como el vino, los productos l\u00e1cteos, el aceite de oliva, y determinadas frutas y hortalizas e indicaciones geogr\u00e1ficas, el acuerdo con el Mercosur padece de un desequilibrio patente en su ep\u00edgrafe agropecuario, m\u00e1s<br>concretamente por lo relativo a los sectores agr\u00edcolas ya fragilizados como la carne de vacuno, las aves de corral, el arroz, el zumo de naranja, el az\u00facar y el etanol.<\/p>\n\n\n\n<p>Todo esto viene a sumarse a las inquietudes sobre el impacto acumulativo, este \u00faltimo dif\u00edcil de cuantificar en toda su expresi\u00f3n, de la totalidad de los acuerdos ya firmados por parte de la UE y m\u00e1s a\u00fan si se consideran aquellos que est\u00e1n en tr\u00e1mite.<\/p>\n\n\n\n<p>Como ya se denunciara en el anterior art\u00edculo de opini\u00f3n sobre este tema, todo avance en la puesta en marcha del Pacto Verde no har\u00e1 sino ensanchar la brecha entre las normas que se aplican a los agricultores de la UE y a los del Mercosur. No es sostenible continuar con esta brecha cada vez mayor para los productores europeos. Por su parte, el acuerdo con el Mercosur no har\u00e1 sino agravar este problema, ya que la concepci\u00f3n del mismo data de muchos a\u00f1os antes de la puesta en marcha de la estrategia \u00abDe la granja a la mesa\u00bb y de la guerra en Ucrania. Ya era inadmisible en su momento y, pues, lo es a\u00fan m\u00e1s a d\u00eda de hoy.<\/p>\n\n\n\n<p>En nuestra calidad de presidenta del Copa y presidente de la Cogeca respectivamente, seguiremos denunciando este acuerdo. Asimismo, exhortamos a la Comisi\u00f3n a que empiece a abordar y de forma inequ\u00edvoca estas cuestiones fundamentales y que deje de echar le\u00f1a al fuego, empeorando la situaci\u00f3n.<\/p>\n","protected":false},"excerpt":{"rendered":"<p>Christiane Lambert, presidente del COPA, y Ram\u00f3n Armengol, presidente de la COGECA Hemos tratado el tema del Mercosur en tantas ocasiones y, sin embargo, volvemos a la carga otra vez. Ahora que el Consejo est\u00e1 presidido por la Presidencia espa\u00f1ola, que est\u00e1 plenamente comprometida con la aprobaci\u00f3n de este tratado y con la pr\u00f3xima cumbre [&hellip;]<\/p>\n","protected":false},"author":9,"featured_media":8194,"comment_status":"open","ping_status":"open","sticky":false,"template":"","format":"standard","meta":{"footnotes":""},"categories":[9,29,28],"tags":[],"yoast_head":"<!-- This site is optimized with the Yoast SEO plugin v24.5 - https:\/\/yoast.com\/wordpress\/plugins\/seo\/ -->\n<title>El tratado de libre comercio con el Mercosur: un acuerdo obsoleto que se aparta de las ambiciones establecidas en la estrategia \u00abDe la granja a la mesa\u00bb - ASAJA Palencia<\/title>\n<meta name=\"description\" content=\"Christiane Lambert, presidente del COPA, y Ram\u00f3n Armengol, presidente de la COGECA Hemos tratado el tema del Mercosur en tantas ocasiones y, sin embargo,\" \/>\n<meta name=\"robots\" content=\"index, follow, max-snippet:-1, max-image-preview:large, max-video-preview:-1\" \/>\n<link rel=\"canonical\" href=\"https:\/\/www.asajacyl.com\/palencia\/asaja-palencia-informa\/el-tratado-de-libre-comercio-con-el-mercosur-un-acuerdo-obsoleto-que-se-aparta-de-las-ambiciones-establecidas-en-la-estrategia-de-la-granja-a-la-mesa\" \/>\n<meta property=\"og:locale\" content=\"es_ES\" \/>\n<meta property=\"og:type\" content=\"article\" \/>\n<meta property=\"og:title\" content=\"El tratado de libre comercio con el Mercosur: un acuerdo obsoleto que se aparta de las ambiciones establecidas en la estrategia \u00abDe la granja a la mesa\u00bb - ASAJA Palencia\" \/>\n<meta property=\"og:description\" content=\"Christiane Lambert, presidente del COPA, y Ram\u00f3n Armengol, presidente de la COGECA Hemos tratado el tema del Mercosur en tantas ocasiones y, sin embargo,\" \/>\n<meta property=\"og:url\" content=\"https:\/\/www.asajacyl.com\/palencia\/asaja-palencia-informa\/el-tratado-de-libre-comercio-con-el-mercosur-un-acuerdo-obsoleto-que-se-aparta-de-las-ambiciones-establecidas-en-la-estrategia-de-la-granja-a-la-mesa\" \/>\n<meta property=\"og:site_name\" content=\"ASAJA Palencia\" \/>\n<meta property=\"article:published_time\" content=\"2023-08-09T10:59:44+00:00\" \/>\n<meta property=\"article:modified_time\" content=\"2023-08-10T07:51:09+00:00\" \/>\n<meta property=\"og:image\" content=\"https:\/\/www.asajacyl.com\/palencia\/wp-content\/uploads\/sites\/3\/2021\/04\/COPACOGECA.jpg\" \/>\n\t<meta property=\"og:image:width\" content=\"1280\" \/>\n\t<meta property=\"og:image:height\" content=\"693\" \/>\n\t<meta property=\"og:image:type\" content=\"image\/jpeg\" \/>\n<meta name=\"author\" content=\"Administrador\" \/>\n<meta name=\"twitter:card\" content=\"summary_large_image\" \/>\n<meta name=\"twitter:label1\" content=\"Escrito por\" \/>\n\t<meta name=\"twitter:data1\" content=\"Administrador\" \/>\n\t<meta name=\"twitter:label2\" content=\"Tiempo de lectura\" \/>\n\t<meta name=\"twitter:data2\" content=\"5 minutos\" \/>\n<script type=\"application\/ld+json\" class=\"yoast-schema-graph\">{\"@context\":\"https:\/\/schema.org\",\"@graph\":[{\"@type\":\"WebPage\",\"@id\":\"https:\/\/www.asajacyl.com\/palencia\/asaja-palencia-informa\/el-tratado-de-libre-comercio-con-el-mercosur-un-acuerdo-obsoleto-que-se-aparta-de-las-ambiciones-establecidas-en-la-estrategia-de-la-granja-a-la-mesa\",\"url\":\"https:\/\/www.asajacyl.com\/palencia\/asaja-palencia-informa\/el-tratado-de-libre-comercio-con-el-mercosur-un-acuerdo-obsoleto-que-se-aparta-de-las-ambiciones-establecidas-en-la-estrategia-de-la-granja-a-la-mesa\",\"name\":\"El tratado de libre comercio con el Mercosur: un acuerdo obsoleto que se aparta de las ambiciones establecidas en la estrategia \u00abDe la granja a la mesa\u00bb - ASAJA Palencia\",\"isPartOf\":{\"@id\":\"https:\/\/www.asajacyl.com\/palencia\/#website\"},\"primaryImageOfPage\":{\"@id\":\"https:\/\/www.asajacyl.com\/palencia\/asaja-palencia-informa\/el-tratado-de-libre-comercio-con-el-mercosur-un-acuerdo-obsoleto-que-se-aparta-de-las-ambiciones-establecidas-en-la-estrategia-de-la-granja-a-la-mesa#primaryimage\"},\"image\":{\"@id\":\"https:\/\/www.asajacyl.com\/palencia\/asaja-palencia-informa\/el-tratado-de-libre-comercio-con-el-mercosur-un-acuerdo-obsoleto-que-se-aparta-de-las-ambiciones-establecidas-en-la-estrategia-de-la-granja-a-la-mesa#primaryimage\"},\"thumbnailUrl\":\"https:\/\/www.asajacyl.com\/palencia\/wp-content\/uploads\/sites\/3\/2021\/04\/COPACOGECA.jpg\",\"datePublished\":\"2023-08-09T10:59:44+00:00\",\"dateModified\":\"2023-08-10T07:51:09+00:00\",\"author\":{\"@id\":\"https:\/\/www.asajacyl.com\/palencia\/#\/schema\/person\/3ab17aeb03527485c317557fae64aab1\"},\"description\":\"Christiane Lambert, presidente del COPA, y Ram\u00f3n Armengol, presidente de la COGECA Hemos tratado el tema del Mercosur en tantas ocasiones y, sin embargo,\",\"breadcrumb\":{\"@id\":\"https:\/\/www.asajacyl.com\/palencia\/asaja-palencia-informa\/el-tratado-de-libre-comercio-con-el-mercosur-un-acuerdo-obsoleto-que-se-aparta-de-las-ambiciones-establecidas-en-la-estrategia-de-la-granja-a-la-mesa#breadcrumb\"},\"inLanguage\":\"es\",\"potentialAction\":[{\"@type\":\"ReadAction\",\"target\":[\"https:\/\/www.asajacyl.com\/palencia\/asaja-palencia-informa\/el-tratado-de-libre-comercio-con-el-mercosur-un-acuerdo-obsoleto-que-se-aparta-de-las-ambiciones-establecidas-en-la-estrategia-de-la-granja-a-la-mesa\"]}]},{\"@type\":\"ImageObject\",\"inLanguage\":\"es\",\"@id\":\"https:\/\/www.asajacyl.com\/palencia\/asaja-palencia-informa\/el-tratado-de-libre-comercio-con-el-mercosur-un-acuerdo-obsoleto-que-se-aparta-de-las-ambiciones-establecidas-en-la-estrategia-de-la-granja-a-la-mesa#primaryimage\",\"url\":\"https:\/\/www.asajacyl.com\/palencia\/wp-content\/uploads\/sites\/3\/2021\/04\/COPACOGECA.jpg\",\"contentUrl\":\"https:\/\/www.asajacyl.com\/palencia\/wp-content\/uploads\/sites\/3\/2021\/04\/COPACOGECA.jpg\",\"width\":1280,\"height\":693},{\"@type\":\"BreadcrumbList\",\"@id\":\"https:\/\/www.asajacyl.com\/palencia\/asaja-palencia-informa\/el-tratado-de-libre-comercio-con-el-mercosur-un-acuerdo-obsoleto-que-se-aparta-de-las-ambiciones-establecidas-en-la-estrategia-de-la-granja-a-la-mesa#breadcrumb\",\"itemListElement\":[{\"@type\":\"ListItem\",\"position\":1,\"name\":\"Portada\",\"item\":\"https:\/\/www.asajacyl.com\/palencia\/\"},{\"@type\":\"ListItem\",\"position\":2,\"name\":\"El tratado de libre comercio con el Mercosur: un acuerdo obsoleto que se aparta de las ambiciones establecidas en la estrategia \u00abDe la granja a la mesa\u00bb\"}]},{\"@type\":\"WebSite\",\"@id\":\"https:\/\/www.asajacyl.com\/palencia\/#website\",\"url\":\"https:\/\/www.asajacyl.com\/palencia\/\",\"name\":\"ASAJA Palencia\",\"description\":\"Otro sitio m\u00e1s de Provincias ASAJA Castilla y Le\u00f3n\",\"potentialAction\":[{\"@type\":\"SearchAction\",\"target\":{\"@type\":\"EntryPoint\",\"urlTemplate\":\"https:\/\/www.asajacyl.com\/palencia\/?s={search_term_string}\"},\"query-input\":{\"@type\":\"PropertyValueSpecification\",\"valueRequired\":true,\"valueName\":\"search_term_string\"}}],\"inLanguage\":\"es\"},{\"@type\":\"Person\",\"@id\":\"https:\/\/www.asajacyl.com\/palencia\/#\/schema\/person\/3ab17aeb03527485c317557fae64aab1\",\"name\":\"Administrador\",\"image\":{\"@type\":\"ImageObject\",\"inLanguage\":\"es\",\"@id\":\"https:\/\/www.asajacyl.com\/palencia\/#\/schema\/person\/image\/\",\"url\":\"https:\/\/secure.gravatar.com\/avatar\/517384810d242ca9e38c180f3c9fb973?s=96&d=mm&r=g\",\"contentUrl\":\"https:\/\/secure.gravatar.com\/avatar\/517384810d242ca9e38c180f3c9fb973?s=96&d=mm&r=g\",\"caption\":\"Administrador\"},\"url\":\"https:\/\/www.asajacyl.com\/palencia\/author\/carlosrm\"}]}<\/script>\n<!-- \/ Yoast SEO plugin. -->","yoast_head_json":{"title":"El tratado de libre comercio con el Mercosur: un acuerdo obsoleto que se aparta de las ambiciones establecidas en la estrategia \u00abDe la granja a la mesa\u00bb - ASAJA Palencia","description":"Christiane Lambert, presidente del COPA, y Ram\u00f3n Armengol, presidente de la COGECA Hemos tratado el tema del Mercosur en tantas ocasiones y, sin embargo,","robots":{"index":"index","follow":"follow","max-snippet":"max-snippet:-1","max-image-preview":"max-image-preview:large","max-video-preview":"max-video-preview:-1"},"canonical":"https:\/\/www.asajacyl.com\/palencia\/asaja-palencia-informa\/el-tratado-de-libre-comercio-con-el-mercosur-un-acuerdo-obsoleto-que-se-aparta-de-las-ambiciones-establecidas-en-la-estrategia-de-la-granja-a-la-mesa","og_locale":"es_ES","og_type":"article","og_title":"El tratado de libre comercio con el Mercosur: un acuerdo obsoleto que se aparta de las ambiciones establecidas en la estrategia \u00abDe la granja a la mesa\u00bb - ASAJA Palencia","og_description":"Christiane Lambert, presidente del COPA, y Ram\u00f3n Armengol, presidente de la COGECA Hemos tratado el tema del Mercosur en tantas ocasiones y, sin embargo,","og_url":"https:\/\/www.asajacyl.com\/palencia\/asaja-palencia-informa\/el-tratado-de-libre-comercio-con-el-mercosur-un-acuerdo-obsoleto-que-se-aparta-de-las-ambiciones-establecidas-en-la-estrategia-de-la-granja-a-la-mesa","og_site_name":"ASAJA Palencia","article_published_time":"2023-08-09T10:59:44+00:00","article_modified_time":"2023-08-10T07:51:09+00:00","og_image":[{"width":1280,"height":693,"url":"https:\/\/www.asajacyl.com\/palencia\/wp-content\/uploads\/sites\/3\/2021\/04\/COPACOGECA.jpg","type":"image\/jpeg"}],"author":"Administrador","twitter_card":"summary_large_image","twitter_misc":{"Escrito por":"Administrador","Tiempo de lectura":"5 minutos"},"schema":{"@context":"https:\/\/schema.org","@graph":[{"@type":"WebPage","@id":"https:\/\/www.asajacyl.com\/palencia\/asaja-palencia-informa\/el-tratado-de-libre-comercio-con-el-mercosur-un-acuerdo-obsoleto-que-se-aparta-de-las-ambiciones-establecidas-en-la-estrategia-de-la-granja-a-la-mesa","url":"https:\/\/www.asajacyl.com\/palencia\/asaja-palencia-informa\/el-tratado-de-libre-comercio-con-el-mercosur-un-acuerdo-obsoleto-que-se-aparta-de-las-ambiciones-establecidas-en-la-estrategia-de-la-granja-a-la-mesa","name":"El tratado de libre comercio con el Mercosur: un acuerdo obsoleto que se aparta de las ambiciones establecidas en la estrategia \u00abDe la granja a la mesa\u00bb - ASAJA Palencia","isPartOf":{"@id":"https:\/\/www.asajacyl.com\/palencia\/#website"},"primaryImageOfPage":{"@id":"https:\/\/www.asajacyl.com\/palencia\/asaja-palencia-informa\/el-tratado-de-libre-comercio-con-el-mercosur-un-acuerdo-obsoleto-que-se-aparta-de-las-ambiciones-establecidas-en-la-estrategia-de-la-granja-a-la-mesa#primaryimage"},"image":{"@id":"https:\/\/www.asajacyl.com\/palencia\/asaja-palencia-informa\/el-tratado-de-libre-comercio-con-el-mercosur-un-acuerdo-obsoleto-que-se-aparta-de-las-ambiciones-establecidas-en-la-estrategia-de-la-granja-a-la-mesa#primaryimage"},"thumbnailUrl":"https:\/\/www.asajacyl.com\/palencia\/wp-content\/uploads\/sites\/3\/2021\/04\/COPACOGECA.jpg","datePublished":"2023-08-09T10:59:44+00:00","dateModified":"2023-08-10T07:51:09+00:00","author":{"@id":"https:\/\/www.asajacyl.com\/palencia\/#\/schema\/person\/3ab17aeb03527485c317557fae64aab1"},"description":"Christiane Lambert, presidente del COPA, y Ram\u00f3n Armengol, presidente de la COGECA Hemos tratado el tema del Mercosur en tantas ocasiones y, sin embargo,","breadcrumb":{"@id":"https:\/\/www.asajacyl.com\/palencia\/asaja-palencia-informa\/el-tratado-de-libre-comercio-con-el-mercosur-un-acuerdo-obsoleto-que-se-aparta-de-las-ambiciones-establecidas-en-la-estrategia-de-la-granja-a-la-mesa#breadcrumb"},"inLanguage":"es","potentialAction":[{"@type":"ReadAction","target":["https:\/\/www.asajacyl.com\/palencia\/asaja-palencia-informa\/el-tratado-de-libre-comercio-con-el-mercosur-un-acuerdo-obsoleto-que-se-aparta-de-las-ambiciones-establecidas-en-la-estrategia-de-la-granja-a-la-mesa"]}]},{"@type":"ImageObject","inLanguage":"es","@id":"https:\/\/www.asajacyl.com\/palencia\/asaja-palencia-informa\/el-tratado-de-libre-comercio-con-el-mercosur-un-acuerdo-obsoleto-que-se-aparta-de-las-ambiciones-establecidas-en-la-estrategia-de-la-granja-a-la-mesa#primaryimage","url":"https:\/\/www.asajacyl.com\/palencia\/wp-content\/uploads\/sites\/3\/2021\/04\/COPACOGECA.jpg","contentUrl":"https:\/\/www.asajacyl.com\/palencia\/wp-content\/uploads\/sites\/3\/2021\/04\/COPACOGECA.jpg","width":1280,"height":693},{"@type":"BreadcrumbList","@id":"https:\/\/www.asajacyl.com\/palencia\/asaja-palencia-informa\/el-tratado-de-libre-comercio-con-el-mercosur-un-acuerdo-obsoleto-que-se-aparta-de-las-ambiciones-establecidas-en-la-estrategia-de-la-granja-a-la-mesa#breadcrumb","itemListElement":[{"@type":"ListItem","position":1,"name":"Portada","item":"https:\/\/www.asajacyl.com\/palencia\/"},{"@type":"ListItem","position":2,"name":"El tratado de libre comercio con el Mercosur: un acuerdo obsoleto que se aparta de las ambiciones establecidas en la estrategia \u00abDe la granja a la mesa\u00bb"}]},{"@type":"WebSite","@id":"https:\/\/www.asajacyl.com\/palencia\/#website","url":"https:\/\/www.asajacyl.com\/palencia\/","name":"ASAJA Palencia","description":"Otro sitio m\u00e1s de Provincias ASAJA Castilla y Le\u00f3n","potentialAction":[{"@type":"SearchAction","target":{"@type":"EntryPoint","urlTemplate":"https:\/\/www.asajacyl.com\/palencia\/?s={search_term_string}"},"query-input":{"@type":"PropertyValueSpecification","valueRequired":true,"valueName":"search_term_string"}}],"inLanguage":"es"},{"@type":"Person","@id":"https:\/\/www.asajacyl.com\/palencia\/#\/schema\/person\/3ab17aeb03527485c317557fae64aab1","name":"Administrador","image":{"@type":"ImageObject","inLanguage":"es","@id":"https:\/\/www.asajacyl.com\/palencia\/#\/schema\/person\/image\/","url":"https:\/\/secure.gravatar.com\/avatar\/517384810d242ca9e38c180f3c9fb973?s=96&d=mm&r=g","contentUrl":"https:\/\/secure.gravatar.com\/avatar\/517384810d242ca9e38c180f3c9fb973?s=96&d=mm&r=g","caption":"Administrador"},"url":"https:\/\/www.asajacyl.com\/palencia\/author\/carlosrm"}]}},"_links":{"self":[{"href":"https:\/\/www.asajacyl.com\/palencia\/wp-json\/wp\/v2\/posts\/13921"}],"collection":[{"href":"https:\/\/www.asajacyl.com\/palencia\/wp-json\/wp\/v2\/posts"}],"about":[{"href":"https:\/\/www.asajacyl.com\/palencia\/wp-json\/wp\/v2\/types\/post"}],"author":[{"embeddable":true,"href":"https:\/\/www.asajacyl.com\/palencia\/wp-json\/wp\/v2\/users\/9"}],"replies":[{"embeddable":true,"href":"https:\/\/www.asajacyl.com\/palencia\/wp-json\/wp\/v2\/comments?post=13921"}],"version-history":[{"count":2,"href":"https:\/\/www.asajacyl.com\/palencia\/wp-json\/wp\/v2\/posts\/13921\/revisions"}],"predecessor-version":[{"id":13964,"href":"https:\/\/www.asajacyl.com\/palencia\/wp-json\/wp\/v2\/posts\/13921\/revisions\/13964"}],"wp:featuredmedia":[{"embeddable":true,"href":"https:\/\/www.asajacyl.com\/palencia\/wp-json\/wp\/v2\/media\/8194"}],"wp:attachment":[{"href":"https:\/\/www.asajacyl.com\/palencia\/wp-json\/wp\/v2\/media?parent=13921"}],"wp:term":[{"taxonomy":"category","embeddable":true,"href":"https:\/\/www.asajacyl.com\/palencia\/wp-json\/wp\/v2\/categories?post=13921"},{"taxonomy":"post_tag","embeddable":true,"href":"https:\/\/www.asajacyl.com\/palencia\/wp-json\/wp\/v2\/tags?post=13921"}],"curies":[{"name":"wp","href":"https:\/\/api.w.org\/{rel}","templated":true}]}}