{"id":13929,"date":"2023-08-14T11:25:08","date_gmt":"2023-08-14T09:25:08","guid":{"rendered":"https:\/\/www.asajacyl.com\/palencia\/?p=13929"},"modified":"2023-08-10T12:30:51","modified_gmt":"2023-08-10T10:30:51","slug":"seis-marcas-de-tractores-coparon-las-ventas-en-palencia-del-primer-semestre-de-2023-con-fendt-a-la-cabeza","status":"publish","type":"post","link":"https:\/\/www.asajacyl.com\/palencia\/asaja-palencia-informa\/seis-marcas-de-tractores-coparon-las-ventas-en-palencia-del-primer-semestre-de-2023-con-fendt-a-la-cabeza","title":{"rendered":"Seis marcas de tractores coparon las ventas en Palencia del primer semestre de 2023, con Fendt a la cabeza"},"content":{"rendered":"\n<p>Seg\u00fan los datos del Registro de Maquinaria Agr\u00edcola (R.O.M.A.), en el primer semestre de 2023 s\u00f3lo se han producido ventas de tractores nuevos pertenecientes a seis marcas comerciales. La que ha conseguido la mayor venta de unidades ha sido Fendt, con 13 tractores, seguida por John Deere, con 12 unidades vendidas. A continuaci\u00f3n se encuentran Massey Ferguson y Valtra, de las que se han vendido 6 tractores, New Holland, con 5 tractores vendidos, y Claas, que ha vendido dos tractores. El total de tractores vendidos en el primer semestre de 2023 ha sido de 44 mientras que en el a\u00f1o 2020 se vendieron 108 tractores, en 2021 fueron 97 los tractores vendidos y el pasado a\u00f1o 2022 han sido 87 las unidades vendidas. En cuanto a las importaciones, ocho han sido los tractores que han venido a Espa\u00f1a con una edad inferior a los diez a\u00f1os.<\/p>\n\n\n\n<p>En el gr\u00e1fico inferior se pueden ver las ventas de cada marca de tractores en los a\u00f1os 2020 a 2022 y, adem\u00e1s, se muestra en color naranja los datos relativos al primer semestre de 2023. McCormick, Steyr, Kubota, Case IH y Deutz-Fahr no ha conseguido ninguna venta en este semestre.<\/p>\n\n\n\n<p>La venta de tractores nuevos ha sido decreciente en los \u00faltimos a\u00f1os. En 2020 se superaron los cien tractores vendidos en Palencia, llegando a 108 unidades. El a\u00f1o 2021 trajo una bajada en las ventas que hizo que se vendieran 97 tractores en nuestra provincia. Lleg\u00f3 el a\u00f1o 2022 y se produjo un nuevo descenso, en este caso hasta los 87 tractores nuevos vendidos. Veremos lo que depara el segundo semestre de 2023.<\/p>\n\n\n\n<figure class=\"wp-block-image size-large\"><img loading=\"lazy\" decoding=\"async\" width=\"1024\" height=\"520\" src=\"https:\/\/www.asajacyl.com\/palencia\/wp-content\/uploads\/sites\/3\/2023\/08\/image-5-1024x520.png\" alt=\"\" class=\"wp-image-13934\" srcset=\"https:\/\/www.asajacyl.com\/palencia\/wp-content\/uploads\/sites\/3\/2023\/08\/image-5-1024x520.png 1024w, https:\/\/www.asajacyl.com\/palencia\/wp-content\/uploads\/sites\/3\/2023\/08\/image-5-300x152.png 300w, https:\/\/www.asajacyl.com\/palencia\/wp-content\/uploads\/sites\/3\/2023\/08\/image-5-768x390.png 768w, https:\/\/www.asajacyl.com\/palencia\/wp-content\/uploads\/sites\/3\/2023\/08\/image-5-1536x780.png 1536w, https:\/\/www.asajacyl.com\/palencia\/wp-content\/uploads\/sites\/3\/2023\/08\/image-5-696x353.png 696w, https:\/\/www.asajacyl.com\/palencia\/wp-content\/uploads\/sites\/3\/2023\/08\/image-5-1068x542.png 1068w, https:\/\/www.asajacyl.com\/palencia\/wp-content\/uploads\/sites\/3\/2023\/08\/image-5-827x420.png 827w, https:\/\/www.asajacyl.com\/palencia\/wp-content\/uploads\/sites\/3\/2023\/08\/image-5.png 1650w\" sizes=\"(max-width: 1024px) 100vw, 1024px\" \/><\/figure>\n\n\n\n<p>En el caso de las cosechadoras de cereal nuevas, Claas ha conseguido igualar las ventas de todo 2022 en este primer semestre, habiendo adquirido los agricultores palentinos cinco unidades. New Holland tambi\u00e9n destaca, con tres unidades vendidas mientras que John Deere y Fendt han conseguido la venta de una unidad cada marca. Por su parte Deutz-Fahr no ha sido capaz de vender ninguna de sus cosechadoras en Palencia. El total de unidades vendidas en el primer semestre ha sido de 10, las mismas que se vendieron en todo el a\u00f1o 2020 e igualmente en todo el a\u00f1o 2021. En el a\u00f1o 2022 fueron 16 las cosechadoras de cereal que se vendieron.<\/p>\n\n\n\n<figure class=\"wp-block-image size-large\"><img loading=\"lazy\" decoding=\"async\" width=\"1024\" height=\"633\" src=\"https:\/\/www.asajacyl.com\/palencia\/wp-content\/uploads\/sites\/3\/2023\/08\/image-2-1024x633.png\" alt=\"\" class=\"wp-image-13931\" srcset=\"https:\/\/www.asajacyl.com\/palencia\/wp-content\/uploads\/sites\/3\/2023\/08\/image-2-1024x633.png 1024w, https:\/\/www.asajacyl.com\/palencia\/wp-content\/uploads\/sites\/3\/2023\/08\/image-2-300x185.png 300w, https:\/\/www.asajacyl.com\/palencia\/wp-content\/uploads\/sites\/3\/2023\/08\/image-2-768x475.png 768w, https:\/\/www.asajacyl.com\/palencia\/wp-content\/uploads\/sites\/3\/2023\/08\/image-2-696x430.png 696w, https:\/\/www.asajacyl.com\/palencia\/wp-content\/uploads\/sites\/3\/2023\/08\/image-2-1068x660.png 1068w, https:\/\/www.asajacyl.com\/palencia\/wp-content\/uploads\/sites\/3\/2023\/08\/image-2-679x420.png 679w, https:\/\/www.asajacyl.com\/palencia\/wp-content\/uploads\/sites\/3\/2023\/08\/image-2-356x220.png 356w, https:\/\/www.asajacyl.com\/palencia\/wp-content\/uploads\/sites\/3\/2023\/08\/image-2.png 1255w\" sizes=\"(max-width: 1024px) 100vw, 1024px\" \/><\/figure>\n\n\n\n<p>Las m\u00e1quinas de obligatorio registro en el R.O.M.A. son las abonadoras y pulverizadores. Su inscripci\u00f3n en dicho registro est\u00e1 muy marcada por la publicaci\u00f3n de las ayudas del Plan Renove, que este a\u00f1o comenz\u00f3 su tramitaci\u00f3n el d\u00eda 7 de julio, pudiendo inscribirse estas m\u00e1quinas en los \u00faltimos d\u00edas de junio. En el primer trimestre de 2023 se han adquirido 27 pulverizadores y 11 abonadoras, es decir, un total de 38 m\u00e1quinas. \u00c9ste es un n\u00famero relativamente bajo ya que en todo el pasado a\u00f1o se compraron 78 m\u00e1quinas de este tipo y en los a\u00f1os 2020 y 2021 se vendieron 106 y 131 unidades respectivamente, muy por encima de los datos actuales, aunque faltan los datos del segundo semestre de este a\u00f1o 2023.<\/p>\n\n\n\n<figure class=\"wp-block-image size-large\"><img loading=\"lazy\" decoding=\"async\" width=\"1024\" height=\"666\" src=\"https:\/\/www.asajacyl.com\/palencia\/wp-content\/uploads\/sites\/3\/2023\/08\/image-4-1024x666.png\" alt=\"\" class=\"wp-image-13933\" srcset=\"https:\/\/www.asajacyl.com\/palencia\/wp-content\/uploads\/sites\/3\/2023\/08\/image-4-1024x666.png 1024w, https:\/\/www.asajacyl.com\/palencia\/wp-content\/uploads\/sites\/3\/2023\/08\/image-4-300x195.png 300w, https:\/\/www.asajacyl.com\/palencia\/wp-content\/uploads\/sites\/3\/2023\/08\/image-4-768x500.png 768w, https:\/\/www.asajacyl.com\/palencia\/wp-content\/uploads\/sites\/3\/2023\/08\/image-4-696x453.png 696w, https:\/\/www.asajacyl.com\/palencia\/wp-content\/uploads\/sites\/3\/2023\/08\/image-4-1068x695.png 1068w, https:\/\/www.asajacyl.com\/palencia\/wp-content\/uploads\/sites\/3\/2023\/08\/image-4-645x420.png 645w, https:\/\/www.asajacyl.com\/palencia\/wp-content\/uploads\/sites\/3\/2023\/08\/image-4.png 1317w\" sizes=\"(max-width: 1024px) 100vw, 1024px\" \/><\/figure>\n","protected":false},"excerpt":{"rendered":"<p>Seg\u00fan los datos del Registro de Maquinaria Agr\u00edcola (R.O.M.A.), en el primer semestre de 2023 s\u00f3lo se han producido ventas de tractores nuevos pertenecientes a seis marcas comerciales. La que ha conseguido la mayor venta de unidades ha sido Fendt, con 13 tractores, seguida por John Deere, con 12 unidades vendidas. A continuaci\u00f3n se encuentran [&hellip;]<\/p>\n","protected":false},"author":9,"featured_media":6312,"comment_status":"open","ping_status":"open","sticky":false,"template":"","format":"standard","meta":{"footnotes":""},"categories":[9,28],"tags":[],"yoast_head":"<!-- This site is optimized with the Yoast SEO plugin v24.5 - https:\/\/yoast.com\/wordpress\/plugins\/seo\/ -->\n<title>Seis marcas de tractores coparon las ventas en Palencia del primer semestre de 2023, con Fendt a la cabeza - ASAJA Palencia<\/title>\n<meta name=\"description\" content=\"Seg\u00fan los datos del Registro de Maquinaria Agr\u00edcola (R.O.M.A.), en el primer semestre de 2023 s\u00f3lo se han producido ventas de tractores nuevos\" \/>\n<meta name=\"robots\" content=\"index, follow, max-snippet:-1, max-image-preview:large, max-video-preview:-1\" \/>\n<link rel=\"canonical\" href=\"https:\/\/www.asajacyl.com\/palencia\/asaja-palencia-informa\/seis-marcas-de-tractores-coparon-las-ventas-en-palencia-del-primer-semestre-de-2023-con-fendt-a-la-cabeza\" \/>\n<meta property=\"og:locale\" content=\"es_ES\" \/>\n<meta property=\"og:type\" content=\"article\" \/>\n<meta property=\"og:title\" content=\"Seis marcas de tractores coparon las ventas en Palencia del primer semestre de 2023, con Fendt a la cabeza - ASAJA Palencia\" \/>\n<meta property=\"og:description\" content=\"Seg\u00fan los datos del Registro de Maquinaria Agr\u00edcola (R.O.M.A.), en el primer semestre de 2023 s\u00f3lo se han producido ventas de tractores nuevos\" \/>\n<meta property=\"og:url\" content=\"https:\/\/www.asajacyl.com\/palencia\/asaja-palencia-informa\/seis-marcas-de-tractores-coparon-las-ventas-en-palencia-del-primer-semestre-de-2023-con-fendt-a-la-cabeza\" \/>\n<meta property=\"og:site_name\" content=\"ASAJA Palencia\" \/>\n<meta property=\"article:published_time\" content=\"2023-08-14T09:25:08+00:00\" \/>\n<meta property=\"og:image\" content=\"https:\/\/www.asajacyl.com\/palencia\/wp-content\/uploads\/sites\/3\/2019\/06\/TRACTORES-2.jpg\" \/>\n\t<meta property=\"og:image:width\" content=\"2500\" \/>\n\t<meta property=\"og:image:height\" content=\"1875\" \/>\n\t<meta property=\"og:image:type\" content=\"image\/jpeg\" \/>\n<meta name=\"author\" content=\"Administrador\" \/>\n<meta name=\"twitter:card\" content=\"summary_large_image\" \/>\n<meta name=\"twitter:label1\" content=\"Escrito por\" \/>\n\t<meta name=\"twitter:data1\" content=\"Administrador\" \/>\n\t<meta name=\"twitter:label2\" content=\"Tiempo de lectura\" \/>\n\t<meta name=\"twitter:data2\" content=\"3 minutos\" \/>\n<script type=\"application\/ld+json\" class=\"yoast-schema-graph\">{\"@context\":\"https:\/\/schema.org\",\"@graph\":[{\"@type\":\"WebPage\",\"@id\":\"https:\/\/www.asajacyl.com\/palencia\/asaja-palencia-informa\/seis-marcas-de-tractores-coparon-las-ventas-en-palencia-del-primer-semestre-de-2023-con-fendt-a-la-cabeza\",\"url\":\"https:\/\/www.asajacyl.com\/palencia\/asaja-palencia-informa\/seis-marcas-de-tractores-coparon-las-ventas-en-palencia-del-primer-semestre-de-2023-con-fendt-a-la-cabeza\",\"name\":\"Seis marcas de tractores coparon las ventas en Palencia del primer semestre de 2023, con Fendt a la cabeza - ASAJA Palencia\",\"isPartOf\":{\"@id\":\"https:\/\/www.asajacyl.com\/palencia\/#website\"},\"primaryImageOfPage\":{\"@id\":\"https:\/\/www.asajacyl.com\/palencia\/asaja-palencia-informa\/seis-marcas-de-tractores-coparon-las-ventas-en-palencia-del-primer-semestre-de-2023-con-fendt-a-la-cabeza#primaryimage\"},\"image\":{\"@id\":\"https:\/\/www.asajacyl.com\/palencia\/asaja-palencia-informa\/seis-marcas-de-tractores-coparon-las-ventas-en-palencia-del-primer-semestre-de-2023-con-fendt-a-la-cabeza#primaryimage\"},\"thumbnailUrl\":\"https:\/\/www.asajacyl.com\/palencia\/wp-content\/uploads\/sites\/3\/2019\/06\/TRACTORES-2.jpg\",\"datePublished\":\"2023-08-14T09:25:08+00:00\",\"author\":{\"@id\":\"https:\/\/www.asajacyl.com\/palencia\/#\/schema\/person\/3ab17aeb03527485c317557fae64aab1\"},\"description\":\"Seg\u00fan los datos del Registro de Maquinaria Agr\u00edcola (R.O.M.A.), en el primer semestre de 2023 s\u00f3lo se han producido ventas de tractores nuevos\",\"breadcrumb\":{\"@id\":\"https:\/\/www.asajacyl.com\/palencia\/asaja-palencia-informa\/seis-marcas-de-tractores-coparon-las-ventas-en-palencia-del-primer-semestre-de-2023-con-fendt-a-la-cabeza#breadcrumb\"},\"inLanguage\":\"es\",\"potentialAction\":[{\"@type\":\"ReadAction\",\"target\":[\"https:\/\/www.asajacyl.com\/palencia\/asaja-palencia-informa\/seis-marcas-de-tractores-coparon-las-ventas-en-palencia-del-primer-semestre-de-2023-con-fendt-a-la-cabeza\"]}]},{\"@type\":\"ImageObject\",\"inLanguage\":\"es\",\"@id\":\"https:\/\/www.asajacyl.com\/palencia\/asaja-palencia-informa\/seis-marcas-de-tractores-coparon-las-ventas-en-palencia-del-primer-semestre-de-2023-con-fendt-a-la-cabeza#primaryimage\",\"url\":\"https:\/\/www.asajacyl.com\/palencia\/wp-content\/uploads\/sites\/3\/2019\/06\/TRACTORES-2.jpg\",\"contentUrl\":\"https:\/\/www.asajacyl.com\/palencia\/wp-content\/uploads\/sites\/3\/2019\/06\/TRACTORES-2.jpg\",\"width\":2500,\"height\":1875,\"caption\":\"dav\"},{\"@type\":\"BreadcrumbList\",\"@id\":\"https:\/\/www.asajacyl.com\/palencia\/asaja-palencia-informa\/seis-marcas-de-tractores-coparon-las-ventas-en-palencia-del-primer-semestre-de-2023-con-fendt-a-la-cabeza#breadcrumb\",\"itemListElement\":[{\"@type\":\"ListItem\",\"position\":1,\"name\":\"Portada\",\"item\":\"https:\/\/www.asajacyl.com\/palencia\/\"},{\"@type\":\"ListItem\",\"position\":2,\"name\":\"Seis marcas de tractores coparon las ventas en Palencia del primer semestre de 2023, con Fendt a la cabeza\"}]},{\"@type\":\"WebSite\",\"@id\":\"https:\/\/www.asajacyl.com\/palencia\/#website\",\"url\":\"https:\/\/www.asajacyl.com\/palencia\/\",\"name\":\"ASAJA Palencia\",\"description\":\"Otro sitio m\u00e1s de Provincias ASAJA Castilla y Le\u00f3n\",\"potentialAction\":[{\"@type\":\"SearchAction\",\"target\":{\"@type\":\"EntryPoint\",\"urlTemplate\":\"https:\/\/www.asajacyl.com\/palencia\/?s={search_term_string}\"},\"query-input\":{\"@type\":\"PropertyValueSpecification\",\"valueRequired\":true,\"valueName\":\"search_term_string\"}}],\"inLanguage\":\"es\"},{\"@type\":\"Person\",\"@id\":\"https:\/\/www.asajacyl.com\/palencia\/#\/schema\/person\/3ab17aeb03527485c317557fae64aab1\",\"name\":\"Administrador\",\"image\":{\"@type\":\"ImageObject\",\"inLanguage\":\"es\",\"@id\":\"https:\/\/www.asajacyl.com\/palencia\/#\/schema\/person\/image\/\",\"url\":\"https:\/\/secure.gravatar.com\/avatar\/517384810d242ca9e38c180f3c9fb973?s=96&d=mm&r=g\",\"contentUrl\":\"https:\/\/secure.gravatar.com\/avatar\/517384810d242ca9e38c180f3c9fb973?s=96&d=mm&r=g\",\"caption\":\"Administrador\"},\"url\":\"https:\/\/www.asajacyl.com\/palencia\/author\/carlosrm\"}]}<\/script>\n<!-- \/ Yoast SEO plugin. -->","yoast_head_json":{"title":"Seis marcas de tractores coparon las ventas en Palencia del primer semestre de 2023, con Fendt a la cabeza - ASAJA Palencia","description":"Seg\u00fan los datos del Registro de Maquinaria Agr\u00edcola (R.O.M.A.), en el primer semestre de 2023 s\u00f3lo se han producido ventas de tractores nuevos","robots":{"index":"index","follow":"follow","max-snippet":"max-snippet:-1","max-image-preview":"max-image-preview:large","max-video-preview":"max-video-preview:-1"},"canonical":"https:\/\/www.asajacyl.com\/palencia\/asaja-palencia-informa\/seis-marcas-de-tractores-coparon-las-ventas-en-palencia-del-primer-semestre-de-2023-con-fendt-a-la-cabeza","og_locale":"es_ES","og_type":"article","og_title":"Seis marcas de tractores coparon las ventas en Palencia del primer semestre de 2023, con Fendt a la cabeza - ASAJA Palencia","og_description":"Seg\u00fan los datos del Registro de Maquinaria Agr\u00edcola (R.O.M.A.), en el primer semestre de 2023 s\u00f3lo se han producido ventas de tractores nuevos","og_url":"https:\/\/www.asajacyl.com\/palencia\/asaja-palencia-informa\/seis-marcas-de-tractores-coparon-las-ventas-en-palencia-del-primer-semestre-de-2023-con-fendt-a-la-cabeza","og_site_name":"ASAJA Palencia","article_published_time":"2023-08-14T09:25:08+00:00","og_image":[{"width":2500,"height":1875,"url":"https:\/\/www.asajacyl.com\/palencia\/wp-content\/uploads\/sites\/3\/2019\/06\/TRACTORES-2.jpg","type":"image\/jpeg"}],"author":"Administrador","twitter_card":"summary_large_image","twitter_misc":{"Escrito por":"Administrador","Tiempo de lectura":"3 minutos"},"schema":{"@context":"https:\/\/schema.org","@graph":[{"@type":"WebPage","@id":"https:\/\/www.asajacyl.com\/palencia\/asaja-palencia-informa\/seis-marcas-de-tractores-coparon-las-ventas-en-palencia-del-primer-semestre-de-2023-con-fendt-a-la-cabeza","url":"https:\/\/www.asajacyl.com\/palencia\/asaja-palencia-informa\/seis-marcas-de-tractores-coparon-las-ventas-en-palencia-del-primer-semestre-de-2023-con-fendt-a-la-cabeza","name":"Seis marcas de tractores coparon las ventas en Palencia del primer semestre de 2023, con Fendt a la cabeza - ASAJA Palencia","isPartOf":{"@id":"https:\/\/www.asajacyl.com\/palencia\/#website"},"primaryImageOfPage":{"@id":"https:\/\/www.asajacyl.com\/palencia\/asaja-palencia-informa\/seis-marcas-de-tractores-coparon-las-ventas-en-palencia-del-primer-semestre-de-2023-con-fendt-a-la-cabeza#primaryimage"},"image":{"@id":"https:\/\/www.asajacyl.com\/palencia\/asaja-palencia-informa\/seis-marcas-de-tractores-coparon-las-ventas-en-palencia-del-primer-semestre-de-2023-con-fendt-a-la-cabeza#primaryimage"},"thumbnailUrl":"https:\/\/www.asajacyl.com\/palencia\/wp-content\/uploads\/sites\/3\/2019\/06\/TRACTORES-2.jpg","datePublished":"2023-08-14T09:25:08+00:00","author":{"@id":"https:\/\/www.asajacyl.com\/palencia\/#\/schema\/person\/3ab17aeb03527485c317557fae64aab1"},"description":"Seg\u00fan los datos del Registro de Maquinaria Agr\u00edcola (R.O.M.A.), en el primer semestre de 2023 s\u00f3lo se han producido ventas de tractores nuevos","breadcrumb":{"@id":"https:\/\/www.asajacyl.com\/palencia\/asaja-palencia-informa\/seis-marcas-de-tractores-coparon-las-ventas-en-palencia-del-primer-semestre-de-2023-con-fendt-a-la-cabeza#breadcrumb"},"inLanguage":"es","potentialAction":[{"@type":"ReadAction","target":["https:\/\/www.asajacyl.com\/palencia\/asaja-palencia-informa\/seis-marcas-de-tractores-coparon-las-ventas-en-palencia-del-primer-semestre-de-2023-con-fendt-a-la-cabeza"]}]},{"@type":"ImageObject","inLanguage":"es","@id":"https:\/\/www.asajacyl.com\/palencia\/asaja-palencia-informa\/seis-marcas-de-tractores-coparon-las-ventas-en-palencia-del-primer-semestre-de-2023-con-fendt-a-la-cabeza#primaryimage","url":"https:\/\/www.asajacyl.com\/palencia\/wp-content\/uploads\/sites\/3\/2019\/06\/TRACTORES-2.jpg","contentUrl":"https:\/\/www.asajacyl.com\/palencia\/wp-content\/uploads\/sites\/3\/2019\/06\/TRACTORES-2.jpg","width":2500,"height":1875,"caption":"dav"},{"@type":"BreadcrumbList","@id":"https:\/\/www.asajacyl.com\/palencia\/asaja-palencia-informa\/seis-marcas-de-tractores-coparon-las-ventas-en-palencia-del-primer-semestre-de-2023-con-fendt-a-la-cabeza#breadcrumb","itemListElement":[{"@type":"ListItem","position":1,"name":"Portada","item":"https:\/\/www.asajacyl.com\/palencia\/"},{"@type":"ListItem","position":2,"name":"Seis marcas de tractores coparon las ventas en Palencia del primer semestre de 2023, con Fendt a la cabeza"}]},{"@type":"WebSite","@id":"https:\/\/www.asajacyl.com\/palencia\/#website","url":"https:\/\/www.asajacyl.com\/palencia\/","name":"ASAJA Palencia","description":"Otro sitio m\u00e1s de Provincias ASAJA Castilla y Le\u00f3n","potentialAction":[{"@type":"SearchAction","target":{"@type":"EntryPoint","urlTemplate":"https:\/\/www.asajacyl.com\/palencia\/?s={search_term_string}"},"query-input":{"@type":"PropertyValueSpecification","valueRequired":true,"valueName":"search_term_string"}}],"inLanguage":"es"},{"@type":"Person","@id":"https:\/\/www.asajacyl.com\/palencia\/#\/schema\/person\/3ab17aeb03527485c317557fae64aab1","name":"Administrador","image":{"@type":"ImageObject","inLanguage":"es","@id":"https:\/\/www.asajacyl.com\/palencia\/#\/schema\/person\/image\/","url":"https:\/\/secure.gravatar.com\/avatar\/517384810d242ca9e38c180f3c9fb973?s=96&d=mm&r=g","contentUrl":"https:\/\/secure.gravatar.com\/avatar\/517384810d242ca9e38c180f3c9fb973?s=96&d=mm&r=g","caption":"Administrador"},"url":"https:\/\/www.asajacyl.com\/palencia\/author\/carlosrm"}]}},"_links":{"self":[{"href":"https:\/\/www.asajacyl.com\/palencia\/wp-json\/wp\/v2\/posts\/13929"}],"collection":[{"href":"https:\/\/www.asajacyl.com\/palencia\/wp-json\/wp\/v2\/posts"}],"about":[{"href":"https:\/\/www.asajacyl.com\/palencia\/wp-json\/wp\/v2\/types\/post"}],"author":[{"embeddable":true,"href":"https:\/\/www.asajacyl.com\/palencia\/wp-json\/wp\/v2\/users\/9"}],"replies":[{"embeddable":true,"href":"https:\/\/www.asajacyl.com\/palencia\/wp-json\/wp\/v2\/comments?post=13929"}],"version-history":[{"count":1,"href":"https:\/\/www.asajacyl.com\/palencia\/wp-json\/wp\/v2\/posts\/13929\/revisions"}],"predecessor-version":[{"id":13935,"href":"https:\/\/www.asajacyl.com\/palencia\/wp-json\/wp\/v2\/posts\/13929\/revisions\/13935"}],"wp:featuredmedia":[{"embeddable":true,"href":"https:\/\/www.asajacyl.com\/palencia\/wp-json\/wp\/v2\/media\/6312"}],"wp:attachment":[{"href":"https:\/\/www.asajacyl.com\/palencia\/wp-json\/wp\/v2\/media?parent=13929"}],"wp:term":[{"taxonomy":"category","embeddable":true,"href":"https:\/\/www.asajacyl.com\/palencia\/wp-json\/wp\/v2\/categories?post=13929"},{"taxonomy":"post_tag","embeddable":true,"href":"https:\/\/www.asajacyl.com\/palencia\/wp-json\/wp\/v2\/tags?post=13929"}],"curies":[{"name":"wp","href":"https:\/\/api.w.org\/{rel}","templated":true}]}}