{"id":13938,"date":"2023-08-07T13:22:50","date_gmt":"2023-08-07T11:22:50","guid":{"rendered":"https:\/\/www.asajacyl.com\/palencia\/?p=13938"},"modified":"2023-08-07T13:22:53","modified_gmt":"2023-08-07T11:22:53","slug":"asaja-critica-la-falta-de-interlocucion-y-de-capacidad-de-reaccion-de-la-consejeria-ante-la-eclosion-de-la-enfermedad-hemorragica-epizootica","status":"publish","type":"post","link":"https:\/\/www.asajacyl.com\/palencia\/asaja-palencia-informa\/asaja-critica-la-falta-de-interlocucion-y-de-capacidad-de-reaccion-de-la-consejeria-ante-la-eclosion-de-la-enfermedad-hemorragica-epizootica","title":{"rendered":"ASAJA critica la falta de interlocuci\u00f3n y de capacidad de reacci\u00f3n de la Consejer\u00eda ante la eclosi\u00f3n de la Enfermedad Hemorr\u00e1gica Epizo\u00f3tica"},"content":{"rendered":"\n<h2 class=\"wp-block-heading\"><mark style=\"color:#4a8f2d\" class=\"has-inline-color\">En solo una semana, Castilla y Le\u00f3n ha pasado de estar libre a tener restricciones en \u00c1vila y desde ma\u00f1ana tambi\u00e9n en Salamanca y Zamora<\/mark><\/h2>\n\n\n\n<p>ASAJA de Castilla y Le\u00f3n ha pedido\u00a0<strong>una reuni\u00f3n urgente con la directora general<\/strong>\u00a0de Producci\u00f3n Agr\u00edcola y Ganader\u00eda de la Consejer\u00eda, Teresa Rodr\u00edguez Vidal, para que aclare qu\u00e9 respuestas dar\u00e1 la Administraci\u00f3n regional ante el r\u00e1pido avance de la Enfermedad Hemorr\u00e1gica Epizo\u00f3tica (EHE) en el ganado de la Comunidad Aut\u00f3noma. El presidente de ASAJA, Donaciano Dujo, subraya que \u201clo peor en estos casos es la desinformaci\u00f3n, porque se genera confusi\u00f3n y se pueden crear alarmas innecesarias, y encima no llegan a los ganaderos pautas claras para adoptar las medidas de prevenci\u00f3n necesarias para evitar la propagaci\u00f3n de la enfermedad\u201d.<\/p>\n\n\n<div class=\"wp-block-image\">\n<figure class=\"aligncenter size-full is-resized\"><img loading=\"lazy\" decoding=\"async\" src=\"https:\/\/www.asajacyl.com\/palencia\/wp-content\/uploads\/sites\/3\/2023\/08\/image-6.jpg\" alt=\"\" class=\"wp-image-13939\" width=\"530\" height=\"433\" \/><\/figure><\/div>\n\n\n<p>La organizaci\u00f3n profesional agraria pide \u201cmayor eficacia y capacidad de respuesta a la Consejer\u00eda, as\u00ed como una interlocuci\u00f3n fluida con las OPA, ya que por desgracia el tema de la EHE no es el primero en el que sus responsables van a remolque, dejando al sector desamparado\u201d, se\u00f1ala Dujo.<\/p>\n\n\n\n<p>El 1 de agosto se incluy\u00f3 la provincia de \u00c1vila en el listado de zonas con restricciones, y desde ma\u00f1ana se a\u00f1aden las provincias de Salamanca y Zamora, a ra\u00edz de la declaraci\u00f3n de un foco en Ledesma. Una r\u00e1pida progresi\u00f3n de una enfermedad que ha avanzado de sur a norte de la pen\u00ednsula, con casos en Andaluc\u00eda, Castilla-La Mancha, Extremadura y Madrid, listado al que se ha incorporado este mes de agosto Castilla y Le\u00f3n.<\/p>\n\n\n\n<p>La enfermedad hemorr\u00e1gica epizo\u00f3tica es un virus que se transmite por mosquitos&nbsp;y afecta principalmente a la fauna silvestre (ciervos, corzos\u2026), hasta llegar al ganado bovino.&nbsp;<strong>La enfermedad no supone ning\u00fan riesgo para las personas ni para el consumo de los productos c\u00e1rnicos o l\u00e1cteos, pero s\u00ed ocasiona importantes p\u00e9rdidas en el ganado<\/strong>, no solo por el fallecimiento puntual de ejemplares, sino porque exige un manejo y tratamiento espec\u00edfico para los animales que requiere de mayores costes e implica p\u00e9rdidas productivas cuantiosas para la explotaci\u00f3n. Por ello, ASAJA considera que, adem\u00e1s de la informaci\u00f3n y claridad en la forma de proceder, es fundamental que la Consejer\u00eda tenga previstas ayudas que permitan a las ganader\u00edas superar la situaci\u00f3n, extremadamente delicada, dado el momento actual de sequ\u00eda y altos costes de producci\u00f3n. En este sentido, ASAJA recuerda que la ganader\u00eda de Castilla y Le\u00f3n solo recibir\u00e1 del Ministerio la mitad de las ayudas por sequ\u00eda de otras zonas de Espa\u00f1a, \u201cy la Junta todav\u00eda peor, ya que hasta al momento no ha previsto un solo euro para los ganaderos\u201d, critica Donaciano Dujo.<\/p>\n","protected":false},"excerpt":{"rendered":"<p>En solo una semana, Castilla y Le\u00f3n ha pasado de estar libre a tener restricciones en \u00c1vila y desde ma\u00f1ana tambi\u00e9n en Salamanca y Zamora ASAJA de Castilla y Le\u00f3n ha pedido\u00a0una reuni\u00f3n urgente con la directora general\u00a0de Producci\u00f3n Agr\u00edcola y Ganader\u00eda de la Consejer\u00eda, Teresa Rodr\u00edguez Vidal, para que aclare qu\u00e9 respuestas dar\u00e1 la [&hellip;]<\/p>\n","protected":false},"author":9,"featured_media":13939,"comment_status":"open","ping_status":"open","sticky":false,"template":"","format":"standard","meta":{"footnotes":""},"categories":[9,29,28],"tags":[],"yoast_head":"<!-- This site is optimized with the Yoast SEO plugin v24.5 - https:\/\/yoast.com\/wordpress\/plugins\/seo\/ -->\n<title>ASAJA critica la falta de interlocuci\u00f3n y de capacidad de reacci\u00f3n de la Consejer\u00eda ante la eclosi\u00f3n de la Enfermedad Hemorr\u00e1gica Epizo\u00f3tica - ASAJA Palencia<\/title>\n<meta name=\"description\" content=\"En solo una semana, Castilla y Le\u00f3n ha pasado de estar libre a tener restricciones en \u00c1vila y desde ma\u00f1ana tambi\u00e9n en Salamanca y Zamora ASAJA de Castilla\" \/>\n<meta name=\"robots\" content=\"index, follow, max-snippet:-1, max-image-preview:large, max-video-preview:-1\" \/>\n<link rel=\"canonical\" href=\"https:\/\/www.asajacyl.com\/palencia\/asaja-palencia-informa\/asaja-critica-la-falta-de-interlocucion-y-de-capacidad-de-reaccion-de-la-consejeria-ante-la-eclosion-de-la-enfermedad-hemorragica-epizootica\" \/>\n<meta property=\"og:locale\" content=\"es_ES\" \/>\n<meta property=\"og:type\" content=\"article\" \/>\n<meta property=\"og:title\" content=\"ASAJA critica la falta de interlocuci\u00f3n y de capacidad de reacci\u00f3n de la Consejer\u00eda ante la eclosi\u00f3n de la Enfermedad Hemorr\u00e1gica Epizo\u00f3tica - ASAJA Palencia\" \/>\n<meta property=\"og:description\" content=\"En solo una semana, Castilla y Le\u00f3n ha pasado de estar libre a tener restricciones en \u00c1vila y desde ma\u00f1ana tambi\u00e9n en Salamanca y Zamora ASAJA de Castilla\" \/>\n<meta property=\"og:url\" content=\"https:\/\/www.asajacyl.com\/palencia\/asaja-palencia-informa\/asaja-critica-la-falta-de-interlocucion-y-de-capacidad-de-reaccion-de-la-consejeria-ante-la-eclosion-de-la-enfermedad-hemorragica-epizootica\" \/>\n<meta property=\"og:site_name\" content=\"ASAJA Palencia\" \/>\n<meta property=\"article:published_time\" content=\"2023-08-07T11:22:50+00:00\" \/>\n<meta property=\"article:modified_time\" content=\"2023-08-07T11:22:53+00:00\" \/>\n<meta property=\"og:image\" content=\"https:\/\/www.asajacyl.com\/palencia\/wp-content\/uploads\/sites\/3\/2023\/08\/image-6.jpg\" \/>\n\t<meta property=\"og:image:width\" content=\"720\" \/>\n\t<meta property=\"og:image:height\" content=\"546\" \/>\n\t<meta property=\"og:image:type\" content=\"image\/jpeg\" \/>\n<meta name=\"author\" content=\"Administrador\" \/>\n<meta name=\"twitter:card\" content=\"summary_large_image\" \/>\n<meta name=\"twitter:label1\" content=\"Escrito por\" \/>\n\t<meta name=\"twitter:data1\" content=\"Administrador\" \/>\n\t<meta name=\"twitter:label2\" content=\"Tiempo de lectura\" \/>\n\t<meta name=\"twitter:data2\" content=\"3 minutos\" \/>\n<script type=\"application\/ld+json\" class=\"yoast-schema-graph\">{\"@context\":\"https:\/\/schema.org\",\"@graph\":[{\"@type\":\"WebPage\",\"@id\":\"https:\/\/www.asajacyl.com\/palencia\/asaja-palencia-informa\/asaja-critica-la-falta-de-interlocucion-y-de-capacidad-de-reaccion-de-la-consejeria-ante-la-eclosion-de-la-enfermedad-hemorragica-epizootica\",\"url\":\"https:\/\/www.asajacyl.com\/palencia\/asaja-palencia-informa\/asaja-critica-la-falta-de-interlocucion-y-de-capacidad-de-reaccion-de-la-consejeria-ante-la-eclosion-de-la-enfermedad-hemorragica-epizootica\",\"name\":\"ASAJA critica la falta de interlocuci\u00f3n y de capacidad de reacci\u00f3n de la Consejer\u00eda ante la eclosi\u00f3n de la Enfermedad Hemorr\u00e1gica Epizo\u00f3tica - ASAJA Palencia\",\"isPartOf\":{\"@id\":\"https:\/\/www.asajacyl.com\/palencia\/#website\"},\"primaryImageOfPage\":{\"@id\":\"https:\/\/www.asajacyl.com\/palencia\/asaja-palencia-informa\/asaja-critica-la-falta-de-interlocucion-y-de-capacidad-de-reaccion-de-la-consejeria-ante-la-eclosion-de-la-enfermedad-hemorragica-epizootica#primaryimage\"},\"image\":{\"@id\":\"https:\/\/www.asajacyl.com\/palencia\/asaja-palencia-informa\/asaja-critica-la-falta-de-interlocucion-y-de-capacidad-de-reaccion-de-la-consejeria-ante-la-eclosion-de-la-enfermedad-hemorragica-epizootica#primaryimage\"},\"thumbnailUrl\":\"https:\/\/www.asajacyl.com\/palencia\/wp-content\/uploads\/sites\/3\/2023\/08\/image-6.jpg\",\"datePublished\":\"2023-08-07T11:22:50+00:00\",\"dateModified\":\"2023-08-07T11:22:53+00:00\",\"author\":{\"@id\":\"https:\/\/www.asajacyl.com\/palencia\/#\/schema\/person\/3ab17aeb03527485c317557fae64aab1\"},\"description\":\"En solo una semana, Castilla y Le\u00f3n ha pasado de estar libre a tener restricciones en \u00c1vila y desde ma\u00f1ana tambi\u00e9n en Salamanca y Zamora ASAJA de Castilla\",\"breadcrumb\":{\"@id\":\"https:\/\/www.asajacyl.com\/palencia\/asaja-palencia-informa\/asaja-critica-la-falta-de-interlocucion-y-de-capacidad-de-reaccion-de-la-consejeria-ante-la-eclosion-de-la-enfermedad-hemorragica-epizootica#breadcrumb\"},\"inLanguage\":\"es\",\"potentialAction\":[{\"@type\":\"ReadAction\",\"target\":[\"https:\/\/www.asajacyl.com\/palencia\/asaja-palencia-informa\/asaja-critica-la-falta-de-interlocucion-y-de-capacidad-de-reaccion-de-la-consejeria-ante-la-eclosion-de-la-enfermedad-hemorragica-epizootica\"]}]},{\"@type\":\"ImageObject\",\"inLanguage\":\"es\",\"@id\":\"https:\/\/www.asajacyl.com\/palencia\/asaja-palencia-informa\/asaja-critica-la-falta-de-interlocucion-y-de-capacidad-de-reaccion-de-la-consejeria-ante-la-eclosion-de-la-enfermedad-hemorragica-epizootica#primaryimage\",\"url\":\"https:\/\/www.asajacyl.com\/palencia\/wp-content\/uploads\/sites\/3\/2023\/08\/image-6.jpg\",\"contentUrl\":\"https:\/\/www.asajacyl.com\/palencia\/wp-content\/uploads\/sites\/3\/2023\/08\/image-6.jpg\",\"width\":720,\"height\":546},{\"@type\":\"BreadcrumbList\",\"@id\":\"https:\/\/www.asajacyl.com\/palencia\/asaja-palencia-informa\/asaja-critica-la-falta-de-interlocucion-y-de-capacidad-de-reaccion-de-la-consejeria-ante-la-eclosion-de-la-enfermedad-hemorragica-epizootica#breadcrumb\",\"itemListElement\":[{\"@type\":\"ListItem\",\"position\":1,\"name\":\"Portada\",\"item\":\"https:\/\/www.asajacyl.com\/palencia\/\"},{\"@type\":\"ListItem\",\"position\":2,\"name\":\"ASAJA critica la falta de interlocuci\u00f3n y de capacidad de reacci\u00f3n de la Consejer\u00eda ante la eclosi\u00f3n de la Enfermedad Hemorr\u00e1gica Epizo\u00f3tica\"}]},{\"@type\":\"WebSite\",\"@id\":\"https:\/\/www.asajacyl.com\/palencia\/#website\",\"url\":\"https:\/\/www.asajacyl.com\/palencia\/\",\"name\":\"ASAJA Palencia\",\"description\":\"Otro sitio m\u00e1s de Provincias ASAJA Castilla y Le\u00f3n\",\"potentialAction\":[{\"@type\":\"SearchAction\",\"target\":{\"@type\":\"EntryPoint\",\"urlTemplate\":\"https:\/\/www.asajacyl.com\/palencia\/?s={search_term_string}\"},\"query-input\":{\"@type\":\"PropertyValueSpecification\",\"valueRequired\":true,\"valueName\":\"search_term_string\"}}],\"inLanguage\":\"es\"},{\"@type\":\"Person\",\"@id\":\"https:\/\/www.asajacyl.com\/palencia\/#\/schema\/person\/3ab17aeb03527485c317557fae64aab1\",\"name\":\"Administrador\",\"image\":{\"@type\":\"ImageObject\",\"inLanguage\":\"es\",\"@id\":\"https:\/\/www.asajacyl.com\/palencia\/#\/schema\/person\/image\/\",\"url\":\"https:\/\/secure.gravatar.com\/avatar\/517384810d242ca9e38c180f3c9fb973?s=96&d=mm&r=g\",\"contentUrl\":\"https:\/\/secure.gravatar.com\/avatar\/517384810d242ca9e38c180f3c9fb973?s=96&d=mm&r=g\",\"caption\":\"Administrador\"},\"url\":\"https:\/\/www.asajacyl.com\/palencia\/author\/carlosrm\"}]}<\/script>\n<!-- \/ Yoast SEO plugin. -->","yoast_head_json":{"title":"ASAJA critica la falta de interlocuci\u00f3n y de capacidad de reacci\u00f3n de la Consejer\u00eda ante la eclosi\u00f3n de la Enfermedad Hemorr\u00e1gica Epizo\u00f3tica - ASAJA Palencia","description":"En solo una semana, Castilla y Le\u00f3n ha pasado de estar libre a tener restricciones en \u00c1vila y desde ma\u00f1ana tambi\u00e9n en Salamanca y Zamora ASAJA de Castilla","robots":{"index":"index","follow":"follow","max-snippet":"max-snippet:-1","max-image-preview":"max-image-preview:large","max-video-preview":"max-video-preview:-1"},"canonical":"https:\/\/www.asajacyl.com\/palencia\/asaja-palencia-informa\/asaja-critica-la-falta-de-interlocucion-y-de-capacidad-de-reaccion-de-la-consejeria-ante-la-eclosion-de-la-enfermedad-hemorragica-epizootica","og_locale":"es_ES","og_type":"article","og_title":"ASAJA critica la falta de interlocuci\u00f3n y de capacidad de reacci\u00f3n de la Consejer\u00eda ante la eclosi\u00f3n de la Enfermedad Hemorr\u00e1gica Epizo\u00f3tica - ASAJA Palencia","og_description":"En solo una semana, Castilla y Le\u00f3n ha pasado de estar libre a tener restricciones en \u00c1vila y desde ma\u00f1ana tambi\u00e9n en Salamanca y Zamora ASAJA de Castilla","og_url":"https:\/\/www.asajacyl.com\/palencia\/asaja-palencia-informa\/asaja-critica-la-falta-de-interlocucion-y-de-capacidad-de-reaccion-de-la-consejeria-ante-la-eclosion-de-la-enfermedad-hemorragica-epizootica","og_site_name":"ASAJA Palencia","article_published_time":"2023-08-07T11:22:50+00:00","article_modified_time":"2023-08-07T11:22:53+00:00","og_image":[{"width":720,"height":546,"url":"https:\/\/www.asajacyl.com\/palencia\/wp-content\/uploads\/sites\/3\/2023\/08\/image-6.jpg","type":"image\/jpeg"}],"author":"Administrador","twitter_card":"summary_large_image","twitter_misc":{"Escrito por":"Administrador","Tiempo de lectura":"3 minutos"},"schema":{"@context":"https:\/\/schema.org","@graph":[{"@type":"WebPage","@id":"https:\/\/www.asajacyl.com\/palencia\/asaja-palencia-informa\/asaja-critica-la-falta-de-interlocucion-y-de-capacidad-de-reaccion-de-la-consejeria-ante-la-eclosion-de-la-enfermedad-hemorragica-epizootica","url":"https:\/\/www.asajacyl.com\/palencia\/asaja-palencia-informa\/asaja-critica-la-falta-de-interlocucion-y-de-capacidad-de-reaccion-de-la-consejeria-ante-la-eclosion-de-la-enfermedad-hemorragica-epizootica","name":"ASAJA critica la falta de interlocuci\u00f3n y de capacidad de reacci\u00f3n de la Consejer\u00eda ante la eclosi\u00f3n de la Enfermedad Hemorr\u00e1gica Epizo\u00f3tica - ASAJA Palencia","isPartOf":{"@id":"https:\/\/www.asajacyl.com\/palencia\/#website"},"primaryImageOfPage":{"@id":"https:\/\/www.asajacyl.com\/palencia\/asaja-palencia-informa\/asaja-critica-la-falta-de-interlocucion-y-de-capacidad-de-reaccion-de-la-consejeria-ante-la-eclosion-de-la-enfermedad-hemorragica-epizootica#primaryimage"},"image":{"@id":"https:\/\/www.asajacyl.com\/palencia\/asaja-palencia-informa\/asaja-critica-la-falta-de-interlocucion-y-de-capacidad-de-reaccion-de-la-consejeria-ante-la-eclosion-de-la-enfermedad-hemorragica-epizootica#primaryimage"},"thumbnailUrl":"https:\/\/www.asajacyl.com\/palencia\/wp-content\/uploads\/sites\/3\/2023\/08\/image-6.jpg","datePublished":"2023-08-07T11:22:50+00:00","dateModified":"2023-08-07T11:22:53+00:00","author":{"@id":"https:\/\/www.asajacyl.com\/palencia\/#\/schema\/person\/3ab17aeb03527485c317557fae64aab1"},"description":"En solo una semana, Castilla y Le\u00f3n ha pasado de estar libre a tener restricciones en \u00c1vila y desde ma\u00f1ana tambi\u00e9n en Salamanca y Zamora ASAJA de Castilla","breadcrumb":{"@id":"https:\/\/www.asajacyl.com\/palencia\/asaja-palencia-informa\/asaja-critica-la-falta-de-interlocucion-y-de-capacidad-de-reaccion-de-la-consejeria-ante-la-eclosion-de-la-enfermedad-hemorragica-epizootica#breadcrumb"},"inLanguage":"es","potentialAction":[{"@type":"ReadAction","target":["https:\/\/www.asajacyl.com\/palencia\/asaja-palencia-informa\/asaja-critica-la-falta-de-interlocucion-y-de-capacidad-de-reaccion-de-la-consejeria-ante-la-eclosion-de-la-enfermedad-hemorragica-epizootica"]}]},{"@type":"ImageObject","inLanguage":"es","@id":"https:\/\/www.asajacyl.com\/palencia\/asaja-palencia-informa\/asaja-critica-la-falta-de-interlocucion-y-de-capacidad-de-reaccion-de-la-consejeria-ante-la-eclosion-de-la-enfermedad-hemorragica-epizootica#primaryimage","url":"https:\/\/www.asajacyl.com\/palencia\/wp-content\/uploads\/sites\/3\/2023\/08\/image-6.jpg","contentUrl":"https:\/\/www.asajacyl.com\/palencia\/wp-content\/uploads\/sites\/3\/2023\/08\/image-6.jpg","width":720,"height":546},{"@type":"BreadcrumbList","@id":"https:\/\/www.asajacyl.com\/palencia\/asaja-palencia-informa\/asaja-critica-la-falta-de-interlocucion-y-de-capacidad-de-reaccion-de-la-consejeria-ante-la-eclosion-de-la-enfermedad-hemorragica-epizootica#breadcrumb","itemListElement":[{"@type":"ListItem","position":1,"name":"Portada","item":"https:\/\/www.asajacyl.com\/palencia\/"},{"@type":"ListItem","position":2,"name":"ASAJA critica la falta de interlocuci\u00f3n y de capacidad de reacci\u00f3n de la Consejer\u00eda ante la eclosi\u00f3n de la Enfermedad Hemorr\u00e1gica Epizo\u00f3tica"}]},{"@type":"WebSite","@id":"https:\/\/www.asajacyl.com\/palencia\/#website","url":"https:\/\/www.asajacyl.com\/palencia\/","name":"ASAJA Palencia","description":"Otro sitio m\u00e1s de Provincias ASAJA Castilla y Le\u00f3n","potentialAction":[{"@type":"SearchAction","target":{"@type":"EntryPoint","urlTemplate":"https:\/\/www.asajacyl.com\/palencia\/?s={search_term_string}"},"query-input":{"@type":"PropertyValueSpecification","valueRequired":true,"valueName":"search_term_string"}}],"inLanguage":"es"},{"@type":"Person","@id":"https:\/\/www.asajacyl.com\/palencia\/#\/schema\/person\/3ab17aeb03527485c317557fae64aab1","name":"Administrador","image":{"@type":"ImageObject","inLanguage":"es","@id":"https:\/\/www.asajacyl.com\/palencia\/#\/schema\/person\/image\/","url":"https:\/\/secure.gravatar.com\/avatar\/517384810d242ca9e38c180f3c9fb973?s=96&d=mm&r=g","contentUrl":"https:\/\/secure.gravatar.com\/avatar\/517384810d242ca9e38c180f3c9fb973?s=96&d=mm&r=g","caption":"Administrador"},"url":"https:\/\/www.asajacyl.com\/palencia\/author\/carlosrm"}]}},"_links":{"self":[{"href":"https:\/\/www.asajacyl.com\/palencia\/wp-json\/wp\/v2\/posts\/13938"}],"collection":[{"href":"https:\/\/www.asajacyl.com\/palencia\/wp-json\/wp\/v2\/posts"}],"about":[{"href":"https:\/\/www.asajacyl.com\/palencia\/wp-json\/wp\/v2\/types\/post"}],"author":[{"embeddable":true,"href":"https:\/\/www.asajacyl.com\/palencia\/wp-json\/wp\/v2\/users\/9"}],"replies":[{"embeddable":true,"href":"https:\/\/www.asajacyl.com\/palencia\/wp-json\/wp\/v2\/comments?post=13938"}],"version-history":[{"count":1,"href":"https:\/\/www.asajacyl.com\/palencia\/wp-json\/wp\/v2\/posts\/13938\/revisions"}],"predecessor-version":[{"id":13940,"href":"https:\/\/www.asajacyl.com\/palencia\/wp-json\/wp\/v2\/posts\/13938\/revisions\/13940"}],"wp:featuredmedia":[{"embeddable":true,"href":"https:\/\/www.asajacyl.com\/palencia\/wp-json\/wp\/v2\/media\/13939"}],"wp:attachment":[{"href":"https:\/\/www.asajacyl.com\/palencia\/wp-json\/wp\/v2\/media?parent=13938"}],"wp:term":[{"taxonomy":"category","embeddable":true,"href":"https:\/\/www.asajacyl.com\/palencia\/wp-json\/wp\/v2\/categories?post=13938"},{"taxonomy":"post_tag","embeddable":true,"href":"https:\/\/www.asajacyl.com\/palencia\/wp-json\/wp\/v2\/tags?post=13938"}],"curies":[{"name":"wp","href":"https:\/\/api.w.org\/{rel}","templated":true}]}}