{"id":13949,"date":"2023-08-08T11:10:44","date_gmt":"2023-08-08T09:10:44","guid":{"rendered":"https:\/\/www.asajacyl.com\/palencia\/?p=13949"},"modified":"2023-08-10T12:24:52","modified_gmt":"2023-08-10T10:24:52","slug":"la-junta-decreta-el-estado-de-alerta-por-riesgo-de-incendios-forestales-para-los-dias-8-y-9-de-agosto","status":"publish","type":"post","link":"https:\/\/www.asajacyl.com\/palencia\/asaja-palencia-informa\/la-junta-decreta-el-estado-de-alerta-por-riesgo-de-incendios-forestales-para-los-dias-8-y-9-de-agosto","title":{"rendered":"La Junta decreta el estado de alerta por riesgo de incendios forestales para los d\u00edas 8 y 9 de agosto"},"content":{"rendered":"\n<p>La Junta de Castilla y Le\u00f3n ha publicado hoy, d\u00eda 8 de agosto, una resoluci\u00f3n por la que se declara<strong> situaci\u00f3n de alerta<\/strong> por riesgo meteorol\u00f3gico de incendios forestales para los d\u00edas 8 y 9 de agosto.<\/p>\n\n\n\n<p>El d\u00eda 9 de junio la Junta fij\u00f3 el per\u00edodo de alto riesgo de incendios forestales desde el d\u00eda 12 de junio hasta el d\u00eda 12 de octubre. Seg\u00fan la orden que regula el uso del fuego y se establecen medidas preventivas para la lucha contra los incendios forestales en Castilla y Le\u00f3n, cuando nos encontramos en \u00e9poca de alto riesgo se proh\u00edbe la utilizaci\u00f3n de maquinaria y equipos en los montes y en los terrenos r\u00fasticos situados en una franja de 400 metros alrededor de aquellos, cuyo funcionamiento pueda generar deflagraci\u00f3n, chispas o descargas el\u00e9ctricas, se except\u00faan de esta prohibici\u00f3n las cosechadoras dotadas de matachispas salvo que la temperatura sea superior a 30\u00baC y<strong> <\/strong>la velocidad del viento supere los 30 km\/h, y siempre cumpliendo las medidas preventivas y de seguridad ante el riesgo de incendios forestales, en particular tener a mano medios de extinci\u00f3n y personal suficientes para controlar el posible conato de incendio que se pueda originar.<\/p>\n\n\n\n<p><strong>El hecho de que la Junta de Castilla y Le\u00f3n decrete la situaci\u00f3n de alerta no cambia nada a efectos del uso de cosechadoras<\/strong>. S\u00ed que cambiar\u00eda esta situaci\u00f3n si se declarara en un futuro situaci\u00f3n de alarma, en cuyo caso se prohibir\u00eda cosechar en el monte, o la situaci\u00f3n de alarma extrema, que prohibir\u00eda el uso de cosechadoras en monte y en la franja de 400 metros que lo circunda.<\/p>\n\n\n\n<p><strong>En aquellas zonas alejadas m\u00e1s de 400 de monte no hay restricci\u00f3n ninguna para cosechar<\/strong> salvo que el propio concepto de monte es ambiguo, poco concluyente y parece que cualquier cosa sea monte. Textualmente la Ley de Montes de Castilla y Le\u00f3n indica que monte es <em>\u00abtodo terreno en el que vegetan especies forestales arb\u00f3reas, arbustivas, de matorral o herb\u00e1ceas, sea espont\u00e1neamente o procedan de siembra o plantaci\u00f3n, siempre que no est\u00e9 dedicado al cultivo agr\u00edcola. Tienen tambi\u00e9n la consideraci\u00f3n de monte:<\/em><\/p>\n\n\n\n<p><em>a) Los terrenos yermos, roquedos y arenales.<\/em><\/p>\n\n\n\n<p><em>b) Las construcciones e infraestructuras destinadas al servicio del monte en el que se ubican.<\/em><\/p>\n\n\n\n<p><em>c) Los terrenos cuyo cultivo agr\u00edcola hubiera sido abandonado por plazo superior a veinte a\u00f1os y que hubieran adquirido signos inequ\u00edvocos de su estado forestal, salvo cuando se hallen acogidos a programas p\u00fablicos de abandono temporal de la producci\u00f3n agraria.<\/em><\/p>\n\n\n\n<p><em>d) Los terrenos que, sin reunir las caracter\u00edsticas descritas en este precepto, formen parte de un monte catalogado de utilidad p\u00fablica.<\/em><\/p>\n\n\n\n<p><em>e) Todo terreno que, sin reunir las caracter\u00edsticas descritas anteriormente, se adscriba a la finalidad de ser repoblado o transformado al uso forestal.\u00bb<\/em><\/p>\n\n\n\n<p> <\/p>\n","protected":false},"excerpt":{"rendered":"<p>La Junta de Castilla y Le\u00f3n ha publicado hoy, d\u00eda 8 de agosto, una resoluci\u00f3n por la que se declara situaci\u00f3n de alerta por riesgo meteorol\u00f3gico de incendios forestales para los d\u00edas 8 y 9 de agosto. El d\u00eda 9 de junio la Junta fij\u00f3 el per\u00edodo de alto riesgo de incendios forestales desde el [&hellip;]<\/p>\n","protected":false},"author":9,"featured_media":13952,"comment_status":"open","ping_status":"open","sticky":false,"template":"","format":"standard","meta":{"footnotes":""},"categories":[9,28],"tags":[],"yoast_head":"<!-- This site is optimized with the Yoast SEO plugin v24.5 - https:\/\/yoast.com\/wordpress\/plugins\/seo\/ -->\n<title>La Junta decreta el estado de alerta por riesgo de incendios forestales para los d\u00edas 8 y 9 de agosto - ASAJA Palencia<\/title>\n<meta name=\"description\" content=\"La Junta de Castilla y Le\u00f3n ha publicado hoy, d\u00eda 8 de agosto, una resoluci\u00f3n por la que se declara situaci\u00f3n de alerta por riesgo meteorol\u00f3gico de\" \/>\n<meta name=\"robots\" content=\"index, follow, max-snippet:-1, max-image-preview:large, max-video-preview:-1\" \/>\n<link rel=\"canonical\" href=\"https:\/\/www.asajacyl.com\/palencia\/asaja-palencia-informa\/la-junta-decreta-el-estado-de-alerta-por-riesgo-de-incendios-forestales-para-los-dias-8-y-9-de-agosto\" \/>\n<meta property=\"og:locale\" content=\"es_ES\" \/>\n<meta property=\"og:type\" content=\"article\" \/>\n<meta property=\"og:title\" content=\"La Junta decreta el estado de alerta por riesgo de incendios forestales para los d\u00edas 8 y 9 de agosto - ASAJA Palencia\" \/>\n<meta property=\"og:description\" content=\"La Junta de Castilla y Le\u00f3n ha publicado hoy, d\u00eda 8 de agosto, una resoluci\u00f3n por la que se declara situaci\u00f3n de alerta por riesgo meteorol\u00f3gico de\" \/>\n<meta property=\"og:url\" content=\"https:\/\/www.asajacyl.com\/palencia\/asaja-palencia-informa\/la-junta-decreta-el-estado-de-alerta-por-riesgo-de-incendios-forestales-para-los-dias-8-y-9-de-agosto\" \/>\n<meta property=\"og:site_name\" content=\"ASAJA Palencia\" \/>\n<meta property=\"article:published_time\" content=\"2023-08-08T09:10:44+00:00\" \/>\n<meta property=\"article:modified_time\" content=\"2023-08-10T10:24:52+00:00\" \/>\n<meta property=\"og:image\" content=\"https:\/\/www.asajacyl.com\/palencia\/wp-content\/uploads\/sites\/3\/2023\/08\/RIESGO-INCENDIO-20230808.jpg\" \/>\n\t<meta property=\"og:image:width\" content=\"850\" \/>\n\t<meta property=\"og:image:height\" content=\"663\" \/>\n\t<meta property=\"og:image:type\" content=\"image\/jpeg\" \/>\n<meta name=\"author\" content=\"Administrador\" \/>\n<meta name=\"twitter:card\" content=\"summary_large_image\" \/>\n<meta name=\"twitter:label1\" content=\"Escrito por\" \/>\n\t<meta name=\"twitter:data1\" content=\"Administrador\" \/>\n\t<meta name=\"twitter:label2\" content=\"Tiempo de lectura\" \/>\n\t<meta name=\"twitter:data2\" content=\"3 minutos\" \/>\n<script type=\"application\/ld+json\" class=\"yoast-schema-graph\">{\"@context\":\"https:\/\/schema.org\",\"@graph\":[{\"@type\":\"WebPage\",\"@id\":\"https:\/\/www.asajacyl.com\/palencia\/asaja-palencia-informa\/la-junta-decreta-el-estado-de-alerta-por-riesgo-de-incendios-forestales-para-los-dias-8-y-9-de-agosto\",\"url\":\"https:\/\/www.asajacyl.com\/palencia\/asaja-palencia-informa\/la-junta-decreta-el-estado-de-alerta-por-riesgo-de-incendios-forestales-para-los-dias-8-y-9-de-agosto\",\"name\":\"La Junta decreta el estado de alerta por riesgo de incendios forestales para los d\u00edas 8 y 9 de agosto - ASAJA Palencia\",\"isPartOf\":{\"@id\":\"https:\/\/www.asajacyl.com\/palencia\/#website\"},\"primaryImageOfPage\":{\"@id\":\"https:\/\/www.asajacyl.com\/palencia\/asaja-palencia-informa\/la-junta-decreta-el-estado-de-alerta-por-riesgo-de-incendios-forestales-para-los-dias-8-y-9-de-agosto#primaryimage\"},\"image\":{\"@id\":\"https:\/\/www.asajacyl.com\/palencia\/asaja-palencia-informa\/la-junta-decreta-el-estado-de-alerta-por-riesgo-de-incendios-forestales-para-los-dias-8-y-9-de-agosto#primaryimage\"},\"thumbnailUrl\":\"https:\/\/www.asajacyl.com\/palencia\/wp-content\/uploads\/sites\/3\/2023\/08\/RIESGO-INCENDIO-20230808.jpg\",\"datePublished\":\"2023-08-08T09:10:44+00:00\",\"dateModified\":\"2023-08-10T10:24:52+00:00\",\"author\":{\"@id\":\"https:\/\/www.asajacyl.com\/palencia\/#\/schema\/person\/3ab17aeb03527485c317557fae64aab1\"},\"description\":\"La Junta de Castilla y Le\u00f3n ha publicado hoy, d\u00eda 8 de agosto, una resoluci\u00f3n por la que se declara situaci\u00f3n de alerta por riesgo meteorol\u00f3gico de\",\"breadcrumb\":{\"@id\":\"https:\/\/www.asajacyl.com\/palencia\/asaja-palencia-informa\/la-junta-decreta-el-estado-de-alerta-por-riesgo-de-incendios-forestales-para-los-dias-8-y-9-de-agosto#breadcrumb\"},\"inLanguage\":\"es\",\"potentialAction\":[{\"@type\":\"ReadAction\",\"target\":[\"https:\/\/www.asajacyl.com\/palencia\/asaja-palencia-informa\/la-junta-decreta-el-estado-de-alerta-por-riesgo-de-incendios-forestales-para-los-dias-8-y-9-de-agosto\"]}]},{\"@type\":\"ImageObject\",\"inLanguage\":\"es\",\"@id\":\"https:\/\/www.asajacyl.com\/palencia\/asaja-palencia-informa\/la-junta-decreta-el-estado-de-alerta-por-riesgo-de-incendios-forestales-para-los-dias-8-y-9-de-agosto#primaryimage\",\"url\":\"https:\/\/www.asajacyl.com\/palencia\/wp-content\/uploads\/sites\/3\/2023\/08\/RIESGO-INCENDIO-20230808.jpg\",\"contentUrl\":\"https:\/\/www.asajacyl.com\/palencia\/wp-content\/uploads\/sites\/3\/2023\/08\/RIESGO-INCENDIO-20230808.jpg\",\"width\":850,\"height\":663},{\"@type\":\"BreadcrumbList\",\"@id\":\"https:\/\/www.asajacyl.com\/palencia\/asaja-palencia-informa\/la-junta-decreta-el-estado-de-alerta-por-riesgo-de-incendios-forestales-para-los-dias-8-y-9-de-agosto#breadcrumb\",\"itemListElement\":[{\"@type\":\"ListItem\",\"position\":1,\"name\":\"Portada\",\"item\":\"https:\/\/www.asajacyl.com\/palencia\/\"},{\"@type\":\"ListItem\",\"position\":2,\"name\":\"La Junta decreta el estado de alerta por riesgo de incendios forestales para los d\u00edas 8 y 9 de agosto\"}]},{\"@type\":\"WebSite\",\"@id\":\"https:\/\/www.asajacyl.com\/palencia\/#website\",\"url\":\"https:\/\/www.asajacyl.com\/palencia\/\",\"name\":\"ASAJA Palencia\",\"description\":\"Otro sitio m\u00e1s de Provincias ASAJA Castilla y Le\u00f3n\",\"potentialAction\":[{\"@type\":\"SearchAction\",\"target\":{\"@type\":\"EntryPoint\",\"urlTemplate\":\"https:\/\/www.asajacyl.com\/palencia\/?s={search_term_string}\"},\"query-input\":{\"@type\":\"PropertyValueSpecification\",\"valueRequired\":true,\"valueName\":\"search_term_string\"}}],\"inLanguage\":\"es\"},{\"@type\":\"Person\",\"@id\":\"https:\/\/www.asajacyl.com\/palencia\/#\/schema\/person\/3ab17aeb03527485c317557fae64aab1\",\"name\":\"Administrador\",\"image\":{\"@type\":\"ImageObject\",\"inLanguage\":\"es\",\"@id\":\"https:\/\/www.asajacyl.com\/palencia\/#\/schema\/person\/image\/\",\"url\":\"https:\/\/secure.gravatar.com\/avatar\/517384810d242ca9e38c180f3c9fb973?s=96&d=mm&r=g\",\"contentUrl\":\"https:\/\/secure.gravatar.com\/avatar\/517384810d242ca9e38c180f3c9fb973?s=96&d=mm&r=g\",\"caption\":\"Administrador\"},\"url\":\"https:\/\/www.asajacyl.com\/palencia\/author\/carlosrm\"}]}<\/script>\n<!-- \/ Yoast SEO plugin. -->","yoast_head_json":{"title":"La Junta decreta el estado de alerta por riesgo de incendios forestales para los d\u00edas 8 y 9 de agosto - ASAJA Palencia","description":"La Junta de Castilla y Le\u00f3n ha publicado hoy, d\u00eda 8 de agosto, una resoluci\u00f3n por la que se declara situaci\u00f3n de alerta por riesgo meteorol\u00f3gico de","robots":{"index":"index","follow":"follow","max-snippet":"max-snippet:-1","max-image-preview":"max-image-preview:large","max-video-preview":"max-video-preview:-1"},"canonical":"https:\/\/www.asajacyl.com\/palencia\/asaja-palencia-informa\/la-junta-decreta-el-estado-de-alerta-por-riesgo-de-incendios-forestales-para-los-dias-8-y-9-de-agosto","og_locale":"es_ES","og_type":"article","og_title":"La Junta decreta el estado de alerta por riesgo de incendios forestales para los d\u00edas 8 y 9 de agosto - ASAJA Palencia","og_description":"La Junta de Castilla y Le\u00f3n ha publicado hoy, d\u00eda 8 de agosto, una resoluci\u00f3n por la que se declara situaci\u00f3n de alerta por riesgo meteorol\u00f3gico de","og_url":"https:\/\/www.asajacyl.com\/palencia\/asaja-palencia-informa\/la-junta-decreta-el-estado-de-alerta-por-riesgo-de-incendios-forestales-para-los-dias-8-y-9-de-agosto","og_site_name":"ASAJA Palencia","article_published_time":"2023-08-08T09:10:44+00:00","article_modified_time":"2023-08-10T10:24:52+00:00","og_image":[{"width":850,"height":663,"url":"https:\/\/www.asajacyl.com\/palencia\/wp-content\/uploads\/sites\/3\/2023\/08\/RIESGO-INCENDIO-20230808.jpg","type":"image\/jpeg"}],"author":"Administrador","twitter_card":"summary_large_image","twitter_misc":{"Escrito por":"Administrador","Tiempo de lectura":"3 minutos"},"schema":{"@context":"https:\/\/schema.org","@graph":[{"@type":"WebPage","@id":"https:\/\/www.asajacyl.com\/palencia\/asaja-palencia-informa\/la-junta-decreta-el-estado-de-alerta-por-riesgo-de-incendios-forestales-para-los-dias-8-y-9-de-agosto","url":"https:\/\/www.asajacyl.com\/palencia\/asaja-palencia-informa\/la-junta-decreta-el-estado-de-alerta-por-riesgo-de-incendios-forestales-para-los-dias-8-y-9-de-agosto","name":"La Junta decreta el estado de alerta por riesgo de incendios forestales para los d\u00edas 8 y 9 de agosto - ASAJA Palencia","isPartOf":{"@id":"https:\/\/www.asajacyl.com\/palencia\/#website"},"primaryImageOfPage":{"@id":"https:\/\/www.asajacyl.com\/palencia\/asaja-palencia-informa\/la-junta-decreta-el-estado-de-alerta-por-riesgo-de-incendios-forestales-para-los-dias-8-y-9-de-agosto#primaryimage"},"image":{"@id":"https:\/\/www.asajacyl.com\/palencia\/asaja-palencia-informa\/la-junta-decreta-el-estado-de-alerta-por-riesgo-de-incendios-forestales-para-los-dias-8-y-9-de-agosto#primaryimage"},"thumbnailUrl":"https:\/\/www.asajacyl.com\/palencia\/wp-content\/uploads\/sites\/3\/2023\/08\/RIESGO-INCENDIO-20230808.jpg","datePublished":"2023-08-08T09:10:44+00:00","dateModified":"2023-08-10T10:24:52+00:00","author":{"@id":"https:\/\/www.asajacyl.com\/palencia\/#\/schema\/person\/3ab17aeb03527485c317557fae64aab1"},"description":"La Junta de Castilla y Le\u00f3n ha publicado hoy, d\u00eda 8 de agosto, una resoluci\u00f3n por la que se declara situaci\u00f3n de alerta por riesgo meteorol\u00f3gico de","breadcrumb":{"@id":"https:\/\/www.asajacyl.com\/palencia\/asaja-palencia-informa\/la-junta-decreta-el-estado-de-alerta-por-riesgo-de-incendios-forestales-para-los-dias-8-y-9-de-agosto#breadcrumb"},"inLanguage":"es","potentialAction":[{"@type":"ReadAction","target":["https:\/\/www.asajacyl.com\/palencia\/asaja-palencia-informa\/la-junta-decreta-el-estado-de-alerta-por-riesgo-de-incendios-forestales-para-los-dias-8-y-9-de-agosto"]}]},{"@type":"ImageObject","inLanguage":"es","@id":"https:\/\/www.asajacyl.com\/palencia\/asaja-palencia-informa\/la-junta-decreta-el-estado-de-alerta-por-riesgo-de-incendios-forestales-para-los-dias-8-y-9-de-agosto#primaryimage","url":"https:\/\/www.asajacyl.com\/palencia\/wp-content\/uploads\/sites\/3\/2023\/08\/RIESGO-INCENDIO-20230808.jpg","contentUrl":"https:\/\/www.asajacyl.com\/palencia\/wp-content\/uploads\/sites\/3\/2023\/08\/RIESGO-INCENDIO-20230808.jpg","width":850,"height":663},{"@type":"BreadcrumbList","@id":"https:\/\/www.asajacyl.com\/palencia\/asaja-palencia-informa\/la-junta-decreta-el-estado-de-alerta-por-riesgo-de-incendios-forestales-para-los-dias-8-y-9-de-agosto#breadcrumb","itemListElement":[{"@type":"ListItem","position":1,"name":"Portada","item":"https:\/\/www.asajacyl.com\/palencia\/"},{"@type":"ListItem","position":2,"name":"La Junta decreta el estado de alerta por riesgo de incendios forestales para los d\u00edas 8 y 9 de agosto"}]},{"@type":"WebSite","@id":"https:\/\/www.asajacyl.com\/palencia\/#website","url":"https:\/\/www.asajacyl.com\/palencia\/","name":"ASAJA Palencia","description":"Otro sitio m\u00e1s de Provincias ASAJA Castilla y Le\u00f3n","potentialAction":[{"@type":"SearchAction","target":{"@type":"EntryPoint","urlTemplate":"https:\/\/www.asajacyl.com\/palencia\/?s={search_term_string}"},"query-input":{"@type":"PropertyValueSpecification","valueRequired":true,"valueName":"search_term_string"}}],"inLanguage":"es"},{"@type":"Person","@id":"https:\/\/www.asajacyl.com\/palencia\/#\/schema\/person\/3ab17aeb03527485c317557fae64aab1","name":"Administrador","image":{"@type":"ImageObject","inLanguage":"es","@id":"https:\/\/www.asajacyl.com\/palencia\/#\/schema\/person\/image\/","url":"https:\/\/secure.gravatar.com\/avatar\/517384810d242ca9e38c180f3c9fb973?s=96&d=mm&r=g","contentUrl":"https:\/\/secure.gravatar.com\/avatar\/517384810d242ca9e38c180f3c9fb973?s=96&d=mm&r=g","caption":"Administrador"},"url":"https:\/\/www.asajacyl.com\/palencia\/author\/carlosrm"}]}},"_links":{"self":[{"href":"https:\/\/www.asajacyl.com\/palencia\/wp-json\/wp\/v2\/posts\/13949"}],"collection":[{"href":"https:\/\/www.asajacyl.com\/palencia\/wp-json\/wp\/v2\/posts"}],"about":[{"href":"https:\/\/www.asajacyl.com\/palencia\/wp-json\/wp\/v2\/types\/post"}],"author":[{"embeddable":true,"href":"https:\/\/www.asajacyl.com\/palencia\/wp-json\/wp\/v2\/users\/9"}],"replies":[{"embeddable":true,"href":"https:\/\/www.asajacyl.com\/palencia\/wp-json\/wp\/v2\/comments?post=13949"}],"version-history":[{"count":4,"href":"https:\/\/www.asajacyl.com\/palencia\/wp-json\/wp\/v2\/posts\/13949\/revisions"}],"predecessor-version":[{"id":13966,"href":"https:\/\/www.asajacyl.com\/palencia\/wp-json\/wp\/v2\/posts\/13949\/revisions\/13966"}],"wp:featuredmedia":[{"embeddable":true,"href":"https:\/\/www.asajacyl.com\/palencia\/wp-json\/wp\/v2\/media\/13952"}],"wp:attachment":[{"href":"https:\/\/www.asajacyl.com\/palencia\/wp-json\/wp\/v2\/media?parent=13949"}],"wp:term":[{"taxonomy":"category","embeddable":true,"href":"https:\/\/www.asajacyl.com\/palencia\/wp-json\/wp\/v2\/categories?post=13949"},{"taxonomy":"post_tag","embeddable":true,"href":"https:\/\/www.asajacyl.com\/palencia\/wp-json\/wp\/v2\/tags?post=13949"}],"curies":[{"name":"wp","href":"https:\/\/api.w.org\/{rel}","templated":true}]}}