{"id":13962,"date":"2023-08-10T09:47:35","date_gmt":"2023-08-10T07:47:35","guid":{"rendered":"https:\/\/www.asajacyl.com\/palencia\/?p=13962"},"modified":"2023-08-10T09:47:38","modified_gmt":"2023-08-10T07:47:38","slug":"convocado-el-levantamiento-de-actas-previas-en-el-acceso-sur-ferroviario-a-palencia-afectando-a-palencia-y-villamuriel-de-cerrato","status":"publish","type":"post","link":"https:\/\/www.asajacyl.com\/palencia\/asaja-palencia-informa\/convocado-el-levantamiento-de-actas-previas-en-el-acceso-sur-ferroviario-a-palencia-afectando-a-palencia-y-villamuriel-de-cerrato","title":{"rendered":"Convocado el levantamiento de actas previas en el acceso sur ferroviario a Palencia, afectando a Palencia y Villamuriel de Cerrato"},"content":{"rendered":"\n<p>El Bolet\u00edn Oficial del Estado (B.O.E.) recoge una resoluci\u00f3n por la que se convoca a los propietarios de los bienes y derechos afectados al levantamiento de actas previas correspondientes a la expropiaci\u00f3n forzosa motivada por el \u00abProyecto de Construcci\u00f3n de Plataforma de la Integraci\u00f3n del Ferrocarril en la Ciudad de Palencia. Tramo: Acceso Sur. Fase II\u00bb. La Fase I se adjudic\u00f3 en 2019 y ya se encuentra construida.<\/p>\n\n\n\n<p>Esta expropiaci\u00f3n afecta a los t\u00e9rminos municipales de Palencia, Villamuriel de Cerrato y Soto de Cerrato, aunque en este \u00faltimo \u00fanicamente afecta a parcelas de titularidad p\u00fablica que se utilizar\u00e1n como vertedero. En el municipio de Palencia se expropiar\u00e1n 17,91 hect\u00e1reas, en Villamuriel de Cerrato ser\u00e1n 8,44 hect\u00e1reas las expropiadas y en Soto de Cerrato afectar\u00e1 la expropiaci\u00f3n a 16,66 hect\u00e1reas. Las servidumbres que se generar\u00e1n ascienden a 3,89 hect\u00e1reas en Palencia y 0,58 hect\u00e1reas en Villamuriel de Cerrato. Por \u00faltimo, la ocupaci\u00f3n temporal tendr\u00e1 una afecci\u00f3n de 15,65 hect\u00e1reas en Palencia, de 5,93 hect\u00e1reas en Villamuriel de Cerrato y de 0,58 hect\u00e1reas en Soto de Cerrato.<\/p>\n\n\n\n<p>El levantamiento de actas previas a la ocupaci\u00f3n, al que se cita a los propietarios y agricultores afectados, se desarrollar\u00e1 los d\u00edas 26 y 27 de septiembre en Palencia y el d\u00eda 28 del mismo mes en Villamuriel de Cerrato.<\/p>\n\n\n\n<p>ASAJA-Palencia cuenta con un servicio de atenci\u00f3n a los expropiados con el fin de acompa\u00f1arles desde el principio de la expropiaci\u00f3n en todas las tramitaciones que se deban realizar hasta la obtenci\u00f3n del justiprecio. Aquellos interesados pueden solicitar m\u00e1s informaci\u00f3n en las oficinas de la asociaci\u00f3n agraria o llamando al 979752344.<\/p>\n","protected":false},"excerpt":{"rendered":"<p>El Bolet\u00edn Oficial del Estado (B.O.E.) recoge una resoluci\u00f3n por la que se convoca a los propietarios de los bienes y derechos afectados al levantamiento de actas previas correspondientes a la expropiaci\u00f3n forzosa motivada por el \u00abProyecto de Construcci\u00f3n de Plataforma de la Integraci\u00f3n del Ferrocarril en la Ciudad de Palencia. Tramo: Acceso Sur. Fase [&hellip;]<\/p>\n","protected":false},"author":9,"featured_media":12466,"comment_status":"open","ping_status":"open","sticky":false,"template":"","format":"standard","meta":{"footnotes":""},"categories":[9,29,28],"tags":[],"yoast_head":"<!-- This site is optimized with the Yoast SEO plugin v24.5 - https:\/\/yoast.com\/wordpress\/plugins\/seo\/ -->\n<title>Convocado el levantamiento de actas previas en el acceso sur ferroviario a Palencia, afectando a Palencia y Villamuriel de Cerrato - ASAJA Palencia<\/title>\n<meta name=\"description\" content=\"El Bolet\u00edn Oficial del Estado (B.O.E.) recoge una resoluci\u00f3n por la que se convoca a los propietarios de los bienes y derechos afectados al levantamiento\" \/>\n<meta name=\"robots\" content=\"index, follow, max-snippet:-1, max-image-preview:large, max-video-preview:-1\" \/>\n<link rel=\"canonical\" href=\"https:\/\/www.asajacyl.com\/palencia\/asaja-palencia-informa\/convocado-el-levantamiento-de-actas-previas-en-el-acceso-sur-ferroviario-a-palencia-afectando-a-palencia-y-villamuriel-de-cerrato\" \/>\n<meta property=\"og:locale\" content=\"es_ES\" \/>\n<meta property=\"og:type\" content=\"article\" \/>\n<meta property=\"og:title\" content=\"Convocado el levantamiento de actas previas en el acceso sur ferroviario a Palencia, afectando a Palencia y Villamuriel de Cerrato - ASAJA Palencia\" \/>\n<meta property=\"og:description\" content=\"El Bolet\u00edn Oficial del Estado (B.O.E.) recoge una resoluci\u00f3n por la que se convoca a los propietarios de los bienes y derechos afectados al levantamiento\" \/>\n<meta property=\"og:url\" content=\"https:\/\/www.asajacyl.com\/palencia\/asaja-palencia-informa\/convocado-el-levantamiento-de-actas-previas-en-el-acceso-sur-ferroviario-a-palencia-afectando-a-palencia-y-villamuriel-de-cerrato\" \/>\n<meta property=\"og:site_name\" content=\"ASAJA Palencia\" \/>\n<meta property=\"article:published_time\" content=\"2023-08-10T07:47:35+00:00\" \/>\n<meta property=\"article:modified_time\" content=\"2023-08-10T07:47:38+00:00\" \/>\n<meta property=\"og:image\" content=\"https:\/\/www.asajacyl.com\/palencia\/wp-content\/uploads\/sites\/3\/2023\/02\/EXPROPIACION-5.jpg\" \/>\n\t<meta property=\"og:image:width\" content=\"2048\" \/>\n\t<meta property=\"og:image:height\" content=\"943\" \/>\n\t<meta property=\"og:image:type\" content=\"image\/jpeg\" \/>\n<meta name=\"author\" content=\"Administrador\" \/>\n<meta name=\"twitter:card\" content=\"summary_large_image\" \/>\n<meta name=\"twitter:label1\" content=\"Escrito por\" \/>\n\t<meta name=\"twitter:data1\" content=\"Administrador\" \/>\n\t<meta name=\"twitter:label2\" content=\"Tiempo de lectura\" \/>\n\t<meta name=\"twitter:data2\" content=\"2 minutos\" \/>\n<script type=\"application\/ld+json\" class=\"yoast-schema-graph\">{\"@context\":\"https:\/\/schema.org\",\"@graph\":[{\"@type\":\"WebPage\",\"@id\":\"https:\/\/www.asajacyl.com\/palencia\/asaja-palencia-informa\/convocado-el-levantamiento-de-actas-previas-en-el-acceso-sur-ferroviario-a-palencia-afectando-a-palencia-y-villamuriel-de-cerrato\",\"url\":\"https:\/\/www.asajacyl.com\/palencia\/asaja-palencia-informa\/convocado-el-levantamiento-de-actas-previas-en-el-acceso-sur-ferroviario-a-palencia-afectando-a-palencia-y-villamuriel-de-cerrato\",\"name\":\"Convocado el levantamiento de actas previas en el acceso sur ferroviario a Palencia, afectando a Palencia y Villamuriel de Cerrato - ASAJA Palencia\",\"isPartOf\":{\"@id\":\"https:\/\/www.asajacyl.com\/palencia\/#website\"},\"primaryImageOfPage\":{\"@id\":\"https:\/\/www.asajacyl.com\/palencia\/asaja-palencia-informa\/convocado-el-levantamiento-de-actas-previas-en-el-acceso-sur-ferroviario-a-palencia-afectando-a-palencia-y-villamuriel-de-cerrato#primaryimage\"},\"image\":{\"@id\":\"https:\/\/www.asajacyl.com\/palencia\/asaja-palencia-informa\/convocado-el-levantamiento-de-actas-previas-en-el-acceso-sur-ferroviario-a-palencia-afectando-a-palencia-y-villamuriel-de-cerrato#primaryimage\"},\"thumbnailUrl\":\"https:\/\/www.asajacyl.com\/palencia\/wp-content\/uploads\/sites\/3\/2023\/02\/EXPROPIACION-5.jpg\",\"datePublished\":\"2023-08-10T07:47:35+00:00\",\"dateModified\":\"2023-08-10T07:47:38+00:00\",\"author\":{\"@id\":\"https:\/\/www.asajacyl.com\/palencia\/#\/schema\/person\/3ab17aeb03527485c317557fae64aab1\"},\"description\":\"El Bolet\u00edn Oficial del Estado (B.O.E.) recoge una resoluci\u00f3n por la que se convoca a los propietarios de los bienes y derechos afectados al levantamiento\",\"breadcrumb\":{\"@id\":\"https:\/\/www.asajacyl.com\/palencia\/asaja-palencia-informa\/convocado-el-levantamiento-de-actas-previas-en-el-acceso-sur-ferroviario-a-palencia-afectando-a-palencia-y-villamuriel-de-cerrato#breadcrumb\"},\"inLanguage\":\"es\",\"potentialAction\":[{\"@type\":\"ReadAction\",\"target\":[\"https:\/\/www.asajacyl.com\/palencia\/asaja-palencia-informa\/convocado-el-levantamiento-de-actas-previas-en-el-acceso-sur-ferroviario-a-palencia-afectando-a-palencia-y-villamuriel-de-cerrato\"]}]},{\"@type\":\"ImageObject\",\"inLanguage\":\"es\",\"@id\":\"https:\/\/www.asajacyl.com\/palencia\/asaja-palencia-informa\/convocado-el-levantamiento-de-actas-previas-en-el-acceso-sur-ferroviario-a-palencia-afectando-a-palencia-y-villamuriel-de-cerrato#primaryimage\",\"url\":\"https:\/\/www.asajacyl.com\/palencia\/wp-content\/uploads\/sites\/3\/2023\/02\/EXPROPIACION-5.jpg\",\"contentUrl\":\"https:\/\/www.asajacyl.com\/palencia\/wp-content\/uploads\/sites\/3\/2023\/02\/EXPROPIACION-5.jpg\",\"width\":2048,\"height\":943},{\"@type\":\"BreadcrumbList\",\"@id\":\"https:\/\/www.asajacyl.com\/palencia\/asaja-palencia-informa\/convocado-el-levantamiento-de-actas-previas-en-el-acceso-sur-ferroviario-a-palencia-afectando-a-palencia-y-villamuriel-de-cerrato#breadcrumb\",\"itemListElement\":[{\"@type\":\"ListItem\",\"position\":1,\"name\":\"Portada\",\"item\":\"https:\/\/www.asajacyl.com\/palencia\/\"},{\"@type\":\"ListItem\",\"position\":2,\"name\":\"Convocado el levantamiento de actas previas en el acceso sur ferroviario a Palencia, afectando a Palencia y Villamuriel de Cerrato\"}]},{\"@type\":\"WebSite\",\"@id\":\"https:\/\/www.asajacyl.com\/palencia\/#website\",\"url\":\"https:\/\/www.asajacyl.com\/palencia\/\",\"name\":\"ASAJA Palencia\",\"description\":\"Otro sitio m\u00e1s de Provincias ASAJA Castilla y Le\u00f3n\",\"potentialAction\":[{\"@type\":\"SearchAction\",\"target\":{\"@type\":\"EntryPoint\",\"urlTemplate\":\"https:\/\/www.asajacyl.com\/palencia\/?s={search_term_string}\"},\"query-input\":{\"@type\":\"PropertyValueSpecification\",\"valueRequired\":true,\"valueName\":\"search_term_string\"}}],\"inLanguage\":\"es\"},{\"@type\":\"Person\",\"@id\":\"https:\/\/www.asajacyl.com\/palencia\/#\/schema\/person\/3ab17aeb03527485c317557fae64aab1\",\"name\":\"Administrador\",\"image\":{\"@type\":\"ImageObject\",\"inLanguage\":\"es\",\"@id\":\"https:\/\/www.asajacyl.com\/palencia\/#\/schema\/person\/image\/\",\"url\":\"https:\/\/secure.gravatar.com\/avatar\/517384810d242ca9e38c180f3c9fb973?s=96&d=mm&r=g\",\"contentUrl\":\"https:\/\/secure.gravatar.com\/avatar\/517384810d242ca9e38c180f3c9fb973?s=96&d=mm&r=g\",\"caption\":\"Administrador\"},\"url\":\"https:\/\/www.asajacyl.com\/palencia\/author\/carlosrm\"}]}<\/script>\n<!-- \/ Yoast SEO plugin. -->","yoast_head_json":{"title":"Convocado el levantamiento de actas previas en el acceso sur ferroviario a Palencia, afectando a Palencia y Villamuriel de Cerrato - ASAJA Palencia","description":"El Bolet\u00edn Oficial del Estado (B.O.E.) recoge una resoluci\u00f3n por la que se convoca a los propietarios de los bienes y derechos afectados al levantamiento","robots":{"index":"index","follow":"follow","max-snippet":"max-snippet:-1","max-image-preview":"max-image-preview:large","max-video-preview":"max-video-preview:-1"},"canonical":"https:\/\/www.asajacyl.com\/palencia\/asaja-palencia-informa\/convocado-el-levantamiento-de-actas-previas-en-el-acceso-sur-ferroviario-a-palencia-afectando-a-palencia-y-villamuriel-de-cerrato","og_locale":"es_ES","og_type":"article","og_title":"Convocado el levantamiento de actas previas en el acceso sur ferroviario a Palencia, afectando a Palencia y Villamuriel de Cerrato - ASAJA Palencia","og_description":"El Bolet\u00edn Oficial del Estado (B.O.E.) recoge una resoluci\u00f3n por la que se convoca a los propietarios de los bienes y derechos afectados al levantamiento","og_url":"https:\/\/www.asajacyl.com\/palencia\/asaja-palencia-informa\/convocado-el-levantamiento-de-actas-previas-en-el-acceso-sur-ferroviario-a-palencia-afectando-a-palencia-y-villamuriel-de-cerrato","og_site_name":"ASAJA Palencia","article_published_time":"2023-08-10T07:47:35+00:00","article_modified_time":"2023-08-10T07:47:38+00:00","og_image":[{"width":2048,"height":943,"url":"https:\/\/www.asajacyl.com\/palencia\/wp-content\/uploads\/sites\/3\/2023\/02\/EXPROPIACION-5.jpg","type":"image\/jpeg"}],"author":"Administrador","twitter_card":"summary_large_image","twitter_misc":{"Escrito por":"Administrador","Tiempo de lectura":"2 minutos"},"schema":{"@context":"https:\/\/schema.org","@graph":[{"@type":"WebPage","@id":"https:\/\/www.asajacyl.com\/palencia\/asaja-palencia-informa\/convocado-el-levantamiento-de-actas-previas-en-el-acceso-sur-ferroviario-a-palencia-afectando-a-palencia-y-villamuriel-de-cerrato","url":"https:\/\/www.asajacyl.com\/palencia\/asaja-palencia-informa\/convocado-el-levantamiento-de-actas-previas-en-el-acceso-sur-ferroviario-a-palencia-afectando-a-palencia-y-villamuriel-de-cerrato","name":"Convocado el levantamiento de actas previas en el acceso sur ferroviario a Palencia, afectando a Palencia y Villamuriel de Cerrato - ASAJA Palencia","isPartOf":{"@id":"https:\/\/www.asajacyl.com\/palencia\/#website"},"primaryImageOfPage":{"@id":"https:\/\/www.asajacyl.com\/palencia\/asaja-palencia-informa\/convocado-el-levantamiento-de-actas-previas-en-el-acceso-sur-ferroviario-a-palencia-afectando-a-palencia-y-villamuriel-de-cerrato#primaryimage"},"image":{"@id":"https:\/\/www.asajacyl.com\/palencia\/asaja-palencia-informa\/convocado-el-levantamiento-de-actas-previas-en-el-acceso-sur-ferroviario-a-palencia-afectando-a-palencia-y-villamuriel-de-cerrato#primaryimage"},"thumbnailUrl":"https:\/\/www.asajacyl.com\/palencia\/wp-content\/uploads\/sites\/3\/2023\/02\/EXPROPIACION-5.jpg","datePublished":"2023-08-10T07:47:35+00:00","dateModified":"2023-08-10T07:47:38+00:00","author":{"@id":"https:\/\/www.asajacyl.com\/palencia\/#\/schema\/person\/3ab17aeb03527485c317557fae64aab1"},"description":"El Bolet\u00edn Oficial del Estado (B.O.E.) recoge una resoluci\u00f3n por la que se convoca a los propietarios de los bienes y derechos afectados al levantamiento","breadcrumb":{"@id":"https:\/\/www.asajacyl.com\/palencia\/asaja-palencia-informa\/convocado-el-levantamiento-de-actas-previas-en-el-acceso-sur-ferroviario-a-palencia-afectando-a-palencia-y-villamuriel-de-cerrato#breadcrumb"},"inLanguage":"es","potentialAction":[{"@type":"ReadAction","target":["https:\/\/www.asajacyl.com\/palencia\/asaja-palencia-informa\/convocado-el-levantamiento-de-actas-previas-en-el-acceso-sur-ferroviario-a-palencia-afectando-a-palencia-y-villamuriel-de-cerrato"]}]},{"@type":"ImageObject","inLanguage":"es","@id":"https:\/\/www.asajacyl.com\/palencia\/asaja-palencia-informa\/convocado-el-levantamiento-de-actas-previas-en-el-acceso-sur-ferroviario-a-palencia-afectando-a-palencia-y-villamuriel-de-cerrato#primaryimage","url":"https:\/\/www.asajacyl.com\/palencia\/wp-content\/uploads\/sites\/3\/2023\/02\/EXPROPIACION-5.jpg","contentUrl":"https:\/\/www.asajacyl.com\/palencia\/wp-content\/uploads\/sites\/3\/2023\/02\/EXPROPIACION-5.jpg","width":2048,"height":943},{"@type":"BreadcrumbList","@id":"https:\/\/www.asajacyl.com\/palencia\/asaja-palencia-informa\/convocado-el-levantamiento-de-actas-previas-en-el-acceso-sur-ferroviario-a-palencia-afectando-a-palencia-y-villamuriel-de-cerrato#breadcrumb","itemListElement":[{"@type":"ListItem","position":1,"name":"Portada","item":"https:\/\/www.asajacyl.com\/palencia\/"},{"@type":"ListItem","position":2,"name":"Convocado el levantamiento de actas previas en el acceso sur ferroviario a Palencia, afectando a Palencia y Villamuriel de Cerrato"}]},{"@type":"WebSite","@id":"https:\/\/www.asajacyl.com\/palencia\/#website","url":"https:\/\/www.asajacyl.com\/palencia\/","name":"ASAJA Palencia","description":"Otro sitio m\u00e1s de Provincias ASAJA Castilla y Le\u00f3n","potentialAction":[{"@type":"SearchAction","target":{"@type":"EntryPoint","urlTemplate":"https:\/\/www.asajacyl.com\/palencia\/?s={search_term_string}"},"query-input":{"@type":"PropertyValueSpecification","valueRequired":true,"valueName":"search_term_string"}}],"inLanguage":"es"},{"@type":"Person","@id":"https:\/\/www.asajacyl.com\/palencia\/#\/schema\/person\/3ab17aeb03527485c317557fae64aab1","name":"Administrador","image":{"@type":"ImageObject","inLanguage":"es","@id":"https:\/\/www.asajacyl.com\/palencia\/#\/schema\/person\/image\/","url":"https:\/\/secure.gravatar.com\/avatar\/517384810d242ca9e38c180f3c9fb973?s=96&d=mm&r=g","contentUrl":"https:\/\/secure.gravatar.com\/avatar\/517384810d242ca9e38c180f3c9fb973?s=96&d=mm&r=g","caption":"Administrador"},"url":"https:\/\/www.asajacyl.com\/palencia\/author\/carlosrm"}]}},"_links":{"self":[{"href":"https:\/\/www.asajacyl.com\/palencia\/wp-json\/wp\/v2\/posts\/13962"}],"collection":[{"href":"https:\/\/www.asajacyl.com\/palencia\/wp-json\/wp\/v2\/posts"}],"about":[{"href":"https:\/\/www.asajacyl.com\/palencia\/wp-json\/wp\/v2\/types\/post"}],"author":[{"embeddable":true,"href":"https:\/\/www.asajacyl.com\/palencia\/wp-json\/wp\/v2\/users\/9"}],"replies":[{"embeddable":true,"href":"https:\/\/www.asajacyl.com\/palencia\/wp-json\/wp\/v2\/comments?post=13962"}],"version-history":[{"count":1,"href":"https:\/\/www.asajacyl.com\/palencia\/wp-json\/wp\/v2\/posts\/13962\/revisions"}],"predecessor-version":[{"id":13963,"href":"https:\/\/www.asajacyl.com\/palencia\/wp-json\/wp\/v2\/posts\/13962\/revisions\/13963"}],"wp:featuredmedia":[{"embeddable":true,"href":"https:\/\/www.asajacyl.com\/palencia\/wp-json\/wp\/v2\/media\/12466"}],"wp:attachment":[{"href":"https:\/\/www.asajacyl.com\/palencia\/wp-json\/wp\/v2\/media?parent=13962"}],"wp:term":[{"taxonomy":"category","embeddable":true,"href":"https:\/\/www.asajacyl.com\/palencia\/wp-json\/wp\/v2\/categories?post=13962"},{"taxonomy":"post_tag","embeddable":true,"href":"https:\/\/www.asajacyl.com\/palencia\/wp-json\/wp\/v2\/tags?post=13962"}],"curies":[{"name":"wp","href":"https:\/\/api.w.org\/{rel}","templated":true}]}}