{"id":13994,"date":"2023-08-16T19:00:00","date_gmt":"2023-08-16T17:00:00","guid":{"rendered":"https:\/\/www.asajacyl.com\/palencia\/?p=13994"},"modified":"2023-08-16T13:51:39","modified_gmt":"2023-08-16T11:51:39","slug":"el-sistema-carrion-sube-a-nivel-de-alerta-amenaza-que-sufre-el-pisuerga-desde-primavera","status":"publish","type":"post","link":"https:\/\/www.asajacyl.com\/palencia\/asaja-palencia-informa\/el-sistema-carrion-sube-a-nivel-de-alerta-amenaza-que-sufre-el-pisuerga-desde-primavera","title":{"rendered":"El sistema Carri\u00f3n sube a nivel de \u00abalerta\u00bb, amenaza que sufre el Pisuerga desde primavera"},"content":{"rendered":"\n<h1 class=\"wp-block-heading\">El \u00faltimo informe mensual de seguimiento del Plan Especial de Sequ\u00eda de la cuenca del Duero, con fecha del pasado 1 de agosto, registra ya el nivel de \u00abalerta\u00bb (previo al m\u00e1ximo de \u00abemergencia\u00bb) en los dos sistemas de la provincia de Palencia, Carri\u00f3n y Pisuerga. Hasta ahora, el primero hab\u00eda salvado ese pen\u00faltimo pelda\u00f1o en el indicador de escasez, mientras el segundo permanece en esa situaci\u00f3n de alerta desde la pasada primavera, s\u00edntoma evidente del d\u00e9ficit estructural de este sistema. El dato del Pisuerga se encuentra, de hecho, en niveles muy semejantes a los del pasado a\u00f1o por estas mismas fechas (cabe recordar que a finales del verano de 2022 este sistema lleg\u00f3 al nivel de emergencia).<\/h1>\n\n\n\n<p>Los regantes del Pisuerga tienen motivos de preocupaci\u00f3n en un verano tan seco como el actual, que est\u00e1 llevando a los embalses de este sistema (Cervera-Ruesga, Requejada y Aguilar de Campoo) a niveles muy semejantes a los del pasado a\u00f1o por estas mismas fechas. <\/p>\n\n\n\n<p>Seg\u00fan los datos de la Confederaci\u00f3n Hidrogr\u00e1fica del Duero, este mi\u00e9rcoles 16 de agosto los tres embalses acumulan 73,6 hect\u00f3metros c\u00fabicos, el 23,3% de su capacidad total. Son cifras similares a las de hace un a\u00f1o (68,3 hm<sup>3<\/sup>) y, en todo caso, muy por debajo de la media de la \u00faltima d\u00e9cada a estas alturas de campa\u00f1a (161 hm<sup>3<\/sup>). <\/p>\n\n\n\n<p>En el citado informe mensual del Plan Especial de Sequ\u00eda (PES), con datos de julio, el sistema Pisuerga se manten\u00eda en \u00absequ\u00eda prolongada\u00bb en el indicador de sequ\u00eda, una situaci\u00f3n que pr\u00e1cticamente arrastra desde comienzos del verano de 2021, ya que apenas la abandon\u00f3 por muy escaso tiempo en el tr\u00e1nsito entre ese a\u00f1o y 2022, as\u00ed como en los primeros meses de este 2023. <\/p>\n\n\n\n<p>Por lo que respecta al indicador de escasez, el Pisuerga va aproxim\u00e1ndose al nivel m\u00e1ximo de \u00abemergencia\u00bb, tras permanecer ininterrumpidamente desde la pasada primavera en el escal\u00f3n previo de \u00abalerta\u00bb, rango que el sistema Carri\u00f3n pudo abandonar temporalmente gracias, en parte, a las precipitaciones registradas a finales de mayo y en el mes de junio. <\/p>\n\n\n\n<p>Cabe recordar que el Plan Especial de Sequ\u00eda en vigor prev\u00e9, en los actuales escenarios de escasez, reducciones efectivas de hasta el 50% en la demanda de riego (incluso aun habi\u00e9ndose concedido en junta de gobierno de la CHD), unos recortes en la asignaci\u00f3n de riego a cada sistema que pudieran llegar al 100% si se llegara al escenario de \u00abemergencia\u00bb.<\/p>\n\n\n\n<p><strong>AGUILAR, CON EL MISMO AGUA QUE EN 2022. <\/strong>El sistema Pisuerga, tras una ligera mejor\u00eda temporal en el indicador de escasez, ha vuelto al nivel de 0,20 que present\u00f3 en mayo. Este \u00edndice se calcula en funci\u00f3n del total de volumen almacenado en los tres embalses del sistema (Cervera-Ruesga, Requejada y Aguilar de Campoo), que esta semana se sit\u00faan ya s\u00f3lo en el 23% de su capacidad, con el embalse de Aguilar por debajo del 18%, en 43,7 hect\u00f3metros c\u00fabicos, poco m\u00e1s de un tercio del promedio de la d\u00e9cada y la misma cantidad de agua almacenada que en 2022 a estas alturas de a\u00f1o.<\/p>\n\n\n\n<p>Por su parte, a fecha tambi\u00e9n de este mi\u00e9rcoles 16 de agosto, seg\u00fan los datos de la CHD, los dos embalses del sistema Carri\u00f3n (Camporredondo y Compuerto) se sit\u00faan actualmente por debajo de un tercio de su capacidad total (33,1%), con un volumen embalsado de 54,2 hect\u00f3metros c\u00fabicos. Esa cifra se halla, m\u00e1s o menos, a medio camino entre el promedio de la \u00faltima d\u00e9cada a estas alturas de a\u00f1o hidrol\u00f3gico (69 hm<sup>3<\/sup>) y el baj\u00edsimo nivel que presentaban en 2022 por estas mismas fechas (36 hm<sup>3<\/sup>).<\/p>\n\n\n\n<p>En el \u00faltimo informe del PES, el sistema Carri\u00f3n sigue en el estado de \u00absequ\u00eda prolongada\u00bb al que cay\u00f3 en el anterior informe sobre este \u00edndice que se elabora con los aportes acumulados en el ultimo medio a\u00f1o (medidos en los embalses de cabecera y en estaciones de aforo a lo largo de la cuenca de cada r\u00edo) y con las precipitaciones de los \u00faltimos nueve meses. Por lo que respecta al indicador de escasez, el Carri\u00f3n ha ca\u00eddo a nivel de \u00abalerta\u00bb, pero con un registro \u20140,28\u2014 que a\u00fan aleja en esta cuenca el fantasma del escenario de emergencia, umbral fijado en 0,15 al que s\u00ed se acerc\u00f3 el sistema Pisuerga (0,20) en este \u00faltimo informe publicado del PES.<\/p>\n\n\n\n<p>La incertidumbre sobre las posibilidades de acabar una campa\u00f1a de riego que, un a\u00f1o m\u00e1s, ya ha venido marcada por la restricci\u00f3n, no hace sino evidenciar la necesidad de inversiones p\u00fablicas que pal\u00eden el d\u00e9ficit estructural de almacenamiento y regulaci\u00f3n que padece la provincia de Palencia, y que limita no solo el desarrollo del sector agrario, sino su directa repercusi\u00f3n en la econom\u00eda palentina.<strong>\/<\/strong><\/p>\n\n\n\n<figure class=\"wp-block-image size-large is-resized\"><img loading=\"lazy\" decoding=\"async\" src=\"https:\/\/www.asajacyl.com\/palencia\/wp-content\/uploads\/sites\/3\/2023\/08\/Informe-PES-Carrion-agosto2-1024x479.jpg\" alt=\"\" class=\"wp-image-13998\" width=\"1069\" height=\"522\" \/><\/figure>\n\n\n\n<figure class=\"wp-block-image size-large is-resized\"><img loading=\"lazy\" decoding=\"async\" src=\"https:\/\/www.asajacyl.com\/palencia\/wp-content\/uploads\/sites\/3\/2023\/08\/Informe-PES-Pisuerga-agosto-1024x430.jpg\" alt=\"\" class=\"wp-image-13999\" width=\"1061\" height=\"488\" \/><\/figure>\n","protected":false},"excerpt":{"rendered":"<p>El \u00faltimo informe mensual de seguimiento del Plan Especial de Sequ\u00eda de la cuenca del Duero, con fecha del pasado 1 de agosto, registra ya el nivel de \u00abalerta\u00bb (previo al m\u00e1ximo de \u00abemergencia\u00bb) en los dos sistemas de la provincia de Palencia, Carri\u00f3n y Pisuerga. Hasta ahora, el primero hab\u00eda salvado ese pen\u00faltimo pelda\u00f1o [&hellip;]<\/p>\n","protected":false},"author":9,"featured_media":14000,"comment_status":"open","ping_status":"open","sticky":false,"template":"","format":"standard","meta":{"footnotes":""},"categories":[9,29,28],"tags":[58,83,406,134,408,388,226,64,407,92,55,93,136,135],"yoast_head":"<!-- This site is optimized with the Yoast SEO plugin v24.5 - https:\/\/yoast.com\/wordpress\/plugins\/seo\/ -->\n<title>El sistema Carri\u00f3n sube a nivel de \u00abalerta\u00bb, amenaza que sufre el Pisuerga desde primavera - ASAJA Palencia<\/title>\n<meta name=\"description\" content=\"El \u00faltimo informe mensual de seguimiento del Plan Especial de Sequ\u00eda de la cuenca del Duero, con fecha del pasado 1 de agosto, registra ya el nivel de\" \/>\n<meta name=\"robots\" content=\"index, follow, max-snippet:-1, max-image-preview:large, max-video-preview:-1\" \/>\n<link rel=\"canonical\" href=\"https:\/\/www.asajacyl.com\/palencia\/asaja-palencia-informa\/el-sistema-carrion-sube-a-nivel-de-alerta-amenaza-que-sufre-el-pisuerga-desde-primavera\" \/>\n<meta property=\"og:locale\" content=\"es_ES\" \/>\n<meta property=\"og:type\" content=\"article\" \/>\n<meta property=\"og:title\" content=\"El sistema Carri\u00f3n sube a nivel de \u00abalerta\u00bb, amenaza que sufre el Pisuerga desde primavera - ASAJA Palencia\" \/>\n<meta property=\"og:description\" content=\"El \u00faltimo informe mensual de seguimiento del Plan Especial de Sequ\u00eda de la cuenca del Duero, con fecha del pasado 1 de agosto, registra ya el nivel de\" \/>\n<meta property=\"og:url\" content=\"https:\/\/www.asajacyl.com\/palencia\/asaja-palencia-informa\/el-sistema-carrion-sube-a-nivel-de-alerta-amenaza-que-sufre-el-pisuerga-desde-primavera\" \/>\n<meta property=\"og:site_name\" content=\"ASAJA Palencia\" \/>\n<meta property=\"article:published_time\" content=\"2023-08-16T17:00:00+00:00\" \/>\n<meta property=\"og:image\" content=\"https:\/\/www.asajacyl.com\/palencia\/wp-content\/uploads\/sites\/3\/2023\/08\/EMBALSE-AGUILAR-SEQUIA-4-1024x896.jpg\" \/>\n\t<meta property=\"og:image:width\" content=\"1024\" \/>\n\t<meta property=\"og:image:height\" content=\"896\" \/>\n\t<meta property=\"og:image:type\" content=\"image\/jpeg\" \/>\n<meta name=\"author\" content=\"Administrador\" \/>\n<meta name=\"twitter:card\" content=\"summary_large_image\" \/>\n<meta name=\"twitter:label1\" content=\"Escrito por\" \/>\n\t<meta name=\"twitter:data1\" content=\"Administrador\" \/>\n\t<meta name=\"twitter:label2\" content=\"Tiempo de lectura\" \/>\n\t<meta name=\"twitter:data2\" content=\"4 minutos\" \/>\n<script type=\"application\/ld+json\" class=\"yoast-schema-graph\">{\"@context\":\"https:\/\/schema.org\",\"@graph\":[{\"@type\":\"WebPage\",\"@id\":\"https:\/\/www.asajacyl.com\/palencia\/asaja-palencia-informa\/el-sistema-carrion-sube-a-nivel-de-alerta-amenaza-que-sufre-el-pisuerga-desde-primavera\",\"url\":\"https:\/\/www.asajacyl.com\/palencia\/asaja-palencia-informa\/el-sistema-carrion-sube-a-nivel-de-alerta-amenaza-que-sufre-el-pisuerga-desde-primavera\",\"name\":\"El sistema Carri\u00f3n sube a nivel de \u00abalerta\u00bb, amenaza que sufre el Pisuerga desde primavera - ASAJA Palencia\",\"isPartOf\":{\"@id\":\"https:\/\/www.asajacyl.com\/palencia\/#website\"},\"primaryImageOfPage\":{\"@id\":\"https:\/\/www.asajacyl.com\/palencia\/asaja-palencia-informa\/el-sistema-carrion-sube-a-nivel-de-alerta-amenaza-que-sufre-el-pisuerga-desde-primavera#primaryimage\"},\"image\":{\"@id\":\"https:\/\/www.asajacyl.com\/palencia\/asaja-palencia-informa\/el-sistema-carrion-sube-a-nivel-de-alerta-amenaza-que-sufre-el-pisuerga-desde-primavera#primaryimage\"},\"thumbnailUrl\":\"https:\/\/www.asajacyl.com\/palencia\/wp-content\/uploads\/sites\/3\/2023\/08\/EMBALSE-AGUILAR-SEQUIA-4.jpg\",\"datePublished\":\"2023-08-16T17:00:00+00:00\",\"author\":{\"@id\":\"https:\/\/www.asajacyl.com\/palencia\/#\/schema\/person\/3ab17aeb03527485c317557fae64aab1\"},\"description\":\"El \u00faltimo informe mensual de seguimiento del Plan Especial de Sequ\u00eda de la cuenca del Duero, con fecha del pasado 1 de agosto, registra ya el nivel de\",\"breadcrumb\":{\"@id\":\"https:\/\/www.asajacyl.com\/palencia\/asaja-palencia-informa\/el-sistema-carrion-sube-a-nivel-de-alerta-amenaza-que-sufre-el-pisuerga-desde-primavera#breadcrumb\"},\"inLanguage\":\"es\",\"potentialAction\":[{\"@type\":\"ReadAction\",\"target\":[\"https:\/\/www.asajacyl.com\/palencia\/asaja-palencia-informa\/el-sistema-carrion-sube-a-nivel-de-alerta-amenaza-que-sufre-el-pisuerga-desde-primavera\"]}]},{\"@type\":\"ImageObject\",\"inLanguage\":\"es\",\"@id\":\"https:\/\/www.asajacyl.com\/palencia\/asaja-palencia-informa\/el-sistema-carrion-sube-a-nivel-de-alerta-amenaza-que-sufre-el-pisuerga-desde-primavera#primaryimage\",\"url\":\"https:\/\/www.asajacyl.com\/palencia\/wp-content\/uploads\/sites\/3\/2023\/08\/EMBALSE-AGUILAR-SEQUIA-4.jpg\",\"contentUrl\":\"https:\/\/www.asajacyl.com\/palencia\/wp-content\/uploads\/sites\/3\/2023\/08\/EMBALSE-AGUILAR-SEQUIA-4.jpg\",\"width\":1890,\"height\":1654},{\"@type\":\"BreadcrumbList\",\"@id\":\"https:\/\/www.asajacyl.com\/palencia\/asaja-palencia-informa\/el-sistema-carrion-sube-a-nivel-de-alerta-amenaza-que-sufre-el-pisuerga-desde-primavera#breadcrumb\",\"itemListElement\":[{\"@type\":\"ListItem\",\"position\":1,\"name\":\"Portada\",\"item\":\"https:\/\/www.asajacyl.com\/palencia\/\"},{\"@type\":\"ListItem\",\"position\":2,\"name\":\"El sistema Carri\u00f3n sube a nivel de \u00abalerta\u00bb, amenaza que sufre el Pisuerga desde primavera\"}]},{\"@type\":\"WebSite\",\"@id\":\"https:\/\/www.asajacyl.com\/palencia\/#website\",\"url\":\"https:\/\/www.asajacyl.com\/palencia\/\",\"name\":\"ASAJA Palencia\",\"description\":\"Otro sitio m\u00e1s de Provincias ASAJA Castilla y Le\u00f3n\",\"potentialAction\":[{\"@type\":\"SearchAction\",\"target\":{\"@type\":\"EntryPoint\",\"urlTemplate\":\"https:\/\/www.asajacyl.com\/palencia\/?s={search_term_string}\"},\"query-input\":{\"@type\":\"PropertyValueSpecification\",\"valueRequired\":true,\"valueName\":\"search_term_string\"}}],\"inLanguage\":\"es\"},{\"@type\":\"Person\",\"@id\":\"https:\/\/www.asajacyl.com\/palencia\/#\/schema\/person\/3ab17aeb03527485c317557fae64aab1\",\"name\":\"Administrador\",\"image\":{\"@type\":\"ImageObject\",\"inLanguage\":\"es\",\"@id\":\"https:\/\/www.asajacyl.com\/palencia\/#\/schema\/person\/image\/\",\"url\":\"https:\/\/secure.gravatar.com\/avatar\/517384810d242ca9e38c180f3c9fb973?s=96&d=mm&r=g\",\"contentUrl\":\"https:\/\/secure.gravatar.com\/avatar\/517384810d242ca9e38c180f3c9fb973?s=96&d=mm&r=g\",\"caption\":\"Administrador\"},\"url\":\"https:\/\/www.asajacyl.com\/palencia\/author\/carlosrm\"}]}<\/script>\n<!-- \/ Yoast SEO plugin. -->","yoast_head_json":{"title":"El sistema Carri\u00f3n sube a nivel de \u00abalerta\u00bb, amenaza que sufre el Pisuerga desde primavera - ASAJA Palencia","description":"El \u00faltimo informe mensual de seguimiento del Plan Especial de Sequ\u00eda de la cuenca del Duero, con fecha del pasado 1 de agosto, registra ya el nivel de","robots":{"index":"index","follow":"follow","max-snippet":"max-snippet:-1","max-image-preview":"max-image-preview:large","max-video-preview":"max-video-preview:-1"},"canonical":"https:\/\/www.asajacyl.com\/palencia\/asaja-palencia-informa\/el-sistema-carrion-sube-a-nivel-de-alerta-amenaza-que-sufre-el-pisuerga-desde-primavera","og_locale":"es_ES","og_type":"article","og_title":"El sistema Carri\u00f3n sube a nivel de \u00abalerta\u00bb, amenaza que sufre el Pisuerga desde primavera - ASAJA Palencia","og_description":"El \u00faltimo informe mensual de seguimiento del Plan Especial de Sequ\u00eda de la cuenca del Duero, con fecha del pasado 1 de agosto, registra ya el nivel de","og_url":"https:\/\/www.asajacyl.com\/palencia\/asaja-palencia-informa\/el-sistema-carrion-sube-a-nivel-de-alerta-amenaza-que-sufre-el-pisuerga-desde-primavera","og_site_name":"ASAJA Palencia","article_published_time":"2023-08-16T17:00:00+00:00","og_image":[{"width":1024,"height":896,"url":"https:\/\/www.asajacyl.com\/palencia\/wp-content\/uploads\/sites\/3\/2023\/08\/EMBALSE-AGUILAR-SEQUIA-4-1024x896.jpg","type":"image\/jpeg"}],"author":"Administrador","twitter_card":"summary_large_image","twitter_misc":{"Escrito por":"Administrador","Tiempo de lectura":"4 minutos"},"schema":{"@context":"https:\/\/schema.org","@graph":[{"@type":"WebPage","@id":"https:\/\/www.asajacyl.com\/palencia\/asaja-palencia-informa\/el-sistema-carrion-sube-a-nivel-de-alerta-amenaza-que-sufre-el-pisuerga-desde-primavera","url":"https:\/\/www.asajacyl.com\/palencia\/asaja-palencia-informa\/el-sistema-carrion-sube-a-nivel-de-alerta-amenaza-que-sufre-el-pisuerga-desde-primavera","name":"El sistema Carri\u00f3n sube a nivel de \u00abalerta\u00bb, amenaza que sufre el Pisuerga desde primavera - ASAJA Palencia","isPartOf":{"@id":"https:\/\/www.asajacyl.com\/palencia\/#website"},"primaryImageOfPage":{"@id":"https:\/\/www.asajacyl.com\/palencia\/asaja-palencia-informa\/el-sistema-carrion-sube-a-nivel-de-alerta-amenaza-que-sufre-el-pisuerga-desde-primavera#primaryimage"},"image":{"@id":"https:\/\/www.asajacyl.com\/palencia\/asaja-palencia-informa\/el-sistema-carrion-sube-a-nivel-de-alerta-amenaza-que-sufre-el-pisuerga-desde-primavera#primaryimage"},"thumbnailUrl":"https:\/\/www.asajacyl.com\/palencia\/wp-content\/uploads\/sites\/3\/2023\/08\/EMBALSE-AGUILAR-SEQUIA-4.jpg","datePublished":"2023-08-16T17:00:00+00:00","author":{"@id":"https:\/\/www.asajacyl.com\/palencia\/#\/schema\/person\/3ab17aeb03527485c317557fae64aab1"},"description":"El \u00faltimo informe mensual de seguimiento del Plan Especial de Sequ\u00eda de la cuenca del Duero, con fecha del pasado 1 de agosto, registra ya el nivel de","breadcrumb":{"@id":"https:\/\/www.asajacyl.com\/palencia\/asaja-palencia-informa\/el-sistema-carrion-sube-a-nivel-de-alerta-amenaza-que-sufre-el-pisuerga-desde-primavera#breadcrumb"},"inLanguage":"es","potentialAction":[{"@type":"ReadAction","target":["https:\/\/www.asajacyl.com\/palencia\/asaja-palencia-informa\/el-sistema-carrion-sube-a-nivel-de-alerta-amenaza-que-sufre-el-pisuerga-desde-primavera"]}]},{"@type":"ImageObject","inLanguage":"es","@id":"https:\/\/www.asajacyl.com\/palencia\/asaja-palencia-informa\/el-sistema-carrion-sube-a-nivel-de-alerta-amenaza-que-sufre-el-pisuerga-desde-primavera#primaryimage","url":"https:\/\/www.asajacyl.com\/palencia\/wp-content\/uploads\/sites\/3\/2023\/08\/EMBALSE-AGUILAR-SEQUIA-4.jpg","contentUrl":"https:\/\/www.asajacyl.com\/palencia\/wp-content\/uploads\/sites\/3\/2023\/08\/EMBALSE-AGUILAR-SEQUIA-4.jpg","width":1890,"height":1654},{"@type":"BreadcrumbList","@id":"https:\/\/www.asajacyl.com\/palencia\/asaja-palencia-informa\/el-sistema-carrion-sube-a-nivel-de-alerta-amenaza-que-sufre-el-pisuerga-desde-primavera#breadcrumb","itemListElement":[{"@type":"ListItem","position":1,"name":"Portada","item":"https:\/\/www.asajacyl.com\/palencia\/"},{"@type":"ListItem","position":2,"name":"El sistema Carri\u00f3n sube a nivel de \u00abalerta\u00bb, amenaza que sufre el Pisuerga desde primavera"}]},{"@type":"WebSite","@id":"https:\/\/www.asajacyl.com\/palencia\/#website","url":"https:\/\/www.asajacyl.com\/palencia\/","name":"ASAJA Palencia","description":"Otro sitio m\u00e1s de Provincias ASAJA Castilla y Le\u00f3n","potentialAction":[{"@type":"SearchAction","target":{"@type":"EntryPoint","urlTemplate":"https:\/\/www.asajacyl.com\/palencia\/?s={search_term_string}"},"query-input":{"@type":"PropertyValueSpecification","valueRequired":true,"valueName":"search_term_string"}}],"inLanguage":"es"},{"@type":"Person","@id":"https:\/\/www.asajacyl.com\/palencia\/#\/schema\/person\/3ab17aeb03527485c317557fae64aab1","name":"Administrador","image":{"@type":"ImageObject","inLanguage":"es","@id":"https:\/\/www.asajacyl.com\/palencia\/#\/schema\/person\/image\/","url":"https:\/\/secure.gravatar.com\/avatar\/517384810d242ca9e38c180f3c9fb973?s=96&d=mm&r=g","contentUrl":"https:\/\/secure.gravatar.com\/avatar\/517384810d242ca9e38c180f3c9fb973?s=96&d=mm&r=g","caption":"Administrador"},"url":"https:\/\/www.asajacyl.com\/palencia\/author\/carlosrm"}]}},"_links":{"self":[{"href":"https:\/\/www.asajacyl.com\/palencia\/wp-json\/wp\/v2\/posts\/13994"}],"collection":[{"href":"https:\/\/www.asajacyl.com\/palencia\/wp-json\/wp\/v2\/posts"}],"about":[{"href":"https:\/\/www.asajacyl.com\/palencia\/wp-json\/wp\/v2\/types\/post"}],"author":[{"embeddable":true,"href":"https:\/\/www.asajacyl.com\/palencia\/wp-json\/wp\/v2\/users\/9"}],"replies":[{"embeddable":true,"href":"https:\/\/www.asajacyl.com\/palencia\/wp-json\/wp\/v2\/comments?post=13994"}],"version-history":[{"count":4,"href":"https:\/\/www.asajacyl.com\/palencia\/wp-json\/wp\/v2\/posts\/13994\/revisions"}],"predecessor-version":[{"id":14001,"href":"https:\/\/www.asajacyl.com\/palencia\/wp-json\/wp\/v2\/posts\/13994\/revisions\/14001"}],"wp:featuredmedia":[{"embeddable":true,"href":"https:\/\/www.asajacyl.com\/palencia\/wp-json\/wp\/v2\/media\/14000"}],"wp:attachment":[{"href":"https:\/\/www.asajacyl.com\/palencia\/wp-json\/wp\/v2\/media?parent=13994"}],"wp:term":[{"taxonomy":"category","embeddable":true,"href":"https:\/\/www.asajacyl.com\/palencia\/wp-json\/wp\/v2\/categories?post=13994"},{"taxonomy":"post_tag","embeddable":true,"href":"https:\/\/www.asajacyl.com\/palencia\/wp-json\/wp\/v2\/tags?post=13994"}],"curies":[{"name":"wp","href":"https:\/\/api.w.org\/{rel}","templated":true}]}}