{"id":14013,"date":"2023-08-18T10:00:00","date_gmt":"2023-08-18T08:00:00","guid":{"rendered":"https:\/\/www.asajacyl.com\/palencia\/?p=14013"},"modified":"2023-08-31T12:45:46","modified_gmt":"2023-08-31T10:45:46","slug":"castilla-y-leon-con-561-nuevos-profesionales-del-campo-lidera-la-asignacion-de-la-reserva-nacional","status":"publish","type":"post","link":"https:\/\/www.asajacyl.com\/palencia\/asaja-palencia-informa\/castilla-y-leon-con-561-nuevos-profesionales-del-campo-lidera-la-asignacion-de-la-reserva-nacional","title":{"rendered":"Castilla y Le\u00f3n, con 561 nuevos profesionales del campo, lidera la asignaci\u00f3n de la reserva nacional"},"content":{"rendered":"\n<h2 class=\"wp-block-heading\">Castilla y Le\u00f3n ha vuelto a ser la comunidad aut\u00f3noma l\u00edder en la asignaci\u00f3n de la reserva nacional del pago b\u00e1sico del Fondo Espa\u00f1ol de Garant\u00eda Agraria (FEGA) para la instalaci\u00f3n de nuevos agricultores y ganaderos en la campa\u00f1a 2022. De los 12,8 millones de euros asignados por el Ministerio de Agricultura, Pesca y Alimentaci\u00f3n (MAPA), algo m\u00e1s de tres millones se han liberado para la incorporaci\u00f3n de 561 profesionales del campo castellanoleon\u00e9s. ASAJA siempre ha valorado y ha reivindicado las medidas tendentes al relevo generacional y la llegada de nuevos agricultores y ganaderos al sector. Esta asignaci\u00f3n es una de las medidas contempladas en el primer pilar de la PAC para apoyar a los j\u00f3venes y nuevos agricultores que cumplan con determinadas condiciones de instalaci\u00f3n y formaci\u00f3n establecidas en la normativa.<\/h2>\n\n\n\n<p>La cuant\u00eda asignada a Castilla y Le\u00f3n (3.005.974,55 euros) supone el 23,5% del montante total asignado por el FEGA al conjunto del pa\u00eds, mientras que los 561 beneficiarios representan el 22,5% de los 2.488 nuevos agricultores y ganaderos espa\u00f1oles que se incorporan con arreglo a los datos de la reserva nacional difundidos por el MAPA.<\/p>\n\n\n\n<p>Tambi\u00e9n Castilla y Le\u00f3n encabeza la n\u00f3mina en t\u00e9rminos de superficie, con una ligera ventaja sobre Castilla-La Mancha (29.618,34 hect\u00e1reas y 29.379,46, respectivamente). Entre ambas regiones superan la mitad de la superficie total de Espa\u00f1a (cerca de 116.000 hect\u00e1reas) afectada por estas asignaciones.<\/p>\n\n\n\n<p>De este modo, el promedio de superficie por beneficiario en Castilla y Le\u00f3n es de 52,80 hect\u00e1reas y la ayuda media se aproxima a los 5.360 euro. A nivel nacional, el 85% de los beneficiarios de este pago (2.124 agricultores y ganaderos) son j\u00f3venes. <\/p>\n\n\n\n<p>Seg\u00fan el Ministerio, se consolida la tendencia de crecimiento de la asignaci\u00f3n de la reserva nacional observada en el periodo 2015-2022 con respecto a la anterior PAC 2007-2014. <\/p>\n\n\n\n<p>En el conjunto de este \u00faltimo ciclo, se han asignado derechos de pago b\u00e1sico a m\u00e1s de 26.000 agricultores y ganaderos, por importe global superior a los 135 millones de euros (en torno a 16,9 millones de euros anuales, cuando la media por ejercicio del periodo anterior fue de cinco millones de euros).<\/p>\n\n\n\n<p>Todos los beneficiarios de esta asignaci\u00f3n de derechos de la reserva nacional de la campa\u00f1a 2022 ver\u00e1n efectuada la conversi\u00f3n definitiva a derechos de ayuda b\u00e1sica a la renta para la sostenibilidad en esta campa\u00f1a de 2023. Los j\u00f3venes y agricultores y ganaderos que comiencen la actividad agraria seguir\u00e1n adem\u00e1s teniendo prioridad al asignarse la reserva nacional de la nueva ayuda b\u00e1sica a la renta para la sostenibilidad de la PAC 2023-2027.<strong>\/<\/strong><\/p>\n","protected":false},"excerpt":{"rendered":"<p>Castilla y Le\u00f3n ha vuelto a ser la comunidad aut\u00f3noma l\u00edder en la asignaci\u00f3n de la reserva nacional del pago b\u00e1sico del Fondo Espa\u00f1ol de Garant\u00eda Agraria (FEGA) para la instalaci\u00f3n de nuevos agricultores y ganaderos en la campa\u00f1a 2022. De los 12,8 millones de euros asignados por el Ministerio de Agricultura, Pesca y Alimentaci\u00f3n [&hellip;]<\/p>\n","protected":false},"author":9,"featured_media":14014,"comment_status":"open","ping_status":"open","sticky":false,"template":"","format":"standard","meta":{"footnotes":""},"categories":[9,29,28],"tags":[58,343,59,56,77,110,45,262,232,410],"yoast_head":"<!-- This site is optimized with the Yoast SEO plugin v24.5 - https:\/\/yoast.com\/wordpress\/plugins\/seo\/ -->\n<title>Castilla y Le\u00f3n, con 561 nuevos profesionales del campo, lidera la asignaci\u00f3n de la reserva nacional - ASAJA Palencia<\/title>\n<meta name=\"description\" content=\"Castilla y Le\u00f3n ha vuelto a ser la comunidad aut\u00f3noma l\u00edder en la asignaci\u00f3n de la reserva nacional del pago b\u00e1sico del Fondo Espa\u00f1ol de Garant\u00eda Agraria\" \/>\n<meta name=\"robots\" content=\"index, follow, max-snippet:-1, max-image-preview:large, max-video-preview:-1\" \/>\n<link rel=\"canonical\" href=\"https:\/\/www.asajacyl.com\/palencia\/asaja-palencia-informa\/castilla-y-leon-con-561-nuevos-profesionales-del-campo-lidera-la-asignacion-de-la-reserva-nacional\" \/>\n<meta property=\"og:locale\" content=\"es_ES\" \/>\n<meta property=\"og:type\" content=\"article\" \/>\n<meta property=\"og:title\" content=\"Castilla y Le\u00f3n, con 561 nuevos profesionales del campo, lidera la asignaci\u00f3n de la reserva nacional - ASAJA Palencia\" \/>\n<meta property=\"og:description\" content=\"Castilla y Le\u00f3n ha vuelto a ser la comunidad aut\u00f3noma l\u00edder en la asignaci\u00f3n de la reserva nacional del pago b\u00e1sico del Fondo Espa\u00f1ol de Garant\u00eda Agraria\" \/>\n<meta property=\"og:url\" content=\"https:\/\/www.asajacyl.com\/palencia\/asaja-palencia-informa\/castilla-y-leon-con-561-nuevos-profesionales-del-campo-lidera-la-asignacion-de-la-reserva-nacional\" \/>\n<meta property=\"og:site_name\" content=\"ASAJA Palencia\" \/>\n<meta property=\"article:published_time\" content=\"2023-08-18T08:00:00+00:00\" \/>\n<meta property=\"article:modified_time\" content=\"2023-08-31T10:45:46+00:00\" \/>\n<meta property=\"og:image\" content=\"https:\/\/www.asajacyl.com\/palencia\/wp-content\/uploads\/sites\/3\/2023\/08\/Capturajoven4.jpg\" \/>\n\t<meta property=\"og:image:width\" content=\"1890\" \/>\n\t<meta property=\"og:image:height\" content=\"1654\" \/>\n\t<meta property=\"og:image:type\" content=\"image\/jpeg\" \/>\n<meta name=\"author\" content=\"Administrador\" \/>\n<meta name=\"twitter:card\" content=\"summary_large_image\" \/>\n<meta name=\"twitter:label1\" content=\"Escrito por\" \/>\n\t<meta name=\"twitter:data1\" content=\"Administrador\" \/>\n\t<meta name=\"twitter:label2\" content=\"Tiempo de lectura\" \/>\n\t<meta name=\"twitter:data2\" content=\"2 minutos\" \/>\n<script type=\"application\/ld+json\" class=\"yoast-schema-graph\">{\"@context\":\"https:\/\/schema.org\",\"@graph\":[{\"@type\":\"WebPage\",\"@id\":\"https:\/\/www.asajacyl.com\/palencia\/asaja-palencia-informa\/castilla-y-leon-con-561-nuevos-profesionales-del-campo-lidera-la-asignacion-de-la-reserva-nacional\",\"url\":\"https:\/\/www.asajacyl.com\/palencia\/asaja-palencia-informa\/castilla-y-leon-con-561-nuevos-profesionales-del-campo-lidera-la-asignacion-de-la-reserva-nacional\",\"name\":\"Castilla y Le\u00f3n, con 561 nuevos profesionales del campo, lidera la asignaci\u00f3n de la reserva nacional - ASAJA Palencia\",\"isPartOf\":{\"@id\":\"https:\/\/www.asajacyl.com\/palencia\/#website\"},\"primaryImageOfPage\":{\"@id\":\"https:\/\/www.asajacyl.com\/palencia\/asaja-palencia-informa\/castilla-y-leon-con-561-nuevos-profesionales-del-campo-lidera-la-asignacion-de-la-reserva-nacional#primaryimage\"},\"image\":{\"@id\":\"https:\/\/www.asajacyl.com\/palencia\/asaja-palencia-informa\/castilla-y-leon-con-561-nuevos-profesionales-del-campo-lidera-la-asignacion-de-la-reserva-nacional#primaryimage\"},\"thumbnailUrl\":\"https:\/\/www.asajacyl.com\/palencia\/wp-content\/uploads\/sites\/3\/2023\/08\/Capturajoven4.jpg\",\"datePublished\":\"2023-08-18T08:00:00+00:00\",\"dateModified\":\"2023-08-31T10:45:46+00:00\",\"author\":{\"@id\":\"https:\/\/www.asajacyl.com\/palencia\/#\/schema\/person\/3ab17aeb03527485c317557fae64aab1\"},\"description\":\"Castilla y Le\u00f3n ha vuelto a ser la comunidad aut\u00f3noma l\u00edder en la asignaci\u00f3n de la reserva nacional del pago b\u00e1sico del Fondo Espa\u00f1ol de Garant\u00eda Agraria\",\"breadcrumb\":{\"@id\":\"https:\/\/www.asajacyl.com\/palencia\/asaja-palencia-informa\/castilla-y-leon-con-561-nuevos-profesionales-del-campo-lidera-la-asignacion-de-la-reserva-nacional#breadcrumb\"},\"inLanguage\":\"es\",\"potentialAction\":[{\"@type\":\"ReadAction\",\"target\":[\"https:\/\/www.asajacyl.com\/palencia\/asaja-palencia-informa\/castilla-y-leon-con-561-nuevos-profesionales-del-campo-lidera-la-asignacion-de-la-reserva-nacional\"]}]},{\"@type\":\"ImageObject\",\"inLanguage\":\"es\",\"@id\":\"https:\/\/www.asajacyl.com\/palencia\/asaja-palencia-informa\/castilla-y-leon-con-561-nuevos-profesionales-del-campo-lidera-la-asignacion-de-la-reserva-nacional#primaryimage\",\"url\":\"https:\/\/www.asajacyl.com\/palencia\/wp-content\/uploads\/sites\/3\/2023\/08\/Capturajoven4.jpg\",\"contentUrl\":\"https:\/\/www.asajacyl.com\/palencia\/wp-content\/uploads\/sites\/3\/2023\/08\/Capturajoven4.jpg\",\"width\":1890,\"height\":1654},{\"@type\":\"BreadcrumbList\",\"@id\":\"https:\/\/www.asajacyl.com\/palencia\/asaja-palencia-informa\/castilla-y-leon-con-561-nuevos-profesionales-del-campo-lidera-la-asignacion-de-la-reserva-nacional#breadcrumb\",\"itemListElement\":[{\"@type\":\"ListItem\",\"position\":1,\"name\":\"Portada\",\"item\":\"https:\/\/www.asajacyl.com\/palencia\/\"},{\"@type\":\"ListItem\",\"position\":2,\"name\":\"Castilla y Le\u00f3n, con 561 nuevos profesionales del campo, lidera la asignaci\u00f3n de la reserva nacional\"}]},{\"@type\":\"WebSite\",\"@id\":\"https:\/\/www.asajacyl.com\/palencia\/#website\",\"url\":\"https:\/\/www.asajacyl.com\/palencia\/\",\"name\":\"ASAJA Palencia\",\"description\":\"Otro sitio m\u00e1s de Provincias ASAJA Castilla y Le\u00f3n\",\"potentialAction\":[{\"@type\":\"SearchAction\",\"target\":{\"@type\":\"EntryPoint\",\"urlTemplate\":\"https:\/\/www.asajacyl.com\/palencia\/?s={search_term_string}\"},\"query-input\":{\"@type\":\"PropertyValueSpecification\",\"valueRequired\":true,\"valueName\":\"search_term_string\"}}],\"inLanguage\":\"es\"},{\"@type\":\"Person\",\"@id\":\"https:\/\/www.asajacyl.com\/palencia\/#\/schema\/person\/3ab17aeb03527485c317557fae64aab1\",\"name\":\"Administrador\",\"image\":{\"@type\":\"ImageObject\",\"inLanguage\":\"es\",\"@id\":\"https:\/\/www.asajacyl.com\/palencia\/#\/schema\/person\/image\/\",\"url\":\"https:\/\/secure.gravatar.com\/avatar\/517384810d242ca9e38c180f3c9fb973?s=96&d=mm&r=g\",\"contentUrl\":\"https:\/\/secure.gravatar.com\/avatar\/517384810d242ca9e38c180f3c9fb973?s=96&d=mm&r=g\",\"caption\":\"Administrador\"},\"url\":\"https:\/\/www.asajacyl.com\/palencia\/author\/carlosrm\"}]}<\/script>\n<!-- \/ Yoast SEO plugin. -->","yoast_head_json":{"title":"Castilla y Le\u00f3n, con 561 nuevos profesionales del campo, lidera la asignaci\u00f3n de la reserva nacional - ASAJA Palencia","description":"Castilla y Le\u00f3n ha vuelto a ser la comunidad aut\u00f3noma l\u00edder en la asignaci\u00f3n de la reserva nacional del pago b\u00e1sico del Fondo Espa\u00f1ol de Garant\u00eda Agraria","robots":{"index":"index","follow":"follow","max-snippet":"max-snippet:-1","max-image-preview":"max-image-preview:large","max-video-preview":"max-video-preview:-1"},"canonical":"https:\/\/www.asajacyl.com\/palencia\/asaja-palencia-informa\/castilla-y-leon-con-561-nuevos-profesionales-del-campo-lidera-la-asignacion-de-la-reserva-nacional","og_locale":"es_ES","og_type":"article","og_title":"Castilla y Le\u00f3n, con 561 nuevos profesionales del campo, lidera la asignaci\u00f3n de la reserva nacional - ASAJA Palencia","og_description":"Castilla y Le\u00f3n ha vuelto a ser la comunidad aut\u00f3noma l\u00edder en la asignaci\u00f3n de la reserva nacional del pago b\u00e1sico del Fondo Espa\u00f1ol de Garant\u00eda Agraria","og_url":"https:\/\/www.asajacyl.com\/palencia\/asaja-palencia-informa\/castilla-y-leon-con-561-nuevos-profesionales-del-campo-lidera-la-asignacion-de-la-reserva-nacional","og_site_name":"ASAJA Palencia","article_published_time":"2023-08-18T08:00:00+00:00","article_modified_time":"2023-08-31T10:45:46+00:00","og_image":[{"width":1890,"height":1654,"url":"https:\/\/www.asajacyl.com\/palencia\/wp-content\/uploads\/sites\/3\/2023\/08\/Capturajoven4.jpg","type":"image\/jpeg"}],"author":"Administrador","twitter_card":"summary_large_image","twitter_misc":{"Escrito por":"Administrador","Tiempo de lectura":"2 minutos"},"schema":{"@context":"https:\/\/schema.org","@graph":[{"@type":"WebPage","@id":"https:\/\/www.asajacyl.com\/palencia\/asaja-palencia-informa\/castilla-y-leon-con-561-nuevos-profesionales-del-campo-lidera-la-asignacion-de-la-reserva-nacional","url":"https:\/\/www.asajacyl.com\/palencia\/asaja-palencia-informa\/castilla-y-leon-con-561-nuevos-profesionales-del-campo-lidera-la-asignacion-de-la-reserva-nacional","name":"Castilla y Le\u00f3n, con 561 nuevos profesionales del campo, lidera la asignaci\u00f3n de la reserva nacional - ASAJA Palencia","isPartOf":{"@id":"https:\/\/www.asajacyl.com\/palencia\/#website"},"primaryImageOfPage":{"@id":"https:\/\/www.asajacyl.com\/palencia\/asaja-palencia-informa\/castilla-y-leon-con-561-nuevos-profesionales-del-campo-lidera-la-asignacion-de-la-reserva-nacional#primaryimage"},"image":{"@id":"https:\/\/www.asajacyl.com\/palencia\/asaja-palencia-informa\/castilla-y-leon-con-561-nuevos-profesionales-del-campo-lidera-la-asignacion-de-la-reserva-nacional#primaryimage"},"thumbnailUrl":"https:\/\/www.asajacyl.com\/palencia\/wp-content\/uploads\/sites\/3\/2023\/08\/Capturajoven4.jpg","datePublished":"2023-08-18T08:00:00+00:00","dateModified":"2023-08-31T10:45:46+00:00","author":{"@id":"https:\/\/www.asajacyl.com\/palencia\/#\/schema\/person\/3ab17aeb03527485c317557fae64aab1"},"description":"Castilla y Le\u00f3n ha vuelto a ser la comunidad aut\u00f3noma l\u00edder en la asignaci\u00f3n de la reserva nacional del pago b\u00e1sico del Fondo Espa\u00f1ol de Garant\u00eda Agraria","breadcrumb":{"@id":"https:\/\/www.asajacyl.com\/palencia\/asaja-palencia-informa\/castilla-y-leon-con-561-nuevos-profesionales-del-campo-lidera-la-asignacion-de-la-reserva-nacional#breadcrumb"},"inLanguage":"es","potentialAction":[{"@type":"ReadAction","target":["https:\/\/www.asajacyl.com\/palencia\/asaja-palencia-informa\/castilla-y-leon-con-561-nuevos-profesionales-del-campo-lidera-la-asignacion-de-la-reserva-nacional"]}]},{"@type":"ImageObject","inLanguage":"es","@id":"https:\/\/www.asajacyl.com\/palencia\/asaja-palencia-informa\/castilla-y-leon-con-561-nuevos-profesionales-del-campo-lidera-la-asignacion-de-la-reserva-nacional#primaryimage","url":"https:\/\/www.asajacyl.com\/palencia\/wp-content\/uploads\/sites\/3\/2023\/08\/Capturajoven4.jpg","contentUrl":"https:\/\/www.asajacyl.com\/palencia\/wp-content\/uploads\/sites\/3\/2023\/08\/Capturajoven4.jpg","width":1890,"height":1654},{"@type":"BreadcrumbList","@id":"https:\/\/www.asajacyl.com\/palencia\/asaja-palencia-informa\/castilla-y-leon-con-561-nuevos-profesionales-del-campo-lidera-la-asignacion-de-la-reserva-nacional#breadcrumb","itemListElement":[{"@type":"ListItem","position":1,"name":"Portada","item":"https:\/\/www.asajacyl.com\/palencia\/"},{"@type":"ListItem","position":2,"name":"Castilla y Le\u00f3n, con 561 nuevos profesionales del campo, lidera la asignaci\u00f3n de la reserva nacional"}]},{"@type":"WebSite","@id":"https:\/\/www.asajacyl.com\/palencia\/#website","url":"https:\/\/www.asajacyl.com\/palencia\/","name":"ASAJA Palencia","description":"Otro sitio m\u00e1s de Provincias ASAJA Castilla y Le\u00f3n","potentialAction":[{"@type":"SearchAction","target":{"@type":"EntryPoint","urlTemplate":"https:\/\/www.asajacyl.com\/palencia\/?s={search_term_string}"},"query-input":{"@type":"PropertyValueSpecification","valueRequired":true,"valueName":"search_term_string"}}],"inLanguage":"es"},{"@type":"Person","@id":"https:\/\/www.asajacyl.com\/palencia\/#\/schema\/person\/3ab17aeb03527485c317557fae64aab1","name":"Administrador","image":{"@type":"ImageObject","inLanguage":"es","@id":"https:\/\/www.asajacyl.com\/palencia\/#\/schema\/person\/image\/","url":"https:\/\/secure.gravatar.com\/avatar\/517384810d242ca9e38c180f3c9fb973?s=96&d=mm&r=g","contentUrl":"https:\/\/secure.gravatar.com\/avatar\/517384810d242ca9e38c180f3c9fb973?s=96&d=mm&r=g","caption":"Administrador"},"url":"https:\/\/www.asajacyl.com\/palencia\/author\/carlosrm"}]}},"_links":{"self":[{"href":"https:\/\/www.asajacyl.com\/palencia\/wp-json\/wp\/v2\/posts\/14013"}],"collection":[{"href":"https:\/\/www.asajacyl.com\/palencia\/wp-json\/wp\/v2\/posts"}],"about":[{"href":"https:\/\/www.asajacyl.com\/palencia\/wp-json\/wp\/v2\/types\/post"}],"author":[{"embeddable":true,"href":"https:\/\/www.asajacyl.com\/palencia\/wp-json\/wp\/v2\/users\/9"}],"replies":[{"embeddable":true,"href":"https:\/\/www.asajacyl.com\/palencia\/wp-json\/wp\/v2\/comments?post=14013"}],"version-history":[{"count":3,"href":"https:\/\/www.asajacyl.com\/palencia\/wp-json\/wp\/v2\/posts\/14013\/revisions"}],"predecessor-version":[{"id":14114,"href":"https:\/\/www.asajacyl.com\/palencia\/wp-json\/wp\/v2\/posts\/14013\/revisions\/14114"}],"wp:featuredmedia":[{"embeddable":true,"href":"https:\/\/www.asajacyl.com\/palencia\/wp-json\/wp\/v2\/media\/14014"}],"wp:attachment":[{"href":"https:\/\/www.asajacyl.com\/palencia\/wp-json\/wp\/v2\/media?parent=14013"}],"wp:term":[{"taxonomy":"category","embeddable":true,"href":"https:\/\/www.asajacyl.com\/palencia\/wp-json\/wp\/v2\/categories?post=14013"},{"taxonomy":"post_tag","embeddable":true,"href":"https:\/\/www.asajacyl.com\/palencia\/wp-json\/wp\/v2\/tags?post=14013"}],"curies":[{"name":"wp","href":"https:\/\/api.w.org\/{rel}","templated":true}]}}