{"id":14016,"date":"2023-08-19T11:05:58","date_gmt":"2023-08-19T09:05:58","guid":{"rendered":"https:\/\/www.asajacyl.com\/palencia\/?p=14016"},"modified":"2023-08-18T11:06:57","modified_gmt":"2023-08-18T09:06:57","slug":"palencia-mantiene-por-cuarto-ano-consecutivo-una-baja-prevalencia-de-tuberculosis-bovina","status":"publish","type":"post","link":"https:\/\/www.asajacyl.com\/palencia\/asaja-palencia-informa\/palencia-mantiene-por-cuarto-ano-consecutivo-una-baja-prevalencia-de-tuberculosis-bovina","title":{"rendered":"Palencia mantiene por cuarto a\u00f1o consecutivo una baja prevalencia de tuberculosis bovina"},"content":{"rendered":"\n<h2 class=\"wp-block-heading\">La provincia de Palencia mantiene por cuarto a\u00f1o consecutivo la baja prevalencia en la tuberculosis bovina, pese a registrarse en el \u00faltimo ejercicio analizado \u20142022\u2014 un ligero incremento en este indicador, como se ha producido tambi\u00e9n a nivel regional. Seg\u00fan los datos de la Junta de Castilla y Le\u00f3n, la prevalencia (es decir, la proporci\u00f3n del n\u00famero de reba\u00f1os infectados con respecto a los totales) se situ\u00f3 en este \u00faltimo a\u00f1o en el 0,69% en Palencia, por debajo del 1% que marca el umbral de esa baja prevalencia. La tuberculosis bovina es una enfermedad bacteriana que produce debilitamiento, neumon\u00eda e incluso la muerte del animal infectado.<\/h2>\n\n\n\n<p>Despu\u00e9s de tres a\u00f1os en descenso (2019, 2020 y 2021), la prevalencia de Palencia ha aumentado ligeramente en 2022, pero es sensiblemente inferior a la media de Castilla y Le\u00f3n (2,07%) y queda, en todo caso, lejos de la que se registr\u00f3 en provincias como Salamanca (4,47%, frente al 2,53% de 2021), territorio que cuenta con casi la mitad del censo bovino de la comunidad (45%) y que presenta una din\u00e1mica contraria al resto de la regi\u00f3n, por lo que se ha declarado Zona de Especial Incidencia en los municipios m\u00e1s afectados de la comarca de Vitigudino.<\/p>\n\n\n\n<p>\u00c1vila es otra de las provincias donde aument\u00f3 la prevalencia, que en este caso tambi\u00e9n se sit\u00faa por encima de ese umbral del 1% (concretamente, el 1,84% frente al 1,66% de 2021). Por su parte, Burgos, Le\u00f3n y Valladolid han sido declaradas en 2023 provincias libres de tuberculosis bovina, despu\u00e9s de tres a\u00f1os consecutivos con pr\u00e1cticamente prevalencia no superior al 0,1%, un estatus que podr\u00edan alcanzar tambi\u00e9n las provincias de Zamora y Soria si en la campa\u00f1a de este a\u00f1o se produjeran resultados favorables. <\/p>\n\n\n\n<p><strong>UNIDADES VETERINARIAS. <\/strong>Todas las unidades veterinarias de Palencia registraron en 2022 prevalencia nula, salvo las de <strong>Carri\u00f3n de los Condes<\/strong> (2,56%), <strong>Cervera de Pisuerga<\/strong> (1,72%) y <strong>Guardo<\/strong> (2%), seg\u00fan un reciente informe de la Consejer\u00eda de Agricultura, Ganader\u00eda y Desarrollo Rural de la Junta.<\/p>\n\n\n\n<p>La administraci\u00f3n auton\u00f3mica tambi\u00e9n desarrolla una investigaci\u00f3n epidemiol\u00f3gica de la fauna silvestre, que ha concluido que son factores de riesgo de la extensi\u00f3n de la tuberculosis bovina el contacto con especies transmisoras, la abundancia de jabal\u00ed y el uso de los mismos puntos para alimentaci\u00f3n y bebida, entre otros. Asimismo, el trabajo aboga por mejorar la bioseguridad de las explotaciones ganaderas para minimizar ese impacto.<\/p>\n\n\n\n<p>Por lo que respecta a la provincia de Palencia, ninguna de las 144 muestras de fauna silvestre analizadas en 2022 ofreci\u00f3 resultado positivo en la prueba PCR practicada post mortem a estas especies. En el conjunto de Castilla y Le\u00f3n se efectuaron 1.600 pruebas, con resultado positivo en 49 (poco m\u00e1s del 3%, si bien hay provincias con alta tasa de infecci\u00f3n, como \u00c1vila y Burgos, con el 9,5% y el 7,1% de las PCR positivas, respectivamente).<\/p>\n\n\n\n<p><strong>RIESGO DE INTERACCI\u00d3N. <\/strong>No obstante, la Junta ha considerado que siete de las ciento tres unidades veterinarias de la regi\u00f3n presentan especial riesgo de interacci\u00f3n entre las tuberculosis en especies silvestres y dom\u00e9sticas en virtud de esos an\u00e1lisis epidemiol\u00f3gicos). Son las unidades abulenses de Cebreros y El Barco de \u00c1vila; las salmantinas de B\u00e9jar (pr\u00f3xima a la anterior, la m\u00e1s conflictiva), Ledesma y Vitigudino; la soriana de San Pedro Manrique y la palentina de <strong>Cervera de Pisuerga<\/strong>.<\/p>\n\n\n\n<p>A prop\u00f3sito de la tuberculosis bovina, ASAJA-Palencia recuerda que en 2021 un grupo de investigadores de la Universidad Complutense de Madrid (UCM) y del Centro de Investigaci\u00f3n Cooperativa en Biomateriales CIC biomaGUNE desarroll\u00f3 un m\u00e9todo para diagnosticar esta enfermedad ganadera en sangre, con superioridad t\u00e9cnica con respecto a las t\u00e9cnicas aplicadas actualmente. <\/p>\n\n\n\n<p>El test de la tuberculina en piel genera falsos positivos en animales sanos vacunados o infectados por otras bacterias, mientras esta t\u00e9cnica ofrece m\u00e1s sensibilidad (es decir, probabilidad de detecci\u00f3n de individuos enfermos), adem\u00e1s de resultar m\u00e1s barata y r\u00e1pida, seg\u00fan difundi\u00f3 el equipo investigador hace casi dos a\u00f1os. <\/p>\n\n\n\n<p><strong>EVITAR SACRIFICIOS. <\/strong>Estos investigadores aseguran que, adem\u00e1s de mejorar el diagn\u00f3stico del posible animal enfermo, la aplicaci\u00f3n de esta t\u00e9cnica evitar\u00eda el sacrificio de un gran n\u00famero de cabezas no enfermas que ahora se consideran positivas, seg\u00fan ha subrayado Jos\u00e9 Izquierdo, doctor en f\u00edsica biom\u00e9dica del Instituto Pluridisciplinar de la Universidad Complutense de Madrid, de la Facultad de Farmacia y del CIBER de Enfermedades Respiratorias. <\/p>\n\n\n\n<p>Este m\u00e9todo identifica un patr\u00f3n metab\u00f3lico en muestras de sangre, similar a las detecciones habituales en medicina, como las pruebas de glucosa o \u00e1cido \u00farico en sangre. Seg\u00fan Izquierdo, \u00absomos capaces de identificar c\u00f3mo una infecci\u00f3n modifica todos los metabolitos del hu\u00e9sped de modo simult\u00e1neo, lo que permite diagnosticar al sujeto infectado incluso antes de presentar s\u00edntomas visibles\u00bb.<\/p>\n\n\n\n<p>Adem\u00e1s de reclamar la implantaci\u00f3n de esos sistemas de diagn\u00f3stico (para evitar as\u00ed sacrificar reba\u00f1os enteros conforme a la estrategias nacional y regional para erradicar la tuberculosis bovina), ASAJA-Palencia recuerda a los profesionales de la ganader\u00eda los factores que, seg\u00fan otra investigaci\u00f3n de la Complutense de Madrid con an\u00e1lisis de explotaciones afectadas en el periodo 2010-2020, pueden contribuir a un mayor riesgo de reaparici\u00f3n de la enfermedad: la localizaci\u00f3n de la explotaci\u00f3n, un mayor censo de animales, un largo historial previo de positividad, la duraci\u00f3n m\u00e1s larga del brote y la mayor introducci\u00f3n de animales mediante movimientos de ganado.<strong>\/<\/strong><\/p>\n\n\n\n<figure class=\"wp-block-image size-full is-resized\"><img loading=\"lazy\" decoding=\"async\" src=\"https:\/\/www.asajacyl.com\/palencia\/wp-content\/uploads\/sites\/3\/2023\/08\/Evolucion-tuberculosis-bovina.png\" alt=\"\" class=\"wp-image-14017\" width=\"1068\" height=\"542\" \/><\/figure>\n","protected":false},"excerpt":{"rendered":"<p>La provincia de Palencia mantiene por cuarto a\u00f1o consecutivo la baja prevalencia en la tuberculosis bovina, pese a registrarse en el \u00faltimo ejercicio analizado \u20142022\u2014 un ligero incremento en este indicador, como se ha producido tambi\u00e9n a nivel regional. Seg\u00fan los datos de la Junta de Castilla y Le\u00f3n, la prevalencia (es decir, la proporci\u00f3n [&hellip;]<\/p>\n","protected":false},"author":9,"featured_media":14018,"comment_status":"open","ping_status":"open","sticky":false,"template":"","format":"standard","meta":{"footnotes":""},"categories":[9,29,28],"tags":[234,411,81,142,330,77,412,66,365,218,144],"yoast_head":"<!-- This site is optimized with the Yoast SEO plugin v24.5 - https:\/\/yoast.com\/wordpress\/plugins\/seo\/ -->\n<title>Palencia mantiene por cuarto a\u00f1o consecutivo una baja prevalencia de tuberculosis bovina - ASAJA Palencia<\/title>\n<meta name=\"description\" content=\"La provincia de Palencia mantiene por cuarto a\u00f1o consecutivo la baja prevalencia en la tuberculosis bovina, pese a registrarse en el \u00faltimo ejercicio\" \/>\n<meta name=\"robots\" content=\"index, follow, max-snippet:-1, max-image-preview:large, max-video-preview:-1\" \/>\n<link rel=\"canonical\" href=\"https:\/\/www.asajacyl.com\/palencia\/asaja-palencia-informa\/palencia-mantiene-por-cuarto-ano-consecutivo-una-baja-prevalencia-de-tuberculosis-bovina\" \/>\n<meta property=\"og:locale\" content=\"es_ES\" \/>\n<meta property=\"og:type\" content=\"article\" \/>\n<meta property=\"og:title\" content=\"Palencia mantiene por cuarto a\u00f1o consecutivo una baja prevalencia de tuberculosis bovina - ASAJA Palencia\" \/>\n<meta property=\"og:description\" content=\"La provincia de Palencia mantiene por cuarto a\u00f1o consecutivo la baja prevalencia en la tuberculosis bovina, pese a registrarse en el \u00faltimo ejercicio\" \/>\n<meta property=\"og:url\" content=\"https:\/\/www.asajacyl.com\/palencia\/asaja-palencia-informa\/palencia-mantiene-por-cuarto-ano-consecutivo-una-baja-prevalencia-de-tuberculosis-bovina\" \/>\n<meta property=\"og:site_name\" content=\"ASAJA Palencia\" \/>\n<meta property=\"article:published_time\" content=\"2023-08-19T09:05:58+00:00\" \/>\n<meta property=\"og:image\" content=\"https:\/\/www.asajacyl.com\/palencia\/wp-content\/uploads\/sites\/3\/2023\/08\/Vacuno-cMonika-Kubala-Unsplash-1024x896.jpg\" \/>\n\t<meta property=\"og:image:width\" content=\"1024\" \/>\n\t<meta property=\"og:image:height\" content=\"896\" \/>\n\t<meta property=\"og:image:type\" content=\"image\/jpeg\" \/>\n<meta name=\"author\" content=\"Administrador\" \/>\n<meta name=\"twitter:card\" content=\"summary_large_image\" \/>\n<meta name=\"twitter:label1\" content=\"Escrito por\" \/>\n\t<meta name=\"twitter:data1\" content=\"Administrador\" \/>\n\t<meta name=\"twitter:label2\" content=\"Tiempo de lectura\" \/>\n\t<meta name=\"twitter:data2\" content=\"5 minutos\" \/>\n<script type=\"application\/ld+json\" class=\"yoast-schema-graph\">{\"@context\":\"https:\/\/schema.org\",\"@graph\":[{\"@type\":\"WebPage\",\"@id\":\"https:\/\/www.asajacyl.com\/palencia\/asaja-palencia-informa\/palencia-mantiene-por-cuarto-ano-consecutivo-una-baja-prevalencia-de-tuberculosis-bovina\",\"url\":\"https:\/\/www.asajacyl.com\/palencia\/asaja-palencia-informa\/palencia-mantiene-por-cuarto-ano-consecutivo-una-baja-prevalencia-de-tuberculosis-bovina\",\"name\":\"Palencia mantiene por cuarto a\u00f1o consecutivo una baja prevalencia de tuberculosis bovina - ASAJA Palencia\",\"isPartOf\":{\"@id\":\"https:\/\/www.asajacyl.com\/palencia\/#website\"},\"primaryImageOfPage\":{\"@id\":\"https:\/\/www.asajacyl.com\/palencia\/asaja-palencia-informa\/palencia-mantiene-por-cuarto-ano-consecutivo-una-baja-prevalencia-de-tuberculosis-bovina#primaryimage\"},\"image\":{\"@id\":\"https:\/\/www.asajacyl.com\/palencia\/asaja-palencia-informa\/palencia-mantiene-por-cuarto-ano-consecutivo-una-baja-prevalencia-de-tuberculosis-bovina#primaryimage\"},\"thumbnailUrl\":\"https:\/\/www.asajacyl.com\/palencia\/wp-content\/uploads\/sites\/3\/2023\/08\/Vacuno-cMonika-Kubala-Unsplash.jpg\",\"datePublished\":\"2023-08-19T09:05:58+00:00\",\"author\":{\"@id\":\"https:\/\/www.asajacyl.com\/palencia\/#\/schema\/person\/3ab17aeb03527485c317557fae64aab1\"},\"description\":\"La provincia de Palencia mantiene por cuarto a\u00f1o consecutivo la baja prevalencia en la tuberculosis bovina, pese a registrarse en el \u00faltimo ejercicio\",\"breadcrumb\":{\"@id\":\"https:\/\/www.asajacyl.com\/palencia\/asaja-palencia-informa\/palencia-mantiene-por-cuarto-ano-consecutivo-una-baja-prevalencia-de-tuberculosis-bovina#breadcrumb\"},\"inLanguage\":\"es\",\"potentialAction\":[{\"@type\":\"ReadAction\",\"target\":[\"https:\/\/www.asajacyl.com\/palencia\/asaja-palencia-informa\/palencia-mantiene-por-cuarto-ano-consecutivo-una-baja-prevalencia-de-tuberculosis-bovina\"]}]},{\"@type\":\"ImageObject\",\"inLanguage\":\"es\",\"@id\":\"https:\/\/www.asajacyl.com\/palencia\/asaja-palencia-informa\/palencia-mantiene-por-cuarto-ano-consecutivo-una-baja-prevalencia-de-tuberculosis-bovina#primaryimage\",\"url\":\"https:\/\/www.asajacyl.com\/palencia\/wp-content\/uploads\/sites\/3\/2023\/08\/Vacuno-cMonika-Kubala-Unsplash.jpg\",\"contentUrl\":\"https:\/\/www.asajacyl.com\/palencia\/wp-content\/uploads\/sites\/3\/2023\/08\/Vacuno-cMonika-Kubala-Unsplash.jpg\",\"width\":1891,\"height\":1655},{\"@type\":\"BreadcrumbList\",\"@id\":\"https:\/\/www.asajacyl.com\/palencia\/asaja-palencia-informa\/palencia-mantiene-por-cuarto-ano-consecutivo-una-baja-prevalencia-de-tuberculosis-bovina#breadcrumb\",\"itemListElement\":[{\"@type\":\"ListItem\",\"position\":1,\"name\":\"Portada\",\"item\":\"https:\/\/www.asajacyl.com\/palencia\/\"},{\"@type\":\"ListItem\",\"position\":2,\"name\":\"Palencia mantiene por cuarto a\u00f1o consecutivo una baja prevalencia de tuberculosis bovina\"}]},{\"@type\":\"WebSite\",\"@id\":\"https:\/\/www.asajacyl.com\/palencia\/#website\",\"url\":\"https:\/\/www.asajacyl.com\/palencia\/\",\"name\":\"ASAJA Palencia\",\"description\":\"Otro sitio m\u00e1s de Provincias ASAJA Castilla y Le\u00f3n\",\"potentialAction\":[{\"@type\":\"SearchAction\",\"target\":{\"@type\":\"EntryPoint\",\"urlTemplate\":\"https:\/\/www.asajacyl.com\/palencia\/?s={search_term_string}\"},\"query-input\":{\"@type\":\"PropertyValueSpecification\",\"valueRequired\":true,\"valueName\":\"search_term_string\"}}],\"inLanguage\":\"es\"},{\"@type\":\"Person\",\"@id\":\"https:\/\/www.asajacyl.com\/palencia\/#\/schema\/person\/3ab17aeb03527485c317557fae64aab1\",\"name\":\"Administrador\",\"image\":{\"@type\":\"ImageObject\",\"inLanguage\":\"es\",\"@id\":\"https:\/\/www.asajacyl.com\/palencia\/#\/schema\/person\/image\/\",\"url\":\"https:\/\/secure.gravatar.com\/avatar\/517384810d242ca9e38c180f3c9fb973?s=96&d=mm&r=g\",\"contentUrl\":\"https:\/\/secure.gravatar.com\/avatar\/517384810d242ca9e38c180f3c9fb973?s=96&d=mm&r=g\",\"caption\":\"Administrador\"},\"url\":\"https:\/\/www.asajacyl.com\/palencia\/author\/carlosrm\"}]}<\/script>\n<!-- \/ Yoast SEO plugin. -->","yoast_head_json":{"title":"Palencia mantiene por cuarto a\u00f1o consecutivo una baja prevalencia de tuberculosis bovina - ASAJA Palencia","description":"La provincia de Palencia mantiene por cuarto a\u00f1o consecutivo la baja prevalencia en la tuberculosis bovina, pese a registrarse en el \u00faltimo ejercicio","robots":{"index":"index","follow":"follow","max-snippet":"max-snippet:-1","max-image-preview":"max-image-preview:large","max-video-preview":"max-video-preview:-1"},"canonical":"https:\/\/www.asajacyl.com\/palencia\/asaja-palencia-informa\/palencia-mantiene-por-cuarto-ano-consecutivo-una-baja-prevalencia-de-tuberculosis-bovina","og_locale":"es_ES","og_type":"article","og_title":"Palencia mantiene por cuarto a\u00f1o consecutivo una baja prevalencia de tuberculosis bovina - ASAJA Palencia","og_description":"La provincia de Palencia mantiene por cuarto a\u00f1o consecutivo la baja prevalencia en la tuberculosis bovina, pese a registrarse en el \u00faltimo ejercicio","og_url":"https:\/\/www.asajacyl.com\/palencia\/asaja-palencia-informa\/palencia-mantiene-por-cuarto-ano-consecutivo-una-baja-prevalencia-de-tuberculosis-bovina","og_site_name":"ASAJA Palencia","article_published_time":"2023-08-19T09:05:58+00:00","og_image":[{"width":1024,"height":896,"url":"https:\/\/www.asajacyl.com\/palencia\/wp-content\/uploads\/sites\/3\/2023\/08\/Vacuno-cMonika-Kubala-Unsplash-1024x896.jpg","type":"image\/jpeg"}],"author":"Administrador","twitter_card":"summary_large_image","twitter_misc":{"Escrito por":"Administrador","Tiempo de lectura":"5 minutos"},"schema":{"@context":"https:\/\/schema.org","@graph":[{"@type":"WebPage","@id":"https:\/\/www.asajacyl.com\/palencia\/asaja-palencia-informa\/palencia-mantiene-por-cuarto-ano-consecutivo-una-baja-prevalencia-de-tuberculosis-bovina","url":"https:\/\/www.asajacyl.com\/palencia\/asaja-palencia-informa\/palencia-mantiene-por-cuarto-ano-consecutivo-una-baja-prevalencia-de-tuberculosis-bovina","name":"Palencia mantiene por cuarto a\u00f1o consecutivo una baja prevalencia de tuberculosis bovina - ASAJA Palencia","isPartOf":{"@id":"https:\/\/www.asajacyl.com\/palencia\/#website"},"primaryImageOfPage":{"@id":"https:\/\/www.asajacyl.com\/palencia\/asaja-palencia-informa\/palencia-mantiene-por-cuarto-ano-consecutivo-una-baja-prevalencia-de-tuberculosis-bovina#primaryimage"},"image":{"@id":"https:\/\/www.asajacyl.com\/palencia\/asaja-palencia-informa\/palencia-mantiene-por-cuarto-ano-consecutivo-una-baja-prevalencia-de-tuberculosis-bovina#primaryimage"},"thumbnailUrl":"https:\/\/www.asajacyl.com\/palencia\/wp-content\/uploads\/sites\/3\/2023\/08\/Vacuno-cMonika-Kubala-Unsplash.jpg","datePublished":"2023-08-19T09:05:58+00:00","author":{"@id":"https:\/\/www.asajacyl.com\/palencia\/#\/schema\/person\/3ab17aeb03527485c317557fae64aab1"},"description":"La provincia de Palencia mantiene por cuarto a\u00f1o consecutivo la baja prevalencia en la tuberculosis bovina, pese a registrarse en el \u00faltimo ejercicio","breadcrumb":{"@id":"https:\/\/www.asajacyl.com\/palencia\/asaja-palencia-informa\/palencia-mantiene-por-cuarto-ano-consecutivo-una-baja-prevalencia-de-tuberculosis-bovina#breadcrumb"},"inLanguage":"es","potentialAction":[{"@type":"ReadAction","target":["https:\/\/www.asajacyl.com\/palencia\/asaja-palencia-informa\/palencia-mantiene-por-cuarto-ano-consecutivo-una-baja-prevalencia-de-tuberculosis-bovina"]}]},{"@type":"ImageObject","inLanguage":"es","@id":"https:\/\/www.asajacyl.com\/palencia\/asaja-palencia-informa\/palencia-mantiene-por-cuarto-ano-consecutivo-una-baja-prevalencia-de-tuberculosis-bovina#primaryimage","url":"https:\/\/www.asajacyl.com\/palencia\/wp-content\/uploads\/sites\/3\/2023\/08\/Vacuno-cMonika-Kubala-Unsplash.jpg","contentUrl":"https:\/\/www.asajacyl.com\/palencia\/wp-content\/uploads\/sites\/3\/2023\/08\/Vacuno-cMonika-Kubala-Unsplash.jpg","width":1891,"height":1655},{"@type":"BreadcrumbList","@id":"https:\/\/www.asajacyl.com\/palencia\/asaja-palencia-informa\/palencia-mantiene-por-cuarto-ano-consecutivo-una-baja-prevalencia-de-tuberculosis-bovina#breadcrumb","itemListElement":[{"@type":"ListItem","position":1,"name":"Portada","item":"https:\/\/www.asajacyl.com\/palencia\/"},{"@type":"ListItem","position":2,"name":"Palencia mantiene por cuarto a\u00f1o consecutivo una baja prevalencia de tuberculosis bovina"}]},{"@type":"WebSite","@id":"https:\/\/www.asajacyl.com\/palencia\/#website","url":"https:\/\/www.asajacyl.com\/palencia\/","name":"ASAJA Palencia","description":"Otro sitio m\u00e1s de Provincias ASAJA Castilla y Le\u00f3n","potentialAction":[{"@type":"SearchAction","target":{"@type":"EntryPoint","urlTemplate":"https:\/\/www.asajacyl.com\/palencia\/?s={search_term_string}"},"query-input":{"@type":"PropertyValueSpecification","valueRequired":true,"valueName":"search_term_string"}}],"inLanguage":"es"},{"@type":"Person","@id":"https:\/\/www.asajacyl.com\/palencia\/#\/schema\/person\/3ab17aeb03527485c317557fae64aab1","name":"Administrador","image":{"@type":"ImageObject","inLanguage":"es","@id":"https:\/\/www.asajacyl.com\/palencia\/#\/schema\/person\/image\/","url":"https:\/\/secure.gravatar.com\/avatar\/517384810d242ca9e38c180f3c9fb973?s=96&d=mm&r=g","contentUrl":"https:\/\/secure.gravatar.com\/avatar\/517384810d242ca9e38c180f3c9fb973?s=96&d=mm&r=g","caption":"Administrador"},"url":"https:\/\/www.asajacyl.com\/palencia\/author\/carlosrm"}]}},"_links":{"self":[{"href":"https:\/\/www.asajacyl.com\/palencia\/wp-json\/wp\/v2\/posts\/14016"}],"collection":[{"href":"https:\/\/www.asajacyl.com\/palencia\/wp-json\/wp\/v2\/posts"}],"about":[{"href":"https:\/\/www.asajacyl.com\/palencia\/wp-json\/wp\/v2\/types\/post"}],"author":[{"embeddable":true,"href":"https:\/\/www.asajacyl.com\/palencia\/wp-json\/wp\/v2\/users\/9"}],"replies":[{"embeddable":true,"href":"https:\/\/www.asajacyl.com\/palencia\/wp-json\/wp\/v2\/comments?post=14016"}],"version-history":[{"count":1,"href":"https:\/\/www.asajacyl.com\/palencia\/wp-json\/wp\/v2\/posts\/14016\/revisions"}],"predecessor-version":[{"id":14019,"href":"https:\/\/www.asajacyl.com\/palencia\/wp-json\/wp\/v2\/posts\/14016\/revisions\/14019"}],"wp:featuredmedia":[{"embeddable":true,"href":"https:\/\/www.asajacyl.com\/palencia\/wp-json\/wp\/v2\/media\/14018"}],"wp:attachment":[{"href":"https:\/\/www.asajacyl.com\/palencia\/wp-json\/wp\/v2\/media?parent=14016"}],"wp:term":[{"taxonomy":"category","embeddable":true,"href":"https:\/\/www.asajacyl.com\/palencia\/wp-json\/wp\/v2\/categories?post=14016"},{"taxonomy":"post_tag","embeddable":true,"href":"https:\/\/www.asajacyl.com\/palencia\/wp-json\/wp\/v2\/tags?post=14016"}],"curies":[{"name":"wp","href":"https:\/\/api.w.org\/{rel}","templated":true}]}}