{"id":14020,"date":"2023-08-18T13:11:13","date_gmt":"2023-08-18T11:11:13","guid":{"rendered":"https:\/\/www.asajacyl.com\/palencia\/?p=14020"},"modified":"2023-08-18T13:11:15","modified_gmt":"2023-08-18T11:11:15","slug":"asaja-cyl-pide-mas-financiacion-publica-del-seguro-agrario-tras-varias-cosechas-malas-por-sequia","status":"publish","type":"post","link":"https:\/\/www.asajacyl.com\/palencia\/asaja-palencia-informa\/asaja-cyl-pide-mas-financiacion-publica-del-seguro-agrario-tras-varias-cosechas-malas-por-sequia","title":{"rendered":"ASAJA-CyL pide m\u00e1s financiaci\u00f3n p\u00fablica del seguro agrario tras varias cosechas malas por sequ\u00eda"},"content":{"rendered":"\n<h2 class=\"wp-block-heading\">La decisi\u00f3n de Agroseguro de aplicar importantes subidas en las tasas de seguro de cultivos herb\u00e1ceos ha encendido las alarmas en la agricultura de todo el pa\u00eds, en especial en Castilla y Le\u00f3n, la comunidad aut\u00f3noma con m\u00e1s superficie asegurada. Pese a la oposici\u00f3n del sector y de las comunidades aut\u00f3nomas, el Plan 2023 entrar\u00e1 en vigor esta pr\u00f3xima campa\u00f1a de contrataci\u00f3n, que se inicia en oto\u00f1o, puesto que Agroseguro cont\u00f3 con el respaldo de ENESA (Entidad Estatal de Seguros Agrarios), el Consorcio de Compensaci\u00f3n de Seguros y la Direcci\u00f3n General de Seguros del Ministerio de Econom\u00eda. La directiva de ASAJA-Castilla y Le\u00f3n, reunida hoy en Valladolid, ha analizado el impacto de esta revisi\u00f3n en las tarifas del seguro de herb\u00e1ceos extensivos de Castilla y Le\u00f3n, que supondr\u00e1 un promedio de subida del 35%, al pasar de 22\u20ac\/ha a 30 \u20ac\/ha). Nuestra organizaci\u00f3n advierte, sin embargo, que \u00ablas medias son enga\u00f1osas, puesto que en unas pocas comarcas no subir\u00e1n nada mientras en otras comarcas de Castilla y Le\u00f3n se superar\u00e1n los incrementos el 100%\u00bb.<\/h2>\n\n\n\n<p>El motivo que aduce Agroseguro es que en determinadas comarcas las tasas actuales son insuficientes para cubrir un riesgo como la sequ\u00eda, que incide cada vez con mayor frecuencia e intensidad y en zonas muy extensas. <\/p>\n\n\n\n<p>ASAJA argumenta que, si bien es cierto que esta \u00faltima campa\u00f1a se han multiplicado las indemnizaciones, \u00abel agricultor es v\u00edctima y no culpable de tener que dar partes por sequ\u00eda; y en muchos casos las mayores subidas que quieren aplicarse se centran en comarcas dondelos agricultores ya ten\u00edan muy dif\u00edcil asumir el coste del seguro\u00bb.<\/p>\n\n\n\n<p><strong>SUBIDA ESCALONADA. <\/strong>Nuestra organizaci\u00f3n estima que las subidas aprobadas para la pr\u00f3xima contrataci\u00f3n \u00abdeber\u00edan haberse aplicado escalonadamente, y no de golpe un a\u00f1o en el que precisamente el sector est\u00e1 hundido\u00bb, tras una p\u00e9sima cosecha y los alt\u00edsimos costes de producci\u00f3n que se tuvieron que asumir, y que obligaron a muchas explotaciones a endeudarse. <\/p>\n\n\n\n<p>Tambi\u00e9n hace notar la organizaci\u00f3n agraria la \u00abtriqui\u00f1uela\u00bb de Agroseguro, al aprovechar la revisi\u00f3n a la baja del Ministerio de Agricultura, Pesca y Alimentaci\u00f3n en los precios de aseguramiento de cereales, girasol y colza, lo que moment\u00e1neamente aligerar\u00e1 el coste del seguro, pero que tambi\u00e9n significar\u00eda una menor indemnizaci\u00f3n para el agricultor en caso de siniestro.<\/p>\n\n\n\n<p><strong>RESPUESTA URGENTE. <\/strong>Para Donaciano Dujo, presidente regional de ASAJA, \u00ablas administraciones tienen dar una respuesta urgente, reforzando con mayor financiaci\u00f3n al seguro agrario; el primero, el Ministerio, ya que es quiz\u00e1s la principal pol\u00edtica agraria propia de nuestro pa\u00eds; pero tambi\u00e9n la Junta de Castilla y Le\u00f3n, que tiene que ofrecer su cobertura donde no llegue el apoyo nacional\u00bb.<\/p>\n\n\n\n<p>ASAJA pide que la subvenci\u00f3n p\u00fablica al seguro llegue hasta el m\u00e1ximo permitido por Bruselas, cifrado en el 70%, dando prioridad a los agricultores profesionales, que viven al cien por cien del campo, para quienes suscribir el seguro \u00abes tan imprescindible como tener un tractor, y funciona como un peque\u00f1o colch\u00f3n para, en caso de siniestro, seguir produciendo\u00bb.<\/p>\n\n\n\n<p><strong>Herb\u00e1ceos extensivos \/ Impacto de la revisi\u00f3n de tarifas zonales en el Plan 2023<\/strong><\/p>\n\n\n\n<figure class=\"wp-block-table is-style-stripes\"><table><tbody><tr><td>&nbsp;<\/td><td class=\"has-text-align-center\" data-align=\"center\"><strong>Superficie asegurada (ha)<\/strong><\/td><td class=\"has-text-align-center\" data-align=\"center\"><strong>% subida total secano<\/strong><\/td><td class=\"has-text-align-center\" data-align=\"center\"><strong>coste \u20ac\/ha<\/strong><\/td><td class=\"has-text-align-center\" data-align=\"center\"><strong>diferencia coste \u20ac\/ha<\/strong><\/td><\/tr><tr><td><strong>Castilla y Le\u00f3n<\/strong><\/td><td class=\"has-text-align-center\" data-align=\"center\">&nbsp;1.009.116<\/td><td class=\"has-text-align-center\" data-align=\"center\">+35%<\/td><td class=\"has-text-align-center\" data-align=\"center\">&nbsp;30<\/td><td class=\"has-text-align-center\" data-align=\"center\">+8<\/td><\/tr><tr><td><strong>ESPA\u00d1A<\/strong><\/td><td class=\"has-text-align-center\" data-align=\"center\">1.981.099<\/td><td class=\"has-text-align-center\" data-align=\"center\">+39%<\/td><td class=\"has-text-align-center\" data-align=\"center\">34<\/td><td class=\"has-text-align-center\" data-align=\"center\">+10<\/td><\/tr><\/tbody><\/table><\/figure>\n\n\n\n<p><strong>Revisi\u00f3n de los precios de aseguramiento de cultivos (comparativa 2022-Plan 2023 y cotizaci\u00f3n actual en lonja; en \u20ac\/kg)<\/strong><\/p>\n\n\n\n<figure class=\"wp-block-table is-style-stripes\"><table><tbody><tr><td>&nbsp;<\/td><td class=\"has-text-align-center\" data-align=\"center\"><strong>2022<\/strong><\/td><td class=\"has-text-align-center\" data-align=\"center\"><strong>2023<\/strong><\/td><td class=\"has-text-align-center\" data-align=\"center\"><strong>Precios en lonja*<\/strong><\/td><\/tr><tr><td><strong>Trigo<\/strong><\/td><td class=\"has-text-align-center\" data-align=\"center\">0,24<\/td><td class=\"has-text-align-center\" data-align=\"center\">0,22<\/td><td class=\"has-text-align-center\" data-align=\"center\">0,24<\/td><\/tr><tr><td><strong>Cebada<\/strong> | <strong>Avena<\/strong> | <strong>Centeno |<\/strong> <strong>Triticale<\/strong><\/td><td class=\"has-text-align-center\" data-align=\"center\">0,21<\/td><td class=\"has-text-align-center\" data-align=\"center\">0,20<\/td><td class=\"has-text-align-center\" data-align=\"center\">0,22 \u00b7 0,30 \u00b7 0,21 \u00b7 0,23<\/td><\/tr><tr><td><strong>Ma\u00edz<\/strong><\/td><td class=\"has-text-align-center\" data-align=\"center\">0,24<\/td><td class=\"has-text-align-center\" data-align=\"center\">0,23<\/td><td class=\"has-text-align-center\" data-align=\"center\">0,24<\/td><\/tr><tr><td><strong>Girasol<\/strong> <strong>| Girasol alto oleico<\/strong><\/td><td class=\"has-text-align-center\" data-align=\"center\">0,41 \u00b7 0,43<\/td><td class=\"has-text-align-center\" data-align=\"center\">0,39 \u00b7 0,41<\/td><td class=\"has-text-align-center\" data-align=\"center\">0,43 \u00b7 0,45<\/td><\/tr><\/tbody><\/table><figcaption class=\"wp-element-caption\"><em>* Precios en lonja sobre las cotizaciones actuales de la Lonja de Le\u00f3n (cereales y ma\u00edz) y lonjas andaluzas (girasol)<\/em><\/figcaption><\/figure>\n\n\n\n<p><\/p>\n","protected":false},"excerpt":{"rendered":"<p>La decisi\u00f3n de Agroseguro de aplicar importantes subidas en las tasas de seguro de cultivos herb\u00e1ceos ha encendido las alarmas en la agricultura de todo el pa\u00eds, en especial en Castilla y Le\u00f3n, la comunidad aut\u00f3noma con m\u00e1s superficie asegurada. Pese a la oposici\u00f3n del sector y de las comunidades aut\u00f3nomas, el Plan 2023 entrar\u00e1 [&hellip;]<\/p>\n","protected":false},"author":9,"featured_media":14021,"comment_status":"open","ping_status":"open","sticky":false,"template":"","format":"standard","meta":{"footnotes":""},"categories":[9,29,28],"tags":[58,176,59,46,142,77,146,66,92,110,85,185,93],"yoast_head":"<!-- This site is optimized with the Yoast SEO plugin v24.5 - https:\/\/yoast.com\/wordpress\/plugins\/seo\/ -->\n<title>ASAJA-CyL pide m\u00e1s financiaci\u00f3n p\u00fablica del seguro agrario tras varias cosechas malas por sequ\u00eda - ASAJA Palencia<\/title>\n<meta name=\"description\" content=\"La decisi\u00f3n de Agroseguro de aplicar importantes subidas en las tasas de seguro de cultivos herb\u00e1ceos ha encendido las alarmas en la agricultura de todo\" \/>\n<meta name=\"robots\" content=\"index, follow, max-snippet:-1, max-image-preview:large, max-video-preview:-1\" \/>\n<link rel=\"canonical\" href=\"https:\/\/www.asajacyl.com\/palencia\/asaja-palencia-informa\/asaja-cyl-pide-mas-financiacion-publica-del-seguro-agrario-tras-varias-cosechas-malas-por-sequia\" \/>\n<meta property=\"og:locale\" content=\"es_ES\" \/>\n<meta property=\"og:type\" content=\"article\" \/>\n<meta property=\"og:title\" content=\"ASAJA-CyL pide m\u00e1s financiaci\u00f3n p\u00fablica del seguro agrario tras varias cosechas malas por sequ\u00eda - ASAJA Palencia\" \/>\n<meta property=\"og:description\" content=\"La decisi\u00f3n de Agroseguro de aplicar importantes subidas en las tasas de seguro de cultivos herb\u00e1ceos ha encendido las alarmas en la agricultura de todo\" \/>\n<meta property=\"og:url\" content=\"https:\/\/www.asajacyl.com\/palencia\/asaja-palencia-informa\/asaja-cyl-pide-mas-financiacion-publica-del-seguro-agrario-tras-varias-cosechas-malas-por-sequia\" \/>\n<meta property=\"og:site_name\" content=\"ASAJA Palencia\" \/>\n<meta property=\"article:published_time\" content=\"2023-08-18T11:11:13+00:00\" \/>\n<meta property=\"article:modified_time\" content=\"2023-08-18T11:11:15+00:00\" \/>\n<meta property=\"og:image\" content=\"https:\/\/www.asajacyl.com\/palencia\/wp-content\/uploads\/sites\/3\/2023\/08\/Directiva-ASAJA-CyL-agosto-2023.jpg\" \/>\n\t<meta property=\"og:image:width\" content=\"2500\" \/>\n\t<meta property=\"og:image:height\" content=\"1341\" \/>\n\t<meta property=\"og:image:type\" content=\"image\/jpeg\" \/>\n<meta name=\"author\" content=\"Administrador\" \/>\n<meta name=\"twitter:card\" content=\"summary_large_image\" \/>\n<meta name=\"twitter:label1\" content=\"Escrito por\" \/>\n\t<meta name=\"twitter:data1\" content=\"Administrador\" \/>\n\t<meta name=\"twitter:label2\" content=\"Tiempo de lectura\" \/>\n\t<meta name=\"twitter:data2\" content=\"3 minutos\" \/>\n<script type=\"application\/ld+json\" class=\"yoast-schema-graph\">{\"@context\":\"https:\/\/schema.org\",\"@graph\":[{\"@type\":\"WebPage\",\"@id\":\"https:\/\/www.asajacyl.com\/palencia\/asaja-palencia-informa\/asaja-cyl-pide-mas-financiacion-publica-del-seguro-agrario-tras-varias-cosechas-malas-por-sequia\",\"url\":\"https:\/\/www.asajacyl.com\/palencia\/asaja-palencia-informa\/asaja-cyl-pide-mas-financiacion-publica-del-seguro-agrario-tras-varias-cosechas-malas-por-sequia\",\"name\":\"ASAJA-CyL pide m\u00e1s financiaci\u00f3n p\u00fablica del seguro agrario tras varias cosechas malas por sequ\u00eda - ASAJA Palencia\",\"isPartOf\":{\"@id\":\"https:\/\/www.asajacyl.com\/palencia\/#website\"},\"primaryImageOfPage\":{\"@id\":\"https:\/\/www.asajacyl.com\/palencia\/asaja-palencia-informa\/asaja-cyl-pide-mas-financiacion-publica-del-seguro-agrario-tras-varias-cosechas-malas-por-sequia#primaryimage\"},\"image\":{\"@id\":\"https:\/\/www.asajacyl.com\/palencia\/asaja-palencia-informa\/asaja-cyl-pide-mas-financiacion-publica-del-seguro-agrario-tras-varias-cosechas-malas-por-sequia#primaryimage\"},\"thumbnailUrl\":\"https:\/\/www.asajacyl.com\/palencia\/wp-content\/uploads\/sites\/3\/2023\/08\/Directiva-ASAJA-CyL-agosto-2023.jpg\",\"datePublished\":\"2023-08-18T11:11:13+00:00\",\"dateModified\":\"2023-08-18T11:11:15+00:00\",\"author\":{\"@id\":\"https:\/\/www.asajacyl.com\/palencia\/#\/schema\/person\/3ab17aeb03527485c317557fae64aab1\"},\"description\":\"La decisi\u00f3n de Agroseguro de aplicar importantes subidas en las tasas de seguro de cultivos herb\u00e1ceos ha encendido las alarmas en la agricultura de todo\",\"breadcrumb\":{\"@id\":\"https:\/\/www.asajacyl.com\/palencia\/asaja-palencia-informa\/asaja-cyl-pide-mas-financiacion-publica-del-seguro-agrario-tras-varias-cosechas-malas-por-sequia#breadcrumb\"},\"inLanguage\":\"es\",\"potentialAction\":[{\"@type\":\"ReadAction\",\"target\":[\"https:\/\/www.asajacyl.com\/palencia\/asaja-palencia-informa\/asaja-cyl-pide-mas-financiacion-publica-del-seguro-agrario-tras-varias-cosechas-malas-por-sequia\"]}]},{\"@type\":\"ImageObject\",\"inLanguage\":\"es\",\"@id\":\"https:\/\/www.asajacyl.com\/palencia\/asaja-palencia-informa\/asaja-cyl-pide-mas-financiacion-publica-del-seguro-agrario-tras-varias-cosechas-malas-por-sequia#primaryimage\",\"url\":\"https:\/\/www.asajacyl.com\/palencia\/wp-content\/uploads\/sites\/3\/2023\/08\/Directiva-ASAJA-CyL-agosto-2023.jpg\",\"contentUrl\":\"https:\/\/www.asajacyl.com\/palencia\/wp-content\/uploads\/sites\/3\/2023\/08\/Directiva-ASAJA-CyL-agosto-2023.jpg\",\"width\":2500,\"height\":1341},{\"@type\":\"BreadcrumbList\",\"@id\":\"https:\/\/www.asajacyl.com\/palencia\/asaja-palencia-informa\/asaja-cyl-pide-mas-financiacion-publica-del-seguro-agrario-tras-varias-cosechas-malas-por-sequia#breadcrumb\",\"itemListElement\":[{\"@type\":\"ListItem\",\"position\":1,\"name\":\"Portada\",\"item\":\"https:\/\/www.asajacyl.com\/palencia\/\"},{\"@type\":\"ListItem\",\"position\":2,\"name\":\"ASAJA-CyL pide m\u00e1s financiaci\u00f3n p\u00fablica del seguro agrario tras varias cosechas malas por sequ\u00eda\"}]},{\"@type\":\"WebSite\",\"@id\":\"https:\/\/www.asajacyl.com\/palencia\/#website\",\"url\":\"https:\/\/www.asajacyl.com\/palencia\/\",\"name\":\"ASAJA Palencia\",\"description\":\"Otro sitio m\u00e1s de Provincias ASAJA Castilla y Le\u00f3n\",\"potentialAction\":[{\"@type\":\"SearchAction\",\"target\":{\"@type\":\"EntryPoint\",\"urlTemplate\":\"https:\/\/www.asajacyl.com\/palencia\/?s={search_term_string}\"},\"query-input\":{\"@type\":\"PropertyValueSpecification\",\"valueRequired\":true,\"valueName\":\"search_term_string\"}}],\"inLanguage\":\"es\"},{\"@type\":\"Person\",\"@id\":\"https:\/\/www.asajacyl.com\/palencia\/#\/schema\/person\/3ab17aeb03527485c317557fae64aab1\",\"name\":\"Administrador\",\"image\":{\"@type\":\"ImageObject\",\"inLanguage\":\"es\",\"@id\":\"https:\/\/www.asajacyl.com\/palencia\/#\/schema\/person\/image\/\",\"url\":\"https:\/\/secure.gravatar.com\/avatar\/517384810d242ca9e38c180f3c9fb973?s=96&d=mm&r=g\",\"contentUrl\":\"https:\/\/secure.gravatar.com\/avatar\/517384810d242ca9e38c180f3c9fb973?s=96&d=mm&r=g\",\"caption\":\"Administrador\"},\"url\":\"https:\/\/www.asajacyl.com\/palencia\/author\/carlosrm\"}]}<\/script>\n<!-- \/ Yoast SEO plugin. -->","yoast_head_json":{"title":"ASAJA-CyL pide m\u00e1s financiaci\u00f3n p\u00fablica del seguro agrario tras varias cosechas malas por sequ\u00eda - ASAJA Palencia","description":"La decisi\u00f3n de Agroseguro de aplicar importantes subidas en las tasas de seguro de cultivos herb\u00e1ceos ha encendido las alarmas en la agricultura de todo","robots":{"index":"index","follow":"follow","max-snippet":"max-snippet:-1","max-image-preview":"max-image-preview:large","max-video-preview":"max-video-preview:-1"},"canonical":"https:\/\/www.asajacyl.com\/palencia\/asaja-palencia-informa\/asaja-cyl-pide-mas-financiacion-publica-del-seguro-agrario-tras-varias-cosechas-malas-por-sequia","og_locale":"es_ES","og_type":"article","og_title":"ASAJA-CyL pide m\u00e1s financiaci\u00f3n p\u00fablica del seguro agrario tras varias cosechas malas por sequ\u00eda - ASAJA Palencia","og_description":"La decisi\u00f3n de Agroseguro de aplicar importantes subidas en las tasas de seguro de cultivos herb\u00e1ceos ha encendido las alarmas en la agricultura de todo","og_url":"https:\/\/www.asajacyl.com\/palencia\/asaja-palencia-informa\/asaja-cyl-pide-mas-financiacion-publica-del-seguro-agrario-tras-varias-cosechas-malas-por-sequia","og_site_name":"ASAJA Palencia","article_published_time":"2023-08-18T11:11:13+00:00","article_modified_time":"2023-08-18T11:11:15+00:00","og_image":[{"width":2500,"height":1341,"url":"https:\/\/www.asajacyl.com\/palencia\/wp-content\/uploads\/sites\/3\/2023\/08\/Directiva-ASAJA-CyL-agosto-2023.jpg","type":"image\/jpeg"}],"author":"Administrador","twitter_card":"summary_large_image","twitter_misc":{"Escrito por":"Administrador","Tiempo de lectura":"3 minutos"},"schema":{"@context":"https:\/\/schema.org","@graph":[{"@type":"WebPage","@id":"https:\/\/www.asajacyl.com\/palencia\/asaja-palencia-informa\/asaja-cyl-pide-mas-financiacion-publica-del-seguro-agrario-tras-varias-cosechas-malas-por-sequia","url":"https:\/\/www.asajacyl.com\/palencia\/asaja-palencia-informa\/asaja-cyl-pide-mas-financiacion-publica-del-seguro-agrario-tras-varias-cosechas-malas-por-sequia","name":"ASAJA-CyL pide m\u00e1s financiaci\u00f3n p\u00fablica del seguro agrario tras varias cosechas malas por sequ\u00eda - ASAJA Palencia","isPartOf":{"@id":"https:\/\/www.asajacyl.com\/palencia\/#website"},"primaryImageOfPage":{"@id":"https:\/\/www.asajacyl.com\/palencia\/asaja-palencia-informa\/asaja-cyl-pide-mas-financiacion-publica-del-seguro-agrario-tras-varias-cosechas-malas-por-sequia#primaryimage"},"image":{"@id":"https:\/\/www.asajacyl.com\/palencia\/asaja-palencia-informa\/asaja-cyl-pide-mas-financiacion-publica-del-seguro-agrario-tras-varias-cosechas-malas-por-sequia#primaryimage"},"thumbnailUrl":"https:\/\/www.asajacyl.com\/palencia\/wp-content\/uploads\/sites\/3\/2023\/08\/Directiva-ASAJA-CyL-agosto-2023.jpg","datePublished":"2023-08-18T11:11:13+00:00","dateModified":"2023-08-18T11:11:15+00:00","author":{"@id":"https:\/\/www.asajacyl.com\/palencia\/#\/schema\/person\/3ab17aeb03527485c317557fae64aab1"},"description":"La decisi\u00f3n de Agroseguro de aplicar importantes subidas en las tasas de seguro de cultivos herb\u00e1ceos ha encendido las alarmas en la agricultura de todo","breadcrumb":{"@id":"https:\/\/www.asajacyl.com\/palencia\/asaja-palencia-informa\/asaja-cyl-pide-mas-financiacion-publica-del-seguro-agrario-tras-varias-cosechas-malas-por-sequia#breadcrumb"},"inLanguage":"es","potentialAction":[{"@type":"ReadAction","target":["https:\/\/www.asajacyl.com\/palencia\/asaja-palencia-informa\/asaja-cyl-pide-mas-financiacion-publica-del-seguro-agrario-tras-varias-cosechas-malas-por-sequia"]}]},{"@type":"ImageObject","inLanguage":"es","@id":"https:\/\/www.asajacyl.com\/palencia\/asaja-palencia-informa\/asaja-cyl-pide-mas-financiacion-publica-del-seguro-agrario-tras-varias-cosechas-malas-por-sequia#primaryimage","url":"https:\/\/www.asajacyl.com\/palencia\/wp-content\/uploads\/sites\/3\/2023\/08\/Directiva-ASAJA-CyL-agosto-2023.jpg","contentUrl":"https:\/\/www.asajacyl.com\/palencia\/wp-content\/uploads\/sites\/3\/2023\/08\/Directiva-ASAJA-CyL-agosto-2023.jpg","width":2500,"height":1341},{"@type":"BreadcrumbList","@id":"https:\/\/www.asajacyl.com\/palencia\/asaja-palencia-informa\/asaja-cyl-pide-mas-financiacion-publica-del-seguro-agrario-tras-varias-cosechas-malas-por-sequia#breadcrumb","itemListElement":[{"@type":"ListItem","position":1,"name":"Portada","item":"https:\/\/www.asajacyl.com\/palencia\/"},{"@type":"ListItem","position":2,"name":"ASAJA-CyL pide m\u00e1s financiaci\u00f3n p\u00fablica del seguro agrario tras varias cosechas malas por sequ\u00eda"}]},{"@type":"WebSite","@id":"https:\/\/www.asajacyl.com\/palencia\/#website","url":"https:\/\/www.asajacyl.com\/palencia\/","name":"ASAJA Palencia","description":"Otro sitio m\u00e1s de Provincias ASAJA Castilla y Le\u00f3n","potentialAction":[{"@type":"SearchAction","target":{"@type":"EntryPoint","urlTemplate":"https:\/\/www.asajacyl.com\/palencia\/?s={search_term_string}"},"query-input":{"@type":"PropertyValueSpecification","valueRequired":true,"valueName":"search_term_string"}}],"inLanguage":"es"},{"@type":"Person","@id":"https:\/\/www.asajacyl.com\/palencia\/#\/schema\/person\/3ab17aeb03527485c317557fae64aab1","name":"Administrador","image":{"@type":"ImageObject","inLanguage":"es","@id":"https:\/\/www.asajacyl.com\/palencia\/#\/schema\/person\/image\/","url":"https:\/\/secure.gravatar.com\/avatar\/517384810d242ca9e38c180f3c9fb973?s=96&d=mm&r=g","contentUrl":"https:\/\/secure.gravatar.com\/avatar\/517384810d242ca9e38c180f3c9fb973?s=96&d=mm&r=g","caption":"Administrador"},"url":"https:\/\/www.asajacyl.com\/palencia\/author\/carlosrm"}]}},"_links":{"self":[{"href":"https:\/\/www.asajacyl.com\/palencia\/wp-json\/wp\/v2\/posts\/14020"}],"collection":[{"href":"https:\/\/www.asajacyl.com\/palencia\/wp-json\/wp\/v2\/posts"}],"about":[{"href":"https:\/\/www.asajacyl.com\/palencia\/wp-json\/wp\/v2\/types\/post"}],"author":[{"embeddable":true,"href":"https:\/\/www.asajacyl.com\/palencia\/wp-json\/wp\/v2\/users\/9"}],"replies":[{"embeddable":true,"href":"https:\/\/www.asajacyl.com\/palencia\/wp-json\/wp\/v2\/comments?post=14020"}],"version-history":[{"count":2,"href":"https:\/\/www.asajacyl.com\/palencia\/wp-json\/wp\/v2\/posts\/14020\/revisions"}],"predecessor-version":[{"id":14023,"href":"https:\/\/www.asajacyl.com\/palencia\/wp-json\/wp\/v2\/posts\/14020\/revisions\/14023"}],"wp:featuredmedia":[{"embeddable":true,"href":"https:\/\/www.asajacyl.com\/palencia\/wp-json\/wp\/v2\/media\/14021"}],"wp:attachment":[{"href":"https:\/\/www.asajacyl.com\/palencia\/wp-json\/wp\/v2\/media?parent=14020"}],"wp:term":[{"taxonomy":"category","embeddable":true,"href":"https:\/\/www.asajacyl.com\/palencia\/wp-json\/wp\/v2\/categories?post=14020"},{"taxonomy":"post_tag","embeddable":true,"href":"https:\/\/www.asajacyl.com\/palencia\/wp-json\/wp\/v2\/tags?post=14020"}],"curies":[{"name":"wp","href":"https:\/\/api.w.org\/{rel}","templated":true}]}}