{"id":14055,"date":"2023-08-23T10:44:20","date_gmt":"2023-08-23T08:44:20","guid":{"rendered":"https:\/\/www.asajacyl.com\/palencia\/?p=14055"},"modified":"2023-08-23T10:45:14","modified_gmt":"2023-08-23T08:45:14","slug":"la-junta-amplia-hasta-el-viernes-25-la-alerta-de-riesgo-de-incendios-forestales","status":"publish","type":"post","link":"https:\/\/www.asajacyl.com\/palencia\/asaja-palencia-informa\/la-junta-amplia-hasta-el-viernes-25-la-alerta-de-riesgo-de-incendios-forestales","title":{"rendered":"La Junta ampl\u00eda hasta el viernes 25 la alerta de riesgo de incendios forestales"},"content":{"rendered":"\n<h2 class=\"wp-block-heading\">La Direcci\u00f3n General de Patrimonio Natural y Pol\u00edtica Forestal de la Junta de Castilla y Le\u00f3n ha prolongado la alerta por incremento de riesgo meteorol\u00f3gico de incendios forestales hasta el viernes 25 de agosto en toda la comunidad. La Consejer\u00eda de Medio Ambiente, Vivienda y Ordenaci\u00f3n del Territorio de la administraci\u00f3n auton\u00f3mica ya hab\u00eda decretado esta alerta hasta este mi\u00e9rcoles 23. A efectos de las actividades agropecuarias, no implica prohibici\u00f3n suplementaria alguna, m\u00e1s all\u00e1 de la que impera en toda la \u00c9poca de Peligro Alto de Incendios (EPA), que obliga a cosechadoras y empacadoras a detenerse si se superan simult\u00e1neamente los 30\u00baC de temperatura y un viento de m\u00e1s de 30 kil\u00f3metros por hora. <\/h2>\n\n\n\n<p>La declaraci\u00f3n establece una serie de medidas preventivas y organizativas sobre el uso del fuego, con la prohibici\u00f3n de realizar trabajos en el monte y la franja inmediata de cuatrocientos metros de terreno r\u00fastico que lo circunda con maquinaria que en su funcionamiento habitual genere deflagraci\u00f3n, chispas o descargas el\u00e9ctricas.<\/p>\n\n\n\n<p>Por ese motivo, la Direcci\u00f3n General de Patrimonio Natural y Pol\u00edtica Forestal reclama que se extremen las medidas preventivas. La resoluci\u00f3n proh\u00edbe encender fuego en el monte en todo tipo de espacios abiertos, as\u00ed como en zonas recreativas y de acampada, incluso en las zonas habilitadas para ello, el uso de barbacoas en espacios abiertos; suspende las autorizaciones de uso del fuego y de fuegos artificiales; y proh\u00edbe el uso de maquinaria que en su funcionamiento habitual despide chispas (sopletes, soldadores, radiales\u2026) tanto en el monte como en una franja inmediata de cuatrocientos metros de terreno r\u00fastico.<\/p>\n\n\n\n<p><strong>POSPONER LABORES.&nbsp;<\/strong>En cuanto a la utilizaci\u00f3n de maquinaria tipo cosechadora o empacadora, que ya pr\u00e1cticamente han concluido todo el laboreo en el territorio palentino, se aplicar\u00e1n medidas habituales que son de aplicaci\u00f3n durante toda la EPA (\u00c9poca de Peligro Alto de Incendios), por lo que recuerda que siempre se deber\u00e1 suspender la actividad en los momentos en que la temperatura sea superior a 30\u00baC y la velocidad del viento supere los 30 kil\u00f3metros por hora, condiciones que pueden darse estos d\u00edas.<\/p>\n\n\n\n<p>Dada la alta probabilidad de ignici\u00f3n y propagaci\u00f3n de los incendios, la Junta recomienda habitualmente en esta situaci\u00f3n posponer las labores no urgentes y, en caso de no poder posponerlas, mantener la m\u00e1xima precauci\u00f3n. En todo caso, es necesario tener a mano los medios de extinci\u00f3n y el personal suficientes para controlar los posibles incendios que pueda originar la labor.<\/p>\n\n\n\n<p>Asimismo, la administraci\u00f3n auton\u00f3mica solicita a la poblaci\u00f3n que, adem\u00e1s de extremar las medidas de prudencia, tenga la m\u00e1xima precauci\u00f3n en sus actividades al aire libre, que se prime la seguridad y se avise con urgencia al tel\u00e9fono 112 ante un posible incendio forestal.<strong>\/<\/strong><\/p>\n","protected":false},"excerpt":{"rendered":"<p>La Direcci\u00f3n General de Patrimonio Natural y Pol\u00edtica Forestal de la Junta de Castilla y Le\u00f3n ha prolongado la alerta por incremento de riesgo meteorol\u00f3gico de incendios forestales hasta el viernes 25 de agosto en toda la comunidad. La Consejer\u00eda de Medio Ambiente, Vivienda y Ordenaci\u00f3n del Territorio de la administraci\u00f3n auton\u00f3mica ya hab\u00eda decretado [&hellip;]<\/p>\n","protected":false},"author":9,"featured_media":14056,"comment_status":"open","ping_status":"open","sticky":false,"template":"","format":"standard","meta":{"footnotes":""},"categories":[9,31,29,28,13],"tags":[58,173,77,94,66,92,93],"yoast_head":"<!-- This site is optimized with the Yoast SEO plugin v24.5 - https:\/\/yoast.com\/wordpress\/plugins\/seo\/ -->\n<title>La Junta ampl\u00eda hasta el viernes 25 la alerta de riesgo de incendios forestales - ASAJA Palencia<\/title>\n<meta name=\"description\" content=\"La Direcci\u00f3n General de Patrimonio Natural y Pol\u00edtica Forestal de la Junta de Castilla y Le\u00f3n ha prolongado la alerta por incremento de riesgo\" \/>\n<meta name=\"robots\" content=\"index, follow, max-snippet:-1, max-image-preview:large, max-video-preview:-1\" \/>\n<link rel=\"canonical\" href=\"https:\/\/www.asajacyl.com\/palencia\/asaja-palencia-informa\/la-junta-amplia-hasta-el-viernes-25-la-alerta-de-riesgo-de-incendios-forestales\" \/>\n<meta property=\"og:locale\" content=\"es_ES\" \/>\n<meta property=\"og:type\" content=\"article\" \/>\n<meta property=\"og:title\" content=\"La Junta ampl\u00eda hasta el viernes 25 la alerta de riesgo de incendios forestales - ASAJA Palencia\" \/>\n<meta property=\"og:description\" content=\"La Direcci\u00f3n General de Patrimonio Natural y Pol\u00edtica Forestal de la Junta de Castilla y Le\u00f3n ha prolongado la alerta por incremento de riesgo\" \/>\n<meta property=\"og:url\" content=\"https:\/\/www.asajacyl.com\/palencia\/asaja-palencia-informa\/la-junta-amplia-hasta-el-viernes-25-la-alerta-de-riesgo-de-incendios-forestales\" \/>\n<meta property=\"og:site_name\" content=\"ASAJA Palencia\" \/>\n<meta property=\"article:published_time\" content=\"2023-08-23T08:44:20+00:00\" \/>\n<meta property=\"article:modified_time\" content=\"2023-08-23T08:45:14+00:00\" \/>\n<meta property=\"og:image\" content=\"https:\/\/www.asajacyl.com\/palencia\/wp-content\/uploads\/sites\/3\/2023\/08\/Riesgo-incendios-vie25agosto2023.jpg\" \/>\n\t<meta property=\"og:image:width\" content=\"1890\" \/>\n\t<meta property=\"og:image:height\" content=\"1654\" \/>\n\t<meta property=\"og:image:type\" content=\"image\/jpeg\" \/>\n<meta name=\"author\" content=\"Administrador\" \/>\n<meta name=\"twitter:card\" content=\"summary_large_image\" \/>\n<meta name=\"twitter:label1\" content=\"Escrito por\" \/>\n\t<meta name=\"twitter:data1\" content=\"Administrador\" \/>\n<script type=\"application\/ld+json\" class=\"yoast-schema-graph\">{\"@context\":\"https:\/\/schema.org\",\"@graph\":[{\"@type\":\"WebPage\",\"@id\":\"https:\/\/www.asajacyl.com\/palencia\/asaja-palencia-informa\/la-junta-amplia-hasta-el-viernes-25-la-alerta-de-riesgo-de-incendios-forestales\",\"url\":\"https:\/\/www.asajacyl.com\/palencia\/asaja-palencia-informa\/la-junta-amplia-hasta-el-viernes-25-la-alerta-de-riesgo-de-incendios-forestales\",\"name\":\"La Junta ampl\u00eda hasta el viernes 25 la alerta de riesgo de incendios forestales - ASAJA Palencia\",\"isPartOf\":{\"@id\":\"https:\/\/www.asajacyl.com\/palencia\/#website\"},\"primaryImageOfPage\":{\"@id\":\"https:\/\/www.asajacyl.com\/palencia\/asaja-palencia-informa\/la-junta-amplia-hasta-el-viernes-25-la-alerta-de-riesgo-de-incendios-forestales#primaryimage\"},\"image\":{\"@id\":\"https:\/\/www.asajacyl.com\/palencia\/asaja-palencia-informa\/la-junta-amplia-hasta-el-viernes-25-la-alerta-de-riesgo-de-incendios-forestales#primaryimage\"},\"thumbnailUrl\":\"https:\/\/www.asajacyl.com\/palencia\/wp-content\/uploads\/sites\/3\/2023\/08\/Riesgo-incendios-vie25agosto2023.jpg\",\"datePublished\":\"2023-08-23T08:44:20+00:00\",\"dateModified\":\"2023-08-23T08:45:14+00:00\",\"author\":{\"@id\":\"https:\/\/www.asajacyl.com\/palencia\/#\/schema\/person\/3ab17aeb03527485c317557fae64aab1\"},\"description\":\"La Direcci\u00f3n General de Patrimonio Natural y Pol\u00edtica Forestal de la Junta de Castilla y Le\u00f3n ha prolongado la alerta por incremento de riesgo\",\"breadcrumb\":{\"@id\":\"https:\/\/www.asajacyl.com\/palencia\/asaja-palencia-informa\/la-junta-amplia-hasta-el-viernes-25-la-alerta-de-riesgo-de-incendios-forestales#breadcrumb\"},\"inLanguage\":\"es\",\"potentialAction\":[{\"@type\":\"ReadAction\",\"target\":[\"https:\/\/www.asajacyl.com\/palencia\/asaja-palencia-informa\/la-junta-amplia-hasta-el-viernes-25-la-alerta-de-riesgo-de-incendios-forestales\"]}]},{\"@type\":\"ImageObject\",\"inLanguage\":\"es\",\"@id\":\"https:\/\/www.asajacyl.com\/palencia\/asaja-palencia-informa\/la-junta-amplia-hasta-el-viernes-25-la-alerta-de-riesgo-de-incendios-forestales#primaryimage\",\"url\":\"https:\/\/www.asajacyl.com\/palencia\/wp-content\/uploads\/sites\/3\/2023\/08\/Riesgo-incendios-vie25agosto2023.jpg\",\"contentUrl\":\"https:\/\/www.asajacyl.com\/palencia\/wp-content\/uploads\/sites\/3\/2023\/08\/Riesgo-incendios-vie25agosto2023.jpg\",\"width\":1890,\"height\":1654},{\"@type\":\"BreadcrumbList\",\"@id\":\"https:\/\/www.asajacyl.com\/palencia\/asaja-palencia-informa\/la-junta-amplia-hasta-el-viernes-25-la-alerta-de-riesgo-de-incendios-forestales#breadcrumb\",\"itemListElement\":[{\"@type\":\"ListItem\",\"position\":1,\"name\":\"Portada\",\"item\":\"https:\/\/www.asajacyl.com\/palencia\/\"},{\"@type\":\"ListItem\",\"position\":2,\"name\":\"La Junta ampl\u00eda hasta el viernes 25 la alerta de riesgo de incendios forestales\"}]},{\"@type\":\"WebSite\",\"@id\":\"https:\/\/www.asajacyl.com\/palencia\/#website\",\"url\":\"https:\/\/www.asajacyl.com\/palencia\/\",\"name\":\"ASAJA Palencia\",\"description\":\"Otro sitio m\u00e1s de Provincias ASAJA Castilla y Le\u00f3n\",\"potentialAction\":[{\"@type\":\"SearchAction\",\"target\":{\"@type\":\"EntryPoint\",\"urlTemplate\":\"https:\/\/www.asajacyl.com\/palencia\/?s={search_term_string}\"},\"query-input\":{\"@type\":\"PropertyValueSpecification\",\"valueRequired\":true,\"valueName\":\"search_term_string\"}}],\"inLanguage\":\"es\"},{\"@type\":\"Person\",\"@id\":\"https:\/\/www.asajacyl.com\/palencia\/#\/schema\/person\/3ab17aeb03527485c317557fae64aab1\",\"name\":\"Administrador\",\"image\":{\"@type\":\"ImageObject\",\"inLanguage\":\"es\",\"@id\":\"https:\/\/www.asajacyl.com\/palencia\/#\/schema\/person\/image\/\",\"url\":\"https:\/\/secure.gravatar.com\/avatar\/517384810d242ca9e38c180f3c9fb973?s=96&d=mm&r=g\",\"contentUrl\":\"https:\/\/secure.gravatar.com\/avatar\/517384810d242ca9e38c180f3c9fb973?s=96&d=mm&r=g\",\"caption\":\"Administrador\"},\"url\":\"https:\/\/www.asajacyl.com\/palencia\/author\/carlosrm\"}]}<\/script>\n<!-- \/ Yoast SEO plugin. -->","yoast_head_json":{"title":"La Junta ampl\u00eda hasta el viernes 25 la alerta de riesgo de incendios forestales - ASAJA Palencia","description":"La Direcci\u00f3n General de Patrimonio Natural y Pol\u00edtica Forestal de la Junta de Castilla y Le\u00f3n ha prolongado la alerta por incremento de riesgo","robots":{"index":"index","follow":"follow","max-snippet":"max-snippet:-1","max-image-preview":"max-image-preview:large","max-video-preview":"max-video-preview:-1"},"canonical":"https:\/\/www.asajacyl.com\/palencia\/asaja-palencia-informa\/la-junta-amplia-hasta-el-viernes-25-la-alerta-de-riesgo-de-incendios-forestales","og_locale":"es_ES","og_type":"article","og_title":"La Junta ampl\u00eda hasta el viernes 25 la alerta de riesgo de incendios forestales - ASAJA Palencia","og_description":"La Direcci\u00f3n General de Patrimonio Natural y Pol\u00edtica Forestal de la Junta de Castilla y Le\u00f3n ha prolongado la alerta por incremento de riesgo","og_url":"https:\/\/www.asajacyl.com\/palencia\/asaja-palencia-informa\/la-junta-amplia-hasta-el-viernes-25-la-alerta-de-riesgo-de-incendios-forestales","og_site_name":"ASAJA Palencia","article_published_time":"2023-08-23T08:44:20+00:00","article_modified_time":"2023-08-23T08:45:14+00:00","og_image":[{"width":1890,"height":1654,"url":"https:\/\/www.asajacyl.com\/palencia\/wp-content\/uploads\/sites\/3\/2023\/08\/Riesgo-incendios-vie25agosto2023.jpg","type":"image\/jpeg"}],"author":"Administrador","twitter_card":"summary_large_image","twitter_misc":{"Escrito por":"Administrador"},"schema":{"@context":"https:\/\/schema.org","@graph":[{"@type":"WebPage","@id":"https:\/\/www.asajacyl.com\/palencia\/asaja-palencia-informa\/la-junta-amplia-hasta-el-viernes-25-la-alerta-de-riesgo-de-incendios-forestales","url":"https:\/\/www.asajacyl.com\/palencia\/asaja-palencia-informa\/la-junta-amplia-hasta-el-viernes-25-la-alerta-de-riesgo-de-incendios-forestales","name":"La Junta ampl\u00eda hasta el viernes 25 la alerta de riesgo de incendios forestales - ASAJA Palencia","isPartOf":{"@id":"https:\/\/www.asajacyl.com\/palencia\/#website"},"primaryImageOfPage":{"@id":"https:\/\/www.asajacyl.com\/palencia\/asaja-palencia-informa\/la-junta-amplia-hasta-el-viernes-25-la-alerta-de-riesgo-de-incendios-forestales#primaryimage"},"image":{"@id":"https:\/\/www.asajacyl.com\/palencia\/asaja-palencia-informa\/la-junta-amplia-hasta-el-viernes-25-la-alerta-de-riesgo-de-incendios-forestales#primaryimage"},"thumbnailUrl":"https:\/\/www.asajacyl.com\/palencia\/wp-content\/uploads\/sites\/3\/2023\/08\/Riesgo-incendios-vie25agosto2023.jpg","datePublished":"2023-08-23T08:44:20+00:00","dateModified":"2023-08-23T08:45:14+00:00","author":{"@id":"https:\/\/www.asajacyl.com\/palencia\/#\/schema\/person\/3ab17aeb03527485c317557fae64aab1"},"description":"La Direcci\u00f3n General de Patrimonio Natural y Pol\u00edtica Forestal de la Junta de Castilla y Le\u00f3n ha prolongado la alerta por incremento de riesgo","breadcrumb":{"@id":"https:\/\/www.asajacyl.com\/palencia\/asaja-palencia-informa\/la-junta-amplia-hasta-el-viernes-25-la-alerta-de-riesgo-de-incendios-forestales#breadcrumb"},"inLanguage":"es","potentialAction":[{"@type":"ReadAction","target":["https:\/\/www.asajacyl.com\/palencia\/asaja-palencia-informa\/la-junta-amplia-hasta-el-viernes-25-la-alerta-de-riesgo-de-incendios-forestales"]}]},{"@type":"ImageObject","inLanguage":"es","@id":"https:\/\/www.asajacyl.com\/palencia\/asaja-palencia-informa\/la-junta-amplia-hasta-el-viernes-25-la-alerta-de-riesgo-de-incendios-forestales#primaryimage","url":"https:\/\/www.asajacyl.com\/palencia\/wp-content\/uploads\/sites\/3\/2023\/08\/Riesgo-incendios-vie25agosto2023.jpg","contentUrl":"https:\/\/www.asajacyl.com\/palencia\/wp-content\/uploads\/sites\/3\/2023\/08\/Riesgo-incendios-vie25agosto2023.jpg","width":1890,"height":1654},{"@type":"BreadcrumbList","@id":"https:\/\/www.asajacyl.com\/palencia\/asaja-palencia-informa\/la-junta-amplia-hasta-el-viernes-25-la-alerta-de-riesgo-de-incendios-forestales#breadcrumb","itemListElement":[{"@type":"ListItem","position":1,"name":"Portada","item":"https:\/\/www.asajacyl.com\/palencia\/"},{"@type":"ListItem","position":2,"name":"La Junta ampl\u00eda hasta el viernes 25 la alerta de riesgo de incendios forestales"}]},{"@type":"WebSite","@id":"https:\/\/www.asajacyl.com\/palencia\/#website","url":"https:\/\/www.asajacyl.com\/palencia\/","name":"ASAJA Palencia","description":"Otro sitio m\u00e1s de Provincias ASAJA Castilla y Le\u00f3n","potentialAction":[{"@type":"SearchAction","target":{"@type":"EntryPoint","urlTemplate":"https:\/\/www.asajacyl.com\/palencia\/?s={search_term_string}"},"query-input":{"@type":"PropertyValueSpecification","valueRequired":true,"valueName":"search_term_string"}}],"inLanguage":"es"},{"@type":"Person","@id":"https:\/\/www.asajacyl.com\/palencia\/#\/schema\/person\/3ab17aeb03527485c317557fae64aab1","name":"Administrador","image":{"@type":"ImageObject","inLanguage":"es","@id":"https:\/\/www.asajacyl.com\/palencia\/#\/schema\/person\/image\/","url":"https:\/\/secure.gravatar.com\/avatar\/517384810d242ca9e38c180f3c9fb973?s=96&d=mm&r=g","contentUrl":"https:\/\/secure.gravatar.com\/avatar\/517384810d242ca9e38c180f3c9fb973?s=96&d=mm&r=g","caption":"Administrador"},"url":"https:\/\/www.asajacyl.com\/palencia\/author\/carlosrm"}]}},"_links":{"self":[{"href":"https:\/\/www.asajacyl.com\/palencia\/wp-json\/wp\/v2\/posts\/14055"}],"collection":[{"href":"https:\/\/www.asajacyl.com\/palencia\/wp-json\/wp\/v2\/posts"}],"about":[{"href":"https:\/\/www.asajacyl.com\/palencia\/wp-json\/wp\/v2\/types\/post"}],"author":[{"embeddable":true,"href":"https:\/\/www.asajacyl.com\/palencia\/wp-json\/wp\/v2\/users\/9"}],"replies":[{"embeddable":true,"href":"https:\/\/www.asajacyl.com\/palencia\/wp-json\/wp\/v2\/comments?post=14055"}],"version-history":[{"count":2,"href":"https:\/\/www.asajacyl.com\/palencia\/wp-json\/wp\/v2\/posts\/14055\/revisions"}],"predecessor-version":[{"id":14058,"href":"https:\/\/www.asajacyl.com\/palencia\/wp-json\/wp\/v2\/posts\/14055\/revisions\/14058"}],"wp:featuredmedia":[{"embeddable":true,"href":"https:\/\/www.asajacyl.com\/palencia\/wp-json\/wp\/v2\/media\/14056"}],"wp:attachment":[{"href":"https:\/\/www.asajacyl.com\/palencia\/wp-json\/wp\/v2\/media?parent=14055"}],"wp:term":[{"taxonomy":"category","embeddable":true,"href":"https:\/\/www.asajacyl.com\/palencia\/wp-json\/wp\/v2\/categories?post=14055"},{"taxonomy":"post_tag","embeddable":true,"href":"https:\/\/www.asajacyl.com\/palencia\/wp-json\/wp\/v2\/tags?post=14055"}],"curies":[{"name":"wp","href":"https:\/\/api.w.org\/{rel}","templated":true}]}}