{"id":14080,"date":"2023-08-25T12:27:26","date_gmt":"2023-08-25T10:27:26","guid":{"rendered":"https:\/\/www.asajacyl.com\/palencia\/?p=14080"},"modified":"2023-08-25T12:27:28","modified_gmt":"2023-08-25T10:27:28","slug":"la-junta-publica-las-bases-de-sus-ayudas-a-los-intereses-de-los-prestamos-por-la-sequia","status":"publish","type":"post","link":"https:\/\/www.asajacyl.com\/palencia\/asaja-palencia-informa\/la-junta-publica-las-bases-de-sus-ayudas-a-los-intereses-de-los-prestamos-por-la-sequia","title":{"rendered":"La Junta publica las bases de sus ayudas a los intereses de los pr\u00e9stamos por la sequ\u00eda"},"content":{"rendered":"\n<h2 class=\"wp-block-heading\">El Bolet\u00edn Oficial de Castilla y Le\u00f3n (Bocyl) ha publicado este viernes, 25 de agosto, la orden de la Consejer\u00eda de Agricultura, Ganader\u00eda y Desarrollo Rural con las <a href=\"https:\/\/bocyl.jcyl.es\/boletines\/2023\/08\/25\/pdf\/BOCYL-D-25082023-6.pdf\">bases que regulan las subvenciones que conceder\u00e1 l<\/a>a Junta de Castilla y Le\u00f3n para bonificar intereses en pr\u00e9stamos preferenciales que formalicen titulares de explotaciones agrarias de la comunidad afectados por la sequ\u00eda y otros fen\u00f3menos meteorol\u00f3gicos adversos en la actual campa\u00f1a agr\u00edcola 2022-2023.<\/h2>\n\n\n\n<p>El valor de la producci\u00f3n est\u00e1ndar (VPE) de cada explotaci\u00f3n agraria solicitante ser\u00e1 el criterio de la Consejer\u00eda de Agricultura para determinar el importe m\u00e1ximo de pr\u00e9stamo permitido, con un importe m\u00ednimo del mismo de 6.000 euros y hasta un m\u00e1ximo de 60.000 euros por explotaci\u00f3n. <\/p>\n\n\n\n<p>El VPE de una explotaci\u00f3n se calcula multiplicando, para cada actividad, su coeficiente de producci\u00f3n est\u00e1ndar por el n\u00famero de unidades de<br>dicha actividad (hect\u00e1reas de cada cultivo o cabezas de ganado de cada especie); Este valor se corresponde con la dimensi\u00f3n econ\u00f3mica de la explotaci\u00f3n.<\/p>\n\n\n\n<p>El Ministerio de Agricultura, Pesca y Alimentaci\u00f3n (MAPA) es la administraci\u00f3n que establece esos coeficientes en el marco de la Red Contable Agraria Nacional (RECAN) y se corresponden con el valor monetario de la producci\u00f3n bruta al precio de salida de la explotaci\u00f3n. Se calculan por cada comunidad aut\u00f3noma, utilizando datos b\u00e1sicos medios a lo largo de un periodo de referencia de cinco a\u00f1os.<\/p>\n\n\n\n<p>As\u00ed, para las explotaciones cuyo VPE sea inferior o igual a 25.000 euros, el importe m\u00e1ximo del derecho al pr\u00e9stamo preferencial bonificado ser\u00e1 de 10.000 euros; y para las explotaciones con un VPE de entre 25.000 euros y 100.000 euros, ser\u00e1 de 40.000 euros. Por encima de los 100.000 euros de VPE, la cuant\u00eda bonificada ser\u00e1 de 60.000 euros. <\/p>\n\n\n\n<p><strong>HASTA EL 29 DE SEPTIEMBRE. <\/strong>El plazo de presentaci\u00f3n de solicitudes de reconocimiento del derecho a la suscripci\u00f3n de un pr\u00e9stamo preferencial bonificado permanecer\u00e1 abierto hasta el 29 de septiembre.<\/p>\n\n\n\n<p>La bonificaci\u00f3n de estos intereses es una de las medidas que anunci\u00f3 la Junta de Castilla y Le\u00f3n despu\u00e9s de que el pasado 15 de junio declarase en la comunidad la campa\u00f1a agr\u00edcola 2023-2024 como \u00abexcepcional\u00bb, debido a los efectos producidos por los fen\u00f3menos meteorol\u00f3gicos adversos, principalmente la sequ\u00eda, y \u00abla urgencia en la adopci\u00f3n de las medidas de apoyo al sector agrario\u00bb.<\/p>\n\n\n\n<p>La excepcionalidad se bas\u00f3 en el acusado d\u00e9ficit de precipitaciones en Castilla y Le\u00f3n, \u00abuna importante y continuada sequ\u00eda, causante de graves da\u00f1os en las explotaciones agrarias de secano situadas en su territorio\u00bb, seg\u00fan recuerda la orden publicada en el Bocyl. <\/p>\n\n\n\n<p><strong>LA ESTABILIDAD DEL SECTOR, AMENAZADA. <\/strong>\u00abLa persistencia de una situaci\u00f3n caracterizada por la concurrencia prolongada de una inusual escasez de precipitaciones en especial durante los meses de febrero, marzo y abril y de unas temperaturas anormalmente elevadas define un escenario que amenaza la estabilidad del sector agrario e incide sobre el desarrollo normal de los cultivos\u00bb, a\u00f1ade la orden.<\/p>\n\n\n\n<p>La Consejer\u00eda reconoce en el documento que no se pudo completar el ciclo productivo y se vieron afectados fundamentalmente los cultivos de cereal y de forraje de secano, as\u00ed como a las superficies de pastos, lo que \u00abpuede tener consecuencias en la seguridad alimentaria futura, convirtiendo de nuevo en indispensable declarar la urgente adopci\u00f3n de medidas de apoyo p\u00fablico\u00bb.<\/p>\n\n\n\n<p><strong>MERMA PRODUCTIVA. <\/strong>Ese conjunto de adversidades meteorol\u00f3gicas extremas ha causado en las comarcas agrarias del territorio de Castilla y Le\u00f3n unas p\u00e9rdidas de producci\u00f3n bruta en cultivos de secano de cereal, forrajes y pastos superior al 30 % de la producci\u00f3n media de los \u00faltimos a\u00f1os, seg\u00fan las estimaciones de la administraci\u00f3n regional, una merma que \u00abrepercutir\u00e1 muy desfavorablemente en la situaci\u00f3n econ\u00f3mica de las explotaciones agrarias, que ocasionar\u00e1 dificultades de liquidez financiera para afrontar la pr\u00f3xima campa\u00f1a agr\u00edcola\u00bb.<\/p>\n\n\n\n<p>En ese sentido, ASAJA-Castilla y Le\u00f3n ha venido reclamando la m\u00e1xima celeridad en el impulso de las medidas paliativas, a fin de que los agricultores y los ganaderos de la comunidad puedan afrontar esa nueva campa\u00f1a con menos incertidumbre y sabiendo con qu\u00e9 ayudas e instrumentos financieros puede contar para asumir los elevados costes de otro ciclo productivo.<\/p>\n\n\n\n<p>Como es habitual, los t\u00e9cnicos de ASAJA-Palencia est\u00e1n a disposici\u00f3n de los asociados para informar y aclarar cualquier duda sobre esta orden que subvencionar\u00e1 los intereses de esos pr\u00e9stamos bonificados. <strong>\/<\/strong><\/p>\n\n\n\n<p> <\/p>\n\n\n\n<p><\/p>\n","protected":false},"excerpt":{"rendered":"<p>El Bolet\u00edn Oficial de Castilla y Le\u00f3n (Bocyl) ha publicado este viernes, 25 de agosto, la orden de la Consejer\u00eda de Agricultura, Ganader\u00eda y Desarrollo Rural con las bases que regulan las subvenciones que conceder\u00e1 la Junta de Castilla y Le\u00f3n para bonificar intereses en pr\u00e9stamos preferenciales que formalicen titulares de explotaciones agrarias de la [&hellip;]<\/p>\n","protected":false},"author":9,"featured_media":13992,"comment_status":"open","ping_status":"open","sticky":false,"template":"","format":"standard","meta":{"footnotes":""},"categories":[9,31,29,28,13],"tags":[58,59,46,142,190,77,66,92,110,433,269,93,109],"yoast_head":"<!-- This site is optimized with the Yoast SEO plugin v24.5 - https:\/\/yoast.com\/wordpress\/plugins\/seo\/ -->\n<title>La Junta publica las bases de sus ayudas a los intereses de los pr\u00e9stamos por la sequ\u00eda - ASAJA Palencia<\/title>\n<meta name=\"description\" content=\"El Bolet\u00edn Oficial de Castilla y Le\u00f3n (Bocyl) ha publicado este viernes, 25 de agosto, la orden de la Consejer\u00eda de Agricultura, Ganader\u00eda y Desarrollo\" \/>\n<meta name=\"robots\" content=\"index, follow, max-snippet:-1, max-image-preview:large, max-video-preview:-1\" \/>\n<link rel=\"canonical\" href=\"https:\/\/www.asajacyl.com\/palencia\/asaja-palencia-informa\/la-junta-publica-las-bases-de-sus-ayudas-a-los-intereses-de-los-prestamos-por-la-sequia\" \/>\n<meta property=\"og:locale\" content=\"es_ES\" \/>\n<meta property=\"og:type\" content=\"article\" \/>\n<meta property=\"og:title\" content=\"La Junta publica las bases de sus ayudas a los intereses de los pr\u00e9stamos por la sequ\u00eda - ASAJA Palencia\" \/>\n<meta property=\"og:description\" content=\"El Bolet\u00edn Oficial de Castilla y Le\u00f3n (Bocyl) ha publicado este viernes, 25 de agosto, la orden de la Consejer\u00eda de Agricultura, Ganader\u00eda y Desarrollo\" \/>\n<meta property=\"og:url\" content=\"https:\/\/www.asajacyl.com\/palencia\/asaja-palencia-informa\/la-junta-publica-las-bases-de-sus-ayudas-a-los-intereses-de-los-prestamos-por-la-sequia\" \/>\n<meta property=\"og:site_name\" content=\"ASAJA Palencia\" \/>\n<meta property=\"article:published_time\" content=\"2023-08-25T10:27:26+00:00\" \/>\n<meta property=\"article:modified_time\" content=\"2023-08-25T10:27:28+00:00\" \/>\n<meta property=\"og:image\" content=\"https:\/\/www.asajacyl.com\/palencia\/wp-content\/uploads\/sites\/3\/2023\/08\/Campo-cosechado-Espinosilla-c-Cristian-de-Rojas.jpg\" \/>\n\t<meta property=\"og:image:width\" content=\"2500\" \/>\n\t<meta property=\"og:image:height\" content=\"1875\" \/>\n\t<meta property=\"og:image:type\" content=\"image\/jpeg\" \/>\n<meta name=\"author\" content=\"Administrador\" \/>\n<meta name=\"twitter:card\" content=\"summary_large_image\" \/>\n<meta name=\"twitter:label1\" content=\"Escrito por\" \/>\n\t<meta name=\"twitter:data1\" content=\"Administrador\" \/>\n\t<meta name=\"twitter:label2\" content=\"Tiempo de lectura\" \/>\n\t<meta name=\"twitter:data2\" content=\"4 minutos\" \/>\n<script type=\"application\/ld+json\" class=\"yoast-schema-graph\">{\"@context\":\"https:\/\/schema.org\",\"@graph\":[{\"@type\":\"WebPage\",\"@id\":\"https:\/\/www.asajacyl.com\/palencia\/asaja-palencia-informa\/la-junta-publica-las-bases-de-sus-ayudas-a-los-intereses-de-los-prestamos-por-la-sequia\",\"url\":\"https:\/\/www.asajacyl.com\/palencia\/asaja-palencia-informa\/la-junta-publica-las-bases-de-sus-ayudas-a-los-intereses-de-los-prestamos-por-la-sequia\",\"name\":\"La Junta publica las bases de sus ayudas a los intereses de los pr\u00e9stamos por la sequ\u00eda - ASAJA Palencia\",\"isPartOf\":{\"@id\":\"https:\/\/www.asajacyl.com\/palencia\/#website\"},\"primaryImageOfPage\":{\"@id\":\"https:\/\/www.asajacyl.com\/palencia\/asaja-palencia-informa\/la-junta-publica-las-bases-de-sus-ayudas-a-los-intereses-de-los-prestamos-por-la-sequia#primaryimage\"},\"image\":{\"@id\":\"https:\/\/www.asajacyl.com\/palencia\/asaja-palencia-informa\/la-junta-publica-las-bases-de-sus-ayudas-a-los-intereses-de-los-prestamos-por-la-sequia#primaryimage\"},\"thumbnailUrl\":\"https:\/\/www.asajacyl.com\/palencia\/wp-content\/uploads\/sites\/3\/2023\/08\/Campo-cosechado-Espinosilla-c-Cristian-de-Rojas.jpg\",\"datePublished\":\"2023-08-25T10:27:26+00:00\",\"dateModified\":\"2023-08-25T10:27:28+00:00\",\"author\":{\"@id\":\"https:\/\/www.asajacyl.com\/palencia\/#\/schema\/person\/3ab17aeb03527485c317557fae64aab1\"},\"description\":\"El Bolet\u00edn Oficial de Castilla y Le\u00f3n (Bocyl) ha publicado este viernes, 25 de agosto, la orden de la Consejer\u00eda de Agricultura, Ganader\u00eda y Desarrollo\",\"breadcrumb\":{\"@id\":\"https:\/\/www.asajacyl.com\/palencia\/asaja-palencia-informa\/la-junta-publica-las-bases-de-sus-ayudas-a-los-intereses-de-los-prestamos-por-la-sequia#breadcrumb\"},\"inLanguage\":\"es\",\"potentialAction\":[{\"@type\":\"ReadAction\",\"target\":[\"https:\/\/www.asajacyl.com\/palencia\/asaja-palencia-informa\/la-junta-publica-las-bases-de-sus-ayudas-a-los-intereses-de-los-prestamos-por-la-sequia\"]}]},{\"@type\":\"ImageObject\",\"inLanguage\":\"es\",\"@id\":\"https:\/\/www.asajacyl.com\/palencia\/asaja-palencia-informa\/la-junta-publica-las-bases-de-sus-ayudas-a-los-intereses-de-los-prestamos-por-la-sequia#primaryimage\",\"url\":\"https:\/\/www.asajacyl.com\/palencia\/wp-content\/uploads\/sites\/3\/2023\/08\/Campo-cosechado-Espinosilla-c-Cristian-de-Rojas.jpg\",\"contentUrl\":\"https:\/\/www.asajacyl.com\/palencia\/wp-content\/uploads\/sites\/3\/2023\/08\/Campo-cosechado-Espinosilla-c-Cristian-de-Rojas.jpg\",\"width\":2500,\"height\":1875},{\"@type\":\"BreadcrumbList\",\"@id\":\"https:\/\/www.asajacyl.com\/palencia\/asaja-palencia-informa\/la-junta-publica-las-bases-de-sus-ayudas-a-los-intereses-de-los-prestamos-por-la-sequia#breadcrumb\",\"itemListElement\":[{\"@type\":\"ListItem\",\"position\":1,\"name\":\"Portada\",\"item\":\"https:\/\/www.asajacyl.com\/palencia\/\"},{\"@type\":\"ListItem\",\"position\":2,\"name\":\"La Junta publica las bases de sus ayudas a los intereses de los pr\u00e9stamos por la sequ\u00eda\"}]},{\"@type\":\"WebSite\",\"@id\":\"https:\/\/www.asajacyl.com\/palencia\/#website\",\"url\":\"https:\/\/www.asajacyl.com\/palencia\/\",\"name\":\"ASAJA Palencia\",\"description\":\"Otro sitio m\u00e1s de Provincias ASAJA Castilla y Le\u00f3n\",\"potentialAction\":[{\"@type\":\"SearchAction\",\"target\":{\"@type\":\"EntryPoint\",\"urlTemplate\":\"https:\/\/www.asajacyl.com\/palencia\/?s={search_term_string}\"},\"query-input\":{\"@type\":\"PropertyValueSpecification\",\"valueRequired\":true,\"valueName\":\"search_term_string\"}}],\"inLanguage\":\"es\"},{\"@type\":\"Person\",\"@id\":\"https:\/\/www.asajacyl.com\/palencia\/#\/schema\/person\/3ab17aeb03527485c317557fae64aab1\",\"name\":\"Administrador\",\"image\":{\"@type\":\"ImageObject\",\"inLanguage\":\"es\",\"@id\":\"https:\/\/www.asajacyl.com\/palencia\/#\/schema\/person\/image\/\",\"url\":\"https:\/\/secure.gravatar.com\/avatar\/517384810d242ca9e38c180f3c9fb973?s=96&d=mm&r=g\",\"contentUrl\":\"https:\/\/secure.gravatar.com\/avatar\/517384810d242ca9e38c180f3c9fb973?s=96&d=mm&r=g\",\"caption\":\"Administrador\"},\"url\":\"https:\/\/www.asajacyl.com\/palencia\/author\/carlosrm\"}]}<\/script>\n<!-- \/ Yoast SEO plugin. -->","yoast_head_json":{"title":"La Junta publica las bases de sus ayudas a los intereses de los pr\u00e9stamos por la sequ\u00eda - ASAJA Palencia","description":"El Bolet\u00edn Oficial de Castilla y Le\u00f3n (Bocyl) ha publicado este viernes, 25 de agosto, la orden de la Consejer\u00eda de Agricultura, Ganader\u00eda y Desarrollo","robots":{"index":"index","follow":"follow","max-snippet":"max-snippet:-1","max-image-preview":"max-image-preview:large","max-video-preview":"max-video-preview:-1"},"canonical":"https:\/\/www.asajacyl.com\/palencia\/asaja-palencia-informa\/la-junta-publica-las-bases-de-sus-ayudas-a-los-intereses-de-los-prestamos-por-la-sequia","og_locale":"es_ES","og_type":"article","og_title":"La Junta publica las bases de sus ayudas a los intereses de los pr\u00e9stamos por la sequ\u00eda - ASAJA Palencia","og_description":"El Bolet\u00edn Oficial de Castilla y Le\u00f3n (Bocyl) ha publicado este viernes, 25 de agosto, la orden de la Consejer\u00eda de Agricultura, Ganader\u00eda y Desarrollo","og_url":"https:\/\/www.asajacyl.com\/palencia\/asaja-palencia-informa\/la-junta-publica-las-bases-de-sus-ayudas-a-los-intereses-de-los-prestamos-por-la-sequia","og_site_name":"ASAJA Palencia","article_published_time":"2023-08-25T10:27:26+00:00","article_modified_time":"2023-08-25T10:27:28+00:00","og_image":[{"width":2500,"height":1875,"url":"https:\/\/www.asajacyl.com\/palencia\/wp-content\/uploads\/sites\/3\/2023\/08\/Campo-cosechado-Espinosilla-c-Cristian-de-Rojas.jpg","type":"image\/jpeg"}],"author":"Administrador","twitter_card":"summary_large_image","twitter_misc":{"Escrito por":"Administrador","Tiempo de lectura":"4 minutos"},"schema":{"@context":"https:\/\/schema.org","@graph":[{"@type":"WebPage","@id":"https:\/\/www.asajacyl.com\/palencia\/asaja-palencia-informa\/la-junta-publica-las-bases-de-sus-ayudas-a-los-intereses-de-los-prestamos-por-la-sequia","url":"https:\/\/www.asajacyl.com\/palencia\/asaja-palencia-informa\/la-junta-publica-las-bases-de-sus-ayudas-a-los-intereses-de-los-prestamos-por-la-sequia","name":"La Junta publica las bases de sus ayudas a los intereses de los pr\u00e9stamos por la sequ\u00eda - ASAJA Palencia","isPartOf":{"@id":"https:\/\/www.asajacyl.com\/palencia\/#website"},"primaryImageOfPage":{"@id":"https:\/\/www.asajacyl.com\/palencia\/asaja-palencia-informa\/la-junta-publica-las-bases-de-sus-ayudas-a-los-intereses-de-los-prestamos-por-la-sequia#primaryimage"},"image":{"@id":"https:\/\/www.asajacyl.com\/palencia\/asaja-palencia-informa\/la-junta-publica-las-bases-de-sus-ayudas-a-los-intereses-de-los-prestamos-por-la-sequia#primaryimage"},"thumbnailUrl":"https:\/\/www.asajacyl.com\/palencia\/wp-content\/uploads\/sites\/3\/2023\/08\/Campo-cosechado-Espinosilla-c-Cristian-de-Rojas.jpg","datePublished":"2023-08-25T10:27:26+00:00","dateModified":"2023-08-25T10:27:28+00:00","author":{"@id":"https:\/\/www.asajacyl.com\/palencia\/#\/schema\/person\/3ab17aeb03527485c317557fae64aab1"},"description":"El Bolet\u00edn Oficial de Castilla y Le\u00f3n (Bocyl) ha publicado este viernes, 25 de agosto, la orden de la Consejer\u00eda de Agricultura, Ganader\u00eda y Desarrollo","breadcrumb":{"@id":"https:\/\/www.asajacyl.com\/palencia\/asaja-palencia-informa\/la-junta-publica-las-bases-de-sus-ayudas-a-los-intereses-de-los-prestamos-por-la-sequia#breadcrumb"},"inLanguage":"es","potentialAction":[{"@type":"ReadAction","target":["https:\/\/www.asajacyl.com\/palencia\/asaja-palencia-informa\/la-junta-publica-las-bases-de-sus-ayudas-a-los-intereses-de-los-prestamos-por-la-sequia"]}]},{"@type":"ImageObject","inLanguage":"es","@id":"https:\/\/www.asajacyl.com\/palencia\/asaja-palencia-informa\/la-junta-publica-las-bases-de-sus-ayudas-a-los-intereses-de-los-prestamos-por-la-sequia#primaryimage","url":"https:\/\/www.asajacyl.com\/palencia\/wp-content\/uploads\/sites\/3\/2023\/08\/Campo-cosechado-Espinosilla-c-Cristian-de-Rojas.jpg","contentUrl":"https:\/\/www.asajacyl.com\/palencia\/wp-content\/uploads\/sites\/3\/2023\/08\/Campo-cosechado-Espinosilla-c-Cristian-de-Rojas.jpg","width":2500,"height":1875},{"@type":"BreadcrumbList","@id":"https:\/\/www.asajacyl.com\/palencia\/asaja-palencia-informa\/la-junta-publica-las-bases-de-sus-ayudas-a-los-intereses-de-los-prestamos-por-la-sequia#breadcrumb","itemListElement":[{"@type":"ListItem","position":1,"name":"Portada","item":"https:\/\/www.asajacyl.com\/palencia\/"},{"@type":"ListItem","position":2,"name":"La Junta publica las bases de sus ayudas a los intereses de los pr\u00e9stamos por la sequ\u00eda"}]},{"@type":"WebSite","@id":"https:\/\/www.asajacyl.com\/palencia\/#website","url":"https:\/\/www.asajacyl.com\/palencia\/","name":"ASAJA Palencia","description":"Otro sitio m\u00e1s de Provincias ASAJA Castilla y Le\u00f3n","potentialAction":[{"@type":"SearchAction","target":{"@type":"EntryPoint","urlTemplate":"https:\/\/www.asajacyl.com\/palencia\/?s={search_term_string}"},"query-input":{"@type":"PropertyValueSpecification","valueRequired":true,"valueName":"search_term_string"}}],"inLanguage":"es"},{"@type":"Person","@id":"https:\/\/www.asajacyl.com\/palencia\/#\/schema\/person\/3ab17aeb03527485c317557fae64aab1","name":"Administrador","image":{"@type":"ImageObject","inLanguage":"es","@id":"https:\/\/www.asajacyl.com\/palencia\/#\/schema\/person\/image\/","url":"https:\/\/secure.gravatar.com\/avatar\/517384810d242ca9e38c180f3c9fb973?s=96&d=mm&r=g","contentUrl":"https:\/\/secure.gravatar.com\/avatar\/517384810d242ca9e38c180f3c9fb973?s=96&d=mm&r=g","caption":"Administrador"},"url":"https:\/\/www.asajacyl.com\/palencia\/author\/carlosrm"}]}},"_links":{"self":[{"href":"https:\/\/www.asajacyl.com\/palencia\/wp-json\/wp\/v2\/posts\/14080"}],"collection":[{"href":"https:\/\/www.asajacyl.com\/palencia\/wp-json\/wp\/v2\/posts"}],"about":[{"href":"https:\/\/www.asajacyl.com\/palencia\/wp-json\/wp\/v2\/types\/post"}],"author":[{"embeddable":true,"href":"https:\/\/www.asajacyl.com\/palencia\/wp-json\/wp\/v2\/users\/9"}],"replies":[{"embeddable":true,"href":"https:\/\/www.asajacyl.com\/palencia\/wp-json\/wp\/v2\/comments?post=14080"}],"version-history":[{"count":3,"href":"https:\/\/www.asajacyl.com\/palencia\/wp-json\/wp\/v2\/posts\/14080\/revisions"}],"predecessor-version":[{"id":14083,"href":"https:\/\/www.asajacyl.com\/palencia\/wp-json\/wp\/v2\/posts\/14080\/revisions\/14083"}],"wp:featuredmedia":[{"embeddable":true,"href":"https:\/\/www.asajacyl.com\/palencia\/wp-json\/wp\/v2\/media\/13992"}],"wp:attachment":[{"href":"https:\/\/www.asajacyl.com\/palencia\/wp-json\/wp\/v2\/media?parent=14080"}],"wp:term":[{"taxonomy":"category","embeddable":true,"href":"https:\/\/www.asajacyl.com\/palencia\/wp-json\/wp\/v2\/categories?post=14080"},{"taxonomy":"post_tag","embeddable":true,"href":"https:\/\/www.asajacyl.com\/palencia\/wp-json\/wp\/v2\/tags?post=14080"}],"curies":[{"name":"wp","href":"https:\/\/api.w.org\/{rel}","templated":true}]}}