{"id":14094,"date":"2023-09-02T10:30:00","date_gmt":"2023-09-02T08:30:00","guid":{"rendered":"https:\/\/www.asajacyl.com\/palencia\/?p=14094"},"modified":"2023-08-31T10:37:33","modified_gmt":"2023-08-31T08:37:33","slug":"magaz-de-pisuerga-acogera-el-14-de-septiembre-el-x-congreso-el-futuro-del-cereal","status":"publish","type":"post","link":"https:\/\/www.asajacyl.com\/palencia\/asaja-palencia-informa\/magaz-de-pisuerga-acogera-el-14-de-septiembre-el-x-congreso-el-futuro-del-cereal","title":{"rendered":"Magaz de Pisuerga acoger\u00e1 el 14 de septiembre el X Congreso &#8216;El futuro del cereal&#8217;"},"content":{"rendered":"\n<h2 class=\"wp-block-heading\">En torno al lema \u00abEl cereal como cultivo de alto valor\u00bb, el X Congreso &#8216;El futuro del cereal&#8217; se celebrar\u00e1 el jueves 14 de septiembre en el hotel Europa Centro de Magaz de Pisuerga, organizado por la Agropal Grupo Alimentario y la revista Tierras Agricultura. Las personas interesadas en asistir a este congreso (que se ofrecer\u00e1 en modalidad presencial, pero tambi\u00e9n telem\u00e1tica) pueden inscribirse en esta p\u00e1gina web: <em><a href=\"https:\/\/www.tierrascongresos.com\/Cereal2023\/inscripcion\" target=\"_blank\" rel=\"noreferrer noopener\">https:\/\/www.tierrascongresos.com\/Cereal2023\/inscripcion<\/a><\/em><\/h2>\n\n\n\n<p>La producci\u00f3n de cereales en Espa\u00f1a afronta importantes retos en los pr\u00f3ximos a\u00f1os, unos desaf\u00edos que pasan principalmente por su adaptaci\u00f3n al cambio clim\u00e1tico y por la mejora de su calidad de las cosecha para alcanzar un mayor valor en el mercado.<\/p>\n\n\n\n<p>Las nuevas variedades de cereal, el uso de semilla certificada, la agricultura del carbono o el asesoramiento personalizado en campo para una mejor aplicaci\u00f3n de los insumos son algunas de las cuestiones que se debatir\u00e1n en esta jornada t\u00e9cnica de referencia a nivel nacional.<\/p>\n\n\n\n<p>En este enlace (<a href=\"https:\/\/www.tierrascongresos.com\/Cereal2023\/programa\" target=\"_blank\" rel=\"noreferrer noopener\">https:\/\/www.tierrascongresos.com\/Cereal2023\/programa<\/a>) puede consultarse el programa que incluye ponencias, presentaciones y mesas redondas, con la participaci\u00f3n de representantes de las entidades organizadoras, as\u00ed como de las diversas empresas del sector que copatrocinan el evento.<\/p>\n\n\n\n<p>Seg\u00fan los organizadores, el congreso del pasado a\u00f1o reuni\u00f3 a unas cuatrocientas personas y cerca de trescientas en la retransmisi\u00f3n del evento por v\u00eda telem\u00e1tica. En 2022 el protagonismo correspondi\u00f3 a esta campa\u00f1a de cereal marcada por la entrada en vigor de la nueva PAC y a la volatilidad de los mercados de materias primas agrarias a nivel mundial, entre otros asuntos.<strong>\/<\/strong><\/p>\n\n\n\n<p><\/p>\n","protected":false},"excerpt":{"rendered":"<p>En torno al lema \u00abEl cereal como cultivo de alto valor\u00bb, el X Congreso &#8216;El futuro del cereal&#8217; se celebrar\u00e1 el jueves 14 de septiembre en el hotel Europa Centro de Magaz de Pisuerga, organizado por la Agropal Grupo Alimentario y la revista Tierras Agricultura. Las personas interesadas en asistir a este congreso (que se [&hellip;]<\/p>\n","protected":false},"author":9,"featured_media":14095,"comment_status":"open","ping_status":"open","sticky":false,"template":"","format":"standard","meta":{"footnotes":""},"categories":[9,39,29,28,13],"tags":[58,437,46,107,77,285],"yoast_head":"<!-- This site is optimized with the Yoast SEO plugin v24.5 - https:\/\/yoast.com\/wordpress\/plugins\/seo\/ -->\n<title>Magaz de Pisuerga acoger\u00e1 el 14 de septiembre el X Congreso &#039;El futuro del cereal&#039; - ASAJA Palencia<\/title>\n<meta name=\"description\" content=\"En torno al lema &quot;El cereal como cultivo de alto valor&quot;, el X Congreso &#039;El futuro del cereal&#039; se celebrar\u00e1 el jueves 14 de septiembre en el hotel Europa\" \/>\n<meta name=\"robots\" content=\"index, follow, max-snippet:-1, max-image-preview:large, max-video-preview:-1\" \/>\n<link rel=\"canonical\" href=\"https:\/\/www.asajacyl.com\/palencia\/asaja-palencia-informa\/magaz-de-pisuerga-acogera-el-14-de-septiembre-el-x-congreso-el-futuro-del-cereal\" \/>\n<meta property=\"og:locale\" content=\"es_ES\" \/>\n<meta property=\"og:type\" content=\"article\" \/>\n<meta property=\"og:title\" content=\"Magaz de Pisuerga acoger\u00e1 el 14 de septiembre el X Congreso &#039;El futuro del cereal&#039; - ASAJA Palencia\" \/>\n<meta property=\"og:description\" content=\"En torno al lema &quot;El cereal como cultivo de alto valor&quot;, el X Congreso &#039;El futuro del cereal&#039; se celebrar\u00e1 el jueves 14 de septiembre en el hotel Europa\" \/>\n<meta property=\"og:url\" content=\"https:\/\/www.asajacyl.com\/palencia\/asaja-palencia-informa\/magaz-de-pisuerga-acogera-el-14-de-septiembre-el-x-congreso-el-futuro-del-cereal\" \/>\n<meta property=\"og:site_name\" content=\"ASAJA Palencia\" \/>\n<meta property=\"article:published_time\" content=\"2023-09-02T08:30:00+00:00\" \/>\n<meta property=\"og:image\" content=\"https:\/\/www.asajacyl.com\/palencia\/wp-content\/uploads\/sites\/3\/2023\/08\/IX-Congreso-El-futuro-del-cereal.jpeg\" \/>\n\t<meta property=\"og:image:width\" content=\"1890\" \/>\n\t<meta property=\"og:image:height\" content=\"1654\" \/>\n\t<meta property=\"og:image:type\" content=\"image\/jpeg\" \/>\n<meta name=\"author\" content=\"Administrador\" \/>\n<meta name=\"twitter:card\" content=\"summary_large_image\" \/>\n<meta name=\"twitter:label1\" content=\"Escrito por\" \/>\n\t<meta name=\"twitter:data1\" content=\"Administrador\" \/>\n\t<meta name=\"twitter:label2\" content=\"Tiempo de lectura\" \/>\n\t<meta name=\"twitter:data2\" content=\"2 minutos\" \/>\n<script type=\"application\/ld+json\" class=\"yoast-schema-graph\">{\"@context\":\"https:\/\/schema.org\",\"@graph\":[{\"@type\":\"WebPage\",\"@id\":\"https:\/\/www.asajacyl.com\/palencia\/asaja-palencia-informa\/magaz-de-pisuerga-acogera-el-14-de-septiembre-el-x-congreso-el-futuro-del-cereal\",\"url\":\"https:\/\/www.asajacyl.com\/palencia\/asaja-palencia-informa\/magaz-de-pisuerga-acogera-el-14-de-septiembre-el-x-congreso-el-futuro-del-cereal\",\"name\":\"Magaz de Pisuerga acoger\u00e1 el 14 de septiembre el X Congreso 'El futuro del cereal' - ASAJA Palencia\",\"isPartOf\":{\"@id\":\"https:\/\/www.asajacyl.com\/palencia\/#website\"},\"primaryImageOfPage\":{\"@id\":\"https:\/\/www.asajacyl.com\/palencia\/asaja-palencia-informa\/magaz-de-pisuerga-acogera-el-14-de-septiembre-el-x-congreso-el-futuro-del-cereal#primaryimage\"},\"image\":{\"@id\":\"https:\/\/www.asajacyl.com\/palencia\/asaja-palencia-informa\/magaz-de-pisuerga-acogera-el-14-de-septiembre-el-x-congreso-el-futuro-del-cereal#primaryimage\"},\"thumbnailUrl\":\"https:\/\/www.asajacyl.com\/palencia\/wp-content\/uploads\/sites\/3\/2023\/08\/IX-Congreso-El-futuro-del-cereal.jpeg\",\"datePublished\":\"2023-09-02T08:30:00+00:00\",\"author\":{\"@id\":\"https:\/\/www.asajacyl.com\/palencia\/#\/schema\/person\/3ab17aeb03527485c317557fae64aab1\"},\"description\":\"En torno al lema \\\"El cereal como cultivo de alto valor\\\", el X Congreso 'El futuro del cereal' se celebrar\u00e1 el jueves 14 de septiembre en el hotel Europa\",\"breadcrumb\":{\"@id\":\"https:\/\/www.asajacyl.com\/palencia\/asaja-palencia-informa\/magaz-de-pisuerga-acogera-el-14-de-septiembre-el-x-congreso-el-futuro-del-cereal#breadcrumb\"},\"inLanguage\":\"es\",\"potentialAction\":[{\"@type\":\"ReadAction\",\"target\":[\"https:\/\/www.asajacyl.com\/palencia\/asaja-palencia-informa\/magaz-de-pisuerga-acogera-el-14-de-septiembre-el-x-congreso-el-futuro-del-cereal\"]}]},{\"@type\":\"ImageObject\",\"inLanguage\":\"es\",\"@id\":\"https:\/\/www.asajacyl.com\/palencia\/asaja-palencia-informa\/magaz-de-pisuerga-acogera-el-14-de-septiembre-el-x-congreso-el-futuro-del-cereal#primaryimage\",\"url\":\"https:\/\/www.asajacyl.com\/palencia\/wp-content\/uploads\/sites\/3\/2023\/08\/IX-Congreso-El-futuro-del-cereal.jpeg\",\"contentUrl\":\"https:\/\/www.asajacyl.com\/palencia\/wp-content\/uploads\/sites\/3\/2023\/08\/IX-Congreso-El-futuro-del-cereal.jpeg\",\"width\":1890,\"height\":1654},{\"@type\":\"BreadcrumbList\",\"@id\":\"https:\/\/www.asajacyl.com\/palencia\/asaja-palencia-informa\/magaz-de-pisuerga-acogera-el-14-de-septiembre-el-x-congreso-el-futuro-del-cereal#breadcrumb\",\"itemListElement\":[{\"@type\":\"ListItem\",\"position\":1,\"name\":\"Portada\",\"item\":\"https:\/\/www.asajacyl.com\/palencia\/\"},{\"@type\":\"ListItem\",\"position\":2,\"name\":\"Magaz de Pisuerga acoger\u00e1 el 14 de septiembre el X Congreso &#8216;El futuro del cereal&#8217;\"}]},{\"@type\":\"WebSite\",\"@id\":\"https:\/\/www.asajacyl.com\/palencia\/#website\",\"url\":\"https:\/\/www.asajacyl.com\/palencia\/\",\"name\":\"ASAJA Palencia\",\"description\":\"Otro sitio m\u00e1s de Provincias ASAJA Castilla y Le\u00f3n\",\"potentialAction\":[{\"@type\":\"SearchAction\",\"target\":{\"@type\":\"EntryPoint\",\"urlTemplate\":\"https:\/\/www.asajacyl.com\/palencia\/?s={search_term_string}\"},\"query-input\":{\"@type\":\"PropertyValueSpecification\",\"valueRequired\":true,\"valueName\":\"search_term_string\"}}],\"inLanguage\":\"es\"},{\"@type\":\"Person\",\"@id\":\"https:\/\/www.asajacyl.com\/palencia\/#\/schema\/person\/3ab17aeb03527485c317557fae64aab1\",\"name\":\"Administrador\",\"image\":{\"@type\":\"ImageObject\",\"inLanguage\":\"es\",\"@id\":\"https:\/\/www.asajacyl.com\/palencia\/#\/schema\/person\/image\/\",\"url\":\"https:\/\/secure.gravatar.com\/avatar\/517384810d242ca9e38c180f3c9fb973?s=96&d=mm&r=g\",\"contentUrl\":\"https:\/\/secure.gravatar.com\/avatar\/517384810d242ca9e38c180f3c9fb973?s=96&d=mm&r=g\",\"caption\":\"Administrador\"},\"url\":\"https:\/\/www.asajacyl.com\/palencia\/author\/carlosrm\"}]}<\/script>\n<!-- \/ Yoast SEO plugin. -->","yoast_head_json":{"title":"Magaz de Pisuerga acoger\u00e1 el 14 de septiembre el X Congreso 'El futuro del cereal' - ASAJA Palencia","description":"En torno al lema \"El cereal como cultivo de alto valor\", el X Congreso 'El futuro del cereal' se celebrar\u00e1 el jueves 14 de septiembre en el hotel Europa","robots":{"index":"index","follow":"follow","max-snippet":"max-snippet:-1","max-image-preview":"max-image-preview:large","max-video-preview":"max-video-preview:-1"},"canonical":"https:\/\/www.asajacyl.com\/palencia\/asaja-palencia-informa\/magaz-de-pisuerga-acogera-el-14-de-septiembre-el-x-congreso-el-futuro-del-cereal","og_locale":"es_ES","og_type":"article","og_title":"Magaz de Pisuerga acoger\u00e1 el 14 de septiembre el X Congreso 'El futuro del cereal' - ASAJA Palencia","og_description":"En torno al lema \"El cereal como cultivo de alto valor\", el X Congreso 'El futuro del cereal' se celebrar\u00e1 el jueves 14 de septiembre en el hotel Europa","og_url":"https:\/\/www.asajacyl.com\/palencia\/asaja-palencia-informa\/magaz-de-pisuerga-acogera-el-14-de-septiembre-el-x-congreso-el-futuro-del-cereal","og_site_name":"ASAJA Palencia","article_published_time":"2023-09-02T08:30:00+00:00","og_image":[{"width":1890,"height":1654,"url":"https:\/\/www.asajacyl.com\/palencia\/wp-content\/uploads\/sites\/3\/2023\/08\/IX-Congreso-El-futuro-del-cereal.jpeg","type":"image\/jpeg"}],"author":"Administrador","twitter_card":"summary_large_image","twitter_misc":{"Escrito por":"Administrador","Tiempo de lectura":"2 minutos"},"schema":{"@context":"https:\/\/schema.org","@graph":[{"@type":"WebPage","@id":"https:\/\/www.asajacyl.com\/palencia\/asaja-palencia-informa\/magaz-de-pisuerga-acogera-el-14-de-septiembre-el-x-congreso-el-futuro-del-cereal","url":"https:\/\/www.asajacyl.com\/palencia\/asaja-palencia-informa\/magaz-de-pisuerga-acogera-el-14-de-septiembre-el-x-congreso-el-futuro-del-cereal","name":"Magaz de Pisuerga acoger\u00e1 el 14 de septiembre el X Congreso 'El futuro del cereal' - ASAJA Palencia","isPartOf":{"@id":"https:\/\/www.asajacyl.com\/palencia\/#website"},"primaryImageOfPage":{"@id":"https:\/\/www.asajacyl.com\/palencia\/asaja-palencia-informa\/magaz-de-pisuerga-acogera-el-14-de-septiembre-el-x-congreso-el-futuro-del-cereal#primaryimage"},"image":{"@id":"https:\/\/www.asajacyl.com\/palencia\/asaja-palencia-informa\/magaz-de-pisuerga-acogera-el-14-de-septiembre-el-x-congreso-el-futuro-del-cereal#primaryimage"},"thumbnailUrl":"https:\/\/www.asajacyl.com\/palencia\/wp-content\/uploads\/sites\/3\/2023\/08\/IX-Congreso-El-futuro-del-cereal.jpeg","datePublished":"2023-09-02T08:30:00+00:00","author":{"@id":"https:\/\/www.asajacyl.com\/palencia\/#\/schema\/person\/3ab17aeb03527485c317557fae64aab1"},"description":"En torno al lema \"El cereal como cultivo de alto valor\", el X Congreso 'El futuro del cereal' se celebrar\u00e1 el jueves 14 de septiembre en el hotel Europa","breadcrumb":{"@id":"https:\/\/www.asajacyl.com\/palencia\/asaja-palencia-informa\/magaz-de-pisuerga-acogera-el-14-de-septiembre-el-x-congreso-el-futuro-del-cereal#breadcrumb"},"inLanguage":"es","potentialAction":[{"@type":"ReadAction","target":["https:\/\/www.asajacyl.com\/palencia\/asaja-palencia-informa\/magaz-de-pisuerga-acogera-el-14-de-septiembre-el-x-congreso-el-futuro-del-cereal"]}]},{"@type":"ImageObject","inLanguage":"es","@id":"https:\/\/www.asajacyl.com\/palencia\/asaja-palencia-informa\/magaz-de-pisuerga-acogera-el-14-de-septiembre-el-x-congreso-el-futuro-del-cereal#primaryimage","url":"https:\/\/www.asajacyl.com\/palencia\/wp-content\/uploads\/sites\/3\/2023\/08\/IX-Congreso-El-futuro-del-cereal.jpeg","contentUrl":"https:\/\/www.asajacyl.com\/palencia\/wp-content\/uploads\/sites\/3\/2023\/08\/IX-Congreso-El-futuro-del-cereal.jpeg","width":1890,"height":1654},{"@type":"BreadcrumbList","@id":"https:\/\/www.asajacyl.com\/palencia\/asaja-palencia-informa\/magaz-de-pisuerga-acogera-el-14-de-septiembre-el-x-congreso-el-futuro-del-cereal#breadcrumb","itemListElement":[{"@type":"ListItem","position":1,"name":"Portada","item":"https:\/\/www.asajacyl.com\/palencia\/"},{"@type":"ListItem","position":2,"name":"Magaz de Pisuerga acoger\u00e1 el 14 de septiembre el X Congreso &#8216;El futuro del cereal&#8217;"}]},{"@type":"WebSite","@id":"https:\/\/www.asajacyl.com\/palencia\/#website","url":"https:\/\/www.asajacyl.com\/palencia\/","name":"ASAJA Palencia","description":"Otro sitio m\u00e1s de Provincias ASAJA Castilla y Le\u00f3n","potentialAction":[{"@type":"SearchAction","target":{"@type":"EntryPoint","urlTemplate":"https:\/\/www.asajacyl.com\/palencia\/?s={search_term_string}"},"query-input":{"@type":"PropertyValueSpecification","valueRequired":true,"valueName":"search_term_string"}}],"inLanguage":"es"},{"@type":"Person","@id":"https:\/\/www.asajacyl.com\/palencia\/#\/schema\/person\/3ab17aeb03527485c317557fae64aab1","name":"Administrador","image":{"@type":"ImageObject","inLanguage":"es","@id":"https:\/\/www.asajacyl.com\/palencia\/#\/schema\/person\/image\/","url":"https:\/\/secure.gravatar.com\/avatar\/517384810d242ca9e38c180f3c9fb973?s=96&d=mm&r=g","contentUrl":"https:\/\/secure.gravatar.com\/avatar\/517384810d242ca9e38c180f3c9fb973?s=96&d=mm&r=g","caption":"Administrador"},"url":"https:\/\/www.asajacyl.com\/palencia\/author\/carlosrm"}]}},"_links":{"self":[{"href":"https:\/\/www.asajacyl.com\/palencia\/wp-json\/wp\/v2\/posts\/14094"}],"collection":[{"href":"https:\/\/www.asajacyl.com\/palencia\/wp-json\/wp\/v2\/posts"}],"about":[{"href":"https:\/\/www.asajacyl.com\/palencia\/wp-json\/wp\/v2\/types\/post"}],"author":[{"embeddable":true,"href":"https:\/\/www.asajacyl.com\/palencia\/wp-json\/wp\/v2\/users\/9"}],"replies":[{"embeddable":true,"href":"https:\/\/www.asajacyl.com\/palencia\/wp-json\/wp\/v2\/comments?post=14094"}],"version-history":[{"count":1,"href":"https:\/\/www.asajacyl.com\/palencia\/wp-json\/wp\/v2\/posts\/14094\/revisions"}],"predecessor-version":[{"id":14096,"href":"https:\/\/www.asajacyl.com\/palencia\/wp-json\/wp\/v2\/posts\/14094\/revisions\/14096"}],"wp:featuredmedia":[{"embeddable":true,"href":"https:\/\/www.asajacyl.com\/palencia\/wp-json\/wp\/v2\/media\/14095"}],"wp:attachment":[{"href":"https:\/\/www.asajacyl.com\/palencia\/wp-json\/wp\/v2\/media?parent=14094"}],"wp:term":[{"taxonomy":"category","embeddable":true,"href":"https:\/\/www.asajacyl.com\/palencia\/wp-json\/wp\/v2\/categories?post=14094"},{"taxonomy":"post_tag","embeddable":true,"href":"https:\/\/www.asajacyl.com\/palencia\/wp-json\/wp\/v2\/tags?post=14094"}],"curies":[{"name":"wp","href":"https:\/\/api.w.org\/{rel}","templated":true}]}}