{"id":14118,"date":"2023-09-03T10:57:20","date_gmt":"2023-09-03T08:57:20","guid":{"rendered":"https:\/\/www.asajacyl.com\/palencia\/?p=14118"},"modified":"2023-09-01T11:12:30","modified_gmt":"2023-09-01T09:12:30","slug":"la-union-europea-decidira-en-octubre-si-prolonga-la-autorizacion-del-glifosato","status":"publish","type":"post","link":"https:\/\/www.asajacyl.com\/palencia\/asaja-palencia-informa\/la-union-europea-decidira-en-octubre-si-prolonga-la-autorizacion-del-glifosato","title":{"rendered":"La Uni\u00f3n Europea decidir\u00e1 en octubre si prolonga la autorizaci\u00f3n del glifosato"},"content":{"rendered":"\n<h2 class=\"wp-block-heading\">La Uni\u00f3n Europea adoptar\u00e1 el pr\u00f3ximo mes de octubre su decisi\u00f3n definitiva sobre la autorizaci\u00f3n del glifosato, una sustancia muy usada por los agricultores como herbicida. Aunque un estudio de la Organizaci\u00f3n Mundial de la Salud (OMS) de 2015 sembr\u00f3 la alarma como producto que puede causar c\u00e1ncer, tanto la Agencia Europea de Seguridad Alimentaria (EFSA) como la Agencia Europea de Productos Qu\u00edmicos (ECHA) han asegurado despu\u00e9s que disponen de evidencias cient\u00edficas para clasificarlo como no cancer\u00edgeno.<\/h2>\n\n\n\n<p>El glifosato es una sustancia qu\u00edmica muy utilizada en los productos fitosanitarios, que se aplican principalmente en la agricultura y en la horticultura para combatir las malezas que compiten con los cultivos. Tambi\u00e9n se usa en jardines y determinados espacios urbanos, para impedir la vegetaci\u00f3n.<\/p>\n\n\n\n<p>Una representante de la Comisi\u00f3n Europea (CE) ha explicado esta semana a la Comisi\u00f3n de Agricultura de la Euroc\u00e1mara que la decisi\u00f3n final se adoptar\u00e1 en un comit\u00e9 permanente aproximadamente dos meses antes de que expire la vigente autorizaci\u00f3n del glifosato, que concluye el 15 de diciembre.<\/p>\n\n\n\n<p>Los eurodiputados de esta comisi\u00f3n abordaron la cuesti\u00f3n con el director ejecutivo de la Agencia Europea de Seguridad Alimentaria (EFSA), Bernhard Url. Tras evaluar el impacto del herbicida glifosato en la salud de los humanos, los animales y el medioambiente, la EFSA concluy\u00f3 en julio que no se identifican \u00e1reas cr\u00edticas de preocupaci\u00f3n en el uso del glifosato. <\/p>\n\n\n\n<p>Url reconoci\u00f3 que, pese a que este herbicida se usa desde hace m\u00e1s de cuatro d\u00e9cadas, hay aspectos sobre los que no se disponen datos suficientes, acerca de los que seguir\u00e1 recab\u00e1ndose informaci\u00f3n.<\/p>\n\n\n\n<p>No obstante, el director ejecutivo de la EFSA sostiene que \u00abno hay grandes preocupaciones\u00bb y mostr\u00f3 su indignaci\u00f3n ante quienes cuestionan la independencia de este organismo europeo. Para Url, la decisi\u00f3n final de la Uni\u00f3n Europea ser\u00e1 una cuesti\u00f3n pol\u00edtica, sin perjuicio de que las conclusiones de la agencia se basan en m\u00e9todos estrictamente cient\u00edficos.<strong>\/<\/strong><\/p>\n","protected":false},"excerpt":{"rendered":"<p>La Uni\u00f3n Europea adoptar\u00e1 el pr\u00f3ximo mes de octubre su decisi\u00f3n definitiva sobre la autorizaci\u00f3n del glifosato, una sustancia muy usada por los agricultores como herbicida. Aunque un estudio de la Organizaci\u00f3n Mundial de la Salud (OMS) de 2015 sembr\u00f3 la alarma como producto que puede causar c\u00e1ncer, tanto la Agencia Europea de Seguridad Alimentaria [&hellip;]<\/p>\n","protected":false},"author":9,"featured_media":14119,"comment_status":"open","ping_status":"open","sticky":false,"template":"","format":"standard","meta":{"footnotes":""},"categories":[9,29,28],"tags":[58,441,440,442,141,329,86,194,90,191,317,338,44],"yoast_head":"<!-- This site is optimized with the Yoast SEO plugin v24.5 - https:\/\/yoast.com\/wordpress\/plugins\/seo\/ -->\n<title>La Uni\u00f3n Europea decidir\u00e1 en octubre si prolonga la autorizaci\u00f3n del glifosato - ASAJA Palencia<\/title>\n<meta name=\"description\" content=\"La Uni\u00f3n Europea adoptar\u00e1 el pr\u00f3ximo mes de octubre su decisi\u00f3n definitiva sobre la autorizaci\u00f3n del glifosato, una sustancia muy usada por los\" \/>\n<meta name=\"robots\" content=\"index, follow, max-snippet:-1, max-image-preview:large, max-video-preview:-1\" \/>\n<link rel=\"canonical\" href=\"https:\/\/www.asajacyl.com\/palencia\/asaja-palencia-informa\/la-union-europea-decidira-en-octubre-si-prolonga-la-autorizacion-del-glifosato\" \/>\n<meta property=\"og:locale\" content=\"es_ES\" \/>\n<meta property=\"og:type\" content=\"article\" \/>\n<meta property=\"og:title\" content=\"La Uni\u00f3n Europea decidir\u00e1 en octubre si prolonga la autorizaci\u00f3n del glifosato - ASAJA Palencia\" \/>\n<meta property=\"og:description\" content=\"La Uni\u00f3n Europea adoptar\u00e1 el pr\u00f3ximo mes de octubre su decisi\u00f3n definitiva sobre la autorizaci\u00f3n del glifosato, una sustancia muy usada por los\" \/>\n<meta property=\"og:url\" content=\"https:\/\/www.asajacyl.com\/palencia\/asaja-palencia-informa\/la-union-europea-decidira-en-octubre-si-prolonga-la-autorizacion-del-glifosato\" \/>\n<meta property=\"og:site_name\" content=\"ASAJA Palencia\" \/>\n<meta property=\"article:published_time\" content=\"2023-09-03T08:57:20+00:00\" \/>\n<meta property=\"og:image\" content=\"https:\/\/www.asajacyl.com\/palencia\/wp-content\/uploads\/sites\/3\/2023\/09\/GUISANTE-FITOSANITARIOS-HER-1024x896.jpg\" \/>\n\t<meta property=\"og:image:width\" content=\"1024\" \/>\n\t<meta property=\"og:image:height\" content=\"896\" \/>\n\t<meta property=\"og:image:type\" content=\"image\/jpeg\" \/>\n<meta name=\"author\" content=\"Administrador\" \/>\n<meta name=\"twitter:card\" content=\"summary_large_image\" \/>\n<meta name=\"twitter:label1\" content=\"Escrito por\" \/>\n\t<meta name=\"twitter:data1\" content=\"Administrador\" \/>\n\t<meta name=\"twitter:label2\" content=\"Tiempo de lectura\" \/>\n\t<meta name=\"twitter:data2\" content=\"2 minutos\" \/>\n<script type=\"application\/ld+json\" class=\"yoast-schema-graph\">{\"@context\":\"https:\/\/schema.org\",\"@graph\":[{\"@type\":\"WebPage\",\"@id\":\"https:\/\/www.asajacyl.com\/palencia\/asaja-palencia-informa\/la-union-europea-decidira-en-octubre-si-prolonga-la-autorizacion-del-glifosato\",\"url\":\"https:\/\/www.asajacyl.com\/palencia\/asaja-palencia-informa\/la-union-europea-decidira-en-octubre-si-prolonga-la-autorizacion-del-glifosato\",\"name\":\"La Uni\u00f3n Europea decidir\u00e1 en octubre si prolonga la autorizaci\u00f3n del glifosato - ASAJA Palencia\",\"isPartOf\":{\"@id\":\"https:\/\/www.asajacyl.com\/palencia\/#website\"},\"primaryImageOfPage\":{\"@id\":\"https:\/\/www.asajacyl.com\/palencia\/asaja-palencia-informa\/la-union-europea-decidira-en-octubre-si-prolonga-la-autorizacion-del-glifosato#primaryimage\"},\"image\":{\"@id\":\"https:\/\/www.asajacyl.com\/palencia\/asaja-palencia-informa\/la-union-europea-decidira-en-octubre-si-prolonga-la-autorizacion-del-glifosato#primaryimage\"},\"thumbnailUrl\":\"https:\/\/www.asajacyl.com\/palencia\/wp-content\/uploads\/sites\/3\/2023\/09\/GUISANTE-FITOSANITARIOS-HER.jpg\",\"datePublished\":\"2023-09-03T08:57:20+00:00\",\"author\":{\"@id\":\"https:\/\/www.asajacyl.com\/palencia\/#\/schema\/person\/3ab17aeb03527485c317557fae64aab1\"},\"description\":\"La Uni\u00f3n Europea adoptar\u00e1 el pr\u00f3ximo mes de octubre su decisi\u00f3n definitiva sobre la autorizaci\u00f3n del glifosato, una sustancia muy usada por los\",\"breadcrumb\":{\"@id\":\"https:\/\/www.asajacyl.com\/palencia\/asaja-palencia-informa\/la-union-europea-decidira-en-octubre-si-prolonga-la-autorizacion-del-glifosato#breadcrumb\"},\"inLanguage\":\"es\",\"potentialAction\":[{\"@type\":\"ReadAction\",\"target\":[\"https:\/\/www.asajacyl.com\/palencia\/asaja-palencia-informa\/la-union-europea-decidira-en-octubre-si-prolonga-la-autorizacion-del-glifosato\"]}]},{\"@type\":\"ImageObject\",\"inLanguage\":\"es\",\"@id\":\"https:\/\/www.asajacyl.com\/palencia\/asaja-palencia-informa\/la-union-europea-decidira-en-octubre-si-prolonga-la-autorizacion-del-glifosato#primaryimage\",\"url\":\"https:\/\/www.asajacyl.com\/palencia\/wp-content\/uploads\/sites\/3\/2023\/09\/GUISANTE-FITOSANITARIOS-HER.jpg\",\"contentUrl\":\"https:\/\/www.asajacyl.com\/palencia\/wp-content\/uploads\/sites\/3\/2023\/09\/GUISANTE-FITOSANITARIOS-HER.jpg\",\"width\":1890,\"height\":1654},{\"@type\":\"BreadcrumbList\",\"@id\":\"https:\/\/www.asajacyl.com\/palencia\/asaja-palencia-informa\/la-union-europea-decidira-en-octubre-si-prolonga-la-autorizacion-del-glifosato#breadcrumb\",\"itemListElement\":[{\"@type\":\"ListItem\",\"position\":1,\"name\":\"Portada\",\"item\":\"https:\/\/www.asajacyl.com\/palencia\/\"},{\"@type\":\"ListItem\",\"position\":2,\"name\":\"La Uni\u00f3n Europea decidir\u00e1 en octubre si prolonga la autorizaci\u00f3n del glifosato\"}]},{\"@type\":\"WebSite\",\"@id\":\"https:\/\/www.asajacyl.com\/palencia\/#website\",\"url\":\"https:\/\/www.asajacyl.com\/palencia\/\",\"name\":\"ASAJA Palencia\",\"description\":\"Otro sitio m\u00e1s de Provincias ASAJA Castilla y Le\u00f3n\",\"potentialAction\":[{\"@type\":\"SearchAction\",\"target\":{\"@type\":\"EntryPoint\",\"urlTemplate\":\"https:\/\/www.asajacyl.com\/palencia\/?s={search_term_string}\"},\"query-input\":{\"@type\":\"PropertyValueSpecification\",\"valueRequired\":true,\"valueName\":\"search_term_string\"}}],\"inLanguage\":\"es\"},{\"@type\":\"Person\",\"@id\":\"https:\/\/www.asajacyl.com\/palencia\/#\/schema\/person\/3ab17aeb03527485c317557fae64aab1\",\"name\":\"Administrador\",\"image\":{\"@type\":\"ImageObject\",\"inLanguage\":\"es\",\"@id\":\"https:\/\/www.asajacyl.com\/palencia\/#\/schema\/person\/image\/\",\"url\":\"https:\/\/secure.gravatar.com\/avatar\/517384810d242ca9e38c180f3c9fb973?s=96&d=mm&r=g\",\"contentUrl\":\"https:\/\/secure.gravatar.com\/avatar\/517384810d242ca9e38c180f3c9fb973?s=96&d=mm&r=g\",\"caption\":\"Administrador\"},\"url\":\"https:\/\/www.asajacyl.com\/palencia\/author\/carlosrm\"}]}<\/script>\n<!-- \/ Yoast SEO plugin. -->","yoast_head_json":{"title":"La Uni\u00f3n Europea decidir\u00e1 en octubre si prolonga la autorizaci\u00f3n del glifosato - ASAJA Palencia","description":"La Uni\u00f3n Europea adoptar\u00e1 el pr\u00f3ximo mes de octubre su decisi\u00f3n definitiva sobre la autorizaci\u00f3n del glifosato, una sustancia muy usada por los","robots":{"index":"index","follow":"follow","max-snippet":"max-snippet:-1","max-image-preview":"max-image-preview:large","max-video-preview":"max-video-preview:-1"},"canonical":"https:\/\/www.asajacyl.com\/palencia\/asaja-palencia-informa\/la-union-europea-decidira-en-octubre-si-prolonga-la-autorizacion-del-glifosato","og_locale":"es_ES","og_type":"article","og_title":"La Uni\u00f3n Europea decidir\u00e1 en octubre si prolonga la autorizaci\u00f3n del glifosato - ASAJA Palencia","og_description":"La Uni\u00f3n Europea adoptar\u00e1 el pr\u00f3ximo mes de octubre su decisi\u00f3n definitiva sobre la autorizaci\u00f3n del glifosato, una sustancia muy usada por los","og_url":"https:\/\/www.asajacyl.com\/palencia\/asaja-palencia-informa\/la-union-europea-decidira-en-octubre-si-prolonga-la-autorizacion-del-glifosato","og_site_name":"ASAJA Palencia","article_published_time":"2023-09-03T08:57:20+00:00","og_image":[{"width":1024,"height":896,"url":"https:\/\/www.asajacyl.com\/palencia\/wp-content\/uploads\/sites\/3\/2023\/09\/GUISANTE-FITOSANITARIOS-HER-1024x896.jpg","type":"image\/jpeg"}],"author":"Administrador","twitter_card":"summary_large_image","twitter_misc":{"Escrito por":"Administrador","Tiempo de lectura":"2 minutos"},"schema":{"@context":"https:\/\/schema.org","@graph":[{"@type":"WebPage","@id":"https:\/\/www.asajacyl.com\/palencia\/asaja-palencia-informa\/la-union-europea-decidira-en-octubre-si-prolonga-la-autorizacion-del-glifosato","url":"https:\/\/www.asajacyl.com\/palencia\/asaja-palencia-informa\/la-union-europea-decidira-en-octubre-si-prolonga-la-autorizacion-del-glifosato","name":"La Uni\u00f3n Europea decidir\u00e1 en octubre si prolonga la autorizaci\u00f3n del glifosato - ASAJA Palencia","isPartOf":{"@id":"https:\/\/www.asajacyl.com\/palencia\/#website"},"primaryImageOfPage":{"@id":"https:\/\/www.asajacyl.com\/palencia\/asaja-palencia-informa\/la-union-europea-decidira-en-octubre-si-prolonga-la-autorizacion-del-glifosato#primaryimage"},"image":{"@id":"https:\/\/www.asajacyl.com\/palencia\/asaja-palencia-informa\/la-union-europea-decidira-en-octubre-si-prolonga-la-autorizacion-del-glifosato#primaryimage"},"thumbnailUrl":"https:\/\/www.asajacyl.com\/palencia\/wp-content\/uploads\/sites\/3\/2023\/09\/GUISANTE-FITOSANITARIOS-HER.jpg","datePublished":"2023-09-03T08:57:20+00:00","author":{"@id":"https:\/\/www.asajacyl.com\/palencia\/#\/schema\/person\/3ab17aeb03527485c317557fae64aab1"},"description":"La Uni\u00f3n Europea adoptar\u00e1 el pr\u00f3ximo mes de octubre su decisi\u00f3n definitiva sobre la autorizaci\u00f3n del glifosato, una sustancia muy usada por los","breadcrumb":{"@id":"https:\/\/www.asajacyl.com\/palencia\/asaja-palencia-informa\/la-union-europea-decidira-en-octubre-si-prolonga-la-autorizacion-del-glifosato#breadcrumb"},"inLanguage":"es","potentialAction":[{"@type":"ReadAction","target":["https:\/\/www.asajacyl.com\/palencia\/asaja-palencia-informa\/la-union-europea-decidira-en-octubre-si-prolonga-la-autorizacion-del-glifosato"]}]},{"@type":"ImageObject","inLanguage":"es","@id":"https:\/\/www.asajacyl.com\/palencia\/asaja-palencia-informa\/la-union-europea-decidira-en-octubre-si-prolonga-la-autorizacion-del-glifosato#primaryimage","url":"https:\/\/www.asajacyl.com\/palencia\/wp-content\/uploads\/sites\/3\/2023\/09\/GUISANTE-FITOSANITARIOS-HER.jpg","contentUrl":"https:\/\/www.asajacyl.com\/palencia\/wp-content\/uploads\/sites\/3\/2023\/09\/GUISANTE-FITOSANITARIOS-HER.jpg","width":1890,"height":1654},{"@type":"BreadcrumbList","@id":"https:\/\/www.asajacyl.com\/palencia\/asaja-palencia-informa\/la-union-europea-decidira-en-octubre-si-prolonga-la-autorizacion-del-glifosato#breadcrumb","itemListElement":[{"@type":"ListItem","position":1,"name":"Portada","item":"https:\/\/www.asajacyl.com\/palencia\/"},{"@type":"ListItem","position":2,"name":"La Uni\u00f3n Europea decidir\u00e1 en octubre si prolonga la autorizaci\u00f3n del glifosato"}]},{"@type":"WebSite","@id":"https:\/\/www.asajacyl.com\/palencia\/#website","url":"https:\/\/www.asajacyl.com\/palencia\/","name":"ASAJA Palencia","description":"Otro sitio m\u00e1s de Provincias ASAJA Castilla y Le\u00f3n","potentialAction":[{"@type":"SearchAction","target":{"@type":"EntryPoint","urlTemplate":"https:\/\/www.asajacyl.com\/palencia\/?s={search_term_string}"},"query-input":{"@type":"PropertyValueSpecification","valueRequired":true,"valueName":"search_term_string"}}],"inLanguage":"es"},{"@type":"Person","@id":"https:\/\/www.asajacyl.com\/palencia\/#\/schema\/person\/3ab17aeb03527485c317557fae64aab1","name":"Administrador","image":{"@type":"ImageObject","inLanguage":"es","@id":"https:\/\/www.asajacyl.com\/palencia\/#\/schema\/person\/image\/","url":"https:\/\/secure.gravatar.com\/avatar\/517384810d242ca9e38c180f3c9fb973?s=96&d=mm&r=g","contentUrl":"https:\/\/secure.gravatar.com\/avatar\/517384810d242ca9e38c180f3c9fb973?s=96&d=mm&r=g","caption":"Administrador"},"url":"https:\/\/www.asajacyl.com\/palencia\/author\/carlosrm"}]}},"_links":{"self":[{"href":"https:\/\/www.asajacyl.com\/palencia\/wp-json\/wp\/v2\/posts\/14118"}],"collection":[{"href":"https:\/\/www.asajacyl.com\/palencia\/wp-json\/wp\/v2\/posts"}],"about":[{"href":"https:\/\/www.asajacyl.com\/palencia\/wp-json\/wp\/v2\/types\/post"}],"author":[{"embeddable":true,"href":"https:\/\/www.asajacyl.com\/palencia\/wp-json\/wp\/v2\/users\/9"}],"replies":[{"embeddable":true,"href":"https:\/\/www.asajacyl.com\/palencia\/wp-json\/wp\/v2\/comments?post=14118"}],"version-history":[{"count":1,"href":"https:\/\/www.asajacyl.com\/palencia\/wp-json\/wp\/v2\/posts\/14118\/revisions"}],"predecessor-version":[{"id":14120,"href":"https:\/\/www.asajacyl.com\/palencia\/wp-json\/wp\/v2\/posts\/14118\/revisions\/14120"}],"wp:featuredmedia":[{"embeddable":true,"href":"https:\/\/www.asajacyl.com\/palencia\/wp-json\/wp\/v2\/media\/14119"}],"wp:attachment":[{"href":"https:\/\/www.asajacyl.com\/palencia\/wp-json\/wp\/v2\/media?parent=14118"}],"wp:term":[{"taxonomy":"category","embeddable":true,"href":"https:\/\/www.asajacyl.com\/palencia\/wp-json\/wp\/v2\/categories?post=14118"},{"taxonomy":"post_tag","embeddable":true,"href":"https:\/\/www.asajacyl.com\/palencia\/wp-json\/wp\/v2\/tags?post=14118"}],"curies":[{"name":"wp","href":"https:\/\/api.w.org\/{rel}","templated":true}]}}