{"id":14137,"date":"2023-09-04T19:59:00","date_gmt":"2023-09-04T17:59:00","guid":{"rendered":"https:\/\/www.asajacyl.com\/palencia\/?p=14137"},"modified":"2023-09-04T13:45:01","modified_gmt":"2023-09-04T11:45:01","slug":"la-junta-directiva-de-asaja-aborda-la-importancia-de-la-agricultura-en-la-alimentacion-y-la-salud","status":"publish","type":"post","link":"https:\/\/www.asajacyl.com\/palencia\/asaja-palencia-informa\/noticias\/la-junta-directiva-de-asaja-aborda-la-importancia-de-la-agricultura-en-la-alimentacion-y-la-salud","title":{"rendered":"La Junta Directiva de Asaja aborda la importancia de la agricultura en la alimentaci\u00f3n y la salud"},"content":{"rendered":"\n<p>La Asociaci\u00f3n Agraria de J\u00f3venes Agricultores (Asaja) ha celebrado hoy en C\u00f3rdoba una Junta Directiva en la que se ha abordado la situaci\u00f3n del sector. En el marco de esta reuni\u00f3n, se ha impartido una conferencia a cargo del Dr. Antonio Escribano sobre la importancia de la agricultura y ganader\u00eda en la alimentaci\u00f3n y la salud.<\/p>\n\n\n\n<p>El Sal\u00f3n de Actos del Palacio Episcopal de C\u00f3rdoba ha acogido este evento, reuniendo a m\u00e1s de un centenar de miembros de la organizaci\u00f3n agraria que han acudido de todas las provincias de Espa\u00f1a. El acto fue inaugurado por el Obispo de C\u00f3rdoba, D. Demetrio Fern\u00e1ndez, el presidente de Asaja Nacional, Pedro Barato, el presidente de Asaja C\u00f3rdoba, Ignacio Fern\u00e1ndez de Mesa y la directora de Negocio Agroalimentario Santander Espa\u00f1a y Europa, Lorena Ruiz.<\/p>\n\n\n\n<p>El objetivo de la conferencia, \u201cAgricultura, Alimentaci\u00f3n y Salud\u201d, patrocinada por Banco Santander y copatrocinado por Eurosemillas y Fertinagro Biotech, con la colaboraci\u00f3n del Obispado de C\u00f3rdoba, el Cabildo Catedral de C\u00f3rdoba y las DOP de Los Pedroches y Montilla-Moriles, ha sido analizar de la mano del doctor Antonio Escribano, la relaci\u00f3n entre la alimentaci\u00f3n, la salud y la agricultura.<\/p>\n\n\n\n<p>En la Junta Directiva tambi\u00e9n se ha analizado la&nbsp;situaci\u00f3n de indefensi\u00f3n que vive el sector agrario, amenazado por las pol\u00edticas de la UE y la creciente competencia desleal de terceros pa\u00edses y gravemente atenazado por el encarecimiento de los costes de producci\u00f3n, la sequ\u00eda y la falta de rentabilidad de las explotaciones.<\/p>\n\n\n\n<p>Asimismo, se ha destacado la necesidad de exigir la protecci\u00f3n del tejido productivo, es decir, a todos los agricultores y ganaderos, para que puedan cumplir con su funci\u00f3n b\u00e1sica de proporcionar alimentos sanos y seguros a la sociedad a precios razonables.\u00a0\u00a0<\/p>\n\n\n\n<p>Por estos motivos, es por lo que Asaja participar\u00e1 ma\u00f1ana martes 5 de septiembre en la concentraci\u00f3n que se celebrar\u00e1 en C\u00f3rdoba ante los ministros de Agricultura de la UE bajo el lema: \u201cLOS AGRICULTORES Y GANADEROS, HARTOS DE LOS CONTINUOS ATAQUES AL SECTOR\u201d.<\/p>\n\n\n\n<p>&nbsp;&nbsp; Finalmente, el acto fue clausurado por los presidentes de Asaja Nacional y Asaja C\u00f3rdoba, Pedro Barato e Ignacio Fern\u00e1ndez de Mesa respectivamente, por la consejera de Agricultura de la Junta de Andaluc\u00eda, Carmen Crespo, el presidente de la Diputaci\u00f3n de C\u00f3rdoba, Salvador Fuentes y el alcalde de C\u00f3rdoba, Jos\u00e9 Mar\u00eda Bellido.<\/p>\n","protected":false},"excerpt":{"rendered":"<p>La Asociaci\u00f3n Agraria de J\u00f3venes Agricultores (Asaja) ha celebrado hoy en C\u00f3rdoba una Junta Directiva en la que se ha abordado la situaci\u00f3n del sector. En el marco de esta reuni\u00f3n, se ha impartido una conferencia a cargo del Dr. Antonio Escribano sobre la importancia de la agricultura y ganader\u00eda en la alimentaci\u00f3n y la [&hellip;]<\/p>\n","protected":false},"author":9,"featured_media":13710,"comment_status":"open","ping_status":"open","sticky":false,"template":"","format":"standard","meta":{"footnotes":""},"categories":[29,28],"tags":[],"yoast_head":"<!-- This site is optimized with the Yoast SEO plugin v24.5 - https:\/\/yoast.com\/wordpress\/plugins\/seo\/ -->\n<title>La Junta Directiva de Asaja aborda la importancia de la agricultura en la alimentaci\u00f3n y la salud - ASAJA Palencia<\/title>\n<meta name=\"description\" content=\"La Asociaci\u00f3n Agraria de J\u00f3venes Agricultores (Asaja) ha celebrado hoy en C\u00f3rdoba una Junta Directiva en la que se ha abordado la situaci\u00f3n del sector. En\" \/>\n<meta name=\"robots\" content=\"index, follow, max-snippet:-1, max-image-preview:large, max-video-preview:-1\" \/>\n<link rel=\"canonical\" href=\"https:\/\/www.asajacyl.com\/palencia\/asaja-palencia-informa\/noticias\/la-junta-directiva-de-asaja-aborda-la-importancia-de-la-agricultura-en-la-alimentacion-y-la-salud\" \/>\n<meta property=\"og:locale\" content=\"es_ES\" \/>\n<meta property=\"og:type\" content=\"article\" \/>\n<meta property=\"og:title\" content=\"La Junta Directiva de Asaja aborda la importancia de la agricultura en la alimentaci\u00f3n y la salud - ASAJA Palencia\" \/>\n<meta property=\"og:description\" content=\"La Asociaci\u00f3n Agraria de J\u00f3venes Agricultores (Asaja) ha celebrado hoy en C\u00f3rdoba una Junta Directiva en la que se ha abordado la situaci\u00f3n del sector. En\" \/>\n<meta property=\"og:url\" content=\"https:\/\/www.asajacyl.com\/palencia\/asaja-palencia-informa\/noticias\/la-junta-directiva-de-asaja-aborda-la-importancia-de-la-agricultura-en-la-alimentacion-y-la-salud\" \/>\n<meta property=\"og:site_name\" content=\"ASAJA Palencia\" \/>\n<meta property=\"article:published_time\" content=\"2023-09-04T17:59:00+00:00\" \/>\n<meta property=\"og:image\" content=\"https:\/\/www.asajacyl.com\/palencia\/wp-content\/uploads\/sites\/3\/2023\/07\/Directiva-nacional-ASAJA.jpg\" \/>\n\t<meta property=\"og:image:width\" content=\"2500\" \/>\n\t<meta property=\"og:image:height\" content=\"2188\" \/>\n\t<meta property=\"og:image:type\" content=\"image\/jpeg\" \/>\n<meta name=\"author\" content=\"Administrador\" \/>\n<meta name=\"twitter:card\" content=\"summary_large_image\" \/>\n<meta name=\"twitter:label1\" content=\"Escrito por\" \/>\n\t<meta name=\"twitter:data1\" content=\"Administrador\" \/>\n\t<meta name=\"twitter:label2\" content=\"Tiempo de lectura\" \/>\n\t<meta name=\"twitter:data2\" content=\"2 minutos\" \/>\n<script type=\"application\/ld+json\" class=\"yoast-schema-graph\">{\"@context\":\"https:\/\/schema.org\",\"@graph\":[{\"@type\":\"WebPage\",\"@id\":\"https:\/\/www.asajacyl.com\/palencia\/asaja-palencia-informa\/noticias\/la-junta-directiva-de-asaja-aborda-la-importancia-de-la-agricultura-en-la-alimentacion-y-la-salud\",\"url\":\"https:\/\/www.asajacyl.com\/palencia\/asaja-palencia-informa\/noticias\/la-junta-directiva-de-asaja-aborda-la-importancia-de-la-agricultura-en-la-alimentacion-y-la-salud\",\"name\":\"La Junta Directiva de Asaja aborda la importancia de la agricultura en la alimentaci\u00f3n y la salud - ASAJA Palencia\",\"isPartOf\":{\"@id\":\"https:\/\/www.asajacyl.com\/palencia\/#website\"},\"primaryImageOfPage\":{\"@id\":\"https:\/\/www.asajacyl.com\/palencia\/asaja-palencia-informa\/noticias\/la-junta-directiva-de-asaja-aborda-la-importancia-de-la-agricultura-en-la-alimentacion-y-la-salud#primaryimage\"},\"image\":{\"@id\":\"https:\/\/www.asajacyl.com\/palencia\/asaja-palencia-informa\/noticias\/la-junta-directiva-de-asaja-aborda-la-importancia-de-la-agricultura-en-la-alimentacion-y-la-salud#primaryimage\"},\"thumbnailUrl\":\"https:\/\/www.asajacyl.com\/palencia\/wp-content\/uploads\/sites\/3\/2023\/07\/Directiva-nacional-ASAJA.jpg\",\"datePublished\":\"2023-09-04T17:59:00+00:00\",\"author\":{\"@id\":\"https:\/\/www.asajacyl.com\/palencia\/#\/schema\/person\/3ab17aeb03527485c317557fae64aab1\"},\"description\":\"La Asociaci\u00f3n Agraria de J\u00f3venes Agricultores (Asaja) ha celebrado hoy en C\u00f3rdoba una Junta Directiva en la que se ha abordado la situaci\u00f3n del sector. En\",\"breadcrumb\":{\"@id\":\"https:\/\/www.asajacyl.com\/palencia\/asaja-palencia-informa\/noticias\/la-junta-directiva-de-asaja-aborda-la-importancia-de-la-agricultura-en-la-alimentacion-y-la-salud#breadcrumb\"},\"inLanguage\":\"es\",\"potentialAction\":[{\"@type\":\"ReadAction\",\"target\":[\"https:\/\/www.asajacyl.com\/palencia\/asaja-palencia-informa\/noticias\/la-junta-directiva-de-asaja-aborda-la-importancia-de-la-agricultura-en-la-alimentacion-y-la-salud\"]}]},{\"@type\":\"ImageObject\",\"inLanguage\":\"es\",\"@id\":\"https:\/\/www.asajacyl.com\/palencia\/asaja-palencia-informa\/noticias\/la-junta-directiva-de-asaja-aborda-la-importancia-de-la-agricultura-en-la-alimentacion-y-la-salud#primaryimage\",\"url\":\"https:\/\/www.asajacyl.com\/palencia\/wp-content\/uploads\/sites\/3\/2023\/07\/Directiva-nacional-ASAJA.jpg\",\"contentUrl\":\"https:\/\/www.asajacyl.com\/palencia\/wp-content\/uploads\/sites\/3\/2023\/07\/Directiva-nacional-ASAJA.jpg\",\"width\":2500,\"height\":2188},{\"@type\":\"BreadcrumbList\",\"@id\":\"https:\/\/www.asajacyl.com\/palencia\/asaja-palencia-informa\/noticias\/la-junta-directiva-de-asaja-aborda-la-importancia-de-la-agricultura-en-la-alimentacion-y-la-salud#breadcrumb\",\"itemListElement\":[{\"@type\":\"ListItem\",\"position\":1,\"name\":\"Portada\",\"item\":\"https:\/\/www.asajacyl.com\/palencia\/\"},{\"@type\":\"ListItem\",\"position\":2,\"name\":\"La Junta Directiva de Asaja aborda la importancia de la agricultura en la alimentaci\u00f3n y la salud\"}]},{\"@type\":\"WebSite\",\"@id\":\"https:\/\/www.asajacyl.com\/palencia\/#website\",\"url\":\"https:\/\/www.asajacyl.com\/palencia\/\",\"name\":\"ASAJA Palencia\",\"description\":\"Otro sitio m\u00e1s de Provincias ASAJA Castilla y Le\u00f3n\",\"potentialAction\":[{\"@type\":\"SearchAction\",\"target\":{\"@type\":\"EntryPoint\",\"urlTemplate\":\"https:\/\/www.asajacyl.com\/palencia\/?s={search_term_string}\"},\"query-input\":{\"@type\":\"PropertyValueSpecification\",\"valueRequired\":true,\"valueName\":\"search_term_string\"}}],\"inLanguage\":\"es\"},{\"@type\":\"Person\",\"@id\":\"https:\/\/www.asajacyl.com\/palencia\/#\/schema\/person\/3ab17aeb03527485c317557fae64aab1\",\"name\":\"Administrador\",\"image\":{\"@type\":\"ImageObject\",\"inLanguage\":\"es\",\"@id\":\"https:\/\/www.asajacyl.com\/palencia\/#\/schema\/person\/image\/\",\"url\":\"https:\/\/secure.gravatar.com\/avatar\/517384810d242ca9e38c180f3c9fb973?s=96&d=mm&r=g\",\"contentUrl\":\"https:\/\/secure.gravatar.com\/avatar\/517384810d242ca9e38c180f3c9fb973?s=96&d=mm&r=g\",\"caption\":\"Administrador\"},\"url\":\"https:\/\/www.asajacyl.com\/palencia\/author\/carlosrm\"}]}<\/script>\n<!-- \/ Yoast SEO plugin. -->","yoast_head_json":{"title":"La Junta Directiva de Asaja aborda la importancia de la agricultura en la alimentaci\u00f3n y la salud - ASAJA Palencia","description":"La Asociaci\u00f3n Agraria de J\u00f3venes Agricultores (Asaja) ha celebrado hoy en C\u00f3rdoba una Junta Directiva en la que se ha abordado la situaci\u00f3n del sector. En","robots":{"index":"index","follow":"follow","max-snippet":"max-snippet:-1","max-image-preview":"max-image-preview:large","max-video-preview":"max-video-preview:-1"},"canonical":"https:\/\/www.asajacyl.com\/palencia\/asaja-palencia-informa\/noticias\/la-junta-directiva-de-asaja-aborda-la-importancia-de-la-agricultura-en-la-alimentacion-y-la-salud","og_locale":"es_ES","og_type":"article","og_title":"La Junta Directiva de Asaja aborda la importancia de la agricultura en la alimentaci\u00f3n y la salud - ASAJA Palencia","og_description":"La Asociaci\u00f3n Agraria de J\u00f3venes Agricultores (Asaja) ha celebrado hoy en C\u00f3rdoba una Junta Directiva en la que se ha abordado la situaci\u00f3n del sector. En","og_url":"https:\/\/www.asajacyl.com\/palencia\/asaja-palencia-informa\/noticias\/la-junta-directiva-de-asaja-aborda-la-importancia-de-la-agricultura-en-la-alimentacion-y-la-salud","og_site_name":"ASAJA Palencia","article_published_time":"2023-09-04T17:59:00+00:00","og_image":[{"width":2500,"height":2188,"url":"https:\/\/www.asajacyl.com\/palencia\/wp-content\/uploads\/sites\/3\/2023\/07\/Directiva-nacional-ASAJA.jpg","type":"image\/jpeg"}],"author":"Administrador","twitter_card":"summary_large_image","twitter_misc":{"Escrito por":"Administrador","Tiempo de lectura":"2 minutos"},"schema":{"@context":"https:\/\/schema.org","@graph":[{"@type":"WebPage","@id":"https:\/\/www.asajacyl.com\/palencia\/asaja-palencia-informa\/noticias\/la-junta-directiva-de-asaja-aborda-la-importancia-de-la-agricultura-en-la-alimentacion-y-la-salud","url":"https:\/\/www.asajacyl.com\/palencia\/asaja-palencia-informa\/noticias\/la-junta-directiva-de-asaja-aborda-la-importancia-de-la-agricultura-en-la-alimentacion-y-la-salud","name":"La Junta Directiva de Asaja aborda la importancia de la agricultura en la alimentaci\u00f3n y la salud - ASAJA Palencia","isPartOf":{"@id":"https:\/\/www.asajacyl.com\/palencia\/#website"},"primaryImageOfPage":{"@id":"https:\/\/www.asajacyl.com\/palencia\/asaja-palencia-informa\/noticias\/la-junta-directiva-de-asaja-aborda-la-importancia-de-la-agricultura-en-la-alimentacion-y-la-salud#primaryimage"},"image":{"@id":"https:\/\/www.asajacyl.com\/palencia\/asaja-palencia-informa\/noticias\/la-junta-directiva-de-asaja-aborda-la-importancia-de-la-agricultura-en-la-alimentacion-y-la-salud#primaryimage"},"thumbnailUrl":"https:\/\/www.asajacyl.com\/palencia\/wp-content\/uploads\/sites\/3\/2023\/07\/Directiva-nacional-ASAJA.jpg","datePublished":"2023-09-04T17:59:00+00:00","author":{"@id":"https:\/\/www.asajacyl.com\/palencia\/#\/schema\/person\/3ab17aeb03527485c317557fae64aab1"},"description":"La Asociaci\u00f3n Agraria de J\u00f3venes Agricultores (Asaja) ha celebrado hoy en C\u00f3rdoba una Junta Directiva en la que se ha abordado la situaci\u00f3n del sector. En","breadcrumb":{"@id":"https:\/\/www.asajacyl.com\/palencia\/asaja-palencia-informa\/noticias\/la-junta-directiva-de-asaja-aborda-la-importancia-de-la-agricultura-en-la-alimentacion-y-la-salud#breadcrumb"},"inLanguage":"es","potentialAction":[{"@type":"ReadAction","target":["https:\/\/www.asajacyl.com\/palencia\/asaja-palencia-informa\/noticias\/la-junta-directiva-de-asaja-aborda-la-importancia-de-la-agricultura-en-la-alimentacion-y-la-salud"]}]},{"@type":"ImageObject","inLanguage":"es","@id":"https:\/\/www.asajacyl.com\/palencia\/asaja-palencia-informa\/noticias\/la-junta-directiva-de-asaja-aborda-la-importancia-de-la-agricultura-en-la-alimentacion-y-la-salud#primaryimage","url":"https:\/\/www.asajacyl.com\/palencia\/wp-content\/uploads\/sites\/3\/2023\/07\/Directiva-nacional-ASAJA.jpg","contentUrl":"https:\/\/www.asajacyl.com\/palencia\/wp-content\/uploads\/sites\/3\/2023\/07\/Directiva-nacional-ASAJA.jpg","width":2500,"height":2188},{"@type":"BreadcrumbList","@id":"https:\/\/www.asajacyl.com\/palencia\/asaja-palencia-informa\/noticias\/la-junta-directiva-de-asaja-aborda-la-importancia-de-la-agricultura-en-la-alimentacion-y-la-salud#breadcrumb","itemListElement":[{"@type":"ListItem","position":1,"name":"Portada","item":"https:\/\/www.asajacyl.com\/palencia\/"},{"@type":"ListItem","position":2,"name":"La Junta Directiva de Asaja aborda la importancia de la agricultura en la alimentaci\u00f3n y la salud"}]},{"@type":"WebSite","@id":"https:\/\/www.asajacyl.com\/palencia\/#website","url":"https:\/\/www.asajacyl.com\/palencia\/","name":"ASAJA Palencia","description":"Otro sitio m\u00e1s de Provincias ASAJA Castilla y Le\u00f3n","potentialAction":[{"@type":"SearchAction","target":{"@type":"EntryPoint","urlTemplate":"https:\/\/www.asajacyl.com\/palencia\/?s={search_term_string}"},"query-input":{"@type":"PropertyValueSpecification","valueRequired":true,"valueName":"search_term_string"}}],"inLanguage":"es"},{"@type":"Person","@id":"https:\/\/www.asajacyl.com\/palencia\/#\/schema\/person\/3ab17aeb03527485c317557fae64aab1","name":"Administrador","image":{"@type":"ImageObject","inLanguage":"es","@id":"https:\/\/www.asajacyl.com\/palencia\/#\/schema\/person\/image\/","url":"https:\/\/secure.gravatar.com\/avatar\/517384810d242ca9e38c180f3c9fb973?s=96&d=mm&r=g","contentUrl":"https:\/\/secure.gravatar.com\/avatar\/517384810d242ca9e38c180f3c9fb973?s=96&d=mm&r=g","caption":"Administrador"},"url":"https:\/\/www.asajacyl.com\/palencia\/author\/carlosrm"}]}},"_links":{"self":[{"href":"https:\/\/www.asajacyl.com\/palencia\/wp-json\/wp\/v2\/posts\/14137"}],"collection":[{"href":"https:\/\/www.asajacyl.com\/palencia\/wp-json\/wp\/v2\/posts"}],"about":[{"href":"https:\/\/www.asajacyl.com\/palencia\/wp-json\/wp\/v2\/types\/post"}],"author":[{"embeddable":true,"href":"https:\/\/www.asajacyl.com\/palencia\/wp-json\/wp\/v2\/users\/9"}],"replies":[{"embeddable":true,"href":"https:\/\/www.asajacyl.com\/palencia\/wp-json\/wp\/v2\/comments?post=14137"}],"version-history":[{"count":1,"href":"https:\/\/www.asajacyl.com\/palencia\/wp-json\/wp\/v2\/posts\/14137\/revisions"}],"predecessor-version":[{"id":14138,"href":"https:\/\/www.asajacyl.com\/palencia\/wp-json\/wp\/v2\/posts\/14137\/revisions\/14138"}],"wp:featuredmedia":[{"embeddable":true,"href":"https:\/\/www.asajacyl.com\/palencia\/wp-json\/wp\/v2\/media\/13710"}],"wp:attachment":[{"href":"https:\/\/www.asajacyl.com\/palencia\/wp-json\/wp\/v2\/media?parent=14137"}],"wp:term":[{"taxonomy":"category","embeddable":true,"href":"https:\/\/www.asajacyl.com\/palencia\/wp-json\/wp\/v2\/categories?post=14137"},{"taxonomy":"post_tag","embeddable":true,"href":"https:\/\/www.asajacyl.com\/palencia\/wp-json\/wp\/v2\/tags?post=14137"}],"curies":[{"name":"wp","href":"https:\/\/api.w.org\/{rel}","templated":true}]}}