{"id":14166,"date":"2023-09-11T12:24:19","date_gmt":"2023-09-11T10:24:19","guid":{"rendered":"https:\/\/www.asajacyl.com\/palencia\/?p=14166"},"modified":"2023-09-11T12:25:43","modified_gmt":"2023-09-11T10:25:43","slug":"palencia-entra-a-la-zona-de-restriccion-del-traslado-de-ganado-en-la-ue-por-la-enfermedad-hemorragica-epizootica","status":"publish","type":"post","link":"https:\/\/www.asajacyl.com\/palencia\/asaja-palencia-informa\/palencia-entra-a-la-zona-de-restriccion-del-traslado-de-ganado-en-la-ue-por-la-enfermedad-hemorragica-epizootica","title":{"rendered":"Palencia entra a la zona de restricci\u00f3n de trasladar ganado por la enfermedad hemorr\u00e1gica epizo\u00f3tica"},"content":{"rendered":"\n<h2 class=\"wp-block-heading\">La provincia de Palencia entr\u00f3 el pasado d\u00eda 5 de septiembre en la zona con restricci\u00f3n de movimiento de ganado en territorio intracomunitario por el avance de la enfermedad hemorr\u00e1gica epizo\u00f3tica (EHE). Aunque hasta esa fecha no han aparecido casos en las explotaciones palentinas, el protocolo del Ministerio de Agricultura, Pesca y Alimentaci\u00f3n (MAPA) incluye ya a la provincia tras detectarse un centenar de casos de ganado bovino afectado en Cantabria. En Castilla y Le\u00f3n, los casos siguen localizados en las provincias de \u00c1vila, Segovia, Zamora y, sobre todo, Salamanca. No obstante, las restricciones afectan ya a toda la comunidad. ASAJA-Palencia recuerda que no hay restricciones a los productos animales ni a su consumo. Se restringe el movimiento de animales vivos a puntos de la Uni\u00f3n Europea si su destino es para vida, por lo que s\u00ed se permite el movimiento para sacrificio a otros pa\u00edses comunitarios. En el territorio nacional, se autoriza el movimiento de la zona afectada a la zona libre, siempre con animales y veh\u00edculos desinsectados y con ausencia de sintomatolog\u00eda en ganado bovino.<\/h2>\n\n\n\n<p>Desde la \u00faltima actualizaci\u00f3n sobre la enfermedad realizada el pasado 29 de agosto, el Laboratorio Central de Veterinaria (LCV) de Algete, laboratorio nacional de referencia para esta enfermedad, ha confirmado dieciocho nuevos casos de EHE. Diecis\u00e9is se han registrado en explotaciones de bovino en las comarcas de Siero y Lena (Asturias); Solares-Medio Cudeyo y Torrelavega (Cantabria); Riaza (Segovia); Vitigudino y Salamanca (Salamanca); San Pedro del Arroyo, Sotillo de la Adrada y Navarredonda de Gredos (\u00c1vila); El Escorial y Torrelaguna (Madrid); Cantavieja (Teruel); Hell\u00edn (Albacete); Guadalajara; y Guadix (Granada). Adem\u00e1s, dos de los casos se han confirmado en ciervos silvestres en Madrid y Albarrac\u00edn (Teruel). <\/p>\n\n\n\n<p>La localizaci\u00f3n de algunos focos nuevos implica modificar la zona de restricci\u00f3n de movimiento directo de ganado para la vida (no hay restricciones para el sacrificio) hacia otros pa\u00edses miembros de la Uni\u00f3n Europea de ganado bovino, ovino y caprino, conforme a la normativa, que tampoco establece restricci\u00f3n alguna de movimiento o consumo de los productos (carne, leche, piel\u2026), ya que la EHE no afecta al ser humano.<\/p>\n\n\n\n<p><strong>VIGILANCIA.&nbsp;<\/strong>Ante la aparici\u00f3n en Espa\u00f1a de la enfermedad hemorr\u00e1gica epizo\u00f3tica (EHE) en Cantabria y Asturias, y continuar su avance en Castilla y Le\u00f3n, ASAJA-Palencia recomienda a los ganaderos de la provincia prudencia y vigilancia por si surgiera alg\u00fan posible caso en sus explotaciones. <\/p>\n\n\n\n<p>Esta enfermedad v\u00edrica, que transmiten los mosquitos, afecta a los rumiantes, tanto silvestres (sobre todo, a los ciervos, pero tambi\u00e9n a los gamos y los corzos) como dom\u00e9sticos (vacuno, ovino y caprino), pero no afecta al ser humano. No existen vacunas para su prevenci\u00f3n, pero s\u00ed medicamentos para tratar los s\u00edntomas. Una de las medidas que se recomienda para el control de la enfermedad es la lucha vectorial mediante el empleo de insecticidas y repelentes en animales, medios de transporte e instalaciones.<\/p>\n\n\n\n<p>Para garantizar una desinsectaci\u00f3n eficaz es necesario, entre otros aspectos, usar un <strong>insecticida que sea efectivo frente al vector<\/strong> en cuesti\u00f3n. El Ministerio ha elaborado una lista de insecticidas: <\/p>\n\n\n\n<p><a href=\"https:\/\/www.mapa.gob.es\/es\/ganaderia\/temas\/sanidad-animal-higiene-ganadera\/listaproductoslajulio2023_tcm30-520353.pdf\">https:\/\/www.mapa.gob.es\/es\/ganaderia\/temas\/sanidad-animal-higiene-ganadera\/listaproductoslajulio2023_tcm30-520353.pdf<\/a><\/p>\n\n\n\n<p><strong>DECLARACI\u00d3N OBLIGATORIA.&nbsp;<\/strong>Se trata de una enfermedad de obligatoria declaraci\u00f3n, por lo que el ganadero debe comunicarlo a sus servicios veterinarios y a la unidad veterinaria a la que pertenezca, en cuanto surgen sospechas de su existencia en la explotaci\u00f3n.<\/p>\n\n\n\n<p>En el vacuno, se suele dar sintomatolog\u00eda cl\u00ednica (fiebre, \u00falceras en la boca, secreci\u00f3n nasal y ocular, cojera, dificultad para tragar\u2026), pero la mortalidad es baja; mientras que en el ovino y el caprino puede darse infecci\u00f3n, pero los s\u00edntomas son menores e incluso no aparecen.<\/p>\n\n\n\n<p>En Castilla y Le\u00f3n ya operan las restricciones al movimiento para vida en todas las provincias y, fuera de nuestra comunidad, el Ministerio las ha decretado en todas las comunidades salvo Galicia, La Rioja, Navarra, Catalu\u00f1a, Baleares y Canarias. Tambi\u00e9n las provincias aragonesas de Huesca y Zaragoza se encuentran en zona sin restricciones, no as\u00ed Teruel, donde incluso ya se han detectado casos.<\/p>\n\n\n\n<p><strong>EL MINISTERIO, ESCONDIDO. <\/strong>ASAJA viene denunciado que el Ministerio de Agricultura, Pesca y Alimentaci\u00f3n lleva semanas escondido sin dar la cara y sin plantear soluciones a los ganaderos afectados por la EHE, que est\u00e1 causando unas grandes p\u00e9rdidas econ\u00f3micas a los ganaderos de vacuno de pr\u00e1cticamente la totalidad del territorio espa\u00f1ol, por lo que reclaman medidas sanitarias de control y ayudas ante esta crisis sanitaria.<\/p>\n\n\n\n<p>Hace ya cerca de diez meses (en concreto, el 18 de noviembre de 2022), que el Gobierno de Espa\u00f1a tiene conocimiento de los primeros casos en Espa\u00f1a de esta enfermedad en el sur de la pen\u00ednsula, pero en todo este tiempo no se le ha dado la importancia que tiene, puesto que las p\u00e9rdidas que provoca al ganadero son tremenda\u00bb.<\/p>\n\n\n\n<p><strong>SIN VACUNAS. <\/strong>La EHE es una enfermedad v\u00edrica infecciosa no contagiosa que se transmitida por mosquitos del g\u00e9nero Culicoides; es decir, el mismo vector que otra vieja conocida de la ganader\u00eda espa\u00f1ola, como es la enfermedad de la lengua azul. Pero la gran diferencia es que en este caso s\u00ed&nbsp;se conoce bien en el sector y se cuenta con vacunas frente a sus distintos serotipos como estrategia para su control y, en cambio, para la EHE, que hist\u00f3ricamente ha circulado por Am\u00e9rica del Norte, Australia, Asia y \u00c1frica, pero no en Europa, no existen vacunas autorizadas en la UE.<\/p>\n\n\n\n<p>Nuestra organizaci\u00f3n lamenta que el Gobierno, aunque conoc\u00eda el escenario que cab\u00eda esperar, con la enfermedad colonizando todos los territorios donde tiene actividad el mosquito Culicoides, no ha coordinado con las comunidades aut\u00f3nomas una verdadera respuesta eficaz frente a la enfermedad. <\/p>\n\n\n\n<p><strong>COSTOSO TRATAMIENTO. <\/strong>Actualmente, seg\u00fan denuncia ASAJA, nuestros ganaderos se encuentran totalmente desamparados e impotentes, mientras contemplan como el ganado se infecta, lo que provoca cuadros sintom\u00e1ticos diversos, principalmente en el vacuno, con fiebre, decaimiento del animal, problemas para alimentarse y beber, p\u00e9rdida de peso, abortos y, en muchos casos, la muerte del animal. <\/p>\n\n\n\n<p>Cuando se produce la infecci\u00f3n, los da\u00f1os econ\u00f3micos en la explotaci\u00f3n son enormes, ya que a la muerte de algunos animales se unen los costes de los tratamientos farmacol\u00f3gicos que el reba\u00f1o requiere, que alcanzan los 100 euros por cabeza, a lo que se suma la incertidumbre sobre el futuro sanitario del animal una vez que padece la enfermedad.<\/p>\n\n\n\n<p>Por ello, ASAJA reclama al Ministerio que, si bien no se trata de un problema de salud p\u00fablica, la EHE se ha convertido en un contratiempo importante para la viabilidad econ\u00f3mica de las explotaciones, ya que las l\u00edneas de seguro agrario no tienen cobertura frente a esta enfermedad.<\/p>\n\n\n\n<p>Nuestra organizaci\u00f3n exige al Gobierno de Espa\u00f1a que articule medidas sanitarias de control y ayudas directas por los da\u00f1os que esta enfermedad est\u00e1 provocando a las ganader\u00edas afectadas, que incluya esta enfermedad en el plan de seguros agrarios y que convoque, con celeridad, una reuni\u00f3n al m\u00e1ximo nivel con las comunidades aut\u00f3nomas para coordinar las medidas necesarias.<strong>\/<\/strong><\/p>\n\n\n\n<figure class=\"wp-block-image size-large is-resized\"><img loading=\"lazy\" decoding=\"async\" src=\"https:\/\/www.asajacyl.com\/palencia\/wp-content\/uploads\/sites\/3\/2023\/09\/Mapa-zona-trasporte-EHE-5-sept-1024x768.jpg\" alt=\"\" class=\"wp-image-14167\" width=\"1064\" height=\"840\" \/><\/figure>\n\n\n\n<p><a href=\"https:\/\/www.asajacyl.com\/palencia\/wp-content\/uploads\/sites\/3\/2023\/08\/Provincias-restricciones-EH-1024x707.jpg\"><\/a><\/p>\n","protected":false},"excerpt":{"rendered":"<p>La provincia de Palencia entr\u00f3 el pasado d\u00eda 5 de septiembre en la zona con restricci\u00f3n de movimiento de ganado en territorio intracomunitario por el avance de la enfermedad hemorr\u00e1gica epizo\u00f3tica (EHE). Aunque hasta esa fecha no han aparecido casos en las explotaciones palentinas, el protocolo del Ministerio de Agricultura, Pesca y Alimentaci\u00f3n (MAPA) incluye [&hellip;]<\/p>\n","protected":false},"author":9,"featured_media":14167,"comment_status":"open","ping_status":"open","sticky":false,"template":"","format":"standard","meta":{"footnotes":""},"categories":[9,29,28],"tags":[183,426,425,231,77,450,361,111,110,143,451,365,168,449,144],"yoast_head":"<!-- This site is optimized with the Yoast SEO plugin v24.5 - https:\/\/yoast.com\/wordpress\/plugins\/seo\/ -->\n<title>Palencia entra a la zona de restricci\u00f3n de trasladar ganado por la enfermedad hemorr\u00e1gica epizo\u00f3tica - ASAJA Palencia<\/title>\n<meta name=\"description\" content=\"La provincia de Palencia entr\u00f3 el pasado d\u00eda 5 de septiembre en la zona con restricci\u00f3n de movimiento de ganado en territorio intracomunitario por el\" \/>\n<meta name=\"robots\" content=\"index, follow, max-snippet:-1, max-image-preview:large, max-video-preview:-1\" \/>\n<link rel=\"canonical\" href=\"https:\/\/www.asajacyl.com\/palencia\/asaja-palencia-informa\/palencia-entra-a-la-zona-de-restriccion-del-traslado-de-ganado-en-la-ue-por-la-enfermedad-hemorragica-epizootica\" \/>\n<meta property=\"og:locale\" content=\"es_ES\" \/>\n<meta property=\"og:type\" content=\"article\" \/>\n<meta property=\"og:title\" content=\"Palencia entra a la zona de restricci\u00f3n de trasladar ganado por la enfermedad hemorr\u00e1gica epizo\u00f3tica - ASAJA Palencia\" \/>\n<meta property=\"og:description\" content=\"La provincia de Palencia entr\u00f3 el pasado d\u00eda 5 de septiembre en la zona con restricci\u00f3n de movimiento de ganado en territorio intracomunitario por el\" \/>\n<meta property=\"og:url\" content=\"https:\/\/www.asajacyl.com\/palencia\/asaja-palencia-informa\/palencia-entra-a-la-zona-de-restriccion-del-traslado-de-ganado-en-la-ue-por-la-enfermedad-hemorragica-epizootica\" \/>\n<meta property=\"og:site_name\" content=\"ASAJA Palencia\" \/>\n<meta property=\"article:published_time\" content=\"2023-09-11T10:24:19+00:00\" \/>\n<meta property=\"article:modified_time\" content=\"2023-09-11T10:25:43+00:00\" \/>\n<meta property=\"og:image\" content=\"https:\/\/www.asajacyl.com\/palencia\/wp-content\/uploads\/sites\/3\/2023\/09\/Mapa-zona-trasporte-EHE-5-sept.jpg\" \/>\n\t<meta property=\"og:image:width\" content=\"1890\" \/>\n\t<meta property=\"og:image:height\" content=\"1417\" \/>\n\t<meta property=\"og:image:type\" content=\"image\/jpeg\" \/>\n<meta name=\"author\" content=\"Administrador\" \/>\n<meta name=\"twitter:card\" content=\"summary_large_image\" \/>\n<meta name=\"twitter:label1\" content=\"Escrito por\" \/>\n\t<meta name=\"twitter:data1\" content=\"Administrador\" \/>\n\t<meta name=\"twitter:label2\" content=\"Tiempo de lectura\" \/>\n\t<meta name=\"twitter:data2\" content=\"6 minutos\" \/>\n<script type=\"application\/ld+json\" class=\"yoast-schema-graph\">{\"@context\":\"https:\/\/schema.org\",\"@graph\":[{\"@type\":\"WebPage\",\"@id\":\"https:\/\/www.asajacyl.com\/palencia\/asaja-palencia-informa\/palencia-entra-a-la-zona-de-restriccion-del-traslado-de-ganado-en-la-ue-por-la-enfermedad-hemorragica-epizootica\",\"url\":\"https:\/\/www.asajacyl.com\/palencia\/asaja-palencia-informa\/palencia-entra-a-la-zona-de-restriccion-del-traslado-de-ganado-en-la-ue-por-la-enfermedad-hemorragica-epizootica\",\"name\":\"Palencia entra a la zona de restricci\u00f3n de trasladar ganado por la enfermedad hemorr\u00e1gica epizo\u00f3tica - ASAJA Palencia\",\"isPartOf\":{\"@id\":\"https:\/\/www.asajacyl.com\/palencia\/#website\"},\"primaryImageOfPage\":{\"@id\":\"https:\/\/www.asajacyl.com\/palencia\/asaja-palencia-informa\/palencia-entra-a-la-zona-de-restriccion-del-traslado-de-ganado-en-la-ue-por-la-enfermedad-hemorragica-epizootica#primaryimage\"},\"image\":{\"@id\":\"https:\/\/www.asajacyl.com\/palencia\/asaja-palencia-informa\/palencia-entra-a-la-zona-de-restriccion-del-traslado-de-ganado-en-la-ue-por-la-enfermedad-hemorragica-epizootica#primaryimage\"},\"thumbnailUrl\":\"https:\/\/www.asajacyl.com\/palencia\/wp-content\/uploads\/sites\/3\/2023\/09\/Mapa-zona-trasporte-EHE-5-sept.jpg\",\"datePublished\":\"2023-09-11T10:24:19+00:00\",\"dateModified\":\"2023-09-11T10:25:43+00:00\",\"author\":{\"@id\":\"https:\/\/www.asajacyl.com\/palencia\/#\/schema\/person\/3ab17aeb03527485c317557fae64aab1\"},\"description\":\"La provincia de Palencia entr\u00f3 el pasado d\u00eda 5 de septiembre en la zona con restricci\u00f3n de movimiento de ganado en territorio intracomunitario por el\",\"breadcrumb\":{\"@id\":\"https:\/\/www.asajacyl.com\/palencia\/asaja-palencia-informa\/palencia-entra-a-la-zona-de-restriccion-del-traslado-de-ganado-en-la-ue-por-la-enfermedad-hemorragica-epizootica#breadcrumb\"},\"inLanguage\":\"es\",\"potentialAction\":[{\"@type\":\"ReadAction\",\"target\":[\"https:\/\/www.asajacyl.com\/palencia\/asaja-palencia-informa\/palencia-entra-a-la-zona-de-restriccion-del-traslado-de-ganado-en-la-ue-por-la-enfermedad-hemorragica-epizootica\"]}]},{\"@type\":\"ImageObject\",\"inLanguage\":\"es\",\"@id\":\"https:\/\/www.asajacyl.com\/palencia\/asaja-palencia-informa\/palencia-entra-a-la-zona-de-restriccion-del-traslado-de-ganado-en-la-ue-por-la-enfermedad-hemorragica-epizootica#primaryimage\",\"url\":\"https:\/\/www.asajacyl.com\/palencia\/wp-content\/uploads\/sites\/3\/2023\/09\/Mapa-zona-trasporte-EHE-5-sept.jpg\",\"contentUrl\":\"https:\/\/www.asajacyl.com\/palencia\/wp-content\/uploads\/sites\/3\/2023\/09\/Mapa-zona-trasporte-EHE-5-sept.jpg\",\"width\":1890,\"height\":1417},{\"@type\":\"BreadcrumbList\",\"@id\":\"https:\/\/www.asajacyl.com\/palencia\/asaja-palencia-informa\/palencia-entra-a-la-zona-de-restriccion-del-traslado-de-ganado-en-la-ue-por-la-enfermedad-hemorragica-epizootica#breadcrumb\",\"itemListElement\":[{\"@type\":\"ListItem\",\"position\":1,\"name\":\"Portada\",\"item\":\"https:\/\/www.asajacyl.com\/palencia\/\"},{\"@type\":\"ListItem\",\"position\":2,\"name\":\"Palencia entra a la zona de restricci\u00f3n de trasladar ganado por la enfermedad hemorr\u00e1gica epizo\u00f3tica\"}]},{\"@type\":\"WebSite\",\"@id\":\"https:\/\/www.asajacyl.com\/palencia\/#website\",\"url\":\"https:\/\/www.asajacyl.com\/palencia\/\",\"name\":\"ASAJA Palencia\",\"description\":\"Otro sitio m\u00e1s de Provincias ASAJA Castilla y Le\u00f3n\",\"potentialAction\":[{\"@type\":\"SearchAction\",\"target\":{\"@type\":\"EntryPoint\",\"urlTemplate\":\"https:\/\/www.asajacyl.com\/palencia\/?s={search_term_string}\"},\"query-input\":{\"@type\":\"PropertyValueSpecification\",\"valueRequired\":true,\"valueName\":\"search_term_string\"}}],\"inLanguage\":\"es\"},{\"@type\":\"Person\",\"@id\":\"https:\/\/www.asajacyl.com\/palencia\/#\/schema\/person\/3ab17aeb03527485c317557fae64aab1\",\"name\":\"Administrador\",\"image\":{\"@type\":\"ImageObject\",\"inLanguage\":\"es\",\"@id\":\"https:\/\/www.asajacyl.com\/palencia\/#\/schema\/person\/image\/\",\"url\":\"https:\/\/secure.gravatar.com\/avatar\/517384810d242ca9e38c180f3c9fb973?s=96&d=mm&r=g\",\"contentUrl\":\"https:\/\/secure.gravatar.com\/avatar\/517384810d242ca9e38c180f3c9fb973?s=96&d=mm&r=g\",\"caption\":\"Administrador\"},\"url\":\"https:\/\/www.asajacyl.com\/palencia\/author\/carlosrm\"}]}<\/script>\n<!-- \/ Yoast SEO plugin. -->","yoast_head_json":{"title":"Palencia entra a la zona de restricci\u00f3n de trasladar ganado por la enfermedad hemorr\u00e1gica epizo\u00f3tica - ASAJA Palencia","description":"La provincia de Palencia entr\u00f3 el pasado d\u00eda 5 de septiembre en la zona con restricci\u00f3n de movimiento de ganado en territorio intracomunitario por el","robots":{"index":"index","follow":"follow","max-snippet":"max-snippet:-1","max-image-preview":"max-image-preview:large","max-video-preview":"max-video-preview:-1"},"canonical":"https:\/\/www.asajacyl.com\/palencia\/asaja-palencia-informa\/palencia-entra-a-la-zona-de-restriccion-del-traslado-de-ganado-en-la-ue-por-la-enfermedad-hemorragica-epizootica","og_locale":"es_ES","og_type":"article","og_title":"Palencia entra a la zona de restricci\u00f3n de trasladar ganado por la enfermedad hemorr\u00e1gica epizo\u00f3tica - ASAJA Palencia","og_description":"La provincia de Palencia entr\u00f3 el pasado d\u00eda 5 de septiembre en la zona con restricci\u00f3n de movimiento de ganado en territorio intracomunitario por el","og_url":"https:\/\/www.asajacyl.com\/palencia\/asaja-palencia-informa\/palencia-entra-a-la-zona-de-restriccion-del-traslado-de-ganado-en-la-ue-por-la-enfermedad-hemorragica-epizootica","og_site_name":"ASAJA Palencia","article_published_time":"2023-09-11T10:24:19+00:00","article_modified_time":"2023-09-11T10:25:43+00:00","og_image":[{"width":1890,"height":1417,"url":"https:\/\/www.asajacyl.com\/palencia\/wp-content\/uploads\/sites\/3\/2023\/09\/Mapa-zona-trasporte-EHE-5-sept.jpg","type":"image\/jpeg"}],"author":"Administrador","twitter_card":"summary_large_image","twitter_misc":{"Escrito por":"Administrador","Tiempo de lectura":"6 minutos"},"schema":{"@context":"https:\/\/schema.org","@graph":[{"@type":"WebPage","@id":"https:\/\/www.asajacyl.com\/palencia\/asaja-palencia-informa\/palencia-entra-a-la-zona-de-restriccion-del-traslado-de-ganado-en-la-ue-por-la-enfermedad-hemorragica-epizootica","url":"https:\/\/www.asajacyl.com\/palencia\/asaja-palencia-informa\/palencia-entra-a-la-zona-de-restriccion-del-traslado-de-ganado-en-la-ue-por-la-enfermedad-hemorragica-epizootica","name":"Palencia entra a la zona de restricci\u00f3n de trasladar ganado por la enfermedad hemorr\u00e1gica epizo\u00f3tica - ASAJA Palencia","isPartOf":{"@id":"https:\/\/www.asajacyl.com\/palencia\/#website"},"primaryImageOfPage":{"@id":"https:\/\/www.asajacyl.com\/palencia\/asaja-palencia-informa\/palencia-entra-a-la-zona-de-restriccion-del-traslado-de-ganado-en-la-ue-por-la-enfermedad-hemorragica-epizootica#primaryimage"},"image":{"@id":"https:\/\/www.asajacyl.com\/palencia\/asaja-palencia-informa\/palencia-entra-a-la-zona-de-restriccion-del-traslado-de-ganado-en-la-ue-por-la-enfermedad-hemorragica-epizootica#primaryimage"},"thumbnailUrl":"https:\/\/www.asajacyl.com\/palencia\/wp-content\/uploads\/sites\/3\/2023\/09\/Mapa-zona-trasporte-EHE-5-sept.jpg","datePublished":"2023-09-11T10:24:19+00:00","dateModified":"2023-09-11T10:25:43+00:00","author":{"@id":"https:\/\/www.asajacyl.com\/palencia\/#\/schema\/person\/3ab17aeb03527485c317557fae64aab1"},"description":"La provincia de Palencia entr\u00f3 el pasado d\u00eda 5 de septiembre en la zona con restricci\u00f3n de movimiento de ganado en territorio intracomunitario por el","breadcrumb":{"@id":"https:\/\/www.asajacyl.com\/palencia\/asaja-palencia-informa\/palencia-entra-a-la-zona-de-restriccion-del-traslado-de-ganado-en-la-ue-por-la-enfermedad-hemorragica-epizootica#breadcrumb"},"inLanguage":"es","potentialAction":[{"@type":"ReadAction","target":["https:\/\/www.asajacyl.com\/palencia\/asaja-palencia-informa\/palencia-entra-a-la-zona-de-restriccion-del-traslado-de-ganado-en-la-ue-por-la-enfermedad-hemorragica-epizootica"]}]},{"@type":"ImageObject","inLanguage":"es","@id":"https:\/\/www.asajacyl.com\/palencia\/asaja-palencia-informa\/palencia-entra-a-la-zona-de-restriccion-del-traslado-de-ganado-en-la-ue-por-la-enfermedad-hemorragica-epizootica#primaryimage","url":"https:\/\/www.asajacyl.com\/palencia\/wp-content\/uploads\/sites\/3\/2023\/09\/Mapa-zona-trasporte-EHE-5-sept.jpg","contentUrl":"https:\/\/www.asajacyl.com\/palencia\/wp-content\/uploads\/sites\/3\/2023\/09\/Mapa-zona-trasporte-EHE-5-sept.jpg","width":1890,"height":1417},{"@type":"BreadcrumbList","@id":"https:\/\/www.asajacyl.com\/palencia\/asaja-palencia-informa\/palencia-entra-a-la-zona-de-restriccion-del-traslado-de-ganado-en-la-ue-por-la-enfermedad-hemorragica-epizootica#breadcrumb","itemListElement":[{"@type":"ListItem","position":1,"name":"Portada","item":"https:\/\/www.asajacyl.com\/palencia\/"},{"@type":"ListItem","position":2,"name":"Palencia entra a la zona de restricci\u00f3n de trasladar ganado por la enfermedad hemorr\u00e1gica epizo\u00f3tica"}]},{"@type":"WebSite","@id":"https:\/\/www.asajacyl.com\/palencia\/#website","url":"https:\/\/www.asajacyl.com\/palencia\/","name":"ASAJA Palencia","description":"Otro sitio m\u00e1s de Provincias ASAJA Castilla y Le\u00f3n","potentialAction":[{"@type":"SearchAction","target":{"@type":"EntryPoint","urlTemplate":"https:\/\/www.asajacyl.com\/palencia\/?s={search_term_string}"},"query-input":{"@type":"PropertyValueSpecification","valueRequired":true,"valueName":"search_term_string"}}],"inLanguage":"es"},{"@type":"Person","@id":"https:\/\/www.asajacyl.com\/palencia\/#\/schema\/person\/3ab17aeb03527485c317557fae64aab1","name":"Administrador","image":{"@type":"ImageObject","inLanguage":"es","@id":"https:\/\/www.asajacyl.com\/palencia\/#\/schema\/person\/image\/","url":"https:\/\/secure.gravatar.com\/avatar\/517384810d242ca9e38c180f3c9fb973?s=96&d=mm&r=g","contentUrl":"https:\/\/secure.gravatar.com\/avatar\/517384810d242ca9e38c180f3c9fb973?s=96&d=mm&r=g","caption":"Administrador"},"url":"https:\/\/www.asajacyl.com\/palencia\/author\/carlosrm"}]}},"_links":{"self":[{"href":"https:\/\/www.asajacyl.com\/palencia\/wp-json\/wp\/v2\/posts\/14166"}],"collection":[{"href":"https:\/\/www.asajacyl.com\/palencia\/wp-json\/wp\/v2\/posts"}],"about":[{"href":"https:\/\/www.asajacyl.com\/palencia\/wp-json\/wp\/v2\/types\/post"}],"author":[{"embeddable":true,"href":"https:\/\/www.asajacyl.com\/palencia\/wp-json\/wp\/v2\/users\/9"}],"replies":[{"embeddable":true,"href":"https:\/\/www.asajacyl.com\/palencia\/wp-json\/wp\/v2\/comments?post=14166"}],"version-history":[{"count":3,"href":"https:\/\/www.asajacyl.com\/palencia\/wp-json\/wp\/v2\/posts\/14166\/revisions"}],"predecessor-version":[{"id":14170,"href":"https:\/\/www.asajacyl.com\/palencia\/wp-json\/wp\/v2\/posts\/14166\/revisions\/14170"}],"wp:featuredmedia":[{"embeddable":true,"href":"https:\/\/www.asajacyl.com\/palencia\/wp-json\/wp\/v2\/media\/14167"}],"wp:attachment":[{"href":"https:\/\/www.asajacyl.com\/palencia\/wp-json\/wp\/v2\/media?parent=14166"}],"wp:term":[{"taxonomy":"category","embeddable":true,"href":"https:\/\/www.asajacyl.com\/palencia\/wp-json\/wp\/v2\/categories?post=14166"},{"taxonomy":"post_tag","embeddable":true,"href":"https:\/\/www.asajacyl.com\/palencia\/wp-json\/wp\/v2\/tags?post=14166"}],"curies":[{"name":"wp","href":"https:\/\/api.w.org\/{rel}","templated":true}]}}