{"id":14223,"date":"2023-09-20T12:35:14","date_gmt":"2023-09-20T10:35:14","guid":{"rendered":"https:\/\/www.asajacyl.com\/palencia\/?p=14223"},"modified":"2023-09-20T12:35:17","modified_gmt":"2023-09-20T10:35:17","slug":"el-centro-vinalta-imparte-tres-ciclos-de-formacion-profesional-de-la-rama-agroganadera","status":"publish","type":"post","link":"https:\/\/www.asajacyl.com\/palencia\/asaja-palencia-informa\/el-centro-vinalta-imparte-tres-ciclos-de-formacion-profesional-de-la-rama-agroganadera","title":{"rendered":"El centro &#8216;Vi\u00f1alta&#8217; imparte tres ciclos de formaci\u00f3n profesional de la rama agroganadera"},"content":{"rendered":"\n<h2 class=\"wp-block-heading\">La Junta de Castilla y Le\u00f3n, a trav\u00e9s de la Consejer\u00eda de Agricultura, Ganader\u00eda y Desarrollo Rural, sigue apostando por la Formaci\u00f3n Profesional Agraria para los j\u00f3venes como preparaci\u00f3n para su futuro laboral, lo que se traduce en una ampliaci\u00f3n de la oferta formativa, adapt\u00e1ndola a las caracter\u00edsticas productivas de la comunidad. As\u00ed, el centro de Albillos (Burgos) ha incorporado este curso 2023-2024 un nuevo Ciclo de Grado Superior de Ganader\u00eda y Asistencias en Sanidad Animal, en modalidad dual, que tiene una amplia demanda en esta regi\u00f3n, seg\u00fan informa la administraci\u00f3n auton\u00f3mica. Este ciclo, de dos mi horas de duraci\u00f3n repartidas en dos cursos acad\u00e9micos (aproximadamente, una quinta parte como pr\u00e1cticas en el centro de trabajo) se imparte tambi\u00e9n en el centro integrado de FP Vi\u00f1alta, situado en Palencia, al igual que el Ciclo de Grado Superior en Paisajismo y Medio Rural; y el de Grado Medio en Producci\u00f3n Agroecol\u00f3gica. Los otros centros integrados que gestiona la Consejer\u00eda en Castilla y Le\u00f3n se sit\u00faan en \u00c1vila,  Alm\u00e1zcara (Le\u00f3n), Segovia, Coca (Segovia), Almaz\u00e1n (Soria) y La Santa Espina (Valladolid).<\/h2>\n\n\n\n<p>La formaci\u00f3n agraria constituye uno de los pilares estrat\u00e9gicos para la modernizaci\u00f3n agraria y el desarrollo rural, algo en lo que coincide ASAJA, que siempre ha considerado la formaci\u00f3n como uno de los cuatro pilares de nuestra organizaci\u00f3n agroganadera, junto con la informaci\u00f3n, el asesoramiento en muy diversas vertientes (t\u00e9cnica, financiera, fiscal, empleo, seguros&#8230;) a los profesionales del campo y la labor reivindicativa de la importancia de la agricultura y la ganader\u00eda, no solo en t\u00e9rminos econ\u00f3micos y laborales, sino para toda la sociedad, como sector estrat\u00e9gico del que depende la alimentaci\u00f3n de la ciudadan\u00eda del pa\u00eds. <\/p>\n\n\n\n<p>Uno de sus principales objetivos que se plantea la Consejer\u00eda es formar empresarios y trabajadores con un alto nivel de cualificaci\u00f3n que promuevan explotaciones y empresas competitivas dentro del sector agroalimentario, como el que proporciona el Ciclo de Grado Superior de Ganader\u00eda y Asistencias en Sanidad Animal, en modalidad dual, implantado este curso que acaba de comenzar en Albillos (Burgos), y que ya se ven\u00eda ofreciendo en Vi\u00f1alta (Palencia) y en Segovia. <\/p>\n\n\n\n<p>Con esta nueva propuesta, la Consejer\u00eda de Agricultura, Ganader\u00eda y Desarrollo Rural pasa a ofrecer en toda Castilla y Le\u00f3n diecinueve ciclos de las familias profesionales Agraria, Industrias Alimentarias y Actividades F\u00edsico-Deportivas en los ocho centros que gestiona. De ellos, nueve son ciclos de grado superior y diez de grado medio.<\/p>\n\n\n\n<p><strong>SEISCIENTOS ALUMNOS. <\/strong>La cifra de alumnos matriculados, a\u00fan provisional, se acerca a los seiscientos estudiantes, pero sigue abierta la fase de admisi\u00f3n para este curso. Adem\u00e1s de la formaci\u00f3n profesional del sistema educativo, en los centros integrados se imparten cursos de formaci\u00f3n no formal, cursos de corta duraci\u00f3n de tem\u00e1tica agr\u00edcola, ganadera, forestal, agroalimentaria y de desarrollo rural y certificados de profesionalidad, en colaboraci\u00f3n con el Servicio P\u00fablico de Empleo de Castilla y Le\u00f3n (ECYL), de las familias profesionales Agraria, Industrias Alimentarias y Actividades f\u00edsico-deportivas.<\/p>\n\n\n\n<p>El alumnado de los centros de formaci\u00f3n de la Consejer\u00eda recibe una formaci\u00f3n t\u00e9cnico-pr\u00e1ctica integral que le permite, una vez completada su formaci\u00f3n espec\u00edfica en una empresa determinada, desarrollar todo su potencial personal y laboral y convertirse en un elemento clave en la profesionalizaci\u00f3n de la empresa o de su propia explotaci\u00f3n. A ello contribuye, explica la Junta, que estos centros cuenten con explotaciones agrarias (agr\u00edcola, agropecuaria y forestal) que les permiten adquirir esa formaci\u00f3n pr\u00e1ctica previa a la que despu\u00e9s adquieren en los centros de trabajo.<strong>\/<\/strong><\/p>\n\n\n<div class=\"wp-block-image\">\n<figure class=\"alignleft size-large is-resized\"><img loading=\"lazy\" decoding=\"async\" src=\"https:\/\/www.asajacyl.com\/palencia\/wp-content\/uploads\/sites\/3\/2023\/09\/Pteofertaeducativa2023-2024-724x1024.png\" alt=\"\" class=\"wp-image-14225\" width=\"1090\" height=\"1573\" \/><\/figure><\/div>","protected":false},"excerpt":{"rendered":"<p>La Junta de Castilla y Le\u00f3n, a trav\u00e9s de la Consejer\u00eda de Agricultura, Ganader\u00eda y Desarrollo Rural, sigue apostando por la Formaci\u00f3n Profesional Agraria para los j\u00f3venes como preparaci\u00f3n para su futuro laboral, lo que se traduce en una ampliaci\u00f3n de la oferta formativa, adapt\u00e1ndola a las caracter\u00edsticas productivas de la comunidad. As\u00ed, el centro [&hellip;]<\/p>\n","protected":false},"author":9,"featured_media":14224,"comment_status":"open","ping_status":"open","sticky":false,"template":"","format":"standard","meta":{"footnotes":""},"categories":[9,29,28],"tags":[58,142,107,460,459,77,66,365],"yoast_head":"<!-- This site is optimized with the Yoast SEO plugin v24.5 - https:\/\/yoast.com\/wordpress\/plugins\/seo\/ -->\n<title>El centro &#039;Vi\u00f1alta&#039; imparte tres ciclos de formaci\u00f3n profesional de la rama agroganadera - ASAJA Palencia<\/title>\n<meta name=\"description\" content=\"La Junta de Castilla y Le\u00f3n, a trav\u00e9s de la Consejer\u00eda de Agricultura, Ganader\u00eda y Desarrollo Rural, sigue apostando por la Formaci\u00f3n Profesional Agraria\" \/>\n<meta name=\"robots\" content=\"index, follow, max-snippet:-1, max-image-preview:large, max-video-preview:-1\" \/>\n<link rel=\"canonical\" href=\"https:\/\/www.asajacyl.com\/palencia\/asaja-palencia-informa\/el-centro-vinalta-imparte-tres-ciclos-de-formacion-profesional-de-la-rama-agroganadera\" \/>\n<meta property=\"og:locale\" content=\"es_ES\" \/>\n<meta property=\"og:type\" content=\"article\" \/>\n<meta property=\"og:title\" content=\"El centro &#039;Vi\u00f1alta&#039; imparte tres ciclos de formaci\u00f3n profesional de la rama agroganadera - ASAJA Palencia\" \/>\n<meta property=\"og:description\" content=\"La Junta de Castilla y Le\u00f3n, a trav\u00e9s de la Consejer\u00eda de Agricultura, Ganader\u00eda y Desarrollo Rural, sigue apostando por la Formaci\u00f3n Profesional Agraria\" \/>\n<meta property=\"og:url\" content=\"https:\/\/www.asajacyl.com\/palencia\/asaja-palencia-informa\/el-centro-vinalta-imparte-tres-ciclos-de-formacion-profesional-de-la-rama-agroganadera\" \/>\n<meta property=\"og:site_name\" content=\"ASAJA Palencia\" \/>\n<meta property=\"article:published_time\" content=\"2023-09-20T10:35:14+00:00\" \/>\n<meta property=\"article:modified_time\" content=\"2023-09-20T10:35:17+00:00\" \/>\n<meta property=\"og:image\" content=\"https:\/\/www.asajacyl.com\/palencia\/wp-content\/uploads\/sites\/3\/2023\/09\/Vacas-en-Vinalta-1024x896.jpg\" \/>\n\t<meta property=\"og:image:width\" content=\"1024\" \/>\n\t<meta property=\"og:image:height\" content=\"896\" \/>\n\t<meta property=\"og:image:type\" content=\"image\/jpeg\" \/>\n<meta name=\"author\" content=\"Administrador\" \/>\n<meta name=\"twitter:card\" content=\"summary_large_image\" \/>\n<meta name=\"twitter:label1\" content=\"Escrito por\" \/>\n\t<meta name=\"twitter:data1\" content=\"Administrador\" \/>\n\t<meta name=\"twitter:label2\" content=\"Tiempo de lectura\" \/>\n\t<meta name=\"twitter:data2\" content=\"3 minutos\" \/>\n<script type=\"application\/ld+json\" class=\"yoast-schema-graph\">{\"@context\":\"https:\/\/schema.org\",\"@graph\":[{\"@type\":\"WebPage\",\"@id\":\"https:\/\/www.asajacyl.com\/palencia\/asaja-palencia-informa\/el-centro-vinalta-imparte-tres-ciclos-de-formacion-profesional-de-la-rama-agroganadera\",\"url\":\"https:\/\/www.asajacyl.com\/palencia\/asaja-palencia-informa\/el-centro-vinalta-imparte-tres-ciclos-de-formacion-profesional-de-la-rama-agroganadera\",\"name\":\"El centro 'Vi\u00f1alta' imparte tres ciclos de formaci\u00f3n profesional de la rama agroganadera - ASAJA Palencia\",\"isPartOf\":{\"@id\":\"https:\/\/www.asajacyl.com\/palencia\/#website\"},\"primaryImageOfPage\":{\"@id\":\"https:\/\/www.asajacyl.com\/palencia\/asaja-palencia-informa\/el-centro-vinalta-imparte-tres-ciclos-de-formacion-profesional-de-la-rama-agroganadera#primaryimage\"},\"image\":{\"@id\":\"https:\/\/www.asajacyl.com\/palencia\/asaja-palencia-informa\/el-centro-vinalta-imparte-tres-ciclos-de-formacion-profesional-de-la-rama-agroganadera#primaryimage\"},\"thumbnailUrl\":\"https:\/\/www.asajacyl.com\/palencia\/wp-content\/uploads\/sites\/3\/2023\/09\/Vacas-en-Vinalta.jpg\",\"datePublished\":\"2023-09-20T10:35:14+00:00\",\"dateModified\":\"2023-09-20T10:35:17+00:00\",\"author\":{\"@id\":\"https:\/\/www.asajacyl.com\/palencia\/#\/schema\/person\/3ab17aeb03527485c317557fae64aab1\"},\"description\":\"La Junta de Castilla y Le\u00f3n, a trav\u00e9s de la Consejer\u00eda de Agricultura, Ganader\u00eda y Desarrollo Rural, sigue apostando por la Formaci\u00f3n Profesional Agraria\",\"breadcrumb\":{\"@id\":\"https:\/\/www.asajacyl.com\/palencia\/asaja-palencia-informa\/el-centro-vinalta-imparte-tres-ciclos-de-formacion-profesional-de-la-rama-agroganadera#breadcrumb\"},\"inLanguage\":\"es\",\"potentialAction\":[{\"@type\":\"ReadAction\",\"target\":[\"https:\/\/www.asajacyl.com\/palencia\/asaja-palencia-informa\/el-centro-vinalta-imparte-tres-ciclos-de-formacion-profesional-de-la-rama-agroganadera\"]}]},{\"@type\":\"ImageObject\",\"inLanguage\":\"es\",\"@id\":\"https:\/\/www.asajacyl.com\/palencia\/asaja-palencia-informa\/el-centro-vinalta-imparte-tres-ciclos-de-formacion-profesional-de-la-rama-agroganadera#primaryimage\",\"url\":\"https:\/\/www.asajacyl.com\/palencia\/wp-content\/uploads\/sites\/3\/2023\/09\/Vacas-en-Vinalta.jpg\",\"contentUrl\":\"https:\/\/www.asajacyl.com\/palencia\/wp-content\/uploads\/sites\/3\/2023\/09\/Vacas-en-Vinalta.jpg\",\"width\":1890,\"height\":1654},{\"@type\":\"BreadcrumbList\",\"@id\":\"https:\/\/www.asajacyl.com\/palencia\/asaja-palencia-informa\/el-centro-vinalta-imparte-tres-ciclos-de-formacion-profesional-de-la-rama-agroganadera#breadcrumb\",\"itemListElement\":[{\"@type\":\"ListItem\",\"position\":1,\"name\":\"Portada\",\"item\":\"https:\/\/www.asajacyl.com\/palencia\/\"},{\"@type\":\"ListItem\",\"position\":2,\"name\":\"El centro &#8216;Vi\u00f1alta&#8217; imparte tres ciclos de formaci\u00f3n profesional de la rama agroganadera\"}]},{\"@type\":\"WebSite\",\"@id\":\"https:\/\/www.asajacyl.com\/palencia\/#website\",\"url\":\"https:\/\/www.asajacyl.com\/palencia\/\",\"name\":\"ASAJA Palencia\",\"description\":\"Otro sitio m\u00e1s de Provincias ASAJA Castilla y Le\u00f3n\",\"potentialAction\":[{\"@type\":\"SearchAction\",\"target\":{\"@type\":\"EntryPoint\",\"urlTemplate\":\"https:\/\/www.asajacyl.com\/palencia\/?s={search_term_string}\"},\"query-input\":{\"@type\":\"PropertyValueSpecification\",\"valueRequired\":true,\"valueName\":\"search_term_string\"}}],\"inLanguage\":\"es\"},{\"@type\":\"Person\",\"@id\":\"https:\/\/www.asajacyl.com\/palencia\/#\/schema\/person\/3ab17aeb03527485c317557fae64aab1\",\"name\":\"Administrador\",\"image\":{\"@type\":\"ImageObject\",\"inLanguage\":\"es\",\"@id\":\"https:\/\/www.asajacyl.com\/palencia\/#\/schema\/person\/image\/\",\"url\":\"https:\/\/secure.gravatar.com\/avatar\/517384810d242ca9e38c180f3c9fb973?s=96&d=mm&r=g\",\"contentUrl\":\"https:\/\/secure.gravatar.com\/avatar\/517384810d242ca9e38c180f3c9fb973?s=96&d=mm&r=g\",\"caption\":\"Administrador\"},\"url\":\"https:\/\/www.asajacyl.com\/palencia\/author\/carlosrm\"}]}<\/script>\n<!-- \/ Yoast SEO plugin. -->","yoast_head_json":{"title":"El centro 'Vi\u00f1alta' imparte tres ciclos de formaci\u00f3n profesional de la rama agroganadera - ASAJA Palencia","description":"La Junta de Castilla y Le\u00f3n, a trav\u00e9s de la Consejer\u00eda de Agricultura, Ganader\u00eda y Desarrollo Rural, sigue apostando por la Formaci\u00f3n Profesional Agraria","robots":{"index":"index","follow":"follow","max-snippet":"max-snippet:-1","max-image-preview":"max-image-preview:large","max-video-preview":"max-video-preview:-1"},"canonical":"https:\/\/www.asajacyl.com\/palencia\/asaja-palencia-informa\/el-centro-vinalta-imparte-tres-ciclos-de-formacion-profesional-de-la-rama-agroganadera","og_locale":"es_ES","og_type":"article","og_title":"El centro 'Vi\u00f1alta' imparte tres ciclos de formaci\u00f3n profesional de la rama agroganadera - ASAJA Palencia","og_description":"La Junta de Castilla y Le\u00f3n, a trav\u00e9s de la Consejer\u00eda de Agricultura, Ganader\u00eda y Desarrollo Rural, sigue apostando por la Formaci\u00f3n Profesional Agraria","og_url":"https:\/\/www.asajacyl.com\/palencia\/asaja-palencia-informa\/el-centro-vinalta-imparte-tres-ciclos-de-formacion-profesional-de-la-rama-agroganadera","og_site_name":"ASAJA Palencia","article_published_time":"2023-09-20T10:35:14+00:00","article_modified_time":"2023-09-20T10:35:17+00:00","og_image":[{"width":1024,"height":896,"url":"https:\/\/www.asajacyl.com\/palencia\/wp-content\/uploads\/sites\/3\/2023\/09\/Vacas-en-Vinalta-1024x896.jpg","type":"image\/jpeg"}],"author":"Administrador","twitter_card":"summary_large_image","twitter_misc":{"Escrito por":"Administrador","Tiempo de lectura":"3 minutos"},"schema":{"@context":"https:\/\/schema.org","@graph":[{"@type":"WebPage","@id":"https:\/\/www.asajacyl.com\/palencia\/asaja-palencia-informa\/el-centro-vinalta-imparte-tres-ciclos-de-formacion-profesional-de-la-rama-agroganadera","url":"https:\/\/www.asajacyl.com\/palencia\/asaja-palencia-informa\/el-centro-vinalta-imparte-tres-ciclos-de-formacion-profesional-de-la-rama-agroganadera","name":"El centro 'Vi\u00f1alta' imparte tres ciclos de formaci\u00f3n profesional de la rama agroganadera - ASAJA Palencia","isPartOf":{"@id":"https:\/\/www.asajacyl.com\/palencia\/#website"},"primaryImageOfPage":{"@id":"https:\/\/www.asajacyl.com\/palencia\/asaja-palencia-informa\/el-centro-vinalta-imparte-tres-ciclos-de-formacion-profesional-de-la-rama-agroganadera#primaryimage"},"image":{"@id":"https:\/\/www.asajacyl.com\/palencia\/asaja-palencia-informa\/el-centro-vinalta-imparte-tres-ciclos-de-formacion-profesional-de-la-rama-agroganadera#primaryimage"},"thumbnailUrl":"https:\/\/www.asajacyl.com\/palencia\/wp-content\/uploads\/sites\/3\/2023\/09\/Vacas-en-Vinalta.jpg","datePublished":"2023-09-20T10:35:14+00:00","dateModified":"2023-09-20T10:35:17+00:00","author":{"@id":"https:\/\/www.asajacyl.com\/palencia\/#\/schema\/person\/3ab17aeb03527485c317557fae64aab1"},"description":"La Junta de Castilla y Le\u00f3n, a trav\u00e9s de la Consejer\u00eda de Agricultura, Ganader\u00eda y Desarrollo Rural, sigue apostando por la Formaci\u00f3n Profesional Agraria","breadcrumb":{"@id":"https:\/\/www.asajacyl.com\/palencia\/asaja-palencia-informa\/el-centro-vinalta-imparte-tres-ciclos-de-formacion-profesional-de-la-rama-agroganadera#breadcrumb"},"inLanguage":"es","potentialAction":[{"@type":"ReadAction","target":["https:\/\/www.asajacyl.com\/palencia\/asaja-palencia-informa\/el-centro-vinalta-imparte-tres-ciclos-de-formacion-profesional-de-la-rama-agroganadera"]}]},{"@type":"ImageObject","inLanguage":"es","@id":"https:\/\/www.asajacyl.com\/palencia\/asaja-palencia-informa\/el-centro-vinalta-imparte-tres-ciclos-de-formacion-profesional-de-la-rama-agroganadera#primaryimage","url":"https:\/\/www.asajacyl.com\/palencia\/wp-content\/uploads\/sites\/3\/2023\/09\/Vacas-en-Vinalta.jpg","contentUrl":"https:\/\/www.asajacyl.com\/palencia\/wp-content\/uploads\/sites\/3\/2023\/09\/Vacas-en-Vinalta.jpg","width":1890,"height":1654},{"@type":"BreadcrumbList","@id":"https:\/\/www.asajacyl.com\/palencia\/asaja-palencia-informa\/el-centro-vinalta-imparte-tres-ciclos-de-formacion-profesional-de-la-rama-agroganadera#breadcrumb","itemListElement":[{"@type":"ListItem","position":1,"name":"Portada","item":"https:\/\/www.asajacyl.com\/palencia\/"},{"@type":"ListItem","position":2,"name":"El centro &#8216;Vi\u00f1alta&#8217; imparte tres ciclos de formaci\u00f3n profesional de la rama agroganadera"}]},{"@type":"WebSite","@id":"https:\/\/www.asajacyl.com\/palencia\/#website","url":"https:\/\/www.asajacyl.com\/palencia\/","name":"ASAJA Palencia","description":"Otro sitio m\u00e1s de Provincias ASAJA Castilla y Le\u00f3n","potentialAction":[{"@type":"SearchAction","target":{"@type":"EntryPoint","urlTemplate":"https:\/\/www.asajacyl.com\/palencia\/?s={search_term_string}"},"query-input":{"@type":"PropertyValueSpecification","valueRequired":true,"valueName":"search_term_string"}}],"inLanguage":"es"},{"@type":"Person","@id":"https:\/\/www.asajacyl.com\/palencia\/#\/schema\/person\/3ab17aeb03527485c317557fae64aab1","name":"Administrador","image":{"@type":"ImageObject","inLanguage":"es","@id":"https:\/\/www.asajacyl.com\/palencia\/#\/schema\/person\/image\/","url":"https:\/\/secure.gravatar.com\/avatar\/517384810d242ca9e38c180f3c9fb973?s=96&d=mm&r=g","contentUrl":"https:\/\/secure.gravatar.com\/avatar\/517384810d242ca9e38c180f3c9fb973?s=96&d=mm&r=g","caption":"Administrador"},"url":"https:\/\/www.asajacyl.com\/palencia\/author\/carlosrm"}]}},"_links":{"self":[{"href":"https:\/\/www.asajacyl.com\/palencia\/wp-json\/wp\/v2\/posts\/14223"}],"collection":[{"href":"https:\/\/www.asajacyl.com\/palencia\/wp-json\/wp\/v2\/posts"}],"about":[{"href":"https:\/\/www.asajacyl.com\/palencia\/wp-json\/wp\/v2\/types\/post"}],"author":[{"embeddable":true,"href":"https:\/\/www.asajacyl.com\/palencia\/wp-json\/wp\/v2\/users\/9"}],"replies":[{"embeddable":true,"href":"https:\/\/www.asajacyl.com\/palencia\/wp-json\/wp\/v2\/comments?post=14223"}],"version-history":[{"count":1,"href":"https:\/\/www.asajacyl.com\/palencia\/wp-json\/wp\/v2\/posts\/14223\/revisions"}],"predecessor-version":[{"id":14226,"href":"https:\/\/www.asajacyl.com\/palencia\/wp-json\/wp\/v2\/posts\/14223\/revisions\/14226"}],"wp:featuredmedia":[{"embeddable":true,"href":"https:\/\/www.asajacyl.com\/palencia\/wp-json\/wp\/v2\/media\/14224"}],"wp:attachment":[{"href":"https:\/\/www.asajacyl.com\/palencia\/wp-json\/wp\/v2\/media?parent=14223"}],"wp:term":[{"taxonomy":"category","embeddable":true,"href":"https:\/\/www.asajacyl.com\/palencia\/wp-json\/wp\/v2\/categories?post=14223"},{"taxonomy":"post_tag","embeddable":true,"href":"https:\/\/www.asajacyl.com\/palencia\/wp-json\/wp\/v2\/tags?post=14223"}],"curies":[{"name":"wp","href":"https:\/\/api.w.org\/{rel}","templated":true}]}}