{"id":14237,"date":"2023-09-20T14:02:30","date_gmt":"2023-09-20T12:02:30","guid":{"rendered":"https:\/\/www.asajacyl.com\/palencia\/?p=14237"},"modified":"2023-09-20T14:02:33","modified_gmt":"2023-09-20T12:02:33","slug":"la-junta-y-tres-regiones-mas-exigen-a-planas-medidas-ante-la-enfermedad-hemorragica-epizootica-ehe","status":"publish","type":"post","link":"https:\/\/www.asajacyl.com\/palencia\/asaja-palencia-informa\/la-junta-y-tres-regiones-mas-exigen-a-planas-medidas-ante-la-enfermedad-hemorragica-epizootica-ehe","title":{"rendered":"La Junta y tres regiones m\u00e1s exigen a Planas medidas ante la enfermedad hemorr\u00e1gica epizo\u00f3tica (EHE)"},"content":{"rendered":"\n<h2 class=\"wp-block-heading\">El consejero de Agricultura, Ganader\u00eda y Desarrollo Rural de la Junta de Castilla y Le\u00f3n, Gerardo Due\u00f1as, ha enviado una carta al ministro de Agricultura, Pesca y Alimentaci\u00f3n (MAPA), Luis Planas, para exigirle que tome medidas urgentes para ayudar a los ganaderos afectados por la epidemia de la Enfermedad Hemorr\u00e1gica Epizo\u00f3tica (EHE), que en Castilla y Le\u00f3n ya ha dejado 1.700 reses muertas por encima de las registradas el a\u00f1o pasado. La misiva enviada al MAPA, que tambi\u00e9n rubrican los consejeros del ramo de Arag\u00f3n, Comunidad Valenciana y Extremadura, urge a Planas a implicarse con los ganaderos y ofrecerles las ayudas que tanto tiempo llevan demandando.<\/h2>\n\n\n\n<p>A pesar de la gravedad de la situaci\u00f3n epidemiol\u00f3gica, transmitida a trav\u00e9s de insectos del g\u00e9nero\u00a0<em>culicoides<\/em>, el ministro sigue \u00abponi\u00e9ndose de perfil\u00bb, en opini\u00f3n de la Junta de Castilla y Le\u00f3n, \u00abrestando importancia a las consecuencias que la EHE est\u00e1 generando en un sector clave y estrat\u00e9gico para la econom\u00eda y el desarrollo rural de esta comunidad\u00bb.<\/p>\n\n\n\n<p>No se trata solo de datos de morbilidad por encima de lo esperado, sino que afecta sobre todo a las hembras a t\u00e9rmino de gestaci\u00f3n, que sufren abortos, o a otras con intensas p\u00e9rdidas de peso, con la consiguiente p\u00e9rdida de producci\u00f3n que conlleva en las explotaciones.<\/p>\n\n\n\n<p><strong>PALENCIA Y LE\u00d3N, LIBRES&#8230; DE MOMENTO. <\/strong>Seg\u00fan datos proporcionados ayer por la administraci\u00f3n auton\u00f3mica, ya se han registrado treinta y ocho focos registrados en toda Castilla y Le\u00f3n, con la excepci\u00f3n de las provincias de Le\u00f3n y Palencia.<\/p>\n\n\n\n<p>La Consejer\u00eda sostiene que mantiene su apoyo a los ganaderos y ofrece su colaboraci\u00f3n para paliar, en la medida de lo posible, la expansi\u00f3n de la enfermedad. Se est\u00e1n reforzando los protocolos de aviso, vigilancia y control de las explotaciones afectadas y, en colaboraci\u00f3n con la empresa de recogida de cad\u00e1veres, se ha incrementado el personal y la flota de veh\u00edculos destinados para tal fin, as\u00ed como habilitado puntos de referencia intermedios.<\/p>\n\n\n\n<p><strong>ESTA SEMANA, SIN PARTE. <\/strong>Pese a que el Ministerio de Agricultura ven\u00eda actualizando en la web cada martes desde el pasado 22 de agosto el parte de la evoluci\u00f3n de la EHE en el conjunto del pa\u00eds, ASAJA-Palencia ha detectado que esta semana no se ha elevado esa informaci\u00f3n, lo que hace alimentar las sospechas y los temores por parte del sector. <\/p>\n\n\n\n<p>En todo caso, nuestra organizaci\u00f3n insiste en las recomendaciones de extremar la vigilancia de sus explotaciones por si surgiera alg\u00fan caso, consejos comunicados a nuestros ganaderos ante la aparici\u00f3n en Espa\u00f1a de la EHE, y especialmente tras su llegada a Cantabria y Asturias, y tras continuar su avance en Castilla y Le\u00f3n, lo que ha motivado que en nuestra provincia s\u00ed opere la restricci\u00f3n de movimiento de ganado intracomunitario si su destino es para vida.<\/p>\n\n\n\n<p>Esta enfermedad v\u00edrica, que transmiten los mosquitos, afecta a los rumiantes, tanto silvestres (sobre todo, a los ciervos, pero tambi\u00e9n a los gamos y los corzos) como dom\u00e9sticos (vacuno, ovino y caprino), pero no afecta al ser humano. No existen vacunas para su prevenci\u00f3n, pero s\u00ed medicamentos para tratar los s\u00edntomas. Una de las medidas que se recomienda para el control de la enfermedad es la lucha vectorial mediante el empleo de insecticidas y repelentes en animales, medios de transporte e instalaciones.<\/p>\n\n\n\n<p>Para garantizar una desinsectaci\u00f3n eficaz es necesario, entre otros aspectos, usar un\u00a0<strong>insecticida que sea efectivo frente al vector<\/strong>\u00a0en cuesti\u00f3n. El Ministerio ha elaborado una lista de insecticidas: <\/p>\n\n\n\n<p><em>https:\/\/www.mapa.gob.es\/es\/ganaderia\/temas\/sanidad-animal-higiene-ganadera\/listaproductoslajulio2023_tcm30-520353.pdf <\/em><\/p>\n\n\n\n<p><strong>DECLARACI\u00d3N OBLIGATORIA.&nbsp;<\/strong>Se trata de una enfermedad de obligatoria declaraci\u00f3n, por lo que el ganadero debe comunicarlo a sus servicios veterinarios y a la unidad veterinaria a la que pertenezca, en cuanto surgen sospechas de su existencia en la explotaci\u00f3n.<\/p>\n\n\n\n<p>En el vacuno, se suele dar sintomatolog\u00eda cl\u00ednica (fiebre, \u00falceras en la boca, secreci\u00f3n nasal y ocular, cojera, dificultad para tragar\u2026), pero la mortalidad es baja; mientras que en el ovino y el caprino puede darse infecci\u00f3n, pero los s\u00edntomas son menores e incluso no aparecen.<strong>\/<\/strong><\/p>\n\n\n\n<p><\/p>\n","protected":false},"excerpt":{"rendered":"<p>El consejero de Agricultura, Ganader\u00eda y Desarrollo Rural de la Junta de Castilla y Le\u00f3n, Gerardo Due\u00f1as, ha enviado una carta al ministro de Agricultura, Pesca y Alimentaci\u00f3n (MAPA), Luis Planas, para exigirle que tome medidas urgentes para ayudar a los ganaderos afectados por la epidemia de la Enfermedad Hemorr\u00e1gica Epizo\u00f3tica (EHE), que en Castilla [&hellip;]<\/p>\n","protected":false},"author":9,"featured_media":14167,"comment_status":"open","ping_status":"open","sticky":false,"template":"","format":"standard","meta":{"footnotes":""},"categories":[9,29,28],"tags":[183,142,426,425,270,77,66,110,451,365,144],"yoast_head":"<!-- This site is optimized with the Yoast SEO plugin v24.5 - https:\/\/yoast.com\/wordpress\/plugins\/seo\/ -->\n<title>La Junta y tres regiones m\u00e1s exigen a Planas medidas ante la enfermedad hemorr\u00e1gica epizo\u00f3tica (EHE) - ASAJA Palencia<\/title>\n<meta name=\"description\" content=\"El consejero de Agricultura, Ganader\u00eda y Desarrollo Rural de la Junta de Castilla y Le\u00f3n, Gerardo Due\u00f1as, ha enviado una carta al ministro de Agricultura,\" \/>\n<meta name=\"robots\" content=\"index, follow, max-snippet:-1, max-image-preview:large, max-video-preview:-1\" \/>\n<link rel=\"canonical\" href=\"https:\/\/www.asajacyl.com\/palencia\/asaja-palencia-informa\/la-junta-y-tres-regiones-mas-exigen-a-planas-medidas-ante-la-enfermedad-hemorragica-epizootica-ehe\" \/>\n<meta property=\"og:locale\" content=\"es_ES\" \/>\n<meta property=\"og:type\" content=\"article\" \/>\n<meta property=\"og:title\" content=\"La Junta y tres regiones m\u00e1s exigen a Planas medidas ante la enfermedad hemorr\u00e1gica epizo\u00f3tica (EHE) - ASAJA Palencia\" \/>\n<meta property=\"og:description\" content=\"El consejero de Agricultura, Ganader\u00eda y Desarrollo Rural de la Junta de Castilla y Le\u00f3n, Gerardo Due\u00f1as, ha enviado una carta al ministro de Agricultura,\" \/>\n<meta property=\"og:url\" content=\"https:\/\/www.asajacyl.com\/palencia\/asaja-palencia-informa\/la-junta-y-tres-regiones-mas-exigen-a-planas-medidas-ante-la-enfermedad-hemorragica-epizootica-ehe\" \/>\n<meta property=\"og:site_name\" content=\"ASAJA Palencia\" \/>\n<meta property=\"article:published_time\" content=\"2023-09-20T12:02:30+00:00\" \/>\n<meta property=\"article:modified_time\" content=\"2023-09-20T12:02:33+00:00\" \/>\n<meta property=\"og:image\" content=\"https:\/\/www.asajacyl.com\/palencia\/wp-content\/uploads\/sites\/3\/2023\/09\/Mapa-zona-trasporte-EHE-5-sept.jpg\" \/>\n\t<meta property=\"og:image:width\" content=\"1890\" \/>\n\t<meta property=\"og:image:height\" content=\"1417\" \/>\n\t<meta property=\"og:image:type\" content=\"image\/jpeg\" \/>\n<meta name=\"author\" content=\"Administrador\" \/>\n<meta name=\"twitter:card\" content=\"summary_large_image\" \/>\n<meta name=\"twitter:label1\" content=\"Escrito por\" \/>\n\t<meta name=\"twitter:data1\" content=\"Administrador\" \/>\n\t<meta name=\"twitter:label2\" content=\"Tiempo de lectura\" \/>\n\t<meta name=\"twitter:data2\" content=\"4 minutos\" \/>\n<script type=\"application\/ld+json\" class=\"yoast-schema-graph\">{\"@context\":\"https:\/\/schema.org\",\"@graph\":[{\"@type\":\"WebPage\",\"@id\":\"https:\/\/www.asajacyl.com\/palencia\/asaja-palencia-informa\/la-junta-y-tres-regiones-mas-exigen-a-planas-medidas-ante-la-enfermedad-hemorragica-epizootica-ehe\",\"url\":\"https:\/\/www.asajacyl.com\/palencia\/asaja-palencia-informa\/la-junta-y-tres-regiones-mas-exigen-a-planas-medidas-ante-la-enfermedad-hemorragica-epizootica-ehe\",\"name\":\"La Junta y tres regiones m\u00e1s exigen a Planas medidas ante la enfermedad hemorr\u00e1gica epizo\u00f3tica (EHE) - ASAJA Palencia\",\"isPartOf\":{\"@id\":\"https:\/\/www.asajacyl.com\/palencia\/#website\"},\"primaryImageOfPage\":{\"@id\":\"https:\/\/www.asajacyl.com\/palencia\/asaja-palencia-informa\/la-junta-y-tres-regiones-mas-exigen-a-planas-medidas-ante-la-enfermedad-hemorragica-epizootica-ehe#primaryimage\"},\"image\":{\"@id\":\"https:\/\/www.asajacyl.com\/palencia\/asaja-palencia-informa\/la-junta-y-tres-regiones-mas-exigen-a-planas-medidas-ante-la-enfermedad-hemorragica-epizootica-ehe#primaryimage\"},\"thumbnailUrl\":\"https:\/\/www.asajacyl.com\/palencia\/wp-content\/uploads\/sites\/3\/2023\/09\/Mapa-zona-trasporte-EHE-5-sept.jpg\",\"datePublished\":\"2023-09-20T12:02:30+00:00\",\"dateModified\":\"2023-09-20T12:02:33+00:00\",\"author\":{\"@id\":\"https:\/\/www.asajacyl.com\/palencia\/#\/schema\/person\/3ab17aeb03527485c317557fae64aab1\"},\"description\":\"El consejero de Agricultura, Ganader\u00eda y Desarrollo Rural de la Junta de Castilla y Le\u00f3n, Gerardo Due\u00f1as, ha enviado una carta al ministro de Agricultura,\",\"breadcrumb\":{\"@id\":\"https:\/\/www.asajacyl.com\/palencia\/asaja-palencia-informa\/la-junta-y-tres-regiones-mas-exigen-a-planas-medidas-ante-la-enfermedad-hemorragica-epizootica-ehe#breadcrumb\"},\"inLanguage\":\"es\",\"potentialAction\":[{\"@type\":\"ReadAction\",\"target\":[\"https:\/\/www.asajacyl.com\/palencia\/asaja-palencia-informa\/la-junta-y-tres-regiones-mas-exigen-a-planas-medidas-ante-la-enfermedad-hemorragica-epizootica-ehe\"]}]},{\"@type\":\"ImageObject\",\"inLanguage\":\"es\",\"@id\":\"https:\/\/www.asajacyl.com\/palencia\/asaja-palencia-informa\/la-junta-y-tres-regiones-mas-exigen-a-planas-medidas-ante-la-enfermedad-hemorragica-epizootica-ehe#primaryimage\",\"url\":\"https:\/\/www.asajacyl.com\/palencia\/wp-content\/uploads\/sites\/3\/2023\/09\/Mapa-zona-trasporte-EHE-5-sept.jpg\",\"contentUrl\":\"https:\/\/www.asajacyl.com\/palencia\/wp-content\/uploads\/sites\/3\/2023\/09\/Mapa-zona-trasporte-EHE-5-sept.jpg\",\"width\":1890,\"height\":1417},{\"@type\":\"BreadcrumbList\",\"@id\":\"https:\/\/www.asajacyl.com\/palencia\/asaja-palencia-informa\/la-junta-y-tres-regiones-mas-exigen-a-planas-medidas-ante-la-enfermedad-hemorragica-epizootica-ehe#breadcrumb\",\"itemListElement\":[{\"@type\":\"ListItem\",\"position\":1,\"name\":\"Portada\",\"item\":\"https:\/\/www.asajacyl.com\/palencia\/\"},{\"@type\":\"ListItem\",\"position\":2,\"name\":\"La Junta y tres regiones m\u00e1s exigen a Planas medidas ante la enfermedad hemorr\u00e1gica epizo\u00f3tica (EHE)\"}]},{\"@type\":\"WebSite\",\"@id\":\"https:\/\/www.asajacyl.com\/palencia\/#website\",\"url\":\"https:\/\/www.asajacyl.com\/palencia\/\",\"name\":\"ASAJA Palencia\",\"description\":\"Otro sitio m\u00e1s de Provincias ASAJA Castilla y Le\u00f3n\",\"potentialAction\":[{\"@type\":\"SearchAction\",\"target\":{\"@type\":\"EntryPoint\",\"urlTemplate\":\"https:\/\/www.asajacyl.com\/palencia\/?s={search_term_string}\"},\"query-input\":{\"@type\":\"PropertyValueSpecification\",\"valueRequired\":true,\"valueName\":\"search_term_string\"}}],\"inLanguage\":\"es\"},{\"@type\":\"Person\",\"@id\":\"https:\/\/www.asajacyl.com\/palencia\/#\/schema\/person\/3ab17aeb03527485c317557fae64aab1\",\"name\":\"Administrador\",\"image\":{\"@type\":\"ImageObject\",\"inLanguage\":\"es\",\"@id\":\"https:\/\/www.asajacyl.com\/palencia\/#\/schema\/person\/image\/\",\"url\":\"https:\/\/secure.gravatar.com\/avatar\/517384810d242ca9e38c180f3c9fb973?s=96&d=mm&r=g\",\"contentUrl\":\"https:\/\/secure.gravatar.com\/avatar\/517384810d242ca9e38c180f3c9fb973?s=96&d=mm&r=g\",\"caption\":\"Administrador\"},\"url\":\"https:\/\/www.asajacyl.com\/palencia\/author\/carlosrm\"}]}<\/script>\n<!-- \/ Yoast SEO plugin. -->","yoast_head_json":{"title":"La Junta y tres regiones m\u00e1s exigen a Planas medidas ante la enfermedad hemorr\u00e1gica epizo\u00f3tica (EHE) - ASAJA Palencia","description":"El consejero de Agricultura, Ganader\u00eda y Desarrollo Rural de la Junta de Castilla y Le\u00f3n, Gerardo Due\u00f1as, ha enviado una carta al ministro de Agricultura,","robots":{"index":"index","follow":"follow","max-snippet":"max-snippet:-1","max-image-preview":"max-image-preview:large","max-video-preview":"max-video-preview:-1"},"canonical":"https:\/\/www.asajacyl.com\/palencia\/asaja-palencia-informa\/la-junta-y-tres-regiones-mas-exigen-a-planas-medidas-ante-la-enfermedad-hemorragica-epizootica-ehe","og_locale":"es_ES","og_type":"article","og_title":"La Junta y tres regiones m\u00e1s exigen a Planas medidas ante la enfermedad hemorr\u00e1gica epizo\u00f3tica (EHE) - ASAJA Palencia","og_description":"El consejero de Agricultura, Ganader\u00eda y Desarrollo Rural de la Junta de Castilla y Le\u00f3n, Gerardo Due\u00f1as, ha enviado una carta al ministro de Agricultura,","og_url":"https:\/\/www.asajacyl.com\/palencia\/asaja-palencia-informa\/la-junta-y-tres-regiones-mas-exigen-a-planas-medidas-ante-la-enfermedad-hemorragica-epizootica-ehe","og_site_name":"ASAJA Palencia","article_published_time":"2023-09-20T12:02:30+00:00","article_modified_time":"2023-09-20T12:02:33+00:00","og_image":[{"width":1890,"height":1417,"url":"https:\/\/www.asajacyl.com\/palencia\/wp-content\/uploads\/sites\/3\/2023\/09\/Mapa-zona-trasporte-EHE-5-sept.jpg","type":"image\/jpeg"}],"author":"Administrador","twitter_card":"summary_large_image","twitter_misc":{"Escrito por":"Administrador","Tiempo de lectura":"4 minutos"},"schema":{"@context":"https:\/\/schema.org","@graph":[{"@type":"WebPage","@id":"https:\/\/www.asajacyl.com\/palencia\/asaja-palencia-informa\/la-junta-y-tres-regiones-mas-exigen-a-planas-medidas-ante-la-enfermedad-hemorragica-epizootica-ehe","url":"https:\/\/www.asajacyl.com\/palencia\/asaja-palencia-informa\/la-junta-y-tres-regiones-mas-exigen-a-planas-medidas-ante-la-enfermedad-hemorragica-epizootica-ehe","name":"La Junta y tres regiones m\u00e1s exigen a Planas medidas ante la enfermedad hemorr\u00e1gica epizo\u00f3tica (EHE) - ASAJA Palencia","isPartOf":{"@id":"https:\/\/www.asajacyl.com\/palencia\/#website"},"primaryImageOfPage":{"@id":"https:\/\/www.asajacyl.com\/palencia\/asaja-palencia-informa\/la-junta-y-tres-regiones-mas-exigen-a-planas-medidas-ante-la-enfermedad-hemorragica-epizootica-ehe#primaryimage"},"image":{"@id":"https:\/\/www.asajacyl.com\/palencia\/asaja-palencia-informa\/la-junta-y-tres-regiones-mas-exigen-a-planas-medidas-ante-la-enfermedad-hemorragica-epizootica-ehe#primaryimage"},"thumbnailUrl":"https:\/\/www.asajacyl.com\/palencia\/wp-content\/uploads\/sites\/3\/2023\/09\/Mapa-zona-trasporte-EHE-5-sept.jpg","datePublished":"2023-09-20T12:02:30+00:00","dateModified":"2023-09-20T12:02:33+00:00","author":{"@id":"https:\/\/www.asajacyl.com\/palencia\/#\/schema\/person\/3ab17aeb03527485c317557fae64aab1"},"description":"El consejero de Agricultura, Ganader\u00eda y Desarrollo Rural de la Junta de Castilla y Le\u00f3n, Gerardo Due\u00f1as, ha enviado una carta al ministro de Agricultura,","breadcrumb":{"@id":"https:\/\/www.asajacyl.com\/palencia\/asaja-palencia-informa\/la-junta-y-tres-regiones-mas-exigen-a-planas-medidas-ante-la-enfermedad-hemorragica-epizootica-ehe#breadcrumb"},"inLanguage":"es","potentialAction":[{"@type":"ReadAction","target":["https:\/\/www.asajacyl.com\/palencia\/asaja-palencia-informa\/la-junta-y-tres-regiones-mas-exigen-a-planas-medidas-ante-la-enfermedad-hemorragica-epizootica-ehe"]}]},{"@type":"ImageObject","inLanguage":"es","@id":"https:\/\/www.asajacyl.com\/palencia\/asaja-palencia-informa\/la-junta-y-tres-regiones-mas-exigen-a-planas-medidas-ante-la-enfermedad-hemorragica-epizootica-ehe#primaryimage","url":"https:\/\/www.asajacyl.com\/palencia\/wp-content\/uploads\/sites\/3\/2023\/09\/Mapa-zona-trasporte-EHE-5-sept.jpg","contentUrl":"https:\/\/www.asajacyl.com\/palencia\/wp-content\/uploads\/sites\/3\/2023\/09\/Mapa-zona-trasporte-EHE-5-sept.jpg","width":1890,"height":1417},{"@type":"BreadcrumbList","@id":"https:\/\/www.asajacyl.com\/palencia\/asaja-palencia-informa\/la-junta-y-tres-regiones-mas-exigen-a-planas-medidas-ante-la-enfermedad-hemorragica-epizootica-ehe#breadcrumb","itemListElement":[{"@type":"ListItem","position":1,"name":"Portada","item":"https:\/\/www.asajacyl.com\/palencia\/"},{"@type":"ListItem","position":2,"name":"La Junta y tres regiones m\u00e1s exigen a Planas medidas ante la enfermedad hemorr\u00e1gica epizo\u00f3tica (EHE)"}]},{"@type":"WebSite","@id":"https:\/\/www.asajacyl.com\/palencia\/#website","url":"https:\/\/www.asajacyl.com\/palencia\/","name":"ASAJA Palencia","description":"Otro sitio m\u00e1s de Provincias ASAJA Castilla y Le\u00f3n","potentialAction":[{"@type":"SearchAction","target":{"@type":"EntryPoint","urlTemplate":"https:\/\/www.asajacyl.com\/palencia\/?s={search_term_string}"},"query-input":{"@type":"PropertyValueSpecification","valueRequired":true,"valueName":"search_term_string"}}],"inLanguage":"es"},{"@type":"Person","@id":"https:\/\/www.asajacyl.com\/palencia\/#\/schema\/person\/3ab17aeb03527485c317557fae64aab1","name":"Administrador","image":{"@type":"ImageObject","inLanguage":"es","@id":"https:\/\/www.asajacyl.com\/palencia\/#\/schema\/person\/image\/","url":"https:\/\/secure.gravatar.com\/avatar\/517384810d242ca9e38c180f3c9fb973?s=96&d=mm&r=g","contentUrl":"https:\/\/secure.gravatar.com\/avatar\/517384810d242ca9e38c180f3c9fb973?s=96&d=mm&r=g","caption":"Administrador"},"url":"https:\/\/www.asajacyl.com\/palencia\/author\/carlosrm"}]}},"_links":{"self":[{"href":"https:\/\/www.asajacyl.com\/palencia\/wp-json\/wp\/v2\/posts\/14237"}],"collection":[{"href":"https:\/\/www.asajacyl.com\/palencia\/wp-json\/wp\/v2\/posts"}],"about":[{"href":"https:\/\/www.asajacyl.com\/palencia\/wp-json\/wp\/v2\/types\/post"}],"author":[{"embeddable":true,"href":"https:\/\/www.asajacyl.com\/palencia\/wp-json\/wp\/v2\/users\/9"}],"replies":[{"embeddable":true,"href":"https:\/\/www.asajacyl.com\/palencia\/wp-json\/wp\/v2\/comments?post=14237"}],"version-history":[{"count":1,"href":"https:\/\/www.asajacyl.com\/palencia\/wp-json\/wp\/v2\/posts\/14237\/revisions"}],"predecessor-version":[{"id":14238,"href":"https:\/\/www.asajacyl.com\/palencia\/wp-json\/wp\/v2\/posts\/14237\/revisions\/14238"}],"wp:featuredmedia":[{"embeddable":true,"href":"https:\/\/www.asajacyl.com\/palencia\/wp-json\/wp\/v2\/media\/14167"}],"wp:attachment":[{"href":"https:\/\/www.asajacyl.com\/palencia\/wp-json\/wp\/v2\/media?parent=14237"}],"wp:term":[{"taxonomy":"category","embeddable":true,"href":"https:\/\/www.asajacyl.com\/palencia\/wp-json\/wp\/v2\/categories?post=14237"},{"taxonomy":"post_tag","embeddable":true,"href":"https:\/\/www.asajacyl.com\/palencia\/wp-json\/wp\/v2\/tags?post=14237"}],"curies":[{"name":"wp","href":"https:\/\/api.w.org\/{rel}","templated":true}]}}