{"id":14246,"date":"2023-09-21T11:48:45","date_gmt":"2023-09-21T09:48:45","guid":{"rendered":"https:\/\/www.asajacyl.com\/palencia\/?p=14246"},"modified":"2023-09-21T11:48:47","modified_gmt":"2023-09-21T09:48:47","slug":"asaja-alerta-sobre-la-bajada-en-las-cuantias-de-las-ayudas-previstas-por-los-ecorregimenes","status":"publish","type":"post","link":"https:\/\/www.asajacyl.com\/palencia\/asaja-palencia-informa\/asaja-alerta-sobre-la-bajada-en-las-cuantias-de-las-ayudas-previstas-por-los-ecorregimenes","title":{"rendered":"ASAJA alerta sobre la bajada en las cuant\u00edas de las ayudas previstas por los ecorreg\u00edmenes"},"content":{"rendered":"\n<h2 class=\"wp-block-heading\">El Fondo Espa\u00f1ol de Garant\u00eda Agraria (FEGA), organismo del Ministerio de Agricultura, Pesca y Alimentaci\u00f3n (MAPA), ha publicado los <a href=\"https:\/\/www.asajacyl.com\/palencia\/asaja-palencia-informa\/el-fega-difunde-los-importes-provisionales-de-los-ecorregimenes-de-la-campana-2023\" target=\"_blank\" rel=\"noreferrer noopener\">importes unitarios provisionales de los ecorreg\u00edmenes para la campa\u00f1a 2023<\/a>, primera de la nueva PAC, calculados con los datos de superficie y agricultores acogidos en todas las comunidades aut\u00f3nomas. ASAJA advierte que en varias l\u00edneas estas cuant\u00edas son menores de lo esperado, aspecto que influir\u00e1 en las decisiones de los profesionales cara a las pr\u00f3ximas siembras.<\/h2>\n\n\n\n<p>Con la entrada del oto\u00f1o esta semana, precedido por unas lluvias bastante generalizadas y muy necesarias para tierras y pastos, los agricultores de Castilla y Le\u00f3n planifican estos d\u00edas los cultivos que albergar\u00e1n sus explotaciones en la nueva campa\u00f1a. <\/p>\n\n\n\n<p>Las dificultades econ\u00f3micas, con elevados costes de producci\u00f3n no recompensados por unos precios de venta exiguos, aumentan la prudencia en las decisiones del sector a la hora de elegir producciones y superficies, y toda posible merma de ingresos se tiene en cuenta.<\/p>\n\n\n\n<p>A medida que se conocen la ayuda por hect\u00e1rea que finalmente se abonar\u00e1n a la superficie acogida a los diferentes eco reg\u00edmenes, se observan recortes significativos respecto a las estimaciones iniciales. <\/p>\n\n\n\n<p>As\u00ed, en una l\u00ednea muy importante para Castilla y Le\u00f3n como la de <em>Pastoreo extensivo, siega y biodiversidad de pastos,<\/em> esta bajada supondr\u00e1 por hect\u00e1rea entre 13,77 euros menos en pastos mediterr\u00e1neos y 17,44 euros menos en pastos h\u00famedos, alrededor de un 30% menor. <\/p>\n\n\n\n<p>Esta situaci\u00f3n tambi\u00e9n afecta a las tierras de cultivo y cultivos permanentes, fundamentalmente secanos, acogidos a la ayuda a espacios de biodiversidad, que se ve recortada en un 22%, unos 12,20 euros menos por hect\u00e1rea de lo previsto.<\/p>\n\n\n\n<p><strong>SECANO Y GANADER\u00cdA EXTENSIVA, LOS M\u00c1S AFECTADOS. <\/strong>Para Donaciano Dujo, presidente de ASAJA Castilla y Le\u00f3n, los m\u00e1s afectados son los agricultores de secano y la ganader\u00eda extensiva, precisamente dos sectores muy golpeados por la reciente sequ\u00eda, \u00abprofesionales que van a ver recortada la cuant\u00eda por hect\u00e1rea que esperaban cobrar en un momento muy dif\u00edcil\u00bb.<\/p>\n\n\n\n<p>Otro punto necesario para que los agricultores determinen sus planes de cultivo es conocer ya cu\u00e1les ser\u00e1n los condicionantes para las pr\u00f3ximas siembras, qu\u00e9 nivel de flexibilidad se permitir\u00e1 tanto en la condicionalidad como en los eco reg\u00edmenes en cuanto a rotaci\u00f3n de cultivos, porcentaje de cultivos mejorantes, limitaciones del tipo de labores, porcentaje de cultivos mejorantes, densidad ganadera\u2026 <\/p>\n\n\n\n<p>ASAJA ha pedido a las administraciones, tanto al Ministerio \u2014en su labor de legislador\u2014 como a la Consejer\u00eda de Agricultura, Ganader\u00eda y Desarrollo Rural de la Junta de Castilla y Le\u00f3n \u2014que tiene cierto margen de maniobra en nuestro territorio\u2014 que anticipen cu\u00e1les ser\u00e1n los condicionantes para las pr\u00f3ximas siembras y si habr\u00e1 alguna flexibilidad, que permita a nuestro sector agroganadero adecuar la l\u00f3gica agron\u00f3mica con la sostenibilidad.<\/p>\n\n\n\n<p>\u00abASAJA tiene claro que hay que mantener las excepciones establecidas la pasada campa\u00f1a por la guerra en Ucrania, m\u00e1s en un momento en el que la soberan\u00eda alimentaria est\u00e1 en riesgo y en el que ya hay comunidades aut\u00f3nomas que se plantean sistemas para activar hect\u00e1reas que hoy no est\u00e1n productivas\u00bb, se\u00f1ala Donaciano Dujo.<\/p>\n\n\n\n<p><strong>RESPALDO CON RETICENCIAS.  <\/strong>Pese a las reticencias del sector a muchos de los requisitos exigidos, que complican y encarecen las labores sin justificaci\u00f3n clara del beneficio que aportan, la adscripci\u00f3n de agricultores a los eco reg\u00edmenes, de los que depende el 23% de las ayudas directas, ha superado lo estimado. <\/p>\n\n\n\n<p>En un momento extraordinariamente complicado para la rentabilidad de las explotaciones, \u00ablos agricultores hemos optado por la menos mala de las salidas, asumir los eco reg\u00edmenes y sus complicaciones, porque el panorama es muy oscuro&#8230; es como el refr\u00e1n, m\u00e1s vale p\u00e1jaro en mano, al menos a corto plazo, ya que habr\u00e1 que ver qu\u00e9 consecuencias tiene esto para la rentabilidad de cada explotaci\u00f3n\u00bb, subraya Donaciano Dujo, presidente de ASAJA Castilla y Le\u00f3n.<\/p>\n\n\n\n<p>As\u00ed, en Espa\u00f1a tres de cada cuatro agricultores perceptores de PAC se han acogido a ecorreg\u00edmenes voluntarios, con alrededor de diecinueve millones de hect\u00e1reas, el 87% del total; un dato elevado, puesto que se estimaba que se cubrir\u00eda como m\u00e1ximo el 70%.<\/p>\n\n\n\n<p>En Castilla y Le\u00f3n a\u00fan es m\u00e1s alto, ya que el porcentaje de agricultores y ganaderos que se han acogido a alguna pr\u00e1ctica de los ecoreg\u00edmenes es de 54.402, cerca del 92%, con el 95% de la superficie, un respaldo que obedece principalmente al hecho de que las explotaciones en nuestra comunidad est\u00e1n m\u00e1s dimensionadas y profesionalizadas.<\/p>\n\n\n\n<p><strong>Avance de superficies (hect\u00e1reas) por r\u00e9gimen de ayuda, Castilla y Le\u00f3n y total Espa\u00f1a | PAC 2023<\/strong><\/p>\n\n\n\n<figure class=\"wp-block-table is-style-stripes\"><table><tbody><tr><td colspan=\"5\">&nbsp;<\/td><td class=\"has-text-align-right\" data-align=\"right\"><strong>CASTILLA<\/strong><br><strong>Y LE\u00d3N<\/strong><\/td><td class=\"has-text-align-right\" data-align=\"right\"><strong>ESPA\u00d1A<\/strong><\/td><\/tr><tr><td colspan=\"5\"><strong>TOTAL AYUDA B\u00c1SICA A LA RENTA PARA LA SOSTENIBILIDAD<\/strong><\/td><td class=\"has-text-align-right\" data-align=\"right\"><strong>4.922.198,81<\/strong><\/td><td class=\"has-text-align-right\" data-align=\"right\"><strong>22.001.984,67<\/strong><\/td><\/tr><tr><td colspan=\"5\">Agricultura de carbono y agroecolog\u00eda: Pastoreo extensivo, siega y biodiversidad (pastos h\u00famedos)<\/td><td class=\"has-text-align-right\" data-align=\"right\">565.131,36<\/td><td class=\"has-text-align-right\" data-align=\"right\">2.356.531,02<\/td><\/tr><tr><td colspan=\"5\">Agricultura de carbono y agroecolog\u00eda: Pastoreo extensivo, siega y biodiversidad (pas. mediterr\u00e1neos)<\/td><td class=\"has-text-align-right\" data-align=\"right\">926.603,85<\/td><td class=\"has-text-align-right\" data-align=\"right\">4.361.225,28<\/td><\/tr><tr><td colspan=\"5\"><strong>Agricultura de carbono y agroecolog\u00eda EN PASTOS (Pastoreo extensivo y Siega sostenible)<\/strong><\/td><td class=\"has-text-align-right\" data-align=\"right\"><strong>1.491.735,21<\/strong><\/td><td class=\"has-text-align-right\" data-align=\"right\"><strong>6.717.756,30<\/strong><\/td><\/tr><tr><td colspan=\"5\">Agricultura de carbono y agroecolog\u00eda: Rotaciones y siembra directa en tierras de secano<\/td><td class=\"has-text-align-right\" data-align=\"right\">2.006.968,84<\/td><td class=\"has-text-align-right\" data-align=\"right\">4.858.806,34<\/td><\/tr><tr><td colspan=\"5\">Agricultura de carbono y agroecolog\u00eda: Rotaciones y siembra directa en tierras de secano h\u00famedo<\/td><td class=\"has-text-align-right\" data-align=\"right\">100.979,06<\/td><td class=\"has-text-align-right\" data-align=\"right\">629.980,09<\/td><\/tr><tr><td colspan=\"5\">Agricultura de carbono y agroecolog\u00eda: Rotaciones y siembra directa en tierras de cultivo de regad\u00edo<\/td><td class=\"has-text-align-right\" data-align=\"right\">400.091,75<\/td><td class=\"has-text-align-right\" data-align=\"right\">1.454.926,69<\/td><\/tr><tr><td colspan=\"5\"><strong>Agricultura de carbono y agroecolog\u00eda EN TIERRAS DE CULTIVO (rotaci\u00f3n y siem. directa)<\/strong><\/td><td class=\"has-text-align-right\" data-align=\"right\"><strong>2.508.039,65<\/strong><\/td><td class=\"has-text-align-right\" data-align=\"right\"><strong>6.943.713,12<\/strong><\/td><\/tr><tr><td colspan=\"5\">Agricultura de carbono: Cubiertas vegetales y cubiertas inertes en cultivos le\u00f1osos en terrenos llanos<\/td><td class=\"has-text-align-right\" data-align=\"right\">19.012,50<\/td><td class=\"has-text-align-right\" data-align=\"right\">712.755,25<\/td><\/tr><tr><td colspan=\"5\">Agricultura de carbono: Cubiertas vegetales e inertes en le\u00f1osos en terrenos de pendiente media<\/td><td class=\"has-text-align-right\" data-align=\"right\">8.250,22<\/td><td class=\"has-text-align-right\" data-align=\"right\">582.601,72<\/td><\/tr><tr><td colspan=\"5\">Agr. de carbono: Cubiertas vegetales e inertes en le\u00f1osos en terrenos de elevada pendiente y bancales<\/td><td class=\"has-text-align-right\" data-align=\"right\">4.918,40<\/td><td class=\"has-text-align-right\" data-align=\"right\">1.082.710,19<\/td><\/tr><tr><td colspan=\"5\"><strong>Agricultura de carbono EN CULTIVOS LE\u00d1OSOS (cubiertas vegetales y cubiertas inertes)<\/strong><\/td><td class=\"has-text-align-right\" data-align=\"right\"><strong>32.181,12<\/strong><\/td><td class=\"has-text-align-right\" data-align=\"right\"><strong>2.378.067,16<\/strong><\/td><\/tr><tr><td colspan=\"5\">Agroecolog\u00eda: Espacios de biodiversidad en tierras de cultivo, cultivos bajo agua y cult. permanentes<\/td><td class=\"has-text-align-right\" data-align=\"right\">670.274,97<\/td><td class=\"has-text-align-right\" data-align=\"right\">3.014.135,56<\/td><\/tr><tr><td colspan=\"5\">Agroecolog\u00eda: Gesti\u00f3n de la l\u00e1mina de agua en cultivos bajo agua<\/td><td class=\"has-text-align-right\" data-align=\"right\">0,00<\/td><td class=\"has-text-align-right\" data-align=\"right\">52.406,74<\/td><\/tr><tr><td colspan=\"5\"><strong>AGROECOLOG\u00cdA en tierras de cult. y cult. permanentes (espacios de biod. y l\u00e1mina de agua)<\/strong><\/td><td class=\"has-text-align-right\" data-align=\"right\"><strong>670.274,97<\/strong><\/td><td class=\"has-text-align-right\" data-align=\"right\"><strong>3.066.542,30<\/strong><\/td><\/tr><tr><td><\/td><td class=\"has-text-align-right\" data-align=\"right\"><\/td><td class=\"has-text-align-right\" data-align=\"right\"><\/td><\/tr><tr><td colspan=\"5\"><strong>TOTAL ECORREG\u00cdMENES<\/strong><\/td><td class=\"has-text-align-right\" data-align=\"right\"><strong>4.702.230,95<\/strong><\/td><td class=\"has-text-align-right\" data-align=\"right\"><strong>19.106.078,88<\/strong><\/td><\/tr><tr><td><\/td><td class=\"has-text-align-right\" data-align=\"right\"><\/td><td class=\"has-text-align-right\" data-align=\"right\"><\/td><\/tr><tr><td colspan=\"5\">Ayuda a la producci\u00f3n sostenible de prote\u00ednas de origen vegetal<\/td><td class=\"has-text-align-right\" data-align=\"right\">384.774,27<\/td><td class=\"has-text-align-right\" data-align=\"right\">829.071,66<\/td><\/tr><tr><td colspan=\"5\">Ayuda a la producci\u00f3n sostenible de arroz<\/td><td class=\"has-text-align-right\" data-align=\"right\">0,00<\/td><td class=\"has-text-align-right\" data-align=\"right\">54.623,39<\/td><\/tr><tr><td colspan=\"5\">Ayuda a la producci\u00f3n sostenible de remolacha azucarera<\/td><td class=\"has-text-align-right\" data-align=\"right\">24.167,90<\/td><td class=\"has-text-align-right\" data-align=\"right\">33.408,34<\/td><\/tr><tr><td colspan=\"5\">Ayuda a la producci\u00f3n sostenible de tomate para transformaci\u00f3n<\/td><td class=\"has-text-align-right\" data-align=\"right\">0,00<\/td><td class=\"has-text-align-right\" data-align=\"right\">28.840,46<\/td><\/tr><tr><td colspan=\"5\">Ayuda a los productores de frutos secos en \u00e1reas con riesgo de desertificaci\u00f3n<\/td><td class=\"has-text-align-right\" data-align=\"right\">1.806,59<\/td><td class=\"has-text-align-right\" data-align=\"right\">216.293,09<\/td><\/tr><tr><td colspan=\"5\">Ayuda a la producci\u00f3n tradicional de uva pasa<\/td><td class=\"has-text-align-right\" data-align=\"right\">0,00<\/td><td class=\"has-text-align-right\" data-align=\"right\">476,63<\/td><\/tr><tr><td colspan=\"5\">Ayuda al olivar con dificultades espec\u00edficas y alto valor medioambiental<\/td><td class=\"has-text-align-right\" data-align=\"right\">166,27<\/td><td class=\"has-text-align-right\" data-align=\"right\">660.255,98<\/td><\/tr><tr><td colspan=\"5\">Pago espec\u00edfico al cultivo del algod\u00f3n<\/td><td class=\"has-text-align-right\" data-align=\"right\">0,00<\/td><td class=\"has-text-align-right\" data-align=\"right\">51.557,25<\/td><\/tr><tr><td colspan=\"5\"><strong>TOTAL AYUDAS ASOCIADAS<\/strong><\/td><td class=\"has-text-align-right\" data-align=\"right\"><strong>410.915,03<\/strong><\/td><td class=\"has-text-align-right\" data-align=\"right\"><strong>1.874.526,80<\/strong><\/td><\/tr><tr><td><\/td><td class=\"has-text-align-right\" data-align=\"right\"><\/td><td class=\"has-text-align-right\" data-align=\"right\"><\/td><\/tr><tr><td colspan=\"5\"><strong>TOTAL SUPERFICIE DECLARADA EN LA SOLICITUD \u00daNICA<\/strong><\/td><td class=\"has-text-align-right\" data-align=\"right\"><strong>4.935.586,71<\/strong><\/td><td class=\"has-text-align-right\" data-align=\"right\"><strong>22.205.644,14<\/strong><\/td><\/tr><tr><td><\/td><td class=\"has-text-align-right\" data-align=\"right\"><\/td><td class=\"has-text-align-right\" data-align=\"right\"><\/td><\/tr><\/tbody><\/table><figcaption class=\"wp-element-caption\"><em>FUENTE: Ministerio de Agricultura, Pesca y Alimentaci\u00f3n. Datos provisionales<\/em><\/figcaption><\/figure>\n\n\n\n<p><\/p>\n","protected":false},"excerpt":{"rendered":"<p>El Fondo Espa\u00f1ol de Garant\u00eda Agraria (FEGA), organismo del Ministerio de Agricultura, Pesca y Alimentaci\u00f3n (MAPA), ha publicado los importes unitarios provisionales de los ecorreg\u00edmenes para la campa\u00f1a 2023, primera de la nueva PAC, calculados con los datos de superficie y agricultores acogidos en todas las comunidades aut\u00f3nomas. ASAJA advierte que en varias l\u00edneas estas [&hellip;]<\/p>\n","protected":false},"author":9,"featured_media":14247,"comment_status":"open","ping_status":"open","sticky":false,"template":"","format":"standard","meta":{"footnotes":""},"categories":[9,29,28],"tags":[58,343,59,253,142,250,77,66,110,342,458,127],"yoast_head":"<!-- This site is optimized with the Yoast SEO plugin v24.5 - https:\/\/yoast.com\/wordpress\/plugins\/seo\/ -->\n<title>ASAJA alerta sobre la bajada en las cuant\u00edas de las ayudas previstas por los ecorreg\u00edmenes - ASAJA Palencia<\/title>\n<meta name=\"description\" content=\"El Fondo Espa\u00f1ol de Garant\u00eda Agraria (FEGA), organismo del Ministerio de Agricultura, Pesca y Alimentaci\u00f3n (MAPA), ha publicado los importes unitarios\" \/>\n<meta name=\"robots\" content=\"index, follow, max-snippet:-1, max-image-preview:large, max-video-preview:-1\" \/>\n<link rel=\"canonical\" href=\"https:\/\/www.asajacyl.com\/palencia\/asaja-palencia-informa\/asaja-alerta-sobre-la-bajada-en-las-cuantias-de-las-ayudas-previstas-por-los-ecorregimenes\" \/>\n<meta property=\"og:locale\" content=\"es_ES\" \/>\n<meta property=\"og:type\" content=\"article\" \/>\n<meta property=\"og:title\" content=\"ASAJA alerta sobre la bajada en las cuant\u00edas de las ayudas previstas por los ecorreg\u00edmenes - ASAJA Palencia\" \/>\n<meta property=\"og:description\" content=\"El Fondo Espa\u00f1ol de Garant\u00eda Agraria (FEGA), organismo del Ministerio de Agricultura, Pesca y Alimentaci\u00f3n (MAPA), ha publicado los importes unitarios\" \/>\n<meta property=\"og:url\" content=\"https:\/\/www.asajacyl.com\/palencia\/asaja-palencia-informa\/asaja-alerta-sobre-la-bajada-en-las-cuantias-de-las-ayudas-previstas-por-los-ecorregimenes\" \/>\n<meta property=\"og:site_name\" content=\"ASAJA Palencia\" \/>\n<meta property=\"article:published_time\" content=\"2023-09-21T09:48:45+00:00\" \/>\n<meta property=\"article:modified_time\" content=\"2023-09-21T09:48:47+00:00\" \/>\n<meta property=\"og:image\" content=\"https:\/\/www.asajacyl.com\/palencia\/wp-content\/uploads\/sites\/3\/2023\/09\/Ganado-ovino-extensivo-1024x896.jpg\" \/>\n\t<meta property=\"og:image:width\" content=\"1024\" \/>\n\t<meta property=\"og:image:height\" content=\"896\" \/>\n\t<meta property=\"og:image:type\" content=\"image\/jpeg\" \/>\n<meta name=\"author\" content=\"Administrador\" \/>\n<meta name=\"twitter:card\" content=\"summary_large_image\" \/>\n<meta name=\"twitter:label1\" content=\"Escrito por\" \/>\n\t<meta name=\"twitter:data1\" content=\"Administrador\" \/>\n\t<meta name=\"twitter:label2\" content=\"Tiempo de lectura\" \/>\n\t<meta name=\"twitter:data2\" content=\"5 minutos\" \/>\n<script type=\"application\/ld+json\" class=\"yoast-schema-graph\">{\"@context\":\"https:\/\/schema.org\",\"@graph\":[{\"@type\":\"WebPage\",\"@id\":\"https:\/\/www.asajacyl.com\/palencia\/asaja-palencia-informa\/asaja-alerta-sobre-la-bajada-en-las-cuantias-de-las-ayudas-previstas-por-los-ecorregimenes\",\"url\":\"https:\/\/www.asajacyl.com\/palencia\/asaja-palencia-informa\/asaja-alerta-sobre-la-bajada-en-las-cuantias-de-las-ayudas-previstas-por-los-ecorregimenes\",\"name\":\"ASAJA alerta sobre la bajada en las cuant\u00edas de las ayudas previstas por los ecorreg\u00edmenes - ASAJA Palencia\",\"isPartOf\":{\"@id\":\"https:\/\/www.asajacyl.com\/palencia\/#website\"},\"primaryImageOfPage\":{\"@id\":\"https:\/\/www.asajacyl.com\/palencia\/asaja-palencia-informa\/asaja-alerta-sobre-la-bajada-en-las-cuantias-de-las-ayudas-previstas-por-los-ecorregimenes#primaryimage\"},\"image\":{\"@id\":\"https:\/\/www.asajacyl.com\/palencia\/asaja-palencia-informa\/asaja-alerta-sobre-la-bajada-en-las-cuantias-de-las-ayudas-previstas-por-los-ecorregimenes#primaryimage\"},\"thumbnailUrl\":\"https:\/\/www.asajacyl.com\/palencia\/wp-content\/uploads\/sites\/3\/2023\/09\/Ganado-ovino-extensivo.jpg\",\"datePublished\":\"2023-09-21T09:48:45+00:00\",\"dateModified\":\"2023-09-21T09:48:47+00:00\",\"author\":{\"@id\":\"https:\/\/www.asajacyl.com\/palencia\/#\/schema\/person\/3ab17aeb03527485c317557fae64aab1\"},\"description\":\"El Fondo Espa\u00f1ol de Garant\u00eda Agraria (FEGA), organismo del Ministerio de Agricultura, Pesca y Alimentaci\u00f3n (MAPA), ha publicado los importes unitarios\",\"breadcrumb\":{\"@id\":\"https:\/\/www.asajacyl.com\/palencia\/asaja-palencia-informa\/asaja-alerta-sobre-la-bajada-en-las-cuantias-de-las-ayudas-previstas-por-los-ecorregimenes#breadcrumb\"},\"inLanguage\":\"es\",\"potentialAction\":[{\"@type\":\"ReadAction\",\"target\":[\"https:\/\/www.asajacyl.com\/palencia\/asaja-palencia-informa\/asaja-alerta-sobre-la-bajada-en-las-cuantias-de-las-ayudas-previstas-por-los-ecorregimenes\"]}]},{\"@type\":\"ImageObject\",\"inLanguage\":\"es\",\"@id\":\"https:\/\/www.asajacyl.com\/palencia\/asaja-palencia-informa\/asaja-alerta-sobre-la-bajada-en-las-cuantias-de-las-ayudas-previstas-por-los-ecorregimenes#primaryimage\",\"url\":\"https:\/\/www.asajacyl.com\/palencia\/wp-content\/uploads\/sites\/3\/2023\/09\/Ganado-ovino-extensivo.jpg\",\"contentUrl\":\"https:\/\/www.asajacyl.com\/palencia\/wp-content\/uploads\/sites\/3\/2023\/09\/Ganado-ovino-extensivo.jpg\",\"width\":1890,\"height\":1654},{\"@type\":\"BreadcrumbList\",\"@id\":\"https:\/\/www.asajacyl.com\/palencia\/asaja-palencia-informa\/asaja-alerta-sobre-la-bajada-en-las-cuantias-de-las-ayudas-previstas-por-los-ecorregimenes#breadcrumb\",\"itemListElement\":[{\"@type\":\"ListItem\",\"position\":1,\"name\":\"Portada\",\"item\":\"https:\/\/www.asajacyl.com\/palencia\/\"},{\"@type\":\"ListItem\",\"position\":2,\"name\":\"ASAJA alerta sobre la bajada en las cuant\u00edas de las ayudas previstas por los ecorreg\u00edmenes\"}]},{\"@type\":\"WebSite\",\"@id\":\"https:\/\/www.asajacyl.com\/palencia\/#website\",\"url\":\"https:\/\/www.asajacyl.com\/palencia\/\",\"name\":\"ASAJA Palencia\",\"description\":\"Otro sitio m\u00e1s de Provincias ASAJA Castilla y Le\u00f3n\",\"potentialAction\":[{\"@type\":\"SearchAction\",\"target\":{\"@type\":\"EntryPoint\",\"urlTemplate\":\"https:\/\/www.asajacyl.com\/palencia\/?s={search_term_string}\"},\"query-input\":{\"@type\":\"PropertyValueSpecification\",\"valueRequired\":true,\"valueName\":\"search_term_string\"}}],\"inLanguage\":\"es\"},{\"@type\":\"Person\",\"@id\":\"https:\/\/www.asajacyl.com\/palencia\/#\/schema\/person\/3ab17aeb03527485c317557fae64aab1\",\"name\":\"Administrador\",\"image\":{\"@type\":\"ImageObject\",\"inLanguage\":\"es\",\"@id\":\"https:\/\/www.asajacyl.com\/palencia\/#\/schema\/person\/image\/\",\"url\":\"https:\/\/secure.gravatar.com\/avatar\/517384810d242ca9e38c180f3c9fb973?s=96&d=mm&r=g\",\"contentUrl\":\"https:\/\/secure.gravatar.com\/avatar\/517384810d242ca9e38c180f3c9fb973?s=96&d=mm&r=g\",\"caption\":\"Administrador\"},\"url\":\"https:\/\/www.asajacyl.com\/palencia\/author\/carlosrm\"}]}<\/script>\n<!-- \/ Yoast SEO plugin. -->","yoast_head_json":{"title":"ASAJA alerta sobre la bajada en las cuant\u00edas de las ayudas previstas por los ecorreg\u00edmenes - ASAJA Palencia","description":"El Fondo Espa\u00f1ol de Garant\u00eda Agraria (FEGA), organismo del Ministerio de Agricultura, Pesca y Alimentaci\u00f3n (MAPA), ha publicado los importes unitarios","robots":{"index":"index","follow":"follow","max-snippet":"max-snippet:-1","max-image-preview":"max-image-preview:large","max-video-preview":"max-video-preview:-1"},"canonical":"https:\/\/www.asajacyl.com\/palencia\/asaja-palencia-informa\/asaja-alerta-sobre-la-bajada-en-las-cuantias-de-las-ayudas-previstas-por-los-ecorregimenes","og_locale":"es_ES","og_type":"article","og_title":"ASAJA alerta sobre la bajada en las cuant\u00edas de las ayudas previstas por los ecorreg\u00edmenes - ASAJA Palencia","og_description":"El Fondo Espa\u00f1ol de Garant\u00eda Agraria (FEGA), organismo del Ministerio de Agricultura, Pesca y Alimentaci\u00f3n (MAPA), ha publicado los importes unitarios","og_url":"https:\/\/www.asajacyl.com\/palencia\/asaja-palencia-informa\/asaja-alerta-sobre-la-bajada-en-las-cuantias-de-las-ayudas-previstas-por-los-ecorregimenes","og_site_name":"ASAJA Palencia","article_published_time":"2023-09-21T09:48:45+00:00","article_modified_time":"2023-09-21T09:48:47+00:00","og_image":[{"width":1024,"height":896,"url":"https:\/\/www.asajacyl.com\/palencia\/wp-content\/uploads\/sites\/3\/2023\/09\/Ganado-ovino-extensivo-1024x896.jpg","type":"image\/jpeg"}],"author":"Administrador","twitter_card":"summary_large_image","twitter_misc":{"Escrito por":"Administrador","Tiempo de lectura":"5 minutos"},"schema":{"@context":"https:\/\/schema.org","@graph":[{"@type":"WebPage","@id":"https:\/\/www.asajacyl.com\/palencia\/asaja-palencia-informa\/asaja-alerta-sobre-la-bajada-en-las-cuantias-de-las-ayudas-previstas-por-los-ecorregimenes","url":"https:\/\/www.asajacyl.com\/palencia\/asaja-palencia-informa\/asaja-alerta-sobre-la-bajada-en-las-cuantias-de-las-ayudas-previstas-por-los-ecorregimenes","name":"ASAJA alerta sobre la bajada en las cuant\u00edas de las ayudas previstas por los ecorreg\u00edmenes - ASAJA Palencia","isPartOf":{"@id":"https:\/\/www.asajacyl.com\/palencia\/#website"},"primaryImageOfPage":{"@id":"https:\/\/www.asajacyl.com\/palencia\/asaja-palencia-informa\/asaja-alerta-sobre-la-bajada-en-las-cuantias-de-las-ayudas-previstas-por-los-ecorregimenes#primaryimage"},"image":{"@id":"https:\/\/www.asajacyl.com\/palencia\/asaja-palencia-informa\/asaja-alerta-sobre-la-bajada-en-las-cuantias-de-las-ayudas-previstas-por-los-ecorregimenes#primaryimage"},"thumbnailUrl":"https:\/\/www.asajacyl.com\/palencia\/wp-content\/uploads\/sites\/3\/2023\/09\/Ganado-ovino-extensivo.jpg","datePublished":"2023-09-21T09:48:45+00:00","dateModified":"2023-09-21T09:48:47+00:00","author":{"@id":"https:\/\/www.asajacyl.com\/palencia\/#\/schema\/person\/3ab17aeb03527485c317557fae64aab1"},"description":"El Fondo Espa\u00f1ol de Garant\u00eda Agraria (FEGA), organismo del Ministerio de Agricultura, Pesca y Alimentaci\u00f3n (MAPA), ha publicado los importes unitarios","breadcrumb":{"@id":"https:\/\/www.asajacyl.com\/palencia\/asaja-palencia-informa\/asaja-alerta-sobre-la-bajada-en-las-cuantias-de-las-ayudas-previstas-por-los-ecorregimenes#breadcrumb"},"inLanguage":"es","potentialAction":[{"@type":"ReadAction","target":["https:\/\/www.asajacyl.com\/palencia\/asaja-palencia-informa\/asaja-alerta-sobre-la-bajada-en-las-cuantias-de-las-ayudas-previstas-por-los-ecorregimenes"]}]},{"@type":"ImageObject","inLanguage":"es","@id":"https:\/\/www.asajacyl.com\/palencia\/asaja-palencia-informa\/asaja-alerta-sobre-la-bajada-en-las-cuantias-de-las-ayudas-previstas-por-los-ecorregimenes#primaryimage","url":"https:\/\/www.asajacyl.com\/palencia\/wp-content\/uploads\/sites\/3\/2023\/09\/Ganado-ovino-extensivo.jpg","contentUrl":"https:\/\/www.asajacyl.com\/palencia\/wp-content\/uploads\/sites\/3\/2023\/09\/Ganado-ovino-extensivo.jpg","width":1890,"height":1654},{"@type":"BreadcrumbList","@id":"https:\/\/www.asajacyl.com\/palencia\/asaja-palencia-informa\/asaja-alerta-sobre-la-bajada-en-las-cuantias-de-las-ayudas-previstas-por-los-ecorregimenes#breadcrumb","itemListElement":[{"@type":"ListItem","position":1,"name":"Portada","item":"https:\/\/www.asajacyl.com\/palencia\/"},{"@type":"ListItem","position":2,"name":"ASAJA alerta sobre la bajada en las cuant\u00edas de las ayudas previstas por los ecorreg\u00edmenes"}]},{"@type":"WebSite","@id":"https:\/\/www.asajacyl.com\/palencia\/#website","url":"https:\/\/www.asajacyl.com\/palencia\/","name":"ASAJA Palencia","description":"Otro sitio m\u00e1s de Provincias ASAJA Castilla y Le\u00f3n","potentialAction":[{"@type":"SearchAction","target":{"@type":"EntryPoint","urlTemplate":"https:\/\/www.asajacyl.com\/palencia\/?s={search_term_string}"},"query-input":{"@type":"PropertyValueSpecification","valueRequired":true,"valueName":"search_term_string"}}],"inLanguage":"es"},{"@type":"Person","@id":"https:\/\/www.asajacyl.com\/palencia\/#\/schema\/person\/3ab17aeb03527485c317557fae64aab1","name":"Administrador","image":{"@type":"ImageObject","inLanguage":"es","@id":"https:\/\/www.asajacyl.com\/palencia\/#\/schema\/person\/image\/","url":"https:\/\/secure.gravatar.com\/avatar\/517384810d242ca9e38c180f3c9fb973?s=96&d=mm&r=g","contentUrl":"https:\/\/secure.gravatar.com\/avatar\/517384810d242ca9e38c180f3c9fb973?s=96&d=mm&r=g","caption":"Administrador"},"url":"https:\/\/www.asajacyl.com\/palencia\/author\/carlosrm"}]}},"_links":{"self":[{"href":"https:\/\/www.asajacyl.com\/palencia\/wp-json\/wp\/v2\/posts\/14246"}],"collection":[{"href":"https:\/\/www.asajacyl.com\/palencia\/wp-json\/wp\/v2\/posts"}],"about":[{"href":"https:\/\/www.asajacyl.com\/palencia\/wp-json\/wp\/v2\/types\/post"}],"author":[{"embeddable":true,"href":"https:\/\/www.asajacyl.com\/palencia\/wp-json\/wp\/v2\/users\/9"}],"replies":[{"embeddable":true,"href":"https:\/\/www.asajacyl.com\/palencia\/wp-json\/wp\/v2\/comments?post=14246"}],"version-history":[{"count":1,"href":"https:\/\/www.asajacyl.com\/palencia\/wp-json\/wp\/v2\/posts\/14246\/revisions"}],"predecessor-version":[{"id":14248,"href":"https:\/\/www.asajacyl.com\/palencia\/wp-json\/wp\/v2\/posts\/14246\/revisions\/14248"}],"wp:featuredmedia":[{"embeddable":true,"href":"https:\/\/www.asajacyl.com\/palencia\/wp-json\/wp\/v2\/media\/14247"}],"wp:attachment":[{"href":"https:\/\/www.asajacyl.com\/palencia\/wp-json\/wp\/v2\/media?parent=14246"}],"wp:term":[{"taxonomy":"category","embeddable":true,"href":"https:\/\/www.asajacyl.com\/palencia\/wp-json\/wp\/v2\/categories?post=14246"},{"taxonomy":"post_tag","embeddable":true,"href":"https:\/\/www.asajacyl.com\/palencia\/wp-json\/wp\/v2\/tags?post=14246"}],"curies":[{"name":"wp","href":"https:\/\/api.w.org\/{rel}","templated":true}]}}