{"id":14249,"date":"2023-09-22T09:19:41","date_gmt":"2023-09-22T07:19:41","guid":{"rendered":"https:\/\/www.asajacyl.com\/palencia\/?p=14249"},"modified":"2023-09-22T09:50:55","modified_gmt":"2023-09-22T07:50:55","slug":"el-fega-aprueba-los-importes-provisionales-de-las-ayudas-asociadas-a-la-superficie-de-la-pac-2023","status":"publish","type":"post","link":"https:\/\/www.asajacyl.com\/palencia\/asaja-palencia-informa\/el-fega-aprueba-los-importes-provisionales-de-las-ayudas-asociadas-a-la-superficie-de-la-pac-2023","title":{"rendered":"El FEGA aprueba los importes provisionales de las ayudas asociadas a la superficie de la PAC 2023"},"content":{"rendered":"\n<h2 class=\"wp-block-heading\">El Fondo Espa\u00f1ol de Garant\u00eda Agraria (FEGA), organismo dependiente del Ministerio de Agricultura, Pesca y Alimentaci\u00f3n (MAPA), ha publicado los\u00a0importes unitarios provisionales\u00a0de las ayudas asociadas a superficie de la PAC 2023. Estas ayudas persiguen garantizar la viabilidad de las explotaciones a trav\u00e9s de su competitividad y reducir el riesgo de abandono de una\u00a0actividad productiva\u00a0que desempe\u00f1a un papel relevante desde el punto de vista ambiental. <\/h2>\n\n\n\n<p>Estas ayudas se abonar\u00e1n en dos pagos: el anticipo, que puede alcanzar hasta el 70% del importe, se pagar\u00e1 del 16 al 30 de noviembre; y la cantidad restante, ya en funci\u00f3n del importe definitivo, entre el 1 de diciembre y el 30 de junio de 2023.  El FEGA establece los importes unitarios provisionales para el pago del anticipo en funci\u00f3n de las superficies que facilitan las comunidades aut\u00f3nomas. Los importes provisionales se recogen en la siguiente tabla:<\/p>\n\n\n\n<figure class=\"wp-block-image size-large is-resized\"><img loading=\"lazy\" decoding=\"async\" src=\"https:\/\/www.asajacyl.com\/palencia\/wp-content\/uploads\/sites\/3\/2023\/09\/Ayuda-asociada-superficie-2023-739x1024.png\" alt=\"\" class=\"wp-image-14250\" width=\"1071\" height=\"1514\" \/><figcaption class=\"wp-element-caption\">Fuente: FONDO ESPA\u00d1OL DE GARANT\u00cdA AGRARIA (FEGA)-Ministerio de Agricultura, Pesca y Alimentaci\u00f3n (MAPA)<\/figcaption><\/figure>\n\n\n\n<p><\/p>\n","protected":false},"excerpt":{"rendered":"<p>El Fondo Espa\u00f1ol de Garant\u00eda Agraria (FEGA), organismo dependiente del Ministerio de Agricultura, Pesca y Alimentaci\u00f3n (MAPA), ha publicado los\u00a0importes unitarios provisionales\u00a0de las ayudas asociadas a superficie de la PAC 2023. Estas ayudas persiguen garantizar la viabilidad de las explotaciones a trav\u00e9s de su competitividad y reducir el riesgo de abandono de una\u00a0actividad productiva\u00a0que desempe\u00f1a [&hellip;]<\/p>\n","protected":false},"author":9,"featured_media":13739,"comment_status":"open","ping_status":"open","sticky":false,"template":"","format":"standard","meta":{"footnotes":""},"categories":[9,31,29,28,13],"tags":[58,59,56,373,110,45,342,262],"yoast_head":"<!-- This site is optimized with the Yoast SEO plugin v24.5 - https:\/\/yoast.com\/wordpress\/plugins\/seo\/ -->\n<title>El FEGA aprueba los importes provisionales de las ayudas asociadas a la superficie de la PAC 2023 - ASAJA Palencia<\/title>\n<meta name=\"description\" content=\"El Fondo Espa\u00f1ol de Garant\u00eda Agraria (FEGA), organismo dependiente del Ministerio de Agricultura, Pesca y Alimentaci\u00f3n (MAPA), ha publicado los\u00a0importes\" \/>\n<meta name=\"robots\" content=\"index, follow, max-snippet:-1, max-image-preview:large, max-video-preview:-1\" \/>\n<link rel=\"canonical\" href=\"https:\/\/www.asajacyl.com\/palencia\/asaja-palencia-informa\/el-fega-aprueba-los-importes-provisionales-de-las-ayudas-asociadas-a-la-superficie-de-la-pac-2023\" \/>\n<meta property=\"og:locale\" content=\"es_ES\" \/>\n<meta property=\"og:type\" content=\"article\" \/>\n<meta property=\"og:title\" content=\"El FEGA aprueba los importes provisionales de las ayudas asociadas a la superficie de la PAC 2023 - ASAJA Palencia\" \/>\n<meta property=\"og:description\" content=\"El Fondo Espa\u00f1ol de Garant\u00eda Agraria (FEGA), organismo dependiente del Ministerio de Agricultura, Pesca y Alimentaci\u00f3n (MAPA), ha publicado los\u00a0importes\" \/>\n<meta property=\"og:url\" content=\"https:\/\/www.asajacyl.com\/palencia\/asaja-palencia-informa\/el-fega-aprueba-los-importes-provisionales-de-las-ayudas-asociadas-a-la-superficie-de-la-pac-2023\" \/>\n<meta property=\"og:site_name\" content=\"ASAJA Palencia\" \/>\n<meta property=\"article:published_time\" content=\"2023-09-22T07:19:41+00:00\" \/>\n<meta property=\"article:modified_time\" content=\"2023-09-22T07:50:55+00:00\" \/>\n<meta property=\"og:image\" content=\"https:\/\/www.asajacyl.com\/palencia\/wp-content\/uploads\/sites\/3\/2023\/07\/Campo-de-cereal-1024x896.jpg\" \/>\n\t<meta property=\"og:image:width\" content=\"1024\" \/>\n\t<meta property=\"og:image:height\" content=\"896\" \/>\n\t<meta property=\"og:image:type\" content=\"image\/jpeg\" \/>\n<meta name=\"author\" content=\"Administrador\" \/>\n<meta name=\"twitter:card\" content=\"summary_large_image\" \/>\n<meta name=\"twitter:label1\" content=\"Escrito por\" \/>\n\t<meta name=\"twitter:data1\" content=\"Administrador\" \/>\n\t<meta name=\"twitter:label2\" content=\"Tiempo de lectura\" \/>\n\t<meta name=\"twitter:data2\" content=\"1 minuto\" \/>\n<script type=\"application\/ld+json\" class=\"yoast-schema-graph\">{\"@context\":\"https:\/\/schema.org\",\"@graph\":[{\"@type\":\"WebPage\",\"@id\":\"https:\/\/www.asajacyl.com\/palencia\/asaja-palencia-informa\/el-fega-aprueba-los-importes-provisionales-de-las-ayudas-asociadas-a-la-superficie-de-la-pac-2023\",\"url\":\"https:\/\/www.asajacyl.com\/palencia\/asaja-palencia-informa\/el-fega-aprueba-los-importes-provisionales-de-las-ayudas-asociadas-a-la-superficie-de-la-pac-2023\",\"name\":\"El FEGA aprueba los importes provisionales de las ayudas asociadas a la superficie de la PAC 2023 - ASAJA Palencia\",\"isPartOf\":{\"@id\":\"https:\/\/www.asajacyl.com\/palencia\/#website\"},\"primaryImageOfPage\":{\"@id\":\"https:\/\/www.asajacyl.com\/palencia\/asaja-palencia-informa\/el-fega-aprueba-los-importes-provisionales-de-las-ayudas-asociadas-a-la-superficie-de-la-pac-2023#primaryimage\"},\"image\":{\"@id\":\"https:\/\/www.asajacyl.com\/palencia\/asaja-palencia-informa\/el-fega-aprueba-los-importes-provisionales-de-las-ayudas-asociadas-a-la-superficie-de-la-pac-2023#primaryimage\"},\"thumbnailUrl\":\"https:\/\/www.asajacyl.com\/palencia\/wp-content\/uploads\/sites\/3\/2023\/07\/Campo-de-cereal.jpg\",\"datePublished\":\"2023-09-22T07:19:41+00:00\",\"dateModified\":\"2023-09-22T07:50:55+00:00\",\"author\":{\"@id\":\"https:\/\/www.asajacyl.com\/palencia\/#\/schema\/person\/3ab17aeb03527485c317557fae64aab1\"},\"description\":\"El Fondo Espa\u00f1ol de Garant\u00eda Agraria (FEGA), organismo dependiente del Ministerio de Agricultura, Pesca y Alimentaci\u00f3n (MAPA), ha publicado los\u00a0importes\",\"breadcrumb\":{\"@id\":\"https:\/\/www.asajacyl.com\/palencia\/asaja-palencia-informa\/el-fega-aprueba-los-importes-provisionales-de-las-ayudas-asociadas-a-la-superficie-de-la-pac-2023#breadcrumb\"},\"inLanguage\":\"es\",\"potentialAction\":[{\"@type\":\"ReadAction\",\"target\":[\"https:\/\/www.asajacyl.com\/palencia\/asaja-palencia-informa\/el-fega-aprueba-los-importes-provisionales-de-las-ayudas-asociadas-a-la-superficie-de-la-pac-2023\"]}]},{\"@type\":\"ImageObject\",\"inLanguage\":\"es\",\"@id\":\"https:\/\/www.asajacyl.com\/palencia\/asaja-palencia-informa\/el-fega-aprueba-los-importes-provisionales-de-las-ayudas-asociadas-a-la-superficie-de-la-pac-2023#primaryimage\",\"url\":\"https:\/\/www.asajacyl.com\/palencia\/wp-content\/uploads\/sites\/3\/2023\/07\/Campo-de-cereal.jpg\",\"contentUrl\":\"https:\/\/www.asajacyl.com\/palencia\/wp-content\/uploads\/sites\/3\/2023\/07\/Campo-de-cereal.jpg\",\"width\":1890,\"height\":1654},{\"@type\":\"BreadcrumbList\",\"@id\":\"https:\/\/www.asajacyl.com\/palencia\/asaja-palencia-informa\/el-fega-aprueba-los-importes-provisionales-de-las-ayudas-asociadas-a-la-superficie-de-la-pac-2023#breadcrumb\",\"itemListElement\":[{\"@type\":\"ListItem\",\"position\":1,\"name\":\"Portada\",\"item\":\"https:\/\/www.asajacyl.com\/palencia\/\"},{\"@type\":\"ListItem\",\"position\":2,\"name\":\"El FEGA aprueba los importes provisionales de las ayudas asociadas a la superficie de la PAC 2023\"}]},{\"@type\":\"WebSite\",\"@id\":\"https:\/\/www.asajacyl.com\/palencia\/#website\",\"url\":\"https:\/\/www.asajacyl.com\/palencia\/\",\"name\":\"ASAJA Palencia\",\"description\":\"Otro sitio m\u00e1s de Provincias ASAJA Castilla y Le\u00f3n\",\"potentialAction\":[{\"@type\":\"SearchAction\",\"target\":{\"@type\":\"EntryPoint\",\"urlTemplate\":\"https:\/\/www.asajacyl.com\/palencia\/?s={search_term_string}\"},\"query-input\":{\"@type\":\"PropertyValueSpecification\",\"valueRequired\":true,\"valueName\":\"search_term_string\"}}],\"inLanguage\":\"es\"},{\"@type\":\"Person\",\"@id\":\"https:\/\/www.asajacyl.com\/palencia\/#\/schema\/person\/3ab17aeb03527485c317557fae64aab1\",\"name\":\"Administrador\",\"image\":{\"@type\":\"ImageObject\",\"inLanguage\":\"es\",\"@id\":\"https:\/\/www.asajacyl.com\/palencia\/#\/schema\/person\/image\/\",\"url\":\"https:\/\/secure.gravatar.com\/avatar\/517384810d242ca9e38c180f3c9fb973?s=96&d=mm&r=g\",\"contentUrl\":\"https:\/\/secure.gravatar.com\/avatar\/517384810d242ca9e38c180f3c9fb973?s=96&d=mm&r=g\",\"caption\":\"Administrador\"},\"url\":\"https:\/\/www.asajacyl.com\/palencia\/author\/carlosrm\"}]}<\/script>\n<!-- \/ Yoast SEO plugin. -->","yoast_head_json":{"title":"El FEGA aprueba los importes provisionales de las ayudas asociadas a la superficie de la PAC 2023 - ASAJA Palencia","description":"El Fondo Espa\u00f1ol de Garant\u00eda Agraria (FEGA), organismo dependiente del Ministerio de Agricultura, Pesca y Alimentaci\u00f3n (MAPA), ha publicado los\u00a0importes","robots":{"index":"index","follow":"follow","max-snippet":"max-snippet:-1","max-image-preview":"max-image-preview:large","max-video-preview":"max-video-preview:-1"},"canonical":"https:\/\/www.asajacyl.com\/palencia\/asaja-palencia-informa\/el-fega-aprueba-los-importes-provisionales-de-las-ayudas-asociadas-a-la-superficie-de-la-pac-2023","og_locale":"es_ES","og_type":"article","og_title":"El FEGA aprueba los importes provisionales de las ayudas asociadas a la superficie de la PAC 2023 - ASAJA Palencia","og_description":"El Fondo Espa\u00f1ol de Garant\u00eda Agraria (FEGA), organismo dependiente del Ministerio de Agricultura, Pesca y Alimentaci\u00f3n (MAPA), ha publicado los\u00a0importes","og_url":"https:\/\/www.asajacyl.com\/palencia\/asaja-palencia-informa\/el-fega-aprueba-los-importes-provisionales-de-las-ayudas-asociadas-a-la-superficie-de-la-pac-2023","og_site_name":"ASAJA Palencia","article_published_time":"2023-09-22T07:19:41+00:00","article_modified_time":"2023-09-22T07:50:55+00:00","og_image":[{"width":1024,"height":896,"url":"https:\/\/www.asajacyl.com\/palencia\/wp-content\/uploads\/sites\/3\/2023\/07\/Campo-de-cereal-1024x896.jpg","type":"image\/jpeg"}],"author":"Administrador","twitter_card":"summary_large_image","twitter_misc":{"Escrito por":"Administrador","Tiempo de lectura":"1 minuto"},"schema":{"@context":"https:\/\/schema.org","@graph":[{"@type":"WebPage","@id":"https:\/\/www.asajacyl.com\/palencia\/asaja-palencia-informa\/el-fega-aprueba-los-importes-provisionales-de-las-ayudas-asociadas-a-la-superficie-de-la-pac-2023","url":"https:\/\/www.asajacyl.com\/palencia\/asaja-palencia-informa\/el-fega-aprueba-los-importes-provisionales-de-las-ayudas-asociadas-a-la-superficie-de-la-pac-2023","name":"El FEGA aprueba los importes provisionales de las ayudas asociadas a la superficie de la PAC 2023 - ASAJA Palencia","isPartOf":{"@id":"https:\/\/www.asajacyl.com\/palencia\/#website"},"primaryImageOfPage":{"@id":"https:\/\/www.asajacyl.com\/palencia\/asaja-palencia-informa\/el-fega-aprueba-los-importes-provisionales-de-las-ayudas-asociadas-a-la-superficie-de-la-pac-2023#primaryimage"},"image":{"@id":"https:\/\/www.asajacyl.com\/palencia\/asaja-palencia-informa\/el-fega-aprueba-los-importes-provisionales-de-las-ayudas-asociadas-a-la-superficie-de-la-pac-2023#primaryimage"},"thumbnailUrl":"https:\/\/www.asajacyl.com\/palencia\/wp-content\/uploads\/sites\/3\/2023\/07\/Campo-de-cereal.jpg","datePublished":"2023-09-22T07:19:41+00:00","dateModified":"2023-09-22T07:50:55+00:00","author":{"@id":"https:\/\/www.asajacyl.com\/palencia\/#\/schema\/person\/3ab17aeb03527485c317557fae64aab1"},"description":"El Fondo Espa\u00f1ol de Garant\u00eda Agraria (FEGA), organismo dependiente del Ministerio de Agricultura, Pesca y Alimentaci\u00f3n (MAPA), ha publicado los\u00a0importes","breadcrumb":{"@id":"https:\/\/www.asajacyl.com\/palencia\/asaja-palencia-informa\/el-fega-aprueba-los-importes-provisionales-de-las-ayudas-asociadas-a-la-superficie-de-la-pac-2023#breadcrumb"},"inLanguage":"es","potentialAction":[{"@type":"ReadAction","target":["https:\/\/www.asajacyl.com\/palencia\/asaja-palencia-informa\/el-fega-aprueba-los-importes-provisionales-de-las-ayudas-asociadas-a-la-superficie-de-la-pac-2023"]}]},{"@type":"ImageObject","inLanguage":"es","@id":"https:\/\/www.asajacyl.com\/palencia\/asaja-palencia-informa\/el-fega-aprueba-los-importes-provisionales-de-las-ayudas-asociadas-a-la-superficie-de-la-pac-2023#primaryimage","url":"https:\/\/www.asajacyl.com\/palencia\/wp-content\/uploads\/sites\/3\/2023\/07\/Campo-de-cereal.jpg","contentUrl":"https:\/\/www.asajacyl.com\/palencia\/wp-content\/uploads\/sites\/3\/2023\/07\/Campo-de-cereal.jpg","width":1890,"height":1654},{"@type":"BreadcrumbList","@id":"https:\/\/www.asajacyl.com\/palencia\/asaja-palencia-informa\/el-fega-aprueba-los-importes-provisionales-de-las-ayudas-asociadas-a-la-superficie-de-la-pac-2023#breadcrumb","itemListElement":[{"@type":"ListItem","position":1,"name":"Portada","item":"https:\/\/www.asajacyl.com\/palencia\/"},{"@type":"ListItem","position":2,"name":"El FEGA aprueba los importes provisionales de las ayudas asociadas a la superficie de la PAC 2023"}]},{"@type":"WebSite","@id":"https:\/\/www.asajacyl.com\/palencia\/#website","url":"https:\/\/www.asajacyl.com\/palencia\/","name":"ASAJA Palencia","description":"Otro sitio m\u00e1s de Provincias ASAJA Castilla y Le\u00f3n","potentialAction":[{"@type":"SearchAction","target":{"@type":"EntryPoint","urlTemplate":"https:\/\/www.asajacyl.com\/palencia\/?s={search_term_string}"},"query-input":{"@type":"PropertyValueSpecification","valueRequired":true,"valueName":"search_term_string"}}],"inLanguage":"es"},{"@type":"Person","@id":"https:\/\/www.asajacyl.com\/palencia\/#\/schema\/person\/3ab17aeb03527485c317557fae64aab1","name":"Administrador","image":{"@type":"ImageObject","inLanguage":"es","@id":"https:\/\/www.asajacyl.com\/palencia\/#\/schema\/person\/image\/","url":"https:\/\/secure.gravatar.com\/avatar\/517384810d242ca9e38c180f3c9fb973?s=96&d=mm&r=g","contentUrl":"https:\/\/secure.gravatar.com\/avatar\/517384810d242ca9e38c180f3c9fb973?s=96&d=mm&r=g","caption":"Administrador"},"url":"https:\/\/www.asajacyl.com\/palencia\/author\/carlosrm"}]}},"_links":{"self":[{"href":"https:\/\/www.asajacyl.com\/palencia\/wp-json\/wp\/v2\/posts\/14249"}],"collection":[{"href":"https:\/\/www.asajacyl.com\/palencia\/wp-json\/wp\/v2\/posts"}],"about":[{"href":"https:\/\/www.asajacyl.com\/palencia\/wp-json\/wp\/v2\/types\/post"}],"author":[{"embeddable":true,"href":"https:\/\/www.asajacyl.com\/palencia\/wp-json\/wp\/v2\/users\/9"}],"replies":[{"embeddable":true,"href":"https:\/\/www.asajacyl.com\/palencia\/wp-json\/wp\/v2\/comments?post=14249"}],"version-history":[{"count":3,"href":"https:\/\/www.asajacyl.com\/palencia\/wp-json\/wp\/v2\/posts\/14249\/revisions"}],"predecessor-version":[{"id":14256,"href":"https:\/\/www.asajacyl.com\/palencia\/wp-json\/wp\/v2\/posts\/14249\/revisions\/14256"}],"wp:featuredmedia":[{"embeddable":true,"href":"https:\/\/www.asajacyl.com\/palencia\/wp-json\/wp\/v2\/media\/13739"}],"wp:attachment":[{"href":"https:\/\/www.asajacyl.com\/palencia\/wp-json\/wp\/v2\/media?parent=14249"}],"wp:term":[{"taxonomy":"category","embeddable":true,"href":"https:\/\/www.asajacyl.com\/palencia\/wp-json\/wp\/v2\/categories?post=14249"},{"taxonomy":"post_tag","embeddable":true,"href":"https:\/\/www.asajacyl.com\/palencia\/wp-json\/wp\/v2\/tags?post=14249"}],"curies":[{"name":"wp","href":"https:\/\/api.w.org\/{rel}","templated":true}]}}