{"id":14260,"date":"2023-09-24T09:51:11","date_gmt":"2023-09-24T07:51:11","guid":{"rendered":"https:\/\/www.asajacyl.com\/palencia\/?p=14260"},"modified":"2023-09-22T10:11:33","modified_gmt":"2023-09-22T08:11:33","slug":"la-enfermedad-hemorragica-epizootica-ya-ha-llegado-a-explotaciones-de-valladolid-y-burgos","status":"publish","type":"post","link":"https:\/\/www.asajacyl.com\/palencia\/asaja-palencia-informa\/la-enfermedad-hemorragica-epizootica-ya-ha-llegado-a-explotaciones-de-valladolid-y-burgos","title":{"rendered":"La enfermedad hemorr\u00e1gica epizo\u00f3tica ya ha llegado a explotaciones de Valladolid y Burgos"},"content":{"rendered":"\n<h2 class=\"wp-block-heading\">La provincia de Palencia, junto con la de Le\u00f3n, son las dos \u00fanicas de Castilla y Le\u00f3n donde no constan casos de la enfermedad hemorr\u00e1gica epizo\u00f3tica (EHE), que est\u00e1 avanzando por todo el territorio de Espa\u00f1a. Seg\u00fan el \u00faltimo parte de actualizaci\u00f3n del Ministerio de Agricultura, Pesca y Alimentaci\u00f3n (MAPA), publicado la tarde del pasado mi\u00e9rcoles 20, con respecto al anterior (11 de septiembre), el Laboratorio Central de Veterinaria (LCV) de Algete, laboratorio nacional de referencia para esta enfermedad, ha confirmado veintitr\u00e9s nuevos casos; entre ellos, un brote en la provincia de Burgos (Salas de los Infantes) y tres en Valladolid (Medina del Campo, Tordesillas y Medina de Rioseco); los cuatro en explotaciones de bovino.<\/h2>\n\n\n\n<p>Los otros casos se han detectado en explotaciones de bovino en las comarcas de Ar\u00e9valo, Cebreros y El Barraco (\u00c1vila); Manganeses de la Lampreana y Alca\u00f1ices (Zamora); Cantalejo y Sep\u00falveda (Segovia); Gama-B\u00e1rcena de Cicero (Cantabria); Gij\u00f3n (Asturias); Santa Fe-Vega de Granada (Granada); Los Puertos de Morella (Castell\u00f3n); Alcal\u00e1 de Henares y San Mart\u00edn de Valdeiglesias (Madrid); Vizcaya; La Coru\u00f1a y Puentes de Garc\u00eda Rodr\u00edguez (La Coru\u00f1a). Asimismo, se han detectado tres casos en ciervos en las comarcas de Bajo Maestrazgo-San Mateo (Castell\u00f3n), Villacast\u00edn (Segovia) y Santander (Cantabria).<\/p>\n\n\n\n<p>La prohibici\u00f3n de movimiento de ganado bovino, ovino y caprino hacia territorio de la Uni\u00f3n Europea para vivo afecta ya a toda la Espa\u00f1a peninsular salvo las provincias de Barcelona y Gerona. ASAJA-Palencia recuerda que no hay restricciones a los productos animales ni a su consumo. Se restringe el movimiento de animales vivos a puntos de la Uni\u00f3n Europea si su destino es para vida, por lo que s\u00ed se permite el movimiento para sacrificio a otros pa\u00edses comunitarios. En el territorio nacional, se autoriza el movimiento de la zona afectada a la zona libre, siempre con animales y veh\u00edculos desinsectados y con ausencia de sintomatolog\u00eda en ganado bovino. Tampoco se establece restricci\u00f3n alguna de movimiento o consumo de los productos (carne, leche, piel\u2026), ya que la EHE no afecta al ser humano.<\/p>\n\n\n\n<p>Asimismo, nuestra organizaci\u00f3n recomienda a los ganaderos de la provincia prudencia y vigilancia por si surgiera alg\u00fan posible caso en sus explotaciones. Esta enfermedad v\u00edrica, que transmiten los mosquitos, afecta a los rumiantes, tanto silvestres (sobre todo, a los ciervos, pero tambi\u00e9n a los gamos y los corzos) como dom\u00e9sticos (vacuno, ovino y caprino). <\/p>\n\n\n\n<p>No existen vacunas autorizadas en la Uni\u00f3n Europea para su prevenci\u00f3n, pero s\u00ed medicamentos para tratar los s\u00edntomas. Una de las medidas que se recomienda para el control de la enfermedad es la lucha vectorial mediante el empleo de insecticidas y repelentes en animales, medios de transporte e instalaciones.<\/p>\n\n\n\n<p>Para garantizar una desinsectaci\u00f3n eficaz es necesario, entre otros aspectos, usar un\u00a0<strong>insecticida que sea efectivo frente al vector<\/strong>\u00a0en cuesti\u00f3n. El Ministerio ha elaborado una lista de insecticidas:<\/p>\n\n\n\n<p><a href=\"https:\/\/www.mapa.gob.es\/es\/ganaderia\/temas\/sanidad-animal-higiene-ganadera\/listaproductoslajulio2023_tcm30-520353.pdf\">https:\/\/www.mapa.gob.es\/es\/ganaderia\/temas\/sanidad-animal-higiene-ganadera\/listaproductoslajulio2023_tcm30-520353.pdf<\/a><\/p>\n\n\n\n<p><strong>DECLARACI\u00d3N OBLIGATORIA.&nbsp;<\/strong>Se trata de una enfermedad de obligatoria declaraci\u00f3n, por lo que el ganadero debe comunicarlo a sus servicios veterinarios y a la unidad veterinaria a la que pertenezca, en cuanto surgen sospechas de su existencia en la explotaci\u00f3n.<\/p>\n\n\n\n<p>En el vacuno, se suele dar sintomatolog\u00eda cl\u00ednica (fiebre, \u00falceras en la boca, secreci\u00f3n nasal y ocular, cojera, dificultad para tragar\u2026), pero la mortalidad es baja; mientras que en el ovino y el caprino puede darse infecci\u00f3n, pero los s\u00edntomas son menores e incluso no aparecen.<\/p>\n\n\n\n<p>En Castilla y Le\u00f3n ya operan las restricciones al movimiento para vida en todas las provincias y, fuera de nuestra comunidad, el Ministerio las ha decretado en todas las comunidades salvo Galicia, La Rioja, Navarra, Catalu\u00f1a, Baleares y Canarias. Tambi\u00e9n las provincias aragonesas de Huesca y Zaragoza se encuentran en zona sin restricciones, no as\u00ed Teruel, donde incluso ya se han detectado casos.<\/p>\n\n\n\n<p><strong>EL MINISTERIO, ESCONDIDO.&nbsp;<\/strong>ASAJA viene denunciado que el Ministerio de Agricultura, Pesca y Alimentaci\u00f3n lleva semanas escondido sin dar la cara y sin plantear soluciones a los ganaderos afectados por la EHE, que est\u00e1 causando unas grandes p\u00e9rdidas econ\u00f3micas a los ganaderos de vacuno de pr\u00e1cticamente la totalidad del territorio espa\u00f1ol, por lo que reclaman medidas sanitarias de control y ayudas ante esta crisis sanitaria.<\/p>\n\n\n\n<p>Hace ya cerca de diez meses (en concreto, el 18 de noviembre de 2022), que el Gobierno de Espa\u00f1a tiene conocimiento de los primeros casos en Espa\u00f1a de esta enfermedad en el sur de la pen\u00ednsula, pero en todo este tiempo no se le ha dado la importancia que tiene, puesto que las p\u00e9rdidas que provoca al ganadero son tremenda\u00bb.<\/p>\n\n\n\n<p><strong>COSTOSO TRATAMIENTO.\u00a0<\/strong>Actualmente, seg\u00fan denuncia ASAJA, nuestros ganaderos se encuentran totalmente desamparados e impotentes, mientras contemplan como el ganado se infecta, lo que provoca cuadros sintom\u00e1ticos diversos, principalmente en el vacuno, con fiebre, decaimiento del animal, problemas para alimentarse y beber, p\u00e9rdida de peso, abortos y, en muchos casos, la muerte del animal.<\/p>\n\n\n\n<p>Cuando se produce la infecci\u00f3n, los da\u00f1os econ\u00f3micos en la explotaci\u00f3n son enormes, ya que a la muerte de algunos animales se unen los costes de los tratamientos farmacol\u00f3gicos que el reba\u00f1o requiere, que alcanzan los 100 euros por cabeza, a lo que se suma la incertidumbre sobre el futuro sanitario del animal una vez que padece la enfermedad.<\/p>\n\n\n\n<p>Por ello, ASAJA reclama al Ministerio que, si bien no se trata de un problema de salud p\u00fablica, la EHE se ha convertido en un contratiempo importante para la viabilidad econ\u00f3mica de las explotaciones, ya que las l\u00edneas de seguro agrario no tienen cobertura frente a esta enfermedad. Nuestra organizaci\u00f3n exige al Gobierno de Espa\u00f1a que articule medidas sanitarias de control y ayudas directas por los da\u00f1os que esta enfermedad est\u00e1 provocando a las ganader\u00edas afectadas, que incluya esta enfermedad en el plan de seguros agrarios y que convoque, con celeridad, una reuni\u00f3n al m\u00e1ximo nivel con las comunidades aut\u00f3nomas para coordinar las medidas necesarias.<strong>\/<\/strong><\/p>\n","protected":false},"excerpt":{"rendered":"<p>La provincia de Palencia, junto con la de Le\u00f3n, son las dos \u00fanicas de Castilla y Le\u00f3n donde no constan casos de la enfermedad hemorr\u00e1gica epizo\u00f3tica (EHE), que est\u00e1 avanzando por todo el territorio de Espa\u00f1a. Seg\u00fan el \u00faltimo parte de actualizaci\u00f3n del Ministerio de Agricultura, Pesca y Alimentaci\u00f3n (MAPA), publicado la tarde del pasado [&hellip;]<\/p>\n","protected":false},"author":9,"featured_media":8964,"comment_status":"open","ping_status":"open","sticky":false,"template":"","format":"standard","meta":{"footnotes":""},"categories":[9,29,28],"tags":[59,234,183,426,425,77,110,143,451,365,168,144],"yoast_head":"<!-- This site is optimized with the Yoast SEO plugin v24.5 - https:\/\/yoast.com\/wordpress\/plugins\/seo\/ -->\n<title>La enfermedad hemorr\u00e1gica epizo\u00f3tica ya ha llegado a explotaciones de Valladolid y Burgos - ASAJA Palencia<\/title>\n<meta name=\"description\" content=\"La provincia de Palencia, junto con la de Le\u00f3n, son las dos \u00fanicas de Castilla y Le\u00f3n donde no constan casos de la enfermedad hemorr\u00e1gica epizo\u00f3tica\" \/>\n<meta name=\"robots\" content=\"index, follow, max-snippet:-1, max-image-preview:large, max-video-preview:-1\" \/>\n<link rel=\"canonical\" href=\"https:\/\/www.asajacyl.com\/palencia\/asaja-palencia-informa\/la-enfermedad-hemorragica-epizootica-ya-ha-llegado-a-explotaciones-de-valladolid-y-burgos\" \/>\n<meta property=\"og:locale\" content=\"es_ES\" \/>\n<meta property=\"og:type\" content=\"article\" \/>\n<meta property=\"og:title\" content=\"La enfermedad hemorr\u00e1gica epizo\u00f3tica ya ha llegado a explotaciones de Valladolid y Burgos - ASAJA Palencia\" \/>\n<meta property=\"og:description\" content=\"La provincia de Palencia, junto con la de Le\u00f3n, son las dos \u00fanicas de Castilla y Le\u00f3n donde no constan casos de la enfermedad hemorr\u00e1gica epizo\u00f3tica\" \/>\n<meta property=\"og:url\" content=\"https:\/\/www.asajacyl.com\/palencia\/asaja-palencia-informa\/la-enfermedad-hemorragica-epizootica-ya-ha-llegado-a-explotaciones-de-valladolid-y-burgos\" \/>\n<meta property=\"og:site_name\" content=\"ASAJA Palencia\" \/>\n<meta property=\"article:published_time\" content=\"2023-09-24T07:51:11+00:00\" \/>\n<meta property=\"og:image\" content=\"https:\/\/www.asajacyl.com\/palencia\/wp-content\/uploads\/sites\/3\/2021\/09\/VACAS-CARNE.jpg\" \/>\n\t<meta property=\"og:image:width\" content=\"2500\" \/>\n\t<meta property=\"og:image:height\" content=\"1651\" \/>\n\t<meta property=\"og:image:type\" content=\"image\/jpeg\" \/>\n<meta name=\"author\" content=\"Administrador\" \/>\n<meta name=\"twitter:card\" content=\"summary_large_image\" \/>\n<meta name=\"twitter:label1\" content=\"Escrito por\" \/>\n\t<meta name=\"twitter:data1\" content=\"Administrador\" \/>\n\t<meta name=\"twitter:label2\" content=\"Tiempo de lectura\" \/>\n\t<meta name=\"twitter:data2\" content=\"5 minutos\" \/>\n<script type=\"application\/ld+json\" class=\"yoast-schema-graph\">{\"@context\":\"https:\/\/schema.org\",\"@graph\":[{\"@type\":\"WebPage\",\"@id\":\"https:\/\/www.asajacyl.com\/palencia\/asaja-palencia-informa\/la-enfermedad-hemorragica-epizootica-ya-ha-llegado-a-explotaciones-de-valladolid-y-burgos\",\"url\":\"https:\/\/www.asajacyl.com\/palencia\/asaja-palencia-informa\/la-enfermedad-hemorragica-epizootica-ya-ha-llegado-a-explotaciones-de-valladolid-y-burgos\",\"name\":\"La enfermedad hemorr\u00e1gica epizo\u00f3tica ya ha llegado a explotaciones de Valladolid y Burgos - ASAJA Palencia\",\"isPartOf\":{\"@id\":\"https:\/\/www.asajacyl.com\/palencia\/#website\"},\"primaryImageOfPage\":{\"@id\":\"https:\/\/www.asajacyl.com\/palencia\/asaja-palencia-informa\/la-enfermedad-hemorragica-epizootica-ya-ha-llegado-a-explotaciones-de-valladolid-y-burgos#primaryimage\"},\"image\":{\"@id\":\"https:\/\/www.asajacyl.com\/palencia\/asaja-palencia-informa\/la-enfermedad-hemorragica-epizootica-ya-ha-llegado-a-explotaciones-de-valladolid-y-burgos#primaryimage\"},\"thumbnailUrl\":\"https:\/\/www.asajacyl.com\/palencia\/wp-content\/uploads\/sites\/3\/2021\/09\/VACAS-CARNE.jpg\",\"datePublished\":\"2023-09-24T07:51:11+00:00\",\"author\":{\"@id\":\"https:\/\/www.asajacyl.com\/palencia\/#\/schema\/person\/3ab17aeb03527485c317557fae64aab1\"},\"description\":\"La provincia de Palencia, junto con la de Le\u00f3n, son las dos \u00fanicas de Castilla y Le\u00f3n donde no constan casos de la enfermedad hemorr\u00e1gica epizo\u00f3tica\",\"breadcrumb\":{\"@id\":\"https:\/\/www.asajacyl.com\/palencia\/asaja-palencia-informa\/la-enfermedad-hemorragica-epizootica-ya-ha-llegado-a-explotaciones-de-valladolid-y-burgos#breadcrumb\"},\"inLanguage\":\"es\",\"potentialAction\":[{\"@type\":\"ReadAction\",\"target\":[\"https:\/\/www.asajacyl.com\/palencia\/asaja-palencia-informa\/la-enfermedad-hemorragica-epizootica-ya-ha-llegado-a-explotaciones-de-valladolid-y-burgos\"]}]},{\"@type\":\"ImageObject\",\"inLanguage\":\"es\",\"@id\":\"https:\/\/www.asajacyl.com\/palencia\/asaja-palencia-informa\/la-enfermedad-hemorragica-epizootica-ya-ha-llegado-a-explotaciones-de-valladolid-y-burgos#primaryimage\",\"url\":\"https:\/\/www.asajacyl.com\/palencia\/wp-content\/uploads\/sites\/3\/2021\/09\/VACAS-CARNE.jpg\",\"contentUrl\":\"https:\/\/www.asajacyl.com\/palencia\/wp-content\/uploads\/sites\/3\/2021\/09\/VACAS-CARNE.jpg\",\"width\":2500,\"height\":1651},{\"@type\":\"BreadcrumbList\",\"@id\":\"https:\/\/www.asajacyl.com\/palencia\/asaja-palencia-informa\/la-enfermedad-hemorragica-epizootica-ya-ha-llegado-a-explotaciones-de-valladolid-y-burgos#breadcrumb\",\"itemListElement\":[{\"@type\":\"ListItem\",\"position\":1,\"name\":\"Portada\",\"item\":\"https:\/\/www.asajacyl.com\/palencia\/\"},{\"@type\":\"ListItem\",\"position\":2,\"name\":\"La enfermedad hemorr\u00e1gica epizo\u00f3tica ya ha llegado a explotaciones de Valladolid y Burgos\"}]},{\"@type\":\"WebSite\",\"@id\":\"https:\/\/www.asajacyl.com\/palencia\/#website\",\"url\":\"https:\/\/www.asajacyl.com\/palencia\/\",\"name\":\"ASAJA Palencia\",\"description\":\"Otro sitio m\u00e1s de Provincias ASAJA Castilla y Le\u00f3n\",\"potentialAction\":[{\"@type\":\"SearchAction\",\"target\":{\"@type\":\"EntryPoint\",\"urlTemplate\":\"https:\/\/www.asajacyl.com\/palencia\/?s={search_term_string}\"},\"query-input\":{\"@type\":\"PropertyValueSpecification\",\"valueRequired\":true,\"valueName\":\"search_term_string\"}}],\"inLanguage\":\"es\"},{\"@type\":\"Person\",\"@id\":\"https:\/\/www.asajacyl.com\/palencia\/#\/schema\/person\/3ab17aeb03527485c317557fae64aab1\",\"name\":\"Administrador\",\"image\":{\"@type\":\"ImageObject\",\"inLanguage\":\"es\",\"@id\":\"https:\/\/www.asajacyl.com\/palencia\/#\/schema\/person\/image\/\",\"url\":\"https:\/\/secure.gravatar.com\/avatar\/517384810d242ca9e38c180f3c9fb973?s=96&d=mm&r=g\",\"contentUrl\":\"https:\/\/secure.gravatar.com\/avatar\/517384810d242ca9e38c180f3c9fb973?s=96&d=mm&r=g\",\"caption\":\"Administrador\"},\"url\":\"https:\/\/www.asajacyl.com\/palencia\/author\/carlosrm\"}]}<\/script>\n<!-- \/ Yoast SEO plugin. -->","yoast_head_json":{"title":"La enfermedad hemorr\u00e1gica epizo\u00f3tica ya ha llegado a explotaciones de Valladolid y Burgos - ASAJA Palencia","description":"La provincia de Palencia, junto con la de Le\u00f3n, son las dos \u00fanicas de Castilla y Le\u00f3n donde no constan casos de la enfermedad hemorr\u00e1gica epizo\u00f3tica","robots":{"index":"index","follow":"follow","max-snippet":"max-snippet:-1","max-image-preview":"max-image-preview:large","max-video-preview":"max-video-preview:-1"},"canonical":"https:\/\/www.asajacyl.com\/palencia\/asaja-palencia-informa\/la-enfermedad-hemorragica-epizootica-ya-ha-llegado-a-explotaciones-de-valladolid-y-burgos","og_locale":"es_ES","og_type":"article","og_title":"La enfermedad hemorr\u00e1gica epizo\u00f3tica ya ha llegado a explotaciones de Valladolid y Burgos - ASAJA Palencia","og_description":"La provincia de Palencia, junto con la de Le\u00f3n, son las dos \u00fanicas de Castilla y Le\u00f3n donde no constan casos de la enfermedad hemorr\u00e1gica epizo\u00f3tica","og_url":"https:\/\/www.asajacyl.com\/palencia\/asaja-palencia-informa\/la-enfermedad-hemorragica-epizootica-ya-ha-llegado-a-explotaciones-de-valladolid-y-burgos","og_site_name":"ASAJA Palencia","article_published_time":"2023-09-24T07:51:11+00:00","og_image":[{"width":2500,"height":1651,"url":"https:\/\/www.asajacyl.com\/palencia\/wp-content\/uploads\/sites\/3\/2021\/09\/VACAS-CARNE.jpg","type":"image\/jpeg"}],"author":"Administrador","twitter_card":"summary_large_image","twitter_misc":{"Escrito por":"Administrador","Tiempo de lectura":"5 minutos"},"schema":{"@context":"https:\/\/schema.org","@graph":[{"@type":"WebPage","@id":"https:\/\/www.asajacyl.com\/palencia\/asaja-palencia-informa\/la-enfermedad-hemorragica-epizootica-ya-ha-llegado-a-explotaciones-de-valladolid-y-burgos","url":"https:\/\/www.asajacyl.com\/palencia\/asaja-palencia-informa\/la-enfermedad-hemorragica-epizootica-ya-ha-llegado-a-explotaciones-de-valladolid-y-burgos","name":"La enfermedad hemorr\u00e1gica epizo\u00f3tica ya ha llegado a explotaciones de Valladolid y Burgos - ASAJA Palencia","isPartOf":{"@id":"https:\/\/www.asajacyl.com\/palencia\/#website"},"primaryImageOfPage":{"@id":"https:\/\/www.asajacyl.com\/palencia\/asaja-palencia-informa\/la-enfermedad-hemorragica-epizootica-ya-ha-llegado-a-explotaciones-de-valladolid-y-burgos#primaryimage"},"image":{"@id":"https:\/\/www.asajacyl.com\/palencia\/asaja-palencia-informa\/la-enfermedad-hemorragica-epizootica-ya-ha-llegado-a-explotaciones-de-valladolid-y-burgos#primaryimage"},"thumbnailUrl":"https:\/\/www.asajacyl.com\/palencia\/wp-content\/uploads\/sites\/3\/2021\/09\/VACAS-CARNE.jpg","datePublished":"2023-09-24T07:51:11+00:00","author":{"@id":"https:\/\/www.asajacyl.com\/palencia\/#\/schema\/person\/3ab17aeb03527485c317557fae64aab1"},"description":"La provincia de Palencia, junto con la de Le\u00f3n, son las dos \u00fanicas de Castilla y Le\u00f3n donde no constan casos de la enfermedad hemorr\u00e1gica epizo\u00f3tica","breadcrumb":{"@id":"https:\/\/www.asajacyl.com\/palencia\/asaja-palencia-informa\/la-enfermedad-hemorragica-epizootica-ya-ha-llegado-a-explotaciones-de-valladolid-y-burgos#breadcrumb"},"inLanguage":"es","potentialAction":[{"@type":"ReadAction","target":["https:\/\/www.asajacyl.com\/palencia\/asaja-palencia-informa\/la-enfermedad-hemorragica-epizootica-ya-ha-llegado-a-explotaciones-de-valladolid-y-burgos"]}]},{"@type":"ImageObject","inLanguage":"es","@id":"https:\/\/www.asajacyl.com\/palencia\/asaja-palencia-informa\/la-enfermedad-hemorragica-epizootica-ya-ha-llegado-a-explotaciones-de-valladolid-y-burgos#primaryimage","url":"https:\/\/www.asajacyl.com\/palencia\/wp-content\/uploads\/sites\/3\/2021\/09\/VACAS-CARNE.jpg","contentUrl":"https:\/\/www.asajacyl.com\/palencia\/wp-content\/uploads\/sites\/3\/2021\/09\/VACAS-CARNE.jpg","width":2500,"height":1651},{"@type":"BreadcrumbList","@id":"https:\/\/www.asajacyl.com\/palencia\/asaja-palencia-informa\/la-enfermedad-hemorragica-epizootica-ya-ha-llegado-a-explotaciones-de-valladolid-y-burgos#breadcrumb","itemListElement":[{"@type":"ListItem","position":1,"name":"Portada","item":"https:\/\/www.asajacyl.com\/palencia\/"},{"@type":"ListItem","position":2,"name":"La enfermedad hemorr\u00e1gica epizo\u00f3tica ya ha llegado a explotaciones de Valladolid y Burgos"}]},{"@type":"WebSite","@id":"https:\/\/www.asajacyl.com\/palencia\/#website","url":"https:\/\/www.asajacyl.com\/palencia\/","name":"ASAJA Palencia","description":"Otro sitio m\u00e1s de Provincias ASAJA Castilla y Le\u00f3n","potentialAction":[{"@type":"SearchAction","target":{"@type":"EntryPoint","urlTemplate":"https:\/\/www.asajacyl.com\/palencia\/?s={search_term_string}"},"query-input":{"@type":"PropertyValueSpecification","valueRequired":true,"valueName":"search_term_string"}}],"inLanguage":"es"},{"@type":"Person","@id":"https:\/\/www.asajacyl.com\/palencia\/#\/schema\/person\/3ab17aeb03527485c317557fae64aab1","name":"Administrador","image":{"@type":"ImageObject","inLanguage":"es","@id":"https:\/\/www.asajacyl.com\/palencia\/#\/schema\/person\/image\/","url":"https:\/\/secure.gravatar.com\/avatar\/517384810d242ca9e38c180f3c9fb973?s=96&d=mm&r=g","contentUrl":"https:\/\/secure.gravatar.com\/avatar\/517384810d242ca9e38c180f3c9fb973?s=96&d=mm&r=g","caption":"Administrador"},"url":"https:\/\/www.asajacyl.com\/palencia\/author\/carlosrm"}]}},"_links":{"self":[{"href":"https:\/\/www.asajacyl.com\/palencia\/wp-json\/wp\/v2\/posts\/14260"}],"collection":[{"href":"https:\/\/www.asajacyl.com\/palencia\/wp-json\/wp\/v2\/posts"}],"about":[{"href":"https:\/\/www.asajacyl.com\/palencia\/wp-json\/wp\/v2\/types\/post"}],"author":[{"embeddable":true,"href":"https:\/\/www.asajacyl.com\/palencia\/wp-json\/wp\/v2\/users\/9"}],"replies":[{"embeddable":true,"href":"https:\/\/www.asajacyl.com\/palencia\/wp-json\/wp\/v2\/comments?post=14260"}],"version-history":[{"count":1,"href":"https:\/\/www.asajacyl.com\/palencia\/wp-json\/wp\/v2\/posts\/14260\/revisions"}],"predecessor-version":[{"id":14261,"href":"https:\/\/www.asajacyl.com\/palencia\/wp-json\/wp\/v2\/posts\/14260\/revisions\/14261"}],"wp:featuredmedia":[{"embeddable":true,"href":"https:\/\/www.asajacyl.com\/palencia\/wp-json\/wp\/v2\/media\/8964"}],"wp:attachment":[{"href":"https:\/\/www.asajacyl.com\/palencia\/wp-json\/wp\/v2\/media?parent=14260"}],"wp:term":[{"taxonomy":"category","embeddable":true,"href":"https:\/\/www.asajacyl.com\/palencia\/wp-json\/wp\/v2\/categories?post=14260"},{"taxonomy":"post_tag","embeddable":true,"href":"https:\/\/www.asajacyl.com\/palencia\/wp-json\/wp\/v2\/tags?post=14260"}],"curies":[{"name":"wp","href":"https:\/\/api.w.org\/{rel}","templated":true}]}}