{"id":14265,"date":"2023-09-25T10:00:00","date_gmt":"2023-09-25T08:00:00","guid":{"rendered":"https:\/\/www.asajacyl.com\/palencia\/?p=14265"},"modified":"2023-09-29T12:47:29","modified_gmt":"2023-09-29T10:47:29","slug":"la-comision-europea-propone-renovar-la-autorizacion-del-uso-de-glifosato-por-diez-anos-mas","status":"publish","type":"post","link":"https:\/\/www.asajacyl.com\/palencia\/asaja-palencia-informa\/la-comision-europea-propone-renovar-la-autorizacion-del-uso-de-glifosato-por-diez-anos-mas","title":{"rendered":"La Comisi\u00f3n Europea propone renovar la autorizaci\u00f3n del uso de glifosato por diez a\u00f1os m\u00e1s"},"content":{"rendered":"\n<h2 class=\"wp-block-heading\">La&nbsp;Comisi\u00f3n Europea&nbsp;propuso la pasada semana a los estados miembros&nbsp;renovar por diez a\u00f1os m\u00e1s, hasta 2033, la&nbsp;autorizaci\u00f3n del glifosato en el territorio comunitario, donde es el herbicida m\u00e1s utilizado&nbsp;en el sector agr\u00edcola. El vigente permiso expirar\u00e1 a mediados de diciembre. Los gobiernos europeos analizar\u00e1n y votar\u00e1n el 12 y 13 de octubre esta propuesta, que no se cierra a una revisi\u00f3n de la postura si en la pr\u00f3xima d\u00e9cada apareciesen certezas cient\u00edficas que desaconsejaran la utilizaci\u00f3n de glifosato. <\/h2>\n\n\n\n<p>Fuente de controversia desde hace a\u00f1os, debido a los posibles efectos sobre la salud, la&nbsp;Autoridad Europea de Seguridad Alimentaria&nbsp;(EFSA) concluy\u00f3 en su estudio de impacto publicado en julio que el nivel de riesgo del herbicida, para la salud de los seres humanos, los animales y el medioambiente, no justifica una prohibici\u00f3n.<\/p>\n\n\n\n<p>En 2017 la UE&nbsp;renov\u00f3 por cinco a\u00f1os, prorrogado uno m\u00e1s, la actual licencia del glifosato, la sustancia activa utilizada por el gigante Bayer-Monsanto en el herbicida Roundup. Aquella renovaci\u00f3n lleg\u00f3 ya tras una larga y complicada tramitaci\u00f3n pol\u00edtica, debido a la oposici\u00f3n que suscit\u00f3 la propuesta, que cont\u00f3 con el voto en contra de&nbsp;B\u00e9lgica, Grecia, Francia, Croacia, Italia, Chipre, Malta, Austria y Luxemburgo.&nbsp;&nbsp;<\/p>\n\n\n\n<p>La Organizaci\u00f3n Mundial de la Salud lleg\u00f3 a alertar en 2015 sobre posibles riesgos cancer\u00edgenos de la sustancia, aunque un informe de la&nbsp;Agencia Europea de Sustancias Qu\u00edmicas&nbsp;(ECHA)&nbsp;concluy\u00f3 dos a\u00f1os despu\u00e9s&nbsp;que no hay evidencias cient\u00edficas como para clasificar al producto como&nbsp;\u00abcancer\u00edgeno, mut\u00e1geno o t\u00f3xico para la reproducci\u00f3n\u00bb.&nbsp;Desde entonces los estudios, los an\u00e1lisis y las investigaciones se han multiplicado. <\/p>\n\n\n\n<p><strong>LA SUSTANCIA M\u00c1S INVESTIGADA. <\/strong>\u00abEs importante tener en cuenta que el expediente para la solicitud de renovaci\u00f3n conten\u00eda una cantidad de informaci\u00f3n sin precedentes y eso se debe a que el glifosato es probablemente la sustancia activa m\u00e1s investigada en el mundo\u00bb, aseguran fuentes de la Comisi\u00f3n Europea sobre un expediente con m\u00e1s de&nbsp;180.000 p\u00e1ginas, basado en m\u00e1s de&nbsp;2.400 estudios&nbsp;tanto p\u00fablicos como privados.&nbsp;&nbsp;<\/p>\n\n\n\n<p>La conclusi\u00f3n de los expertos de la EFSA, tras examinar la propuesta, fue que \u00abno existe ninguna zona cr\u00edtica de preocupaci\u00f3n\u00bb. Se define como cr\u00edtica cuando afecta todos los usos propuestos del pesticida bajo evaluaci\u00f3n (por ejemplo, usos previos a la siembra, usos posteriores a la cosecha, etc\u00e9tera). <\/p>\n\n\n\n<p><strong>BOQUILLAS REDUCTORAS. <\/strong>Por tanto, no hay motivos para no renovar el permiso, aunque la Comisi\u00f3n Europea propone ahora hacerlo con \u00abestrictas condiciones\u00bb y \u00abmedidas de acompa\u00f1amiento\u00bb para atenuar los riesgos en las zonas rociadas con el pesticida. Por ejemplo, se exigir\u00e1n boquillas reductoras para reducir la dispersi\u00f3n del producto en la pulverizaci\u00f3n.&nbsp;&nbsp;<\/p>\n\n\n\n<p>Adem\u00e1s, los Estados miembros podr\u00e1n establecer requisitos de seguimiento al conceder autorizaciones en el marco de la directiva del agua, tendr\u00e1n que garantizar que el uso de productos fitosanitarios que contengan glifosato sea minimizados o prohibidos en determinadas \u00e1reas, prestar atenci\u00f3n al impacto sobre los peque\u00f1os mam\u00edferos, considerando medidas de mitigaci\u00f3n o restricci\u00f3n si fuese necesario, as\u00ed como a los efectos indirectos sobre la biodiversidad.&nbsp;<\/p>\n\n\n\n<p><strong>RESPUESTA EQUILIBRADA. <\/strong>En cuanto al per\u00edodo de la renovaci\u00f3n \u2014diez a\u00f1os\u2014, son cinco menos del m\u00e1ximo posible, pero un lustro m\u00e1s que la \u00faltima autorizaci\u00f3n. Bruselas justifica esta decisi\u00f3n en la necesidad de dar una&nbsp;respuesta equilibrada. <\/p>\n\n\n\n<p>\u00abEquilibramos dos elementos: un elemento es que todav\u00eda hay muchas investigaciones en curso sobre el glifosato, casi todos los d\u00edas hay una nueva publicaci\u00f3n en alguna revista; y eso nos llev\u00f3 la \u00faltima vez a acortar el periodo; pero el proceso de renovaci\u00f3n requiere de una inmensa cantidad de recursos por parte de las autoridades de los Estados miembros y de la EFSA, as\u00ed que proponemos un per\u00edodo m\u00e1s largo, pero si en estos diez a\u00f1os sale a la luz informaci\u00f3n que ponga en duda las conclusiones de la EFSA podemos, en cualquier momento, revisar la aprobaci\u00f3n\u00bb, han asegurado fuentes del Ejecutivo comunitario.<strong>\/<\/strong><\/p>\n","protected":false},"excerpt":{"rendered":"<p>La&nbsp;Comisi\u00f3n Europea&nbsp;propuso la pasada semana a los estados miembros&nbsp;renovar por diez a\u00f1os m\u00e1s, hasta 2033, la&nbsp;autorizaci\u00f3n del glifosato en el territorio comunitario, donde es el herbicida m\u00e1s utilizado&nbsp;en el sector agr\u00edcola. El vigente permiso expirar\u00e1 a mediados de diciembre. Los gobiernos europeos analizar\u00e1n y votar\u00e1n el 12 y 13 de octubre esta propuesta, que no [&hellip;]<\/p>\n","protected":false},"author":9,"featured_media":12661,"comment_status":"open","ping_status":"open","sticky":false,"template":"","format":"standard","meta":{"footnotes":""},"categories":[9,28],"tags":[58,260,141,329,463,338,44],"yoast_head":"<!-- This site is optimized with the Yoast SEO plugin v24.5 - https:\/\/yoast.com\/wordpress\/plugins\/seo\/ -->\n<title>La Comisi\u00f3n Europea propone renovar la autorizaci\u00f3n del uso de glifosato por diez a\u00f1os m\u00e1s - ASAJA Palencia<\/title>\n<meta name=\"description\" content=\"La&nbsp;Comisi\u00f3n Europea&nbsp;propuso la pasada semana a los estados miembros&nbsp;renovar por diez a\u00f1os m\u00e1s, hasta 2033, la&nbsp;autorizaci\u00f3n del\" \/>\n<meta name=\"robots\" content=\"index, follow, max-snippet:-1, max-image-preview:large, max-video-preview:-1\" \/>\n<link rel=\"canonical\" href=\"https:\/\/www.asajacyl.com\/palencia\/asaja-palencia-informa\/la-comision-europea-propone-renovar-la-autorizacion-del-uso-de-glifosato-por-diez-anos-mas\" \/>\n<meta property=\"og:locale\" content=\"es_ES\" \/>\n<meta property=\"og:type\" content=\"article\" \/>\n<meta property=\"og:title\" content=\"La Comisi\u00f3n Europea propone renovar la autorizaci\u00f3n del uso de glifosato por diez a\u00f1os m\u00e1s - ASAJA Palencia\" \/>\n<meta property=\"og:description\" content=\"La&nbsp;Comisi\u00f3n Europea&nbsp;propuso la pasada semana a los estados miembros&nbsp;renovar por diez a\u00f1os m\u00e1s, hasta 2033, la&nbsp;autorizaci\u00f3n del\" \/>\n<meta property=\"og:url\" content=\"https:\/\/www.asajacyl.com\/palencia\/asaja-palencia-informa\/la-comision-europea-propone-renovar-la-autorizacion-del-uso-de-glifosato-por-diez-anos-mas\" \/>\n<meta property=\"og:site_name\" content=\"ASAJA Palencia\" \/>\n<meta property=\"article:published_time\" content=\"2023-09-25T08:00:00+00:00\" \/>\n<meta property=\"article:modified_time\" content=\"2023-09-29T10:47:29+00:00\" \/>\n<meta property=\"og:image\" content=\"https:\/\/www.asajacyl.com\/palencia\/wp-content\/uploads\/sites\/3\/2023\/03\/FITO-HERBICIDA-4.jpg\" \/>\n\t<meta property=\"og:image:width\" content=\"1024\" \/>\n\t<meta property=\"og:image:height\" content=\"768\" \/>\n\t<meta property=\"og:image:type\" content=\"image\/jpeg\" \/>\n<meta name=\"author\" content=\"Administrador\" \/>\n<meta name=\"twitter:card\" content=\"summary_large_image\" \/>\n<meta name=\"twitter:label1\" content=\"Escrito por\" \/>\n\t<meta name=\"twitter:data1\" content=\"Administrador\" \/>\n\t<meta name=\"twitter:label2\" content=\"Tiempo de lectura\" \/>\n\t<meta name=\"twitter:data2\" content=\"3 minutos\" \/>\n<script type=\"application\/ld+json\" class=\"yoast-schema-graph\">{\"@context\":\"https:\/\/schema.org\",\"@graph\":[{\"@type\":\"WebPage\",\"@id\":\"https:\/\/www.asajacyl.com\/palencia\/asaja-palencia-informa\/la-comision-europea-propone-renovar-la-autorizacion-del-uso-de-glifosato-por-diez-anos-mas\",\"url\":\"https:\/\/www.asajacyl.com\/palencia\/asaja-palencia-informa\/la-comision-europea-propone-renovar-la-autorizacion-del-uso-de-glifosato-por-diez-anos-mas\",\"name\":\"La Comisi\u00f3n Europea propone renovar la autorizaci\u00f3n del uso de glifosato por diez a\u00f1os m\u00e1s - ASAJA Palencia\",\"isPartOf\":{\"@id\":\"https:\/\/www.asajacyl.com\/palencia\/#website\"},\"primaryImageOfPage\":{\"@id\":\"https:\/\/www.asajacyl.com\/palencia\/asaja-palencia-informa\/la-comision-europea-propone-renovar-la-autorizacion-del-uso-de-glifosato-por-diez-anos-mas#primaryimage\"},\"image\":{\"@id\":\"https:\/\/www.asajacyl.com\/palencia\/asaja-palencia-informa\/la-comision-europea-propone-renovar-la-autorizacion-del-uso-de-glifosato-por-diez-anos-mas#primaryimage\"},\"thumbnailUrl\":\"https:\/\/www.asajacyl.com\/palencia\/wp-content\/uploads\/sites\/3\/2023\/03\/FITO-HERBICIDA-4.jpg\",\"datePublished\":\"2023-09-25T08:00:00+00:00\",\"dateModified\":\"2023-09-29T10:47:29+00:00\",\"author\":{\"@id\":\"https:\/\/www.asajacyl.com\/palencia\/#\/schema\/person\/3ab17aeb03527485c317557fae64aab1\"},\"description\":\"La&nbsp;Comisi\u00f3n Europea&nbsp;propuso la pasada semana a los estados miembros&nbsp;renovar por diez a\u00f1os m\u00e1s, hasta 2033, la&nbsp;autorizaci\u00f3n del\",\"breadcrumb\":{\"@id\":\"https:\/\/www.asajacyl.com\/palencia\/asaja-palencia-informa\/la-comision-europea-propone-renovar-la-autorizacion-del-uso-de-glifosato-por-diez-anos-mas#breadcrumb\"},\"inLanguage\":\"es\",\"potentialAction\":[{\"@type\":\"ReadAction\",\"target\":[\"https:\/\/www.asajacyl.com\/palencia\/asaja-palencia-informa\/la-comision-europea-propone-renovar-la-autorizacion-del-uso-de-glifosato-por-diez-anos-mas\"]}]},{\"@type\":\"ImageObject\",\"inLanguage\":\"es\",\"@id\":\"https:\/\/www.asajacyl.com\/palencia\/asaja-palencia-informa\/la-comision-europea-propone-renovar-la-autorizacion-del-uso-de-glifosato-por-diez-anos-mas#primaryimage\",\"url\":\"https:\/\/www.asajacyl.com\/palencia\/wp-content\/uploads\/sites\/3\/2023\/03\/FITO-HERBICIDA-4.jpg\",\"contentUrl\":\"https:\/\/www.asajacyl.com\/palencia\/wp-content\/uploads\/sites\/3\/2023\/03\/FITO-HERBICIDA-4.jpg\",\"width\":1024,\"height\":768},{\"@type\":\"BreadcrumbList\",\"@id\":\"https:\/\/www.asajacyl.com\/palencia\/asaja-palencia-informa\/la-comision-europea-propone-renovar-la-autorizacion-del-uso-de-glifosato-por-diez-anos-mas#breadcrumb\",\"itemListElement\":[{\"@type\":\"ListItem\",\"position\":1,\"name\":\"Portada\",\"item\":\"https:\/\/www.asajacyl.com\/palencia\/\"},{\"@type\":\"ListItem\",\"position\":2,\"name\":\"La Comisi\u00f3n Europea propone renovar la autorizaci\u00f3n del uso de glifosato por diez a\u00f1os m\u00e1s\"}]},{\"@type\":\"WebSite\",\"@id\":\"https:\/\/www.asajacyl.com\/palencia\/#website\",\"url\":\"https:\/\/www.asajacyl.com\/palencia\/\",\"name\":\"ASAJA Palencia\",\"description\":\"Otro sitio m\u00e1s de Provincias ASAJA Castilla y Le\u00f3n\",\"potentialAction\":[{\"@type\":\"SearchAction\",\"target\":{\"@type\":\"EntryPoint\",\"urlTemplate\":\"https:\/\/www.asajacyl.com\/palencia\/?s={search_term_string}\"},\"query-input\":{\"@type\":\"PropertyValueSpecification\",\"valueRequired\":true,\"valueName\":\"search_term_string\"}}],\"inLanguage\":\"es\"},{\"@type\":\"Person\",\"@id\":\"https:\/\/www.asajacyl.com\/palencia\/#\/schema\/person\/3ab17aeb03527485c317557fae64aab1\",\"name\":\"Administrador\",\"image\":{\"@type\":\"ImageObject\",\"inLanguage\":\"es\",\"@id\":\"https:\/\/www.asajacyl.com\/palencia\/#\/schema\/person\/image\/\",\"url\":\"https:\/\/secure.gravatar.com\/avatar\/517384810d242ca9e38c180f3c9fb973?s=96&d=mm&r=g\",\"contentUrl\":\"https:\/\/secure.gravatar.com\/avatar\/517384810d242ca9e38c180f3c9fb973?s=96&d=mm&r=g\",\"caption\":\"Administrador\"},\"url\":\"https:\/\/www.asajacyl.com\/palencia\/author\/carlosrm\"}]}<\/script>\n<!-- \/ Yoast SEO plugin. -->","yoast_head_json":{"title":"La Comisi\u00f3n Europea propone renovar la autorizaci\u00f3n del uso de glifosato por diez a\u00f1os m\u00e1s - ASAJA Palencia","description":"La&nbsp;Comisi\u00f3n Europea&nbsp;propuso la pasada semana a los estados miembros&nbsp;renovar por diez a\u00f1os m\u00e1s, hasta 2033, la&nbsp;autorizaci\u00f3n del","robots":{"index":"index","follow":"follow","max-snippet":"max-snippet:-1","max-image-preview":"max-image-preview:large","max-video-preview":"max-video-preview:-1"},"canonical":"https:\/\/www.asajacyl.com\/palencia\/asaja-palencia-informa\/la-comision-europea-propone-renovar-la-autorizacion-del-uso-de-glifosato-por-diez-anos-mas","og_locale":"es_ES","og_type":"article","og_title":"La Comisi\u00f3n Europea propone renovar la autorizaci\u00f3n del uso de glifosato por diez a\u00f1os m\u00e1s - ASAJA Palencia","og_description":"La&nbsp;Comisi\u00f3n Europea&nbsp;propuso la pasada semana a los estados miembros&nbsp;renovar por diez a\u00f1os m\u00e1s, hasta 2033, la&nbsp;autorizaci\u00f3n del","og_url":"https:\/\/www.asajacyl.com\/palencia\/asaja-palencia-informa\/la-comision-europea-propone-renovar-la-autorizacion-del-uso-de-glifosato-por-diez-anos-mas","og_site_name":"ASAJA Palencia","article_published_time":"2023-09-25T08:00:00+00:00","article_modified_time":"2023-09-29T10:47:29+00:00","og_image":[{"width":1024,"height":768,"url":"https:\/\/www.asajacyl.com\/palencia\/wp-content\/uploads\/sites\/3\/2023\/03\/FITO-HERBICIDA-4.jpg","type":"image\/jpeg"}],"author":"Administrador","twitter_card":"summary_large_image","twitter_misc":{"Escrito por":"Administrador","Tiempo de lectura":"3 minutos"},"schema":{"@context":"https:\/\/schema.org","@graph":[{"@type":"WebPage","@id":"https:\/\/www.asajacyl.com\/palencia\/asaja-palencia-informa\/la-comision-europea-propone-renovar-la-autorizacion-del-uso-de-glifosato-por-diez-anos-mas","url":"https:\/\/www.asajacyl.com\/palencia\/asaja-palencia-informa\/la-comision-europea-propone-renovar-la-autorizacion-del-uso-de-glifosato-por-diez-anos-mas","name":"La Comisi\u00f3n Europea propone renovar la autorizaci\u00f3n del uso de glifosato por diez a\u00f1os m\u00e1s - ASAJA Palencia","isPartOf":{"@id":"https:\/\/www.asajacyl.com\/palencia\/#website"},"primaryImageOfPage":{"@id":"https:\/\/www.asajacyl.com\/palencia\/asaja-palencia-informa\/la-comision-europea-propone-renovar-la-autorizacion-del-uso-de-glifosato-por-diez-anos-mas#primaryimage"},"image":{"@id":"https:\/\/www.asajacyl.com\/palencia\/asaja-palencia-informa\/la-comision-europea-propone-renovar-la-autorizacion-del-uso-de-glifosato-por-diez-anos-mas#primaryimage"},"thumbnailUrl":"https:\/\/www.asajacyl.com\/palencia\/wp-content\/uploads\/sites\/3\/2023\/03\/FITO-HERBICIDA-4.jpg","datePublished":"2023-09-25T08:00:00+00:00","dateModified":"2023-09-29T10:47:29+00:00","author":{"@id":"https:\/\/www.asajacyl.com\/palencia\/#\/schema\/person\/3ab17aeb03527485c317557fae64aab1"},"description":"La&nbsp;Comisi\u00f3n Europea&nbsp;propuso la pasada semana a los estados miembros&nbsp;renovar por diez a\u00f1os m\u00e1s, hasta 2033, la&nbsp;autorizaci\u00f3n del","breadcrumb":{"@id":"https:\/\/www.asajacyl.com\/palencia\/asaja-palencia-informa\/la-comision-europea-propone-renovar-la-autorizacion-del-uso-de-glifosato-por-diez-anos-mas#breadcrumb"},"inLanguage":"es","potentialAction":[{"@type":"ReadAction","target":["https:\/\/www.asajacyl.com\/palencia\/asaja-palencia-informa\/la-comision-europea-propone-renovar-la-autorizacion-del-uso-de-glifosato-por-diez-anos-mas"]}]},{"@type":"ImageObject","inLanguage":"es","@id":"https:\/\/www.asajacyl.com\/palencia\/asaja-palencia-informa\/la-comision-europea-propone-renovar-la-autorizacion-del-uso-de-glifosato-por-diez-anos-mas#primaryimage","url":"https:\/\/www.asajacyl.com\/palencia\/wp-content\/uploads\/sites\/3\/2023\/03\/FITO-HERBICIDA-4.jpg","contentUrl":"https:\/\/www.asajacyl.com\/palencia\/wp-content\/uploads\/sites\/3\/2023\/03\/FITO-HERBICIDA-4.jpg","width":1024,"height":768},{"@type":"BreadcrumbList","@id":"https:\/\/www.asajacyl.com\/palencia\/asaja-palencia-informa\/la-comision-europea-propone-renovar-la-autorizacion-del-uso-de-glifosato-por-diez-anos-mas#breadcrumb","itemListElement":[{"@type":"ListItem","position":1,"name":"Portada","item":"https:\/\/www.asajacyl.com\/palencia\/"},{"@type":"ListItem","position":2,"name":"La Comisi\u00f3n Europea propone renovar la autorizaci\u00f3n del uso de glifosato por diez a\u00f1os m\u00e1s"}]},{"@type":"WebSite","@id":"https:\/\/www.asajacyl.com\/palencia\/#website","url":"https:\/\/www.asajacyl.com\/palencia\/","name":"ASAJA Palencia","description":"Otro sitio m\u00e1s de Provincias ASAJA Castilla y Le\u00f3n","potentialAction":[{"@type":"SearchAction","target":{"@type":"EntryPoint","urlTemplate":"https:\/\/www.asajacyl.com\/palencia\/?s={search_term_string}"},"query-input":{"@type":"PropertyValueSpecification","valueRequired":true,"valueName":"search_term_string"}}],"inLanguage":"es"},{"@type":"Person","@id":"https:\/\/www.asajacyl.com\/palencia\/#\/schema\/person\/3ab17aeb03527485c317557fae64aab1","name":"Administrador","image":{"@type":"ImageObject","inLanguage":"es","@id":"https:\/\/www.asajacyl.com\/palencia\/#\/schema\/person\/image\/","url":"https:\/\/secure.gravatar.com\/avatar\/517384810d242ca9e38c180f3c9fb973?s=96&d=mm&r=g","contentUrl":"https:\/\/secure.gravatar.com\/avatar\/517384810d242ca9e38c180f3c9fb973?s=96&d=mm&r=g","caption":"Administrador"},"url":"https:\/\/www.asajacyl.com\/palencia\/author\/carlosrm"}]}},"_links":{"self":[{"href":"https:\/\/www.asajacyl.com\/palencia\/wp-json\/wp\/v2\/posts\/14265"}],"collection":[{"href":"https:\/\/www.asajacyl.com\/palencia\/wp-json\/wp\/v2\/posts"}],"about":[{"href":"https:\/\/www.asajacyl.com\/palencia\/wp-json\/wp\/v2\/types\/post"}],"author":[{"embeddable":true,"href":"https:\/\/www.asajacyl.com\/palencia\/wp-json\/wp\/v2\/users\/9"}],"replies":[{"embeddable":true,"href":"https:\/\/www.asajacyl.com\/palencia\/wp-json\/wp\/v2\/comments?post=14265"}],"version-history":[{"count":3,"href":"https:\/\/www.asajacyl.com\/palencia\/wp-json\/wp\/v2\/posts\/14265\/revisions"}],"predecessor-version":[{"id":14310,"href":"https:\/\/www.asajacyl.com\/palencia\/wp-json\/wp\/v2\/posts\/14265\/revisions\/14310"}],"wp:featuredmedia":[{"embeddable":true,"href":"https:\/\/www.asajacyl.com\/palencia\/wp-json\/wp\/v2\/media\/12661"}],"wp:attachment":[{"href":"https:\/\/www.asajacyl.com\/palencia\/wp-json\/wp\/v2\/media?parent=14265"}],"wp:term":[{"taxonomy":"category","embeddable":true,"href":"https:\/\/www.asajacyl.com\/palencia\/wp-json\/wp\/v2\/categories?post=14265"},{"taxonomy":"post_tag","embeddable":true,"href":"https:\/\/www.asajacyl.com\/palencia\/wp-json\/wp\/v2\/tags?post=14265"}],"curies":[{"name":"wp","href":"https:\/\/api.w.org\/{rel}","templated":true}]}}