{"id":14280,"date":"2023-09-28T08:57:34","date_gmt":"2023-09-28T06:57:34","guid":{"rendered":"https:\/\/www.asajacyl.com\/palencia\/?p=14280"},"modified":"2023-09-27T09:33:23","modified_gmt":"2023-09-27T07:33:23","slug":"mas-de-un-millar-de-profesionales-del-campo-espanol-beneficiados-este-ano-por-el-plan-renove","status":"publish","type":"post","link":"https:\/\/www.asajacyl.com\/palencia\/asaja-palencia-informa\/mas-de-un-millar-de-profesionales-del-campo-espanol-beneficiados-este-ano-por-el-plan-renove","title":{"rendered":"M\u00e1s de un millar de profesionales del campo espa\u00f1ol, beneficiados este a\u00f1o por el Plan Renove"},"content":{"rendered":"\n<h2 class=\"wp-block-heading\">M\u00e1s de un millar de agricultores y ganaderos se van a beneficiar este a\u00f1o de las ayudas del Plan de Renovaci\u00f3n del Parque de Maquinaria Agr\u00edcola (Renove) 2023. El\u00a0Ministerio de Agricultura, Pesca y Alimentaci\u00f3n (MAPA) ha destinado nueve millones y medio de euros, el presupuesto m\u00e1s alto hasta la fecha para este programa, un 45 % m\u00e1s que el a\u00f1o pasado. Castilla y Le\u00f3n es la comunidad con m\u00e1s beneficiarios: en concreto, 733, m\u00e1s de dos tercios (68%) de perceptores de Espa\u00f1a (1.083). A nuestra regi\u00f3n llegar\u00e1n 6,56 millones de euros de ayuda del Renove, casi el 70% de la cantidad global de subvenci\u00f3n en todo el pa\u00eds. Las sembradoras para siembra directa han sido la maquinaria con m\u00e1s solicitudes (586), m\u00e1s de la mitad (54%) del total.<\/h2>\n\n\n\n<p>Una vez finalizado el plazo de solicitudes el pasado d\u00eda 15 de septiembre, el MAPA estima que el 96 % de las solicitudes ser\u00e1n aceptadas y se agotar\u00e1n los fondos disponibles. <\/p>\n\n\n\n<p>La inversi\u00f3n total realizada por los agricultores y ganaderos en la adquisici\u00f3n de nueva maquinaria supera los 38,5 millones de euros, con lo que las ayudas cubren casi la cuarta parte del total (24,5 %).<\/p>\n\n\n\n<p>La convocatoria propiciar\u00e1 la incorporaci\u00f3n de m\u00e1quinas agr\u00edcolas modernas, dotadas de las \u00faltimas tecnolog\u00edas, m\u00e1s respetuosas con el medio ambiente, m\u00e1s eficaces, seguras y ergon\u00f3micas.<\/p>\n\n\n\n<p>La distribuci\u00f3n provisional de las ayudas es la siguiente:<\/p>\n\n\n\n<figure class=\"wp-block-table is-style-stripes\"><table><tbody><tr><th>TIPO DE MAQUINARIA                                                                                                            <\/th><th class=\"has-text-align-right\" data-align=\"right\">Unidades<\/th><th class=\"has-text-align-right\" data-align=\"right\">    Importe de la ayuda<\/th><\/tr><tr><td>SEMBRADORAS PARA SIEMBRA DIRECTA<\/td><td class=\"has-text-align-right\" data-align=\"right\">586<\/td><td class=\"has-text-align-right\" data-align=\"right\">6.848.737,85 \u20ac<\/td><\/tr><tr><td>ABONADORAS<\/td><td class=\"has-text-align-right\" data-align=\"right\">107<\/td><td class=\"has-text-align-right\" data-align=\"right\">437.841,42 \u20ac<\/td><\/tr><tr><td>ACCESORIOS PARA DISTRIBUCI\u00d3N LOCALIZADA DE PURINES<\/td><td class=\"has-text-align-right\" data-align=\"right\">23<\/td><td class=\"has-text-align-right\" data-align=\"right\">109.094,40 \u20ac<\/td><\/tr><tr><td>COSECHADORAS DE CEREALES<\/td><td class=\"has-text-align-right\" data-align=\"right\">2<\/td><td class=\"has-text-align-right\" data-align=\"right\">27.796,91 \u20ac<\/td><\/tr><tr><td>TRITURADORAS DE RESIDUOS VEGETALES<\/td><td class=\"has-text-align-right\" data-align=\"right\">102<\/td><td class=\"has-text-align-right\" data-align=\"right\">267.894,57 \u20ac<\/td><\/tr><tr><td>ESPARCIDORES DE PURINES CON DISTRIBUCI\u00d3N LOCALIZADA<\/td><td class=\"has-text-align-right\" data-align=\"right\">12<\/td><td class=\"has-text-align-right\" data-align=\"right\">197.399,20 \u20ac<\/td><\/tr><tr><td>EQUIPOS DE APLICACI\u00d3N DE PRODUCTOS FITOSANITARIOS<\/td><td class=\"has-text-align-right\" data-align=\"right\">197<\/td><td class=\"has-text-align-right\" data-align=\"right\">996.495,41 \u20ac<\/td><\/tr><tr><td>TRACTORES<\/td><td class=\"has-text-align-right\" data-align=\"right\">55<\/td><td class=\"has-text-align-right\" data-align=\"right\">609.467,12 \u20ac<\/td><\/tr><tr><td><strong>TOTAL<\/strong><\/td><td class=\"has-text-align-right\" data-align=\"right\"><strong>1.084<\/strong><\/td><td class=\"has-text-align-right\" data-align=\"right\"><strong>9.494.726,88 \u20ac<\/strong><\/td><\/tr><\/tbody><tfoot><tr><td colspan=\"3\"><em>FUENTE: Ministerio de Agricultura, Pesca y Alimentaci\u00f3n<\/em><\/td><\/tr><\/tfoot><\/table><\/figure>\n\n\n\n<p>La mayor\u00eda de las unidades adquiridas ayudar\u00e1n a los agricultores a acogerse\u00a0\u00a0a las pr\u00e1cticas previstas en los ecorreg\u00edmenes de la Pol\u00edtica Agraria Com\u00fan (PAC).<\/p>\n\n\n\n<p>Las cifras provisionales muestran, un a\u00f1o m\u00e1s, el \u00e9xito del Plan Renove, y aunque llega a todas las comunidades aut\u00f3nomas (excepto a Canarias), Castilla y Le\u00f3n se sit\u00faa muy por delante del resto, con 733 unidades y m\u00e1s de 6,5 millones de euros de subvenci\u00f3n. Le siguen Arag\u00f3n y Catalu\u00f1a. La distribuci\u00f3n por comunidades aut\u00f3nomas es la siguiente:<\/p>\n\n\n\n<figure class=\"wp-block-table is-style-stripes\"><table><tbody><tr><td class=\"has-text-align-left\" data-align=\"left\"><strong>COMUNIDAD AUT\u00d3NOMA<\/strong><\/td><td class=\"has-text-align-right\" data-align=\"right\"><strong>SOLICITUDES<\/strong><\/td><td class=\"has-text-align-right\" data-align=\"right\"><strong>IMPORTE <\/strong><\/td><\/tr><tr><td class=\"has-text-align-left\" data-align=\"left\">ANDALUC\u00cdA                                                                                                                                             <\/td><td class=\"has-text-align-right\" data-align=\"right\">15<\/td><td class=\"has-text-align-right\" data-align=\"right\">70.500\u20ac<\/td><\/tr><tr><td class=\"has-text-align-left\" data-align=\"left\">ARAG\u00d3N<\/td><td class=\"has-text-align-right\" data-align=\"right\">174<\/td><td class=\"has-text-align-right\" data-align=\"right\">1.511.206\u20ac<\/td><\/tr><tr><td class=\"has-text-align-left\" data-align=\"left\">PRINCIPADO DE ASTURIAS<\/td><td class=\"has-text-align-right\" data-align=\"right\">5<\/td><td class=\"has-text-align-right\" data-align=\"right\">53.323\u20ac<\/td><\/tr><tr><td class=\"has-text-align-left\" data-align=\"left\">ILLES BALEARS<\/td><td class=\"has-text-align-right\" data-align=\"right\">1<\/td><td class=\"has-text-align-right\" data-align=\"right\">8.096\u20ac<\/td><\/tr><tr><td class=\"has-text-align-left\" data-align=\"left\">CANTABRIA<\/td><td class=\"has-text-align-right\" data-align=\"right\">1<\/td><td class=\"has-text-align-right\" data-align=\"right\">6.000\u20ac<\/td><\/tr><tr><td class=\"has-text-align-left\" data-align=\"left\">CASTILLA Y LE\u00d3N<\/td><td class=\"has-text-align-right\" data-align=\"right\">733<\/td><td class=\"has-text-align-right\" data-align=\"right\">6.559.288\u20ac<\/td><\/tr><tr><td class=\"has-text-align-left\" data-align=\"left\">CASTILLA-LA MANCHA<\/td><td class=\"has-text-align-right\" data-align=\"right\">16<\/td><td class=\"has-text-align-right\" data-align=\"right\">129.982\u20ac<\/td><\/tr><tr><td class=\"has-text-align-left\" data-align=\"left\">CATALU\u00d1A<\/td><td class=\"has-text-align-right\" data-align=\"right\">59<\/td><td class=\"has-text-align-right\" data-align=\"right\">509.643\u20ac<\/td><\/tr><tr><td class=\"has-text-align-left\" data-align=\"left\">COMUNITAT VALENCIANA<\/td><td class=\"has-text-align-right\" data-align=\"right\">7<\/td><td class=\"has-text-align-right\" data-align=\"right\">34.283\u20ac<\/td><\/tr><tr><td class=\"has-text-align-left\" data-align=\"left\">EXTREMADURA<\/td><td class=\"has-text-align-right\" data-align=\"right\">16<\/td><td class=\"has-text-align-right\" data-align=\"right\">148.831\u20ac<\/td><\/tr><tr><td class=\"has-text-align-left\" data-align=\"left\">GALICIA<\/td><td class=\"has-text-align-right\" data-align=\"right\">18<\/td><td class=\"has-text-align-right\" data-align=\"right\">106.870\u20ac<\/td><\/tr><tr><td class=\"has-text-align-left\" data-align=\"left\">COMUNIDAD DE MADRID<\/td><td class=\"has-text-align-right\" data-align=\"right\">6<\/td><td class=\"has-text-align-right\" data-align=\"right\">45.670\u20ac<\/td><\/tr><tr><td class=\"has-text-align-left\" data-align=\"left\">REGI\u00d3N DE MURCIA<\/td><td class=\"has-text-align-right\" data-align=\"right\">2<\/td><td class=\"has-text-align-right\" data-align=\"right\">5.678\u20ac<\/td><\/tr><tr><td class=\"has-text-align-left\" data-align=\"left\">COMUNIDAD FORAL DE NAVARRA<\/td><td class=\"has-text-align-right\" data-align=\"right\">16<\/td><td class=\"has-text-align-right\" data-align=\"right\">199.057\u20ac<\/td><\/tr><tr><td class=\"has-text-align-left\" data-align=\"left\">PA\u00cdS VASCO<\/td><td class=\"has-text-align-right\" data-align=\"right\">10<\/td><td class=\"has-text-align-right\" data-align=\"right\">58.893\u20ac<\/td><\/tr><tr><td class=\"has-text-align-left\" data-align=\"left\">LA RIOJA<\/td><td class=\"has-text-align-right\" data-align=\"right\">5<\/td><td class=\"has-text-align-right\" data-align=\"right\">47.406\u20ac<\/td><\/tr><tr><td class=\"has-text-align-left\" data-align=\"left\"><strong>TOTAL<\/strong><\/td><td class=\"has-text-align-right\" data-align=\"right\"><strong>1.084<\/strong><\/td><td class=\"has-text-align-right\" data-align=\"right\"><strong>9.494.727\u20ac<\/strong><\/td><\/tr><\/tbody><tfoot><tr><td class=\"has-text-align-left\" data-align=\"left\" colspan=\"3\"><em>FUENTE: Ministerio de Agricultura, Pesca y Alimentaci\u00f3n<\/em><\/td><\/tr><\/tfoot><\/table><\/figure>\n\n\n\n<p>El Plan Renove 2023 ha mantenido la diferenciaci\u00f3n en dos l\u00edneas de inversi\u00f3n de las \u00faltimas convocatorias, pero en esta ocasi\u00f3n una de ellas se ha dirigido a las sembradoras de siembra directa y la otra para el resto de maquinaria. El objetivo es que este tipo de maquinaria es la herramienta m\u00e1s importante para llevar a cabo una agricultura de conservaci\u00f3n que reduce las labores en el campo, las emisiones de CO<sub>2<\/sub>, aumenta el contenido de materia org\u00e1nica del suelo y previene su erosi\u00f3n.<\/p>\n\n\n\n<p>En la l\u00ednea para la adquisici\u00f3n de otro tipo de maquinaria se encuentran equipos como los sistemas de aplicaci\u00f3n localizada de purines, los de aplicaci\u00f3n de productos fitosanitarios o las trituradoras de restos de poda, cuya renovaci\u00f3n contribuye tambi\u00e9n a objetivos medioambientales en l\u00ednea con las pol\u00edticas del MAPA.<strong>\/<\/strong><\/p>\n\n\n\n<p><\/p>\n","protected":false},"excerpt":{"rendered":"<p>M\u00e1s de un millar de agricultores y ganaderos se van a beneficiar este a\u00f1o de las ayudas del Plan de Renovaci\u00f3n del Parque de Maquinaria Agr\u00edcola (Renove) 2023. El\u00a0Ministerio de Agricultura, Pesca y Alimentaci\u00f3n (MAPA) ha destinado nueve millones y medio de euros, el presupuesto m\u00e1s alto hasta la fecha para este programa, un 45 [&hellip;]<\/p>\n","protected":false},"author":9,"featured_media":14281,"comment_status":"open","ping_status":"open","sticky":false,"template":"","format":"standard","meta":{"footnotes":""},"categories":[9,29,28],"tags":[58,59,250,77,111,153,110,273,89],"yoast_head":"<!-- This site is optimized with the Yoast SEO plugin v24.5 - https:\/\/yoast.com\/wordpress\/plugins\/seo\/ -->\n<title>M\u00e1s de un millar de profesionales del campo espa\u00f1ol, beneficiados este a\u00f1o por el Plan Renove - ASAJA Palencia<\/title>\n<meta name=\"description\" content=\"M\u00e1s de un millar de agricultores y ganaderos se van a beneficiar este a\u00f1o de las ayudas del Plan de Renovaci\u00f3n del Parque de Maquinaria Agr\u00edcola (Renove)\" \/>\n<meta name=\"robots\" content=\"index, follow, max-snippet:-1, max-image-preview:large, max-video-preview:-1\" \/>\n<link rel=\"canonical\" href=\"https:\/\/www.asajacyl.com\/palencia\/asaja-palencia-informa\/mas-de-un-millar-de-profesionales-del-campo-espanol-beneficiados-este-ano-por-el-plan-renove\" \/>\n<meta property=\"og:locale\" content=\"es_ES\" \/>\n<meta property=\"og:type\" content=\"article\" \/>\n<meta property=\"og:title\" content=\"M\u00e1s de un millar de profesionales del campo espa\u00f1ol, beneficiados este a\u00f1o por el Plan Renove - ASAJA Palencia\" \/>\n<meta property=\"og:description\" content=\"M\u00e1s de un millar de agricultores y ganaderos se van a beneficiar este a\u00f1o de las ayudas del Plan de Renovaci\u00f3n del Parque de Maquinaria Agr\u00edcola (Renove)\" \/>\n<meta property=\"og:url\" content=\"https:\/\/www.asajacyl.com\/palencia\/asaja-palencia-informa\/mas-de-un-millar-de-profesionales-del-campo-espanol-beneficiados-este-ano-por-el-plan-renove\" \/>\n<meta property=\"og:site_name\" content=\"ASAJA Palencia\" \/>\n<meta property=\"article:published_time\" content=\"2023-09-28T06:57:34+00:00\" \/>\n<meta property=\"og:image\" content=\"https:\/\/www.asajacyl.com\/palencia\/wp-content\/uploads\/sites\/3\/2023\/09\/Sembradora-siembra-directa--1024x896.jpg\" \/>\n\t<meta property=\"og:image:width\" content=\"1024\" \/>\n\t<meta property=\"og:image:height\" content=\"896\" \/>\n\t<meta property=\"og:image:type\" content=\"image\/jpeg\" \/>\n<meta name=\"author\" content=\"Administrador\" \/>\n<meta name=\"twitter:card\" content=\"summary_large_image\" \/>\n<meta name=\"twitter:label1\" content=\"Escrito por\" \/>\n\t<meta name=\"twitter:data1\" content=\"Administrador\" \/>\n\t<meta name=\"twitter:label2\" content=\"Tiempo de lectura\" \/>\n\t<meta name=\"twitter:data2\" content=\"3 minutos\" \/>\n<script type=\"application\/ld+json\" class=\"yoast-schema-graph\">{\"@context\":\"https:\/\/schema.org\",\"@graph\":[{\"@type\":\"WebPage\",\"@id\":\"https:\/\/www.asajacyl.com\/palencia\/asaja-palencia-informa\/mas-de-un-millar-de-profesionales-del-campo-espanol-beneficiados-este-ano-por-el-plan-renove\",\"url\":\"https:\/\/www.asajacyl.com\/palencia\/asaja-palencia-informa\/mas-de-un-millar-de-profesionales-del-campo-espanol-beneficiados-este-ano-por-el-plan-renove\",\"name\":\"M\u00e1s de un millar de profesionales del campo espa\u00f1ol, beneficiados este a\u00f1o por el Plan Renove - ASAJA Palencia\",\"isPartOf\":{\"@id\":\"https:\/\/www.asajacyl.com\/palencia\/#website\"},\"primaryImageOfPage\":{\"@id\":\"https:\/\/www.asajacyl.com\/palencia\/asaja-palencia-informa\/mas-de-un-millar-de-profesionales-del-campo-espanol-beneficiados-este-ano-por-el-plan-renove#primaryimage\"},\"image\":{\"@id\":\"https:\/\/www.asajacyl.com\/palencia\/asaja-palencia-informa\/mas-de-un-millar-de-profesionales-del-campo-espanol-beneficiados-este-ano-por-el-plan-renove#primaryimage\"},\"thumbnailUrl\":\"https:\/\/www.asajacyl.com\/palencia\/wp-content\/uploads\/sites\/3\/2023\/09\/Sembradora-siembra-directa-.jpg\",\"datePublished\":\"2023-09-28T06:57:34+00:00\",\"author\":{\"@id\":\"https:\/\/www.asajacyl.com\/palencia\/#\/schema\/person\/3ab17aeb03527485c317557fae64aab1\"},\"description\":\"M\u00e1s de un millar de agricultores y ganaderos se van a beneficiar este a\u00f1o de las ayudas del Plan de Renovaci\u00f3n del Parque de Maquinaria Agr\u00edcola (Renove)\",\"breadcrumb\":{\"@id\":\"https:\/\/www.asajacyl.com\/palencia\/asaja-palencia-informa\/mas-de-un-millar-de-profesionales-del-campo-espanol-beneficiados-este-ano-por-el-plan-renove#breadcrumb\"},\"inLanguage\":\"es\",\"potentialAction\":[{\"@type\":\"ReadAction\",\"target\":[\"https:\/\/www.asajacyl.com\/palencia\/asaja-palencia-informa\/mas-de-un-millar-de-profesionales-del-campo-espanol-beneficiados-este-ano-por-el-plan-renove\"]}]},{\"@type\":\"ImageObject\",\"inLanguage\":\"es\",\"@id\":\"https:\/\/www.asajacyl.com\/palencia\/asaja-palencia-informa\/mas-de-un-millar-de-profesionales-del-campo-espanol-beneficiados-este-ano-por-el-plan-renove#primaryimage\",\"url\":\"https:\/\/www.asajacyl.com\/palencia\/wp-content\/uploads\/sites\/3\/2023\/09\/Sembradora-siembra-directa-.jpg\",\"contentUrl\":\"https:\/\/www.asajacyl.com\/palencia\/wp-content\/uploads\/sites\/3\/2023\/09\/Sembradora-siembra-directa-.jpg\",\"width\":1890,\"height\":1654},{\"@type\":\"BreadcrumbList\",\"@id\":\"https:\/\/www.asajacyl.com\/palencia\/asaja-palencia-informa\/mas-de-un-millar-de-profesionales-del-campo-espanol-beneficiados-este-ano-por-el-plan-renove#breadcrumb\",\"itemListElement\":[{\"@type\":\"ListItem\",\"position\":1,\"name\":\"Portada\",\"item\":\"https:\/\/www.asajacyl.com\/palencia\/\"},{\"@type\":\"ListItem\",\"position\":2,\"name\":\"M\u00e1s de un millar de profesionales del campo espa\u00f1ol, beneficiados este a\u00f1o por el Plan Renove\"}]},{\"@type\":\"WebSite\",\"@id\":\"https:\/\/www.asajacyl.com\/palencia\/#website\",\"url\":\"https:\/\/www.asajacyl.com\/palencia\/\",\"name\":\"ASAJA Palencia\",\"description\":\"Otro sitio m\u00e1s de Provincias ASAJA Castilla y Le\u00f3n\",\"potentialAction\":[{\"@type\":\"SearchAction\",\"target\":{\"@type\":\"EntryPoint\",\"urlTemplate\":\"https:\/\/www.asajacyl.com\/palencia\/?s={search_term_string}\"},\"query-input\":{\"@type\":\"PropertyValueSpecification\",\"valueRequired\":true,\"valueName\":\"search_term_string\"}}],\"inLanguage\":\"es\"},{\"@type\":\"Person\",\"@id\":\"https:\/\/www.asajacyl.com\/palencia\/#\/schema\/person\/3ab17aeb03527485c317557fae64aab1\",\"name\":\"Administrador\",\"image\":{\"@type\":\"ImageObject\",\"inLanguage\":\"es\",\"@id\":\"https:\/\/www.asajacyl.com\/palencia\/#\/schema\/person\/image\/\",\"url\":\"https:\/\/secure.gravatar.com\/avatar\/517384810d242ca9e38c180f3c9fb973?s=96&d=mm&r=g\",\"contentUrl\":\"https:\/\/secure.gravatar.com\/avatar\/517384810d242ca9e38c180f3c9fb973?s=96&d=mm&r=g\",\"caption\":\"Administrador\"},\"url\":\"https:\/\/www.asajacyl.com\/palencia\/author\/carlosrm\"}]}<\/script>\n<!-- \/ Yoast SEO plugin. -->","yoast_head_json":{"title":"M\u00e1s de un millar de profesionales del campo espa\u00f1ol, beneficiados este a\u00f1o por el Plan Renove - ASAJA Palencia","description":"M\u00e1s de un millar de agricultores y ganaderos se van a beneficiar este a\u00f1o de las ayudas del Plan de Renovaci\u00f3n del Parque de Maquinaria Agr\u00edcola (Renove)","robots":{"index":"index","follow":"follow","max-snippet":"max-snippet:-1","max-image-preview":"max-image-preview:large","max-video-preview":"max-video-preview:-1"},"canonical":"https:\/\/www.asajacyl.com\/palencia\/asaja-palencia-informa\/mas-de-un-millar-de-profesionales-del-campo-espanol-beneficiados-este-ano-por-el-plan-renove","og_locale":"es_ES","og_type":"article","og_title":"M\u00e1s de un millar de profesionales del campo espa\u00f1ol, beneficiados este a\u00f1o por el Plan Renove - ASAJA Palencia","og_description":"M\u00e1s de un millar de agricultores y ganaderos se van a beneficiar este a\u00f1o de las ayudas del Plan de Renovaci\u00f3n del Parque de Maquinaria Agr\u00edcola (Renove)","og_url":"https:\/\/www.asajacyl.com\/palencia\/asaja-palencia-informa\/mas-de-un-millar-de-profesionales-del-campo-espanol-beneficiados-este-ano-por-el-plan-renove","og_site_name":"ASAJA Palencia","article_published_time":"2023-09-28T06:57:34+00:00","og_image":[{"width":1024,"height":896,"url":"https:\/\/www.asajacyl.com\/palencia\/wp-content\/uploads\/sites\/3\/2023\/09\/Sembradora-siembra-directa--1024x896.jpg","type":"image\/jpeg"}],"author":"Administrador","twitter_card":"summary_large_image","twitter_misc":{"Escrito por":"Administrador","Tiempo de lectura":"3 minutos"},"schema":{"@context":"https:\/\/schema.org","@graph":[{"@type":"WebPage","@id":"https:\/\/www.asajacyl.com\/palencia\/asaja-palencia-informa\/mas-de-un-millar-de-profesionales-del-campo-espanol-beneficiados-este-ano-por-el-plan-renove","url":"https:\/\/www.asajacyl.com\/palencia\/asaja-palencia-informa\/mas-de-un-millar-de-profesionales-del-campo-espanol-beneficiados-este-ano-por-el-plan-renove","name":"M\u00e1s de un millar de profesionales del campo espa\u00f1ol, beneficiados este a\u00f1o por el Plan Renove - ASAJA Palencia","isPartOf":{"@id":"https:\/\/www.asajacyl.com\/palencia\/#website"},"primaryImageOfPage":{"@id":"https:\/\/www.asajacyl.com\/palencia\/asaja-palencia-informa\/mas-de-un-millar-de-profesionales-del-campo-espanol-beneficiados-este-ano-por-el-plan-renove#primaryimage"},"image":{"@id":"https:\/\/www.asajacyl.com\/palencia\/asaja-palencia-informa\/mas-de-un-millar-de-profesionales-del-campo-espanol-beneficiados-este-ano-por-el-plan-renove#primaryimage"},"thumbnailUrl":"https:\/\/www.asajacyl.com\/palencia\/wp-content\/uploads\/sites\/3\/2023\/09\/Sembradora-siembra-directa-.jpg","datePublished":"2023-09-28T06:57:34+00:00","author":{"@id":"https:\/\/www.asajacyl.com\/palencia\/#\/schema\/person\/3ab17aeb03527485c317557fae64aab1"},"description":"M\u00e1s de un millar de agricultores y ganaderos se van a beneficiar este a\u00f1o de las ayudas del Plan de Renovaci\u00f3n del Parque de Maquinaria Agr\u00edcola (Renove)","breadcrumb":{"@id":"https:\/\/www.asajacyl.com\/palencia\/asaja-palencia-informa\/mas-de-un-millar-de-profesionales-del-campo-espanol-beneficiados-este-ano-por-el-plan-renove#breadcrumb"},"inLanguage":"es","potentialAction":[{"@type":"ReadAction","target":["https:\/\/www.asajacyl.com\/palencia\/asaja-palencia-informa\/mas-de-un-millar-de-profesionales-del-campo-espanol-beneficiados-este-ano-por-el-plan-renove"]}]},{"@type":"ImageObject","inLanguage":"es","@id":"https:\/\/www.asajacyl.com\/palencia\/asaja-palencia-informa\/mas-de-un-millar-de-profesionales-del-campo-espanol-beneficiados-este-ano-por-el-plan-renove#primaryimage","url":"https:\/\/www.asajacyl.com\/palencia\/wp-content\/uploads\/sites\/3\/2023\/09\/Sembradora-siembra-directa-.jpg","contentUrl":"https:\/\/www.asajacyl.com\/palencia\/wp-content\/uploads\/sites\/3\/2023\/09\/Sembradora-siembra-directa-.jpg","width":1890,"height":1654},{"@type":"BreadcrumbList","@id":"https:\/\/www.asajacyl.com\/palencia\/asaja-palencia-informa\/mas-de-un-millar-de-profesionales-del-campo-espanol-beneficiados-este-ano-por-el-plan-renove#breadcrumb","itemListElement":[{"@type":"ListItem","position":1,"name":"Portada","item":"https:\/\/www.asajacyl.com\/palencia\/"},{"@type":"ListItem","position":2,"name":"M\u00e1s de un millar de profesionales del campo espa\u00f1ol, beneficiados este a\u00f1o por el Plan Renove"}]},{"@type":"WebSite","@id":"https:\/\/www.asajacyl.com\/palencia\/#website","url":"https:\/\/www.asajacyl.com\/palencia\/","name":"ASAJA Palencia","description":"Otro sitio m\u00e1s de Provincias ASAJA Castilla y Le\u00f3n","potentialAction":[{"@type":"SearchAction","target":{"@type":"EntryPoint","urlTemplate":"https:\/\/www.asajacyl.com\/palencia\/?s={search_term_string}"},"query-input":{"@type":"PropertyValueSpecification","valueRequired":true,"valueName":"search_term_string"}}],"inLanguage":"es"},{"@type":"Person","@id":"https:\/\/www.asajacyl.com\/palencia\/#\/schema\/person\/3ab17aeb03527485c317557fae64aab1","name":"Administrador","image":{"@type":"ImageObject","inLanguage":"es","@id":"https:\/\/www.asajacyl.com\/palencia\/#\/schema\/person\/image\/","url":"https:\/\/secure.gravatar.com\/avatar\/517384810d242ca9e38c180f3c9fb973?s=96&d=mm&r=g","contentUrl":"https:\/\/secure.gravatar.com\/avatar\/517384810d242ca9e38c180f3c9fb973?s=96&d=mm&r=g","caption":"Administrador"},"url":"https:\/\/www.asajacyl.com\/palencia\/author\/carlosrm"}]}},"_links":{"self":[{"href":"https:\/\/www.asajacyl.com\/palencia\/wp-json\/wp\/v2\/posts\/14280"}],"collection":[{"href":"https:\/\/www.asajacyl.com\/palencia\/wp-json\/wp\/v2\/posts"}],"about":[{"href":"https:\/\/www.asajacyl.com\/palencia\/wp-json\/wp\/v2\/types\/post"}],"author":[{"embeddable":true,"href":"https:\/\/www.asajacyl.com\/palencia\/wp-json\/wp\/v2\/users\/9"}],"replies":[{"embeddable":true,"href":"https:\/\/www.asajacyl.com\/palencia\/wp-json\/wp\/v2\/comments?post=14280"}],"version-history":[{"count":1,"href":"https:\/\/www.asajacyl.com\/palencia\/wp-json\/wp\/v2\/posts\/14280\/revisions"}],"predecessor-version":[{"id":14282,"href":"https:\/\/www.asajacyl.com\/palencia\/wp-json\/wp\/v2\/posts\/14280\/revisions\/14282"}],"wp:featuredmedia":[{"embeddable":true,"href":"https:\/\/www.asajacyl.com\/palencia\/wp-json\/wp\/v2\/media\/14281"}],"wp:attachment":[{"href":"https:\/\/www.asajacyl.com\/palencia\/wp-json\/wp\/v2\/media?parent=14280"}],"wp:term":[{"taxonomy":"category","embeddable":true,"href":"https:\/\/www.asajacyl.com\/palencia\/wp-json\/wp\/v2\/categories?post=14280"},{"taxonomy":"post_tag","embeddable":true,"href":"https:\/\/www.asajacyl.com\/palencia\/wp-json\/wp\/v2\/tags?post=14280"}],"curies":[{"name":"wp","href":"https:\/\/api.w.org\/{rel}","templated":true}]}}