{"id":14313,"date":"2023-09-30T10:30:00","date_gmt":"2023-09-30T08:30:00","guid":{"rendered":"https:\/\/www.asajacyl.com\/palencia\/?p=14313"},"modified":"2023-09-29T13:45:30","modified_gmt":"2023-09-29T11:45:30","slug":"asaja-reclama-al-comisario-europeo-de-medio-ambiente-a-cambios-urgentes-en-el-estatus-del-lobo","status":"publish","type":"post","link":"https:\/\/www.asajacyl.com\/palencia\/asaja-palencia-informa\/asaja-reclama-al-comisario-europeo-de-medio-ambiente-a-cambios-urgentes-en-el-estatus-del-lobo","title":{"rendered":"ASAJA reclama al comisario europeo de Medio Ambiente cambios urgentes en el estatus del lobo"},"content":{"rendered":"\n<h2 class=\"wp-block-heading\">El presidente de ASAJA, Pedro Barato, se ha dirigido al comisario europeo de Medio Ambiente, Virginijus Sinkevi\u010dius, para pedirle cambios urgentes en el r\u00e9gimen jur\u00eddico del lobo, a la vista de los graves problemas a los que se enfrentan los ganaderos, y en general el mundo rural, como consecuencia del alarmante aumento del n\u00famero de manadas de lobos en el territorio europeo y especialmente en Espa\u00f1a. Todo hace presagiar un aumento descontrolado de las manadas de lobos en el territorio de la Uni\u00f3n Europea en los \u00faltimos a\u00f1os, seg\u00fan los datos recopilados por nuestra organizaci\u00f3n, mientras se dan a conocer los nuevos censos elaborados por las comunidades aut\u00f3nomas en Espa\u00f1a y el resultado de la recogida de datos abierta desde la Comisi\u00f3n Europea hasta el pasado 22 de septiembre sobre la situaci\u00f3n del lobo y grandes carn\u00edvoros en el territorio comunitario. En Castilla y Le\u00f3n se registraron en 2022 m\u00e1s de tres mil  ataques, con un resultado de m\u00e1s de cinco mil cien reses muertas, lo que supuso un incremento del 15% de los ataques y del 20 % de los animales muertos (en los a\u00f1os previos estos indicadores de crecimiento estaban en los entornos del 2%-3% y del 5%-7% respectivamente).<\/h2>\n\n\n\n<p>La propia presidenta de la Comisi\u00f3n Europea, \u00darsula von der Leyen, ha llegado a reconocer que \u00abla concentraci\u00f3n de lobos en algunas regiones europeas se ha convertido en un peligro real para el ganado y, potencialmente, tambi\u00e9n para los seres humanos\u00bb, por lo que este organismo comunitario ha promovido recientemente la recopilaci\u00f3n de datos para revisar el estado de conservaci\u00f3n del lobo a nivel europeo, instando a las autoridades locales a hacer pleno uso de las excepciones existentes en la normativa de la UE.&nbsp;<\/p>\n\n\n\n<p>En el caso de Espa\u00f1a, desde que en 2021 el Gobierno decidiera que el lobo dejase de ser especie cineg\u00e9tica al norte del Duero, territorios donde se localiza la especie, y pasara a formar parte del Listado de Especies Silvestres en R\u00e9gimen de Protecci\u00f3n Especial (LESPRE), las manadas de lobos han crecido descontroladamente, y &nbsp;por consecuencia tambi\u00e9n los ataques a las ganader\u00edas. <\/p>\n\n\n\n<p>Por citar solo algunos ejemplos, en el a\u00f1o 2022, solo en Castilla y Le\u00f3n se registraron m\u00e1s de tres mil ataques con un resultado de 5.104 reses muertas, lo que supuso un incremento del 15% de los ataques y del 20 % de los animales muertos, cuando los a\u00f1os previos estos indicadores de crecimiento estaban sobre el 2-3% y el 5-7% respectivamente.<\/p>\n\n\n\n<p>En Cantabria los ataques aumentaron un 85% y un 54% los animales muertos; en Galicia, un 11% los ataques y un 10% los animales muertos; en La Rioja, se pas\u00f3 de 159 ataques por lobo en 2021 a 307 en 2022, pr\u00e1cticamente el doble, y en Asturias, los da\u00f1os causados por el lobo a la caba\u00f1a ganadera aumentaron un 12 % en 2022.<\/p>\n\n\n\n<p><strong>EQUILIBRIO, AYUDAS DIRECTAS Y EXCEPCIONES.<\/strong> \u00abLa situaci\u00f3n \u2014como explica el presidente de ASAJA en su carta al comisario europeo\u2014 exige un enfoque m\u00e1s equilibrado que proteja tanto a la fauna silvestre como a nuestras comunidades rurales. Entre otros puntos, resulta necesario que se paguen ayudas directas por cada aborto tras un ataque, adem\u00e1s de por la merma de producci\u00f3n en carne o leche y el lucro cesante por cada animal muerto\u00bb.<\/p>\n\n\n\n<p>Para abordar eficazmente esta problem\u00e1tica y garantizar una coexistencia adecuada, ASAJA sostiene que es esencial revisar la legislaci\u00f3n actual europea, y sobre todo la nacional, de modo que se modifique el estatuto de protecci\u00f3n del lobo en la UE y se trasponga al marco jur\u00eddico nacional a fin de introducir una mayor flexibilidad a la luz de la evoluci\u00f3n de esta especie en nuestro pa\u00eds. <\/p>\n\n\n\n<p>En este sentido, varios pa\u00edses ya han establecido excepciones para la gesti\u00f3n de sus poblaciones de grandes carn\u00edvoros, como es el caso del lince en Letonia, los glotones en Finlandia, el oso en Ruman\u00eda y el lobo en Suecia.<strong>\/<\/strong><\/p>\n","protected":false},"excerpt":{"rendered":"<p>El presidente de ASAJA, Pedro Barato, se ha dirigido al comisario europeo de Medio Ambiente, Virginijus Sinkevi\u010dius, para pedirle cambios urgentes en el r\u00e9gimen jur\u00eddico del lobo, a la vista de los graves problemas a los que se enfrentan los ganaderos, y en general el mundo rural, como consecuencia del alarmante aumento del n\u00famero de [&hellip;]<\/p>\n","protected":false},"author":9,"featured_media":14314,"comment_status":"open","ping_status":"open","sticky":false,"template":"","format":"standard","meta":{"footnotes":""},"categories":[9,28],"tags":[473,59,183,351,464,270,231,77,474,102,44,144],"yoast_head":"<!-- This site is optimized with the Yoast SEO plugin v24.5 - https:\/\/yoast.com\/wordpress\/plugins\/seo\/ -->\n<title>ASAJA reclama al comisario europeo de Medio Ambiente cambios urgentes en el estatus del lobo - ASAJA Palencia<\/title>\n<meta name=\"description\" content=\"El presidente de ASAJA, Pedro Barato, se ha dirigido al comisario europeo de Medio Ambiente, Virginijus Sinkevi\u010dius, para pedirle cambios urgentes en el\" \/>\n<meta name=\"robots\" content=\"index, follow, max-snippet:-1, max-image-preview:large, max-video-preview:-1\" \/>\n<link rel=\"canonical\" href=\"https:\/\/www.asajacyl.com\/palencia\/asaja-palencia-informa\/asaja-reclama-al-comisario-europeo-de-medio-ambiente-a-cambios-urgentes-en-el-estatus-del-lobo\" \/>\n<meta property=\"og:locale\" content=\"es_ES\" \/>\n<meta property=\"og:type\" content=\"article\" \/>\n<meta property=\"og:title\" content=\"ASAJA reclama al comisario europeo de Medio Ambiente cambios urgentes en el estatus del lobo - ASAJA Palencia\" \/>\n<meta property=\"og:description\" content=\"El presidente de ASAJA, Pedro Barato, se ha dirigido al comisario europeo de Medio Ambiente, Virginijus Sinkevi\u010dius, para pedirle cambios urgentes en el\" \/>\n<meta property=\"og:url\" content=\"https:\/\/www.asajacyl.com\/palencia\/asaja-palencia-informa\/asaja-reclama-al-comisario-europeo-de-medio-ambiente-a-cambios-urgentes-en-el-estatus-del-lobo\" \/>\n<meta property=\"og:site_name\" content=\"ASAJA Palencia\" \/>\n<meta property=\"article:published_time\" content=\"2023-09-30T08:30:00+00:00\" \/>\n<meta property=\"og:image\" content=\"https:\/\/www.asajacyl.com\/palencia\/wp-content\/uploads\/sites\/3\/2023\/09\/lobo-web-1024x896.jpg\" \/>\n\t<meta property=\"og:image:width\" content=\"1024\" \/>\n\t<meta property=\"og:image:height\" content=\"896\" \/>\n\t<meta property=\"og:image:type\" content=\"image\/jpeg\" \/>\n<meta name=\"author\" content=\"Administrador\" \/>\n<meta name=\"twitter:card\" content=\"summary_large_image\" \/>\n<meta name=\"twitter:label1\" content=\"Escrito por\" \/>\n\t<meta name=\"twitter:data1\" content=\"Administrador\" \/>\n\t<meta name=\"twitter:label2\" content=\"Tiempo de lectura\" \/>\n\t<meta name=\"twitter:data2\" content=\"3 minutos\" \/>\n<script type=\"application\/ld+json\" class=\"yoast-schema-graph\">{\"@context\":\"https:\/\/schema.org\",\"@graph\":[{\"@type\":\"WebPage\",\"@id\":\"https:\/\/www.asajacyl.com\/palencia\/asaja-palencia-informa\/asaja-reclama-al-comisario-europeo-de-medio-ambiente-a-cambios-urgentes-en-el-estatus-del-lobo\",\"url\":\"https:\/\/www.asajacyl.com\/palencia\/asaja-palencia-informa\/asaja-reclama-al-comisario-europeo-de-medio-ambiente-a-cambios-urgentes-en-el-estatus-del-lobo\",\"name\":\"ASAJA reclama al comisario europeo de Medio Ambiente cambios urgentes en el estatus del lobo - ASAJA Palencia\",\"isPartOf\":{\"@id\":\"https:\/\/www.asajacyl.com\/palencia\/#website\"},\"primaryImageOfPage\":{\"@id\":\"https:\/\/www.asajacyl.com\/palencia\/asaja-palencia-informa\/asaja-reclama-al-comisario-europeo-de-medio-ambiente-a-cambios-urgentes-en-el-estatus-del-lobo#primaryimage\"},\"image\":{\"@id\":\"https:\/\/www.asajacyl.com\/palencia\/asaja-palencia-informa\/asaja-reclama-al-comisario-europeo-de-medio-ambiente-a-cambios-urgentes-en-el-estatus-del-lobo#primaryimage\"},\"thumbnailUrl\":\"https:\/\/www.asajacyl.com\/palencia\/wp-content\/uploads\/sites\/3\/2023\/09\/lobo-web.jpg\",\"datePublished\":\"2023-09-30T08:30:00+00:00\",\"author\":{\"@id\":\"https:\/\/www.asajacyl.com\/palencia\/#\/schema\/person\/3ab17aeb03527485c317557fae64aab1\"},\"description\":\"El presidente de ASAJA, Pedro Barato, se ha dirigido al comisario europeo de Medio Ambiente, Virginijus Sinkevi\u010dius, para pedirle cambios urgentes en el\",\"breadcrumb\":{\"@id\":\"https:\/\/www.asajacyl.com\/palencia\/asaja-palencia-informa\/asaja-reclama-al-comisario-europeo-de-medio-ambiente-a-cambios-urgentes-en-el-estatus-del-lobo#breadcrumb\"},\"inLanguage\":\"es\",\"potentialAction\":[{\"@type\":\"ReadAction\",\"target\":[\"https:\/\/www.asajacyl.com\/palencia\/asaja-palencia-informa\/asaja-reclama-al-comisario-europeo-de-medio-ambiente-a-cambios-urgentes-en-el-estatus-del-lobo\"]}]},{\"@type\":\"ImageObject\",\"inLanguage\":\"es\",\"@id\":\"https:\/\/www.asajacyl.com\/palencia\/asaja-palencia-informa\/asaja-reclama-al-comisario-europeo-de-medio-ambiente-a-cambios-urgentes-en-el-estatus-del-lobo#primaryimage\",\"url\":\"https:\/\/www.asajacyl.com\/palencia\/wp-content\/uploads\/sites\/3\/2023\/09\/lobo-web.jpg\",\"contentUrl\":\"https:\/\/www.asajacyl.com\/palencia\/wp-content\/uploads\/sites\/3\/2023\/09\/lobo-web.jpg\",\"width\":1890,\"height\":1654},{\"@type\":\"BreadcrumbList\",\"@id\":\"https:\/\/www.asajacyl.com\/palencia\/asaja-palencia-informa\/asaja-reclama-al-comisario-europeo-de-medio-ambiente-a-cambios-urgentes-en-el-estatus-del-lobo#breadcrumb\",\"itemListElement\":[{\"@type\":\"ListItem\",\"position\":1,\"name\":\"Portada\",\"item\":\"https:\/\/www.asajacyl.com\/palencia\/\"},{\"@type\":\"ListItem\",\"position\":2,\"name\":\"ASAJA reclama al comisario europeo de Medio Ambiente cambios urgentes en el estatus del lobo\"}]},{\"@type\":\"WebSite\",\"@id\":\"https:\/\/www.asajacyl.com\/palencia\/#website\",\"url\":\"https:\/\/www.asajacyl.com\/palencia\/\",\"name\":\"ASAJA Palencia\",\"description\":\"Otro sitio m\u00e1s de Provincias ASAJA Castilla y Le\u00f3n\",\"potentialAction\":[{\"@type\":\"SearchAction\",\"target\":{\"@type\":\"EntryPoint\",\"urlTemplate\":\"https:\/\/www.asajacyl.com\/palencia\/?s={search_term_string}\"},\"query-input\":{\"@type\":\"PropertyValueSpecification\",\"valueRequired\":true,\"valueName\":\"search_term_string\"}}],\"inLanguage\":\"es\"},{\"@type\":\"Person\",\"@id\":\"https:\/\/www.asajacyl.com\/palencia\/#\/schema\/person\/3ab17aeb03527485c317557fae64aab1\",\"name\":\"Administrador\",\"image\":{\"@type\":\"ImageObject\",\"inLanguage\":\"es\",\"@id\":\"https:\/\/www.asajacyl.com\/palencia\/#\/schema\/person\/image\/\",\"url\":\"https:\/\/secure.gravatar.com\/avatar\/517384810d242ca9e38c180f3c9fb973?s=96&d=mm&r=g\",\"contentUrl\":\"https:\/\/secure.gravatar.com\/avatar\/517384810d242ca9e38c180f3c9fb973?s=96&d=mm&r=g\",\"caption\":\"Administrador\"},\"url\":\"https:\/\/www.asajacyl.com\/palencia\/author\/carlosrm\"}]}<\/script>\n<!-- \/ Yoast SEO plugin. -->","yoast_head_json":{"title":"ASAJA reclama al comisario europeo de Medio Ambiente cambios urgentes en el estatus del lobo - ASAJA Palencia","description":"El presidente de ASAJA, Pedro Barato, se ha dirigido al comisario europeo de Medio Ambiente, Virginijus Sinkevi\u010dius, para pedirle cambios urgentes en el","robots":{"index":"index","follow":"follow","max-snippet":"max-snippet:-1","max-image-preview":"max-image-preview:large","max-video-preview":"max-video-preview:-1"},"canonical":"https:\/\/www.asajacyl.com\/palencia\/asaja-palencia-informa\/asaja-reclama-al-comisario-europeo-de-medio-ambiente-a-cambios-urgentes-en-el-estatus-del-lobo","og_locale":"es_ES","og_type":"article","og_title":"ASAJA reclama al comisario europeo de Medio Ambiente cambios urgentes en el estatus del lobo - ASAJA Palencia","og_description":"El presidente de ASAJA, Pedro Barato, se ha dirigido al comisario europeo de Medio Ambiente, Virginijus Sinkevi\u010dius, para pedirle cambios urgentes en el","og_url":"https:\/\/www.asajacyl.com\/palencia\/asaja-palencia-informa\/asaja-reclama-al-comisario-europeo-de-medio-ambiente-a-cambios-urgentes-en-el-estatus-del-lobo","og_site_name":"ASAJA Palencia","article_published_time":"2023-09-30T08:30:00+00:00","og_image":[{"width":1024,"height":896,"url":"https:\/\/www.asajacyl.com\/palencia\/wp-content\/uploads\/sites\/3\/2023\/09\/lobo-web-1024x896.jpg","type":"image\/jpeg"}],"author":"Administrador","twitter_card":"summary_large_image","twitter_misc":{"Escrito por":"Administrador","Tiempo de lectura":"3 minutos"},"schema":{"@context":"https:\/\/schema.org","@graph":[{"@type":"WebPage","@id":"https:\/\/www.asajacyl.com\/palencia\/asaja-palencia-informa\/asaja-reclama-al-comisario-europeo-de-medio-ambiente-a-cambios-urgentes-en-el-estatus-del-lobo","url":"https:\/\/www.asajacyl.com\/palencia\/asaja-palencia-informa\/asaja-reclama-al-comisario-europeo-de-medio-ambiente-a-cambios-urgentes-en-el-estatus-del-lobo","name":"ASAJA reclama al comisario europeo de Medio Ambiente cambios urgentes en el estatus del lobo - ASAJA Palencia","isPartOf":{"@id":"https:\/\/www.asajacyl.com\/palencia\/#website"},"primaryImageOfPage":{"@id":"https:\/\/www.asajacyl.com\/palencia\/asaja-palencia-informa\/asaja-reclama-al-comisario-europeo-de-medio-ambiente-a-cambios-urgentes-en-el-estatus-del-lobo#primaryimage"},"image":{"@id":"https:\/\/www.asajacyl.com\/palencia\/asaja-palencia-informa\/asaja-reclama-al-comisario-europeo-de-medio-ambiente-a-cambios-urgentes-en-el-estatus-del-lobo#primaryimage"},"thumbnailUrl":"https:\/\/www.asajacyl.com\/palencia\/wp-content\/uploads\/sites\/3\/2023\/09\/lobo-web.jpg","datePublished":"2023-09-30T08:30:00+00:00","author":{"@id":"https:\/\/www.asajacyl.com\/palencia\/#\/schema\/person\/3ab17aeb03527485c317557fae64aab1"},"description":"El presidente de ASAJA, Pedro Barato, se ha dirigido al comisario europeo de Medio Ambiente, Virginijus Sinkevi\u010dius, para pedirle cambios urgentes en el","breadcrumb":{"@id":"https:\/\/www.asajacyl.com\/palencia\/asaja-palencia-informa\/asaja-reclama-al-comisario-europeo-de-medio-ambiente-a-cambios-urgentes-en-el-estatus-del-lobo#breadcrumb"},"inLanguage":"es","potentialAction":[{"@type":"ReadAction","target":["https:\/\/www.asajacyl.com\/palencia\/asaja-palencia-informa\/asaja-reclama-al-comisario-europeo-de-medio-ambiente-a-cambios-urgentes-en-el-estatus-del-lobo"]}]},{"@type":"ImageObject","inLanguage":"es","@id":"https:\/\/www.asajacyl.com\/palencia\/asaja-palencia-informa\/asaja-reclama-al-comisario-europeo-de-medio-ambiente-a-cambios-urgentes-en-el-estatus-del-lobo#primaryimage","url":"https:\/\/www.asajacyl.com\/palencia\/wp-content\/uploads\/sites\/3\/2023\/09\/lobo-web.jpg","contentUrl":"https:\/\/www.asajacyl.com\/palencia\/wp-content\/uploads\/sites\/3\/2023\/09\/lobo-web.jpg","width":1890,"height":1654},{"@type":"BreadcrumbList","@id":"https:\/\/www.asajacyl.com\/palencia\/asaja-palencia-informa\/asaja-reclama-al-comisario-europeo-de-medio-ambiente-a-cambios-urgentes-en-el-estatus-del-lobo#breadcrumb","itemListElement":[{"@type":"ListItem","position":1,"name":"Portada","item":"https:\/\/www.asajacyl.com\/palencia\/"},{"@type":"ListItem","position":2,"name":"ASAJA reclama al comisario europeo de Medio Ambiente cambios urgentes en el estatus del lobo"}]},{"@type":"WebSite","@id":"https:\/\/www.asajacyl.com\/palencia\/#website","url":"https:\/\/www.asajacyl.com\/palencia\/","name":"ASAJA Palencia","description":"Otro sitio m\u00e1s de Provincias ASAJA Castilla y Le\u00f3n","potentialAction":[{"@type":"SearchAction","target":{"@type":"EntryPoint","urlTemplate":"https:\/\/www.asajacyl.com\/palencia\/?s={search_term_string}"},"query-input":{"@type":"PropertyValueSpecification","valueRequired":true,"valueName":"search_term_string"}}],"inLanguage":"es"},{"@type":"Person","@id":"https:\/\/www.asajacyl.com\/palencia\/#\/schema\/person\/3ab17aeb03527485c317557fae64aab1","name":"Administrador","image":{"@type":"ImageObject","inLanguage":"es","@id":"https:\/\/www.asajacyl.com\/palencia\/#\/schema\/person\/image\/","url":"https:\/\/secure.gravatar.com\/avatar\/517384810d242ca9e38c180f3c9fb973?s=96&d=mm&r=g","contentUrl":"https:\/\/secure.gravatar.com\/avatar\/517384810d242ca9e38c180f3c9fb973?s=96&d=mm&r=g","caption":"Administrador"},"url":"https:\/\/www.asajacyl.com\/palencia\/author\/carlosrm"}]}},"_links":{"self":[{"href":"https:\/\/www.asajacyl.com\/palencia\/wp-json\/wp\/v2\/posts\/14313"}],"collection":[{"href":"https:\/\/www.asajacyl.com\/palencia\/wp-json\/wp\/v2\/posts"}],"about":[{"href":"https:\/\/www.asajacyl.com\/palencia\/wp-json\/wp\/v2\/types\/post"}],"author":[{"embeddable":true,"href":"https:\/\/www.asajacyl.com\/palencia\/wp-json\/wp\/v2\/users\/9"}],"replies":[{"embeddable":true,"href":"https:\/\/www.asajacyl.com\/palencia\/wp-json\/wp\/v2\/comments?post=14313"}],"version-history":[{"count":2,"href":"https:\/\/www.asajacyl.com\/palencia\/wp-json\/wp\/v2\/posts\/14313\/revisions"}],"predecessor-version":[{"id":14316,"href":"https:\/\/www.asajacyl.com\/palencia\/wp-json\/wp\/v2\/posts\/14313\/revisions\/14316"}],"wp:featuredmedia":[{"embeddable":true,"href":"https:\/\/www.asajacyl.com\/palencia\/wp-json\/wp\/v2\/media\/14314"}],"wp:attachment":[{"href":"https:\/\/www.asajacyl.com\/palencia\/wp-json\/wp\/v2\/media?parent=14313"}],"wp:term":[{"taxonomy":"category","embeddable":true,"href":"https:\/\/www.asajacyl.com\/palencia\/wp-json\/wp\/v2\/categories?post=14313"},{"taxonomy":"post_tag","embeddable":true,"href":"https:\/\/www.asajacyl.com\/palencia\/wp-json\/wp\/v2\/tags?post=14313"}],"curies":[{"name":"wp","href":"https:\/\/api.w.org\/{rel}","templated":true}]}}