{"id":14337,"date":"2023-10-06T10:30:02","date_gmt":"2023-10-06T08:30:02","guid":{"rendered":"https:\/\/www.asajacyl.com\/palencia\/?p=14337"},"modified":"2023-10-04T11:05:13","modified_gmt":"2023-10-04T09:05:13","slug":"el-sistema-pisuerga-uno-de-los-mas-afectados-de-la-cuenca-del-duero-en-este-ano-hidrologico-recien-concluido","status":"publish","type":"post","link":"https:\/\/www.asajacyl.com\/palencia\/asaja-palencia-informa\/el-sistema-pisuerga-uno-de-los-mas-afectados-de-la-cuenca-del-duero-en-este-ano-hidrologico-recien-concluido","title":{"rendered":"El sistema Pisuerga, entre los m\u00e1s afectados de la cuenca del Duero el a\u00f1o hidrol\u00f3gico 2022-2023"},"content":{"rendered":"\n<h2 class=\"wp-block-heading\">El a\u00f1o hidrol\u00f3gico finaliz\u00f3 el 30 de septiembre con los embalses gestionados por la Confederaci\u00f3n Hidrogr\u00e1fica del Duero (CHD) al 31,7% de su capacidad total, un valor superior al de hace un a\u00f1o (28,9%), pero ocho puntos porcentuales por debajo de la media de la d\u00e9cada (39,6%). Seg\u00fan la CHD, \u00abla cuenca ha sufrido de nuevo un a\u00f1o seco, de forma generalizada, si bien con efectos desiguales en cada uno de los sistemas\u00bb. En lo que respecta a la provincia de Palencia, el sistema Pisuerga ha sido de los m\u00e1s afectados y el propio organismo regulador reconoce en su nota de prensa de balance final del a\u00f1o agr\u00edcola que no se ha podido evitar \u00abla aplicaci\u00f3n y permanencia de limitaciones extendidas durante toda la campa\u00f1a en ese sistema, que se nutre de los embalses de Ruesga-Cervera, La Requejada y Aguilar de Campoo. <\/h2>\n\n\n\n<p>La climatolog\u00eda del a\u00f1o hidrol\u00f3gico reci\u00e9n concluido ha resultado, ciertamente, muy variable, con m\u00ednimos hist\u00f3ricos en aportaciones a la mayor\u00eda de los embalses de la cuenca del Duero en los meses de abril y mayo. La Confederaci\u00f3n subraya que en los sistemas Pisuerga y Arlanz\u00f3n no se alcanz\u00f3 el 80% de las aportaciones medias en el primer semestre del a\u00f1o, por lo que las expectativas para los primeros meses de campa\u00f1a de riego auguraban un escenario complejo, m\u00e1xime al partir ya de un a\u00f1o hidrol\u00f3gico anterior tambi\u00e9n marcado por la sequ\u00eda.<\/p>\n\n\n\n<p>Los meses de junio y septiembre, sin embargo, han tra\u00eddo unas precipitaciones que se tradujeron, seg\u00fan la CHD, en una \u00abdr\u00e1stica reducci\u00f3n de la demanda de agua de los regad\u00edos\u00bb, lo que ha permitido llegar al final de la campa\u00f1a, el 30 de septiembre, con unos niveles de reservas en los embalses superiores a los previstos. <\/p>\n\n\n\n<p>El organismo asegura que esas lluvias facilitaron el desarrollo de la campa\u00f1a de riego, pero no pudieron evitar la aplicaci\u00f3n y la permanencia de limitaciones durante toda la campa\u00f1a en el sistema Pisuerga, que se tuvo que conformar desde el inicio con los 3.500 metros c\u00fabicos por hect\u00e1rea asignados. El sistema Carri\u00f3n, por su parte, ha dispuesto pr\u00e1cticamente toda la campa\u00f1a de los 4.500 metros c\u00fabicos por hect\u00e1rea de la concesi\u00f3n inicial.<\/p>\n\n\n\n<p><strong>RETRAIMIENTO. <\/strong>Sin embargo, hay que tener en cuenta que las malas perspectivas de la primavera ya retrajeron sembrar cultivos m\u00e1s exigentes en riego, otro factor que explicar\u00eda por qu\u00e9 la campa\u00f1a ha logrado llegar al final sin acentuar las restricciones, sin olvidar el compromiso de los agricultores de efectuar un uso responsable de los recursos h\u00eddricos en este segundo a\u00f1o consecutivo de sequ\u00eda. <\/p>\n\n\n\n<p>La Confederaci\u00f3n afirma que, con la excepci\u00f3n de las limitaciones el sistema Pisuerga, la campa\u00f1a de riego se ha desarrollado en la cuenca de forma satisfactoria y sin graves trastornos. Todos los sistemas de explotaci\u00f3n cumplen con los vol\u00famenes de almacenamiento que la Comisi\u00f3n de Desembalse hab\u00eda fijado como m\u00ednimos para el final del a\u00f1o hidrol\u00f3gico. El sistema Carri\u00f3n y el sistema Pisuerga han podido finalizar el a\u00f1o con el 20,8% y el 15% de reservas, respectivamente, gracias a las precipitaciones recibidas en la meseta durante el mes de septiembre, lo que han permitido reducir los consumos en las zonas regables.<\/p>\n\n\n\n<p>Pese a disfrutar de uno de los septiembres m\u00e1s lluviosos de lo que va se siglo, esa climatolog\u00eda favorable no se ha traducido en un aumento de las reservas en los embalses, como cabe esperar en esta \u00e9poca del a\u00f1o, pero s\u00ed redujo las necesidades de abastecimiento a los diferentes usuarios. Esto permite, seg\u00fan la CHD, \u00ababordar el inicio del nuevo a\u00f1o hidrol\u00f3gico con m\u00e1s optimismo, aunque siempre pendientes de la evoluci\u00f3n climatol\u00f3gica de los pr\u00f3ximos meses\u00bb.<\/p>\n\n\n\n<p>Concluido el per\u00edodo oficial de la campa\u00f1a de riego, el organismo regulador valorar\u00e1 la autorizaci\u00f3n de riegos espor\u00e1dicos en octubre en aquellos sistemas donde las dotaciones estimadas de referencia no se han alcanzado y la situaci\u00f3n hidrol\u00f3gica lo permita.<\/p>\n\n\n\n<p><strong>EL 90% DE LA CUENCA, EN SEQU\u00cdA EN JULIO. <\/strong>Respecto a la situaci\u00f3n de sequ\u00eda meteorol\u00f3gica en la cuenca, el a\u00f1o hidrol\u00f3gico 2022-2023 comenz\u00f3 ya en situaci\u00f3n muy comprometida, ya que a final de noviembre un 70% de la superficie de la cuenca se encontraba en situaci\u00f3n de sequ\u00eda prolongada. <\/p>\n\n\n\n<p>Las copiosas lluvias de diciembre y enero hicieron que de enero a mayo toda la cuenca se encontrara en normalidad. Sin embargo, a partir de mayo la superficie de la cuenca en situaci\u00f3n de sequ\u00eda prolongada fue creciendo hasta alcanzar un 90% en julio de 2023, lo que ofrece una idea de la ausencia de precipitaciones y escorrent\u00edas en primavera.<\/p>\n\n\n\n<p>Con respecto a la escasez, se\u00f1alar que se ha finalizado el a\u00f1o hidrol\u00f3gico con un 40% de la cuenca en situaci\u00f3n de alerta o emergencia, una situaci\u00f3n que se ha centrado en las cuencas del Carri\u00f3n, el Pisuerga y el Bajo Duero. El a\u00f1o hidrol\u00f3gico 2022\/2023 comenz\u00f3 con siete con sequ\u00eda declarada por el organismo de cuenca: T\u00e1mega-Manzanas, Tera, \u00d3rbigo, Tor\u00edo-Bernesga, Carri\u00f3n, Pisuerga y Bajo Duero, que ocupan el 38% de la superficie de la cuenca. En marzo de 2023, tras las lluvias de diciembre y enero, salieron cuatro, pero han permanecido en situaci\u00f3n excepcional de sequ\u00eda prolongada Tor\u00edo-Bernesga, Pisuerga y Bajo Duero, que ocupan un 20% de la superficie de la cuenca.<strong>\/<\/strong><\/p>\n","protected":false},"excerpt":{"rendered":"<p>El a\u00f1o hidrol\u00f3gico finaliz\u00f3 el 30 de septiembre con los embalses gestionados por la Confederaci\u00f3n Hidrogr\u00e1fica del Duero (CHD) al 31,7% de su capacidad total, un valor superior al de hace un a\u00f1o (28,9%), pero ocho puntos porcentuales por debajo de la media de la d\u00e9cada (39,6%). Seg\u00fan la CHD, \u00abla cuenca ha sufrido de [&hellip;]<\/p>\n","protected":false},"author":9,"featured_media":11466,"comment_status":"open","ping_status":"open","sticky":false,"template":"","format":"standard","meta":{"footnotes":""},"categories":[9,28],"tags":[58,83,134,77,92,55,131,136,135],"yoast_head":"<!-- This site is optimized with the Yoast SEO plugin v24.5 - https:\/\/yoast.com\/wordpress\/plugins\/seo\/ -->\n<title>El sistema Pisuerga, entre los m\u00e1s afectados de la cuenca del Duero el a\u00f1o hidrol\u00f3gico 2022-2023 - ASAJA Palencia<\/title>\n<meta name=\"description\" content=\"El a\u00f1o hidrol\u00f3gico finaliz\u00f3 el 30 de septiembre con los embalses gestionados por la Confederaci\u00f3n Hidrogr\u00e1fica del Duero (CHD) al 31,7% de su capacidad\" \/>\n<meta name=\"robots\" content=\"index, follow, max-snippet:-1, max-image-preview:large, max-video-preview:-1\" \/>\n<link rel=\"canonical\" href=\"https:\/\/www.asajacyl.com\/palencia\/asaja-palencia-informa\/el-sistema-pisuerga-uno-de-los-mas-afectados-de-la-cuenca-del-duero-en-este-ano-hidrologico-recien-concluido\" \/>\n<meta property=\"og:locale\" content=\"es_ES\" \/>\n<meta property=\"og:type\" content=\"article\" \/>\n<meta property=\"og:title\" content=\"El sistema Pisuerga, entre los m\u00e1s afectados de la cuenca del Duero el a\u00f1o hidrol\u00f3gico 2022-2023 - ASAJA Palencia\" \/>\n<meta property=\"og:description\" content=\"El a\u00f1o hidrol\u00f3gico finaliz\u00f3 el 30 de septiembre con los embalses gestionados por la Confederaci\u00f3n Hidrogr\u00e1fica del Duero (CHD) al 31,7% de su capacidad\" \/>\n<meta property=\"og:url\" content=\"https:\/\/www.asajacyl.com\/palencia\/asaja-palencia-informa\/el-sistema-pisuerga-uno-de-los-mas-afectados-de-la-cuenca-del-duero-en-este-ano-hidrologico-recien-concluido\" \/>\n<meta property=\"og:site_name\" content=\"ASAJA Palencia\" \/>\n<meta property=\"article:published_time\" content=\"2023-10-06T08:30:02+00:00\" \/>\n<meta property=\"og:image\" content=\"https:\/\/www.asajacyl.com\/palencia\/wp-content\/uploads\/sites\/3\/2022\/09\/EMBALSE-REQUEJADA-2.jpg\" \/>\n\t<meta property=\"og:image:width\" content=\"2048\" \/>\n\t<meta property=\"og:image:height\" content=\"1536\" \/>\n\t<meta property=\"og:image:type\" content=\"image\/jpeg\" \/>\n<meta name=\"author\" content=\"Administrador\" \/>\n<meta name=\"twitter:card\" content=\"summary_large_image\" \/>\n<meta name=\"twitter:label1\" content=\"Escrito por\" \/>\n\t<meta name=\"twitter:data1\" content=\"Administrador\" \/>\n\t<meta name=\"twitter:label2\" content=\"Tiempo de lectura\" \/>\n\t<meta name=\"twitter:data2\" content=\"4 minutos\" \/>\n<script type=\"application\/ld+json\" class=\"yoast-schema-graph\">{\"@context\":\"https:\/\/schema.org\",\"@graph\":[{\"@type\":\"WebPage\",\"@id\":\"https:\/\/www.asajacyl.com\/palencia\/asaja-palencia-informa\/el-sistema-pisuerga-uno-de-los-mas-afectados-de-la-cuenca-del-duero-en-este-ano-hidrologico-recien-concluido\",\"url\":\"https:\/\/www.asajacyl.com\/palencia\/asaja-palencia-informa\/el-sistema-pisuerga-uno-de-los-mas-afectados-de-la-cuenca-del-duero-en-este-ano-hidrologico-recien-concluido\",\"name\":\"El sistema Pisuerga, entre los m\u00e1s afectados de la cuenca del Duero el a\u00f1o hidrol\u00f3gico 2022-2023 - ASAJA Palencia\",\"isPartOf\":{\"@id\":\"https:\/\/www.asajacyl.com\/palencia\/#website\"},\"primaryImageOfPage\":{\"@id\":\"https:\/\/www.asajacyl.com\/palencia\/asaja-palencia-informa\/el-sistema-pisuerga-uno-de-los-mas-afectados-de-la-cuenca-del-duero-en-este-ano-hidrologico-recien-concluido#primaryimage\"},\"image\":{\"@id\":\"https:\/\/www.asajacyl.com\/palencia\/asaja-palencia-informa\/el-sistema-pisuerga-uno-de-los-mas-afectados-de-la-cuenca-del-duero-en-este-ano-hidrologico-recien-concluido#primaryimage\"},\"thumbnailUrl\":\"https:\/\/www.asajacyl.com\/palencia\/wp-content\/uploads\/sites\/3\/2022\/09\/EMBALSE-REQUEJADA-2.jpg\",\"datePublished\":\"2023-10-06T08:30:02+00:00\",\"author\":{\"@id\":\"https:\/\/www.asajacyl.com\/palencia\/#\/schema\/person\/3ab17aeb03527485c317557fae64aab1\"},\"description\":\"El a\u00f1o hidrol\u00f3gico finaliz\u00f3 el 30 de septiembre con los embalses gestionados por la Confederaci\u00f3n Hidrogr\u00e1fica del Duero (CHD) al 31,7% de su capacidad\",\"breadcrumb\":{\"@id\":\"https:\/\/www.asajacyl.com\/palencia\/asaja-palencia-informa\/el-sistema-pisuerga-uno-de-los-mas-afectados-de-la-cuenca-del-duero-en-este-ano-hidrologico-recien-concluido#breadcrumb\"},\"inLanguage\":\"es\",\"potentialAction\":[{\"@type\":\"ReadAction\",\"target\":[\"https:\/\/www.asajacyl.com\/palencia\/asaja-palencia-informa\/el-sistema-pisuerga-uno-de-los-mas-afectados-de-la-cuenca-del-duero-en-este-ano-hidrologico-recien-concluido\"]}]},{\"@type\":\"ImageObject\",\"inLanguage\":\"es\",\"@id\":\"https:\/\/www.asajacyl.com\/palencia\/asaja-palencia-informa\/el-sistema-pisuerga-uno-de-los-mas-afectados-de-la-cuenca-del-duero-en-este-ano-hidrologico-recien-concluido#primaryimage\",\"url\":\"https:\/\/www.asajacyl.com\/palencia\/wp-content\/uploads\/sites\/3\/2022\/09\/EMBALSE-REQUEJADA-2.jpg\",\"contentUrl\":\"https:\/\/www.asajacyl.com\/palencia\/wp-content\/uploads\/sites\/3\/2022\/09\/EMBALSE-REQUEJADA-2.jpg\",\"width\":2048,\"height\":1536},{\"@type\":\"BreadcrumbList\",\"@id\":\"https:\/\/www.asajacyl.com\/palencia\/asaja-palencia-informa\/el-sistema-pisuerga-uno-de-los-mas-afectados-de-la-cuenca-del-duero-en-este-ano-hidrologico-recien-concluido#breadcrumb\",\"itemListElement\":[{\"@type\":\"ListItem\",\"position\":1,\"name\":\"Portada\",\"item\":\"https:\/\/www.asajacyl.com\/palencia\/\"},{\"@type\":\"ListItem\",\"position\":2,\"name\":\"El sistema Pisuerga, entre los m\u00e1s afectados de la cuenca del Duero el a\u00f1o hidrol\u00f3gico 2022-2023\"}]},{\"@type\":\"WebSite\",\"@id\":\"https:\/\/www.asajacyl.com\/palencia\/#website\",\"url\":\"https:\/\/www.asajacyl.com\/palencia\/\",\"name\":\"ASAJA Palencia\",\"description\":\"Otro sitio m\u00e1s de Provincias ASAJA Castilla y Le\u00f3n\",\"potentialAction\":[{\"@type\":\"SearchAction\",\"target\":{\"@type\":\"EntryPoint\",\"urlTemplate\":\"https:\/\/www.asajacyl.com\/palencia\/?s={search_term_string}\"},\"query-input\":{\"@type\":\"PropertyValueSpecification\",\"valueRequired\":true,\"valueName\":\"search_term_string\"}}],\"inLanguage\":\"es\"},{\"@type\":\"Person\",\"@id\":\"https:\/\/www.asajacyl.com\/palencia\/#\/schema\/person\/3ab17aeb03527485c317557fae64aab1\",\"name\":\"Administrador\",\"image\":{\"@type\":\"ImageObject\",\"inLanguage\":\"es\",\"@id\":\"https:\/\/www.asajacyl.com\/palencia\/#\/schema\/person\/image\/\",\"url\":\"https:\/\/secure.gravatar.com\/avatar\/517384810d242ca9e38c180f3c9fb973?s=96&d=mm&r=g\",\"contentUrl\":\"https:\/\/secure.gravatar.com\/avatar\/517384810d242ca9e38c180f3c9fb973?s=96&d=mm&r=g\",\"caption\":\"Administrador\"},\"url\":\"https:\/\/www.asajacyl.com\/palencia\/author\/carlosrm\"}]}<\/script>\n<!-- \/ Yoast SEO plugin. -->","yoast_head_json":{"title":"El sistema Pisuerga, entre los m\u00e1s afectados de la cuenca del Duero el a\u00f1o hidrol\u00f3gico 2022-2023 - ASAJA Palencia","description":"El a\u00f1o hidrol\u00f3gico finaliz\u00f3 el 30 de septiembre con los embalses gestionados por la Confederaci\u00f3n Hidrogr\u00e1fica del Duero (CHD) al 31,7% de su capacidad","robots":{"index":"index","follow":"follow","max-snippet":"max-snippet:-1","max-image-preview":"max-image-preview:large","max-video-preview":"max-video-preview:-1"},"canonical":"https:\/\/www.asajacyl.com\/palencia\/asaja-palencia-informa\/el-sistema-pisuerga-uno-de-los-mas-afectados-de-la-cuenca-del-duero-en-este-ano-hidrologico-recien-concluido","og_locale":"es_ES","og_type":"article","og_title":"El sistema Pisuerga, entre los m\u00e1s afectados de la cuenca del Duero el a\u00f1o hidrol\u00f3gico 2022-2023 - ASAJA Palencia","og_description":"El a\u00f1o hidrol\u00f3gico finaliz\u00f3 el 30 de septiembre con los embalses gestionados por la Confederaci\u00f3n Hidrogr\u00e1fica del Duero (CHD) al 31,7% de su capacidad","og_url":"https:\/\/www.asajacyl.com\/palencia\/asaja-palencia-informa\/el-sistema-pisuerga-uno-de-los-mas-afectados-de-la-cuenca-del-duero-en-este-ano-hidrologico-recien-concluido","og_site_name":"ASAJA Palencia","article_published_time":"2023-10-06T08:30:02+00:00","og_image":[{"width":2048,"height":1536,"url":"https:\/\/www.asajacyl.com\/palencia\/wp-content\/uploads\/sites\/3\/2022\/09\/EMBALSE-REQUEJADA-2.jpg","type":"image\/jpeg"}],"author":"Administrador","twitter_card":"summary_large_image","twitter_misc":{"Escrito por":"Administrador","Tiempo de lectura":"4 minutos"},"schema":{"@context":"https:\/\/schema.org","@graph":[{"@type":"WebPage","@id":"https:\/\/www.asajacyl.com\/palencia\/asaja-palencia-informa\/el-sistema-pisuerga-uno-de-los-mas-afectados-de-la-cuenca-del-duero-en-este-ano-hidrologico-recien-concluido","url":"https:\/\/www.asajacyl.com\/palencia\/asaja-palencia-informa\/el-sistema-pisuerga-uno-de-los-mas-afectados-de-la-cuenca-del-duero-en-este-ano-hidrologico-recien-concluido","name":"El sistema Pisuerga, entre los m\u00e1s afectados de la cuenca del Duero el a\u00f1o hidrol\u00f3gico 2022-2023 - ASAJA Palencia","isPartOf":{"@id":"https:\/\/www.asajacyl.com\/palencia\/#website"},"primaryImageOfPage":{"@id":"https:\/\/www.asajacyl.com\/palencia\/asaja-palencia-informa\/el-sistema-pisuerga-uno-de-los-mas-afectados-de-la-cuenca-del-duero-en-este-ano-hidrologico-recien-concluido#primaryimage"},"image":{"@id":"https:\/\/www.asajacyl.com\/palencia\/asaja-palencia-informa\/el-sistema-pisuerga-uno-de-los-mas-afectados-de-la-cuenca-del-duero-en-este-ano-hidrologico-recien-concluido#primaryimage"},"thumbnailUrl":"https:\/\/www.asajacyl.com\/palencia\/wp-content\/uploads\/sites\/3\/2022\/09\/EMBALSE-REQUEJADA-2.jpg","datePublished":"2023-10-06T08:30:02+00:00","author":{"@id":"https:\/\/www.asajacyl.com\/palencia\/#\/schema\/person\/3ab17aeb03527485c317557fae64aab1"},"description":"El a\u00f1o hidrol\u00f3gico finaliz\u00f3 el 30 de septiembre con los embalses gestionados por la Confederaci\u00f3n Hidrogr\u00e1fica del Duero (CHD) al 31,7% de su capacidad","breadcrumb":{"@id":"https:\/\/www.asajacyl.com\/palencia\/asaja-palencia-informa\/el-sistema-pisuerga-uno-de-los-mas-afectados-de-la-cuenca-del-duero-en-este-ano-hidrologico-recien-concluido#breadcrumb"},"inLanguage":"es","potentialAction":[{"@type":"ReadAction","target":["https:\/\/www.asajacyl.com\/palencia\/asaja-palencia-informa\/el-sistema-pisuerga-uno-de-los-mas-afectados-de-la-cuenca-del-duero-en-este-ano-hidrologico-recien-concluido"]}]},{"@type":"ImageObject","inLanguage":"es","@id":"https:\/\/www.asajacyl.com\/palencia\/asaja-palencia-informa\/el-sistema-pisuerga-uno-de-los-mas-afectados-de-la-cuenca-del-duero-en-este-ano-hidrologico-recien-concluido#primaryimage","url":"https:\/\/www.asajacyl.com\/palencia\/wp-content\/uploads\/sites\/3\/2022\/09\/EMBALSE-REQUEJADA-2.jpg","contentUrl":"https:\/\/www.asajacyl.com\/palencia\/wp-content\/uploads\/sites\/3\/2022\/09\/EMBALSE-REQUEJADA-2.jpg","width":2048,"height":1536},{"@type":"BreadcrumbList","@id":"https:\/\/www.asajacyl.com\/palencia\/asaja-palencia-informa\/el-sistema-pisuerga-uno-de-los-mas-afectados-de-la-cuenca-del-duero-en-este-ano-hidrologico-recien-concluido#breadcrumb","itemListElement":[{"@type":"ListItem","position":1,"name":"Portada","item":"https:\/\/www.asajacyl.com\/palencia\/"},{"@type":"ListItem","position":2,"name":"El sistema Pisuerga, entre los m\u00e1s afectados de la cuenca del Duero el a\u00f1o hidrol\u00f3gico 2022-2023"}]},{"@type":"WebSite","@id":"https:\/\/www.asajacyl.com\/palencia\/#website","url":"https:\/\/www.asajacyl.com\/palencia\/","name":"ASAJA Palencia","description":"Otro sitio m\u00e1s de Provincias ASAJA Castilla y Le\u00f3n","potentialAction":[{"@type":"SearchAction","target":{"@type":"EntryPoint","urlTemplate":"https:\/\/www.asajacyl.com\/palencia\/?s={search_term_string}"},"query-input":{"@type":"PropertyValueSpecification","valueRequired":true,"valueName":"search_term_string"}}],"inLanguage":"es"},{"@type":"Person","@id":"https:\/\/www.asajacyl.com\/palencia\/#\/schema\/person\/3ab17aeb03527485c317557fae64aab1","name":"Administrador","image":{"@type":"ImageObject","inLanguage":"es","@id":"https:\/\/www.asajacyl.com\/palencia\/#\/schema\/person\/image\/","url":"https:\/\/secure.gravatar.com\/avatar\/517384810d242ca9e38c180f3c9fb973?s=96&d=mm&r=g","contentUrl":"https:\/\/secure.gravatar.com\/avatar\/517384810d242ca9e38c180f3c9fb973?s=96&d=mm&r=g","caption":"Administrador"},"url":"https:\/\/www.asajacyl.com\/palencia\/author\/carlosrm"}]}},"_links":{"self":[{"href":"https:\/\/www.asajacyl.com\/palencia\/wp-json\/wp\/v2\/posts\/14337"}],"collection":[{"href":"https:\/\/www.asajacyl.com\/palencia\/wp-json\/wp\/v2\/posts"}],"about":[{"href":"https:\/\/www.asajacyl.com\/palencia\/wp-json\/wp\/v2\/types\/post"}],"author":[{"embeddable":true,"href":"https:\/\/www.asajacyl.com\/palencia\/wp-json\/wp\/v2\/users\/9"}],"replies":[{"embeddable":true,"href":"https:\/\/www.asajacyl.com\/palencia\/wp-json\/wp\/v2\/comments?post=14337"}],"version-history":[{"count":4,"href":"https:\/\/www.asajacyl.com\/palencia\/wp-json\/wp\/v2\/posts\/14337\/revisions"}],"predecessor-version":[{"id":14341,"href":"https:\/\/www.asajacyl.com\/palencia\/wp-json\/wp\/v2\/posts\/14337\/revisions\/14341"}],"wp:featuredmedia":[{"embeddable":true,"href":"https:\/\/www.asajacyl.com\/palencia\/wp-json\/wp\/v2\/media\/11466"}],"wp:attachment":[{"href":"https:\/\/www.asajacyl.com\/palencia\/wp-json\/wp\/v2\/media?parent=14337"}],"wp:term":[{"taxonomy":"category","embeddable":true,"href":"https:\/\/www.asajacyl.com\/palencia\/wp-json\/wp\/v2\/categories?post=14337"},{"taxonomy":"post_tag","embeddable":true,"href":"https:\/\/www.asajacyl.com\/palencia\/wp-json\/wp\/v2\/tags?post=14337"}],"curies":[{"name":"wp","href":"https:\/\/api.w.org\/{rel}","templated":true}]}}