{"id":14398,"date":"2023-10-08T21:00:00","date_gmt":"2023-10-08T19:00:00","guid":{"rendered":"https:\/\/www.asajacyl.com\/palencia\/?p=14398"},"modified":"2023-10-06T13:38:08","modified_gmt":"2023-10-06T11:38:08","slug":"alivio-en-el-sector-al-reconocer-el-parlamento-europeo-la-especificidad-de-los-aceites-esenciales","status":"publish","type":"post","link":"https:\/\/www.asajacyl.com\/palencia\/asaja-palencia-informa\/alivio-en-el-sector-al-reconocer-el-parlamento-europeo-la-especificidad-de-los-aceites-esenciales","title":{"rendered":"Alivio en el sector al reconocer el Parlamento Europeo la especificidad de los aceites esenciales"},"content":{"rendered":"\n<h2 class=\"wp-block-heading\">Los productores pueden respirar aliviados. En la sesi\u00f3n plenaria celebrada esta semana en Estrasburgo, el Parlamento Europeo ha reconocido el lugar especial que ocupa la producci\u00f3n de aceites esenciales en la zona comunitaria. La decisi\u00f3n, encabezada por la ponente Maria Spyraki, eurodiputada griega del Partido Popular Europeo, ha generado alivio al sector, al que env\u00eda una se\u00f1al de aliento cara a las negociaciones a tres bandas entre la Comisi\u00f3n Europea, el Parlamento y la presidencia del Consejo.<\/h2>\n\n\n\n<p>El pleno del Parlamento Europeo ha aportado una grata aclaraci\u00f3n a los sectores agr\u00edcola y cosm\u00e9tico, al aprobar el informe de revisi\u00f3n del reglamento sobre clasificaci\u00f3n, etiquetado y envasado de sustancias y mezclas (CLP), integrando en las normas de clasificaci\u00f3n disposiciones espec\u00edficas para los aceites esenciales y otros productos naturales.\u00a0<\/p>\n\n\n\n<p>La importancia de una clasificaci\u00f3n adecuada de los aceites esenciales y naturales con arreglo a las normas de clasificaci\u00f3n del citado reglamento era indispensable para no obligar a los productores agr\u00edcolas a abandonar el cultivo de aceites esenciales. <\/p>\n\n\n\n<p><strong>NO SON PRODUCTOS PETROQU\u00cdMICOS.<\/strong> Ahora, el Parlamento Europeo podr\u00e1 negociar un texto en el que los aceites esenciales reciban un trato diferente al de los productos petroqu\u00edmicos en la clasificaci\u00f3n de sustancias potencialmente peligrosas.\u00a0<\/p>\n\n\n\n<p>El texto, ya votado en la Comisi\u00f3n de Medio Ambiente, Salud P\u00fablica y Seguridad Alimentaria del Parlamento Europeo, es fruto de un acuerdo alcanzado con el objetivo de estudiar normas adaptadas para los aceites esenciales y otros extractos naturales.<\/p>\n\n\n\n<p>La enmienda tendr\u00e1 un impacto positivo en miles de agricultores y trabajadores temporeros, ubicados principalmente en pa\u00edses miembros productores de aceite de rosa, lavanda, lim\u00f3n o bergamota, como Bulgaria, Espa\u00f1a, Francia o Italia.\u00a0<\/p>\n\n\n\n<p>Al salvaguardar el futuro de los cultivos de aceites esenciales, el Parlamento Europeo ha aportado una saludable aclaraci\u00f3n que ahora debe tenerse en cuenta en los tr\u00edlogos (negociaciones a tres bandas entre las instituciones comunitarias).<strong>\/<\/strong>\u00a0<\/p>\n","protected":false},"excerpt":{"rendered":"<p>Los productores pueden respirar aliviados. En la sesi\u00f3n plenaria celebrada esta semana en Estrasburgo, el Parlamento Europeo ha reconocido el lugar especial que ocupa la producci\u00f3n de aceites esenciales en la zona comunitaria. La decisi\u00f3n, encabezada por la ponente Maria Spyraki, eurodiputada griega del Partido Popular Europeo, ha generado alivio al sector, al que env\u00eda [&hellip;]<\/p>\n","protected":false},"author":9,"featured_media":11208,"comment_status":"open","ping_status":"open","sticky":false,"template":"","format":"standard","meta":{"footnotes":""},"categories":[9,28],"tags":[500,58,260,332,497,499,191,338,44],"yoast_head":"<!-- This site is optimized with the Yoast SEO plugin v24.5 - https:\/\/yoast.com\/wordpress\/plugins\/seo\/ -->\n<title>Alivio en el sector al reconocer el Parlamento Europeo la especificidad de los aceites esenciales - ASAJA Palencia<\/title>\n<meta name=\"description\" content=\"Los productores pueden respirar aliviados. En la sesi\u00f3n plenaria celebrada esta semana en Estrasburgo, el Parlamento Europeo ha reconocido el lugar\" \/>\n<meta name=\"robots\" content=\"index, follow, max-snippet:-1, max-image-preview:large, max-video-preview:-1\" \/>\n<link rel=\"canonical\" href=\"https:\/\/www.asajacyl.com\/palencia\/asaja-palencia-informa\/alivio-en-el-sector-al-reconocer-el-parlamento-europeo-la-especificidad-de-los-aceites-esenciales\" \/>\n<meta property=\"og:locale\" content=\"es_ES\" \/>\n<meta property=\"og:type\" content=\"article\" \/>\n<meta property=\"og:title\" content=\"Alivio en el sector al reconocer el Parlamento Europeo la especificidad de los aceites esenciales - ASAJA Palencia\" \/>\n<meta property=\"og:description\" content=\"Los productores pueden respirar aliviados. En la sesi\u00f3n plenaria celebrada esta semana en Estrasburgo, el Parlamento Europeo ha reconocido el lugar\" \/>\n<meta property=\"og:url\" content=\"https:\/\/www.asajacyl.com\/palencia\/asaja-palencia-informa\/alivio-en-el-sector-al-reconocer-el-parlamento-europeo-la-especificidad-de-los-aceites-esenciales\" \/>\n<meta property=\"og:site_name\" content=\"ASAJA Palencia\" \/>\n<meta property=\"article:published_time\" content=\"2023-10-08T19:00:00+00:00\" \/>\n<meta property=\"og:image\" content=\"https:\/\/www.asajacyl.com\/palencia\/wp-content\/uploads\/sites\/3\/2022\/08\/LAVANDA.jpg\" \/>\n\t<meta property=\"og:image:width\" content=\"1600\" \/>\n\t<meta property=\"og:image:height\" content=\"1200\" \/>\n\t<meta property=\"og:image:type\" content=\"image\/jpeg\" \/>\n<meta name=\"author\" content=\"Administrador\" \/>\n<meta name=\"twitter:card\" content=\"summary_large_image\" \/>\n<meta name=\"twitter:label1\" content=\"Escrito por\" \/>\n\t<meta name=\"twitter:data1\" content=\"Administrador\" \/>\n\t<meta name=\"twitter:label2\" content=\"Tiempo de lectura\" \/>\n\t<meta name=\"twitter:data2\" content=\"2 minutos\" \/>\n<script type=\"application\/ld+json\" class=\"yoast-schema-graph\">{\"@context\":\"https:\/\/schema.org\",\"@graph\":[{\"@type\":\"WebPage\",\"@id\":\"https:\/\/www.asajacyl.com\/palencia\/asaja-palencia-informa\/alivio-en-el-sector-al-reconocer-el-parlamento-europeo-la-especificidad-de-los-aceites-esenciales\",\"url\":\"https:\/\/www.asajacyl.com\/palencia\/asaja-palencia-informa\/alivio-en-el-sector-al-reconocer-el-parlamento-europeo-la-especificidad-de-los-aceites-esenciales\",\"name\":\"Alivio en el sector al reconocer el Parlamento Europeo la especificidad de los aceites esenciales - ASAJA Palencia\",\"isPartOf\":{\"@id\":\"https:\/\/www.asajacyl.com\/palencia\/#website\"},\"primaryImageOfPage\":{\"@id\":\"https:\/\/www.asajacyl.com\/palencia\/asaja-palencia-informa\/alivio-en-el-sector-al-reconocer-el-parlamento-europeo-la-especificidad-de-los-aceites-esenciales#primaryimage\"},\"image\":{\"@id\":\"https:\/\/www.asajacyl.com\/palencia\/asaja-palencia-informa\/alivio-en-el-sector-al-reconocer-el-parlamento-europeo-la-especificidad-de-los-aceites-esenciales#primaryimage\"},\"thumbnailUrl\":\"https:\/\/www.asajacyl.com\/palencia\/wp-content\/uploads\/sites\/3\/2022\/08\/LAVANDA.jpg\",\"datePublished\":\"2023-10-08T19:00:00+00:00\",\"author\":{\"@id\":\"https:\/\/www.asajacyl.com\/palencia\/#\/schema\/person\/3ab17aeb03527485c317557fae64aab1\"},\"description\":\"Los productores pueden respirar aliviados. En la sesi\u00f3n plenaria celebrada esta semana en Estrasburgo, el Parlamento Europeo ha reconocido el lugar\",\"breadcrumb\":{\"@id\":\"https:\/\/www.asajacyl.com\/palencia\/asaja-palencia-informa\/alivio-en-el-sector-al-reconocer-el-parlamento-europeo-la-especificidad-de-los-aceites-esenciales#breadcrumb\"},\"inLanguage\":\"es\",\"potentialAction\":[{\"@type\":\"ReadAction\",\"target\":[\"https:\/\/www.asajacyl.com\/palencia\/asaja-palencia-informa\/alivio-en-el-sector-al-reconocer-el-parlamento-europeo-la-especificidad-de-los-aceites-esenciales\"]}]},{\"@type\":\"ImageObject\",\"inLanguage\":\"es\",\"@id\":\"https:\/\/www.asajacyl.com\/palencia\/asaja-palencia-informa\/alivio-en-el-sector-al-reconocer-el-parlamento-europeo-la-especificidad-de-los-aceites-esenciales#primaryimage\",\"url\":\"https:\/\/www.asajacyl.com\/palencia\/wp-content\/uploads\/sites\/3\/2022\/08\/LAVANDA.jpg\",\"contentUrl\":\"https:\/\/www.asajacyl.com\/palencia\/wp-content\/uploads\/sites\/3\/2022\/08\/LAVANDA.jpg\",\"width\":1600,\"height\":1200},{\"@type\":\"BreadcrumbList\",\"@id\":\"https:\/\/www.asajacyl.com\/palencia\/asaja-palencia-informa\/alivio-en-el-sector-al-reconocer-el-parlamento-europeo-la-especificidad-de-los-aceites-esenciales#breadcrumb\",\"itemListElement\":[{\"@type\":\"ListItem\",\"position\":1,\"name\":\"Portada\",\"item\":\"https:\/\/www.asajacyl.com\/palencia\/\"},{\"@type\":\"ListItem\",\"position\":2,\"name\":\"Alivio en el sector al reconocer el Parlamento Europeo la especificidad de los aceites esenciales\"}]},{\"@type\":\"WebSite\",\"@id\":\"https:\/\/www.asajacyl.com\/palencia\/#website\",\"url\":\"https:\/\/www.asajacyl.com\/palencia\/\",\"name\":\"ASAJA Palencia\",\"description\":\"Otro sitio m\u00e1s de Provincias ASAJA Castilla y Le\u00f3n\",\"potentialAction\":[{\"@type\":\"SearchAction\",\"target\":{\"@type\":\"EntryPoint\",\"urlTemplate\":\"https:\/\/www.asajacyl.com\/palencia\/?s={search_term_string}\"},\"query-input\":{\"@type\":\"PropertyValueSpecification\",\"valueRequired\":true,\"valueName\":\"search_term_string\"}}],\"inLanguage\":\"es\"},{\"@type\":\"Person\",\"@id\":\"https:\/\/www.asajacyl.com\/palencia\/#\/schema\/person\/3ab17aeb03527485c317557fae64aab1\",\"name\":\"Administrador\",\"image\":{\"@type\":\"ImageObject\",\"inLanguage\":\"es\",\"@id\":\"https:\/\/www.asajacyl.com\/palencia\/#\/schema\/person\/image\/\",\"url\":\"https:\/\/secure.gravatar.com\/avatar\/517384810d242ca9e38c180f3c9fb973?s=96&d=mm&r=g\",\"contentUrl\":\"https:\/\/secure.gravatar.com\/avatar\/517384810d242ca9e38c180f3c9fb973?s=96&d=mm&r=g\",\"caption\":\"Administrador\"},\"url\":\"https:\/\/www.asajacyl.com\/palencia\/author\/carlosrm\"}]}<\/script>\n<!-- \/ Yoast SEO plugin. -->","yoast_head_json":{"title":"Alivio en el sector al reconocer el Parlamento Europeo la especificidad de los aceites esenciales - ASAJA Palencia","description":"Los productores pueden respirar aliviados. En la sesi\u00f3n plenaria celebrada esta semana en Estrasburgo, el Parlamento Europeo ha reconocido el lugar","robots":{"index":"index","follow":"follow","max-snippet":"max-snippet:-1","max-image-preview":"max-image-preview:large","max-video-preview":"max-video-preview:-1"},"canonical":"https:\/\/www.asajacyl.com\/palencia\/asaja-palencia-informa\/alivio-en-el-sector-al-reconocer-el-parlamento-europeo-la-especificidad-de-los-aceites-esenciales","og_locale":"es_ES","og_type":"article","og_title":"Alivio en el sector al reconocer el Parlamento Europeo la especificidad de los aceites esenciales - ASAJA Palencia","og_description":"Los productores pueden respirar aliviados. En la sesi\u00f3n plenaria celebrada esta semana en Estrasburgo, el Parlamento Europeo ha reconocido el lugar","og_url":"https:\/\/www.asajacyl.com\/palencia\/asaja-palencia-informa\/alivio-en-el-sector-al-reconocer-el-parlamento-europeo-la-especificidad-de-los-aceites-esenciales","og_site_name":"ASAJA Palencia","article_published_time":"2023-10-08T19:00:00+00:00","og_image":[{"width":1600,"height":1200,"url":"https:\/\/www.asajacyl.com\/palencia\/wp-content\/uploads\/sites\/3\/2022\/08\/LAVANDA.jpg","type":"image\/jpeg"}],"author":"Administrador","twitter_card":"summary_large_image","twitter_misc":{"Escrito por":"Administrador","Tiempo de lectura":"2 minutos"},"schema":{"@context":"https:\/\/schema.org","@graph":[{"@type":"WebPage","@id":"https:\/\/www.asajacyl.com\/palencia\/asaja-palencia-informa\/alivio-en-el-sector-al-reconocer-el-parlamento-europeo-la-especificidad-de-los-aceites-esenciales","url":"https:\/\/www.asajacyl.com\/palencia\/asaja-palencia-informa\/alivio-en-el-sector-al-reconocer-el-parlamento-europeo-la-especificidad-de-los-aceites-esenciales","name":"Alivio en el sector al reconocer el Parlamento Europeo la especificidad de los aceites esenciales - ASAJA Palencia","isPartOf":{"@id":"https:\/\/www.asajacyl.com\/palencia\/#website"},"primaryImageOfPage":{"@id":"https:\/\/www.asajacyl.com\/palencia\/asaja-palencia-informa\/alivio-en-el-sector-al-reconocer-el-parlamento-europeo-la-especificidad-de-los-aceites-esenciales#primaryimage"},"image":{"@id":"https:\/\/www.asajacyl.com\/palencia\/asaja-palencia-informa\/alivio-en-el-sector-al-reconocer-el-parlamento-europeo-la-especificidad-de-los-aceites-esenciales#primaryimage"},"thumbnailUrl":"https:\/\/www.asajacyl.com\/palencia\/wp-content\/uploads\/sites\/3\/2022\/08\/LAVANDA.jpg","datePublished":"2023-10-08T19:00:00+00:00","author":{"@id":"https:\/\/www.asajacyl.com\/palencia\/#\/schema\/person\/3ab17aeb03527485c317557fae64aab1"},"description":"Los productores pueden respirar aliviados. En la sesi\u00f3n plenaria celebrada esta semana en Estrasburgo, el Parlamento Europeo ha reconocido el lugar","breadcrumb":{"@id":"https:\/\/www.asajacyl.com\/palencia\/asaja-palencia-informa\/alivio-en-el-sector-al-reconocer-el-parlamento-europeo-la-especificidad-de-los-aceites-esenciales#breadcrumb"},"inLanguage":"es","potentialAction":[{"@type":"ReadAction","target":["https:\/\/www.asajacyl.com\/palencia\/asaja-palencia-informa\/alivio-en-el-sector-al-reconocer-el-parlamento-europeo-la-especificidad-de-los-aceites-esenciales"]}]},{"@type":"ImageObject","inLanguage":"es","@id":"https:\/\/www.asajacyl.com\/palencia\/asaja-palencia-informa\/alivio-en-el-sector-al-reconocer-el-parlamento-europeo-la-especificidad-de-los-aceites-esenciales#primaryimage","url":"https:\/\/www.asajacyl.com\/palencia\/wp-content\/uploads\/sites\/3\/2022\/08\/LAVANDA.jpg","contentUrl":"https:\/\/www.asajacyl.com\/palencia\/wp-content\/uploads\/sites\/3\/2022\/08\/LAVANDA.jpg","width":1600,"height":1200},{"@type":"BreadcrumbList","@id":"https:\/\/www.asajacyl.com\/palencia\/asaja-palencia-informa\/alivio-en-el-sector-al-reconocer-el-parlamento-europeo-la-especificidad-de-los-aceites-esenciales#breadcrumb","itemListElement":[{"@type":"ListItem","position":1,"name":"Portada","item":"https:\/\/www.asajacyl.com\/palencia\/"},{"@type":"ListItem","position":2,"name":"Alivio en el sector al reconocer el Parlamento Europeo la especificidad de los aceites esenciales"}]},{"@type":"WebSite","@id":"https:\/\/www.asajacyl.com\/palencia\/#website","url":"https:\/\/www.asajacyl.com\/palencia\/","name":"ASAJA Palencia","description":"Otro sitio m\u00e1s de Provincias ASAJA Castilla y Le\u00f3n","potentialAction":[{"@type":"SearchAction","target":{"@type":"EntryPoint","urlTemplate":"https:\/\/www.asajacyl.com\/palencia\/?s={search_term_string}"},"query-input":{"@type":"PropertyValueSpecification","valueRequired":true,"valueName":"search_term_string"}}],"inLanguage":"es"},{"@type":"Person","@id":"https:\/\/www.asajacyl.com\/palencia\/#\/schema\/person\/3ab17aeb03527485c317557fae64aab1","name":"Administrador","image":{"@type":"ImageObject","inLanguage":"es","@id":"https:\/\/www.asajacyl.com\/palencia\/#\/schema\/person\/image\/","url":"https:\/\/secure.gravatar.com\/avatar\/517384810d242ca9e38c180f3c9fb973?s=96&d=mm&r=g","contentUrl":"https:\/\/secure.gravatar.com\/avatar\/517384810d242ca9e38c180f3c9fb973?s=96&d=mm&r=g","caption":"Administrador"},"url":"https:\/\/www.asajacyl.com\/palencia\/author\/carlosrm"}]}},"_links":{"self":[{"href":"https:\/\/www.asajacyl.com\/palencia\/wp-json\/wp\/v2\/posts\/14398"}],"collection":[{"href":"https:\/\/www.asajacyl.com\/palencia\/wp-json\/wp\/v2\/posts"}],"about":[{"href":"https:\/\/www.asajacyl.com\/palencia\/wp-json\/wp\/v2\/types\/post"}],"author":[{"embeddable":true,"href":"https:\/\/www.asajacyl.com\/palencia\/wp-json\/wp\/v2\/users\/9"}],"replies":[{"embeddable":true,"href":"https:\/\/www.asajacyl.com\/palencia\/wp-json\/wp\/v2\/comments?post=14398"}],"version-history":[{"count":1,"href":"https:\/\/www.asajacyl.com\/palencia\/wp-json\/wp\/v2\/posts\/14398\/revisions"}],"predecessor-version":[{"id":14399,"href":"https:\/\/www.asajacyl.com\/palencia\/wp-json\/wp\/v2\/posts\/14398\/revisions\/14399"}],"wp:featuredmedia":[{"embeddable":true,"href":"https:\/\/www.asajacyl.com\/palencia\/wp-json\/wp\/v2\/media\/11208"}],"wp:attachment":[{"href":"https:\/\/www.asajacyl.com\/palencia\/wp-json\/wp\/v2\/media?parent=14398"}],"wp:term":[{"taxonomy":"category","embeddable":true,"href":"https:\/\/www.asajacyl.com\/palencia\/wp-json\/wp\/v2\/categories?post=14398"},{"taxonomy":"post_tag","embeddable":true,"href":"https:\/\/www.asajacyl.com\/palencia\/wp-json\/wp\/v2\/tags?post=14398"}],"curies":[{"name":"wp","href":"https:\/\/api.w.org\/{rel}","templated":true}]}}