{"id":14402,"date":"2023-10-15T08:52:18","date_gmt":"2023-10-15T06:52:18","guid":{"rendered":"https:\/\/www.asajacyl.com\/palencia\/?p=14402"},"modified":"2023-11-06T12:57:01","modified_gmt":"2023-11-06T11:57:01","slug":"la-inversion-sigue-fuerte","status":"publish","type":"post","link":"https:\/\/www.asajacyl.com\/palencia\/asaja-palencia-informa\/la-inversion-sigue-fuerte","title":{"rendered":"La inversi\u00f3n sigue fuerte"},"content":{"rendered":"\n<h2 class=\"wp-block-heading\">JOS\u00c9 ANTONIO TURRADO, secretario general de ASAJA-Castilla y Le\u00f3n<\/h2>\n\n\n\n<p>El Ministerio de Agricultura public\u00f3 hace unos d\u00edas los datos relativos a las solicitudes de ayuda a la compra de maquinaria de lo que com\u00fanmente denominamos el Plan Renove. Esta convocatoria no contempla ayudas muy generosas, pero s\u00ed sencillas de tramitar y r\u00e1pidas en resolver y abonar. De casi 9,5 millones de euros en ayudas para toda Espa\u00f1a, el dato relevante es que 6,5 millones corresponden a expedientes de Castilla y Le\u00f3n. El dato es para reflexionar, porque significa que&nbsp;<strong>la mayor\u00eda de la inversi\u00f3n en maquinaria se ha hecho en Castilla y Le\u00f3n, y que se ha hecho un a\u00f1o de sequ\u00eda y por consecuencia de pocos ingresos<\/strong>, y se ha hecho cuando las financieras de las empresas de maquinaria y la banca comercial han subido los intereses y comenzado a restringir el cr\u00e9dito. Pero es m\u00e1s, cuando en las pr\u00f3ximas semanas la Junta convoque las ayudas para \u201cmaquinaria 4.0\u201d, o las ayudas de incorporaci\u00f3n de j\u00f3venes y planes de mejora de explotaciones, de nuevo se agotar\u00e1 la partida presupuestaria, a pesar de que estas ayudas que gestiona la Junta se conceden solo a quienes cumplen con una serie de requisitos y condiciones, y se pagan con un poco de suerte a los tres o cuatro a\u00f1os de solicitarlas.<\/p>\n\n\n\n<p><strong>Conviene argumentar por qu\u00e9 ha pasado esto, para que no se piense que se hace porque los agricultores de Castilla y Le\u00f3n tienen la cartera llena de otros a\u00f1os, que no es cierto<\/strong>. El campo de Castilla y Le\u00f3n invierte porque ha apostado por una agricultura y ganader\u00eda profesional en la que prevalece el incremento de las explotaciones y en consecuencia la necesidad de disponer de m\u00e1quinas m\u00e1s grandes y m\u00e1s tecnol\u00f3gicas. Tambi\u00e9n porque nuestros agricultores se han cre\u00eddo eso de la agricultura de precisi\u00f3n, del m\u00ednimo laboreo, de la siembra variable\u2026 y para eso hace falta otro tipo de maquinaria que hay que comprar y adem\u00e1s tiene que ser nueva, porque ante la tecnolog\u00eda reciente no hay una oferta en el mercado de ocasi\u00f3n. Tienen \u00e9xito estas convocatorias porque cada vez hay m\u00e1s empresas de servicios y m\u00e1s agricultores que hacen trabajos para terceros, y para eso necesitan estar a la \u00faltima y renovar con m\u00e1s frecuencia. Se ha invertido porque, a pesar de haber sido un mal a\u00f1o, en el campo pensamos ya en la cosecha siguiente, y a poco que podamos, seguiremos gastando con la esperanza de recoger la pr\u00f3xima primavera. Y tambi\u00e9n, y hay que decirlo, hemos invertido porque las ayudas incentivan a ello, y porque dentro de lo m\u00e1s restringido que est\u00e1 el cr\u00e9dito, los bancos siguen creyendo en nosotros porque la morosidad del sector primario es la m\u00e1s baja de todas.<\/p>\n\n\n\n<p>As\u00ed somos en el sector primario, de no tener nunca un euro en el bolsillo y gastarnos en tierras y m\u00e1quinas lo que tenemos, y lo que no tenemos y nos dejan prestado.&nbsp;<strong>Movemos el dinero de un lado para otro y, por lo general, nos conformamos con una vida modesta.<\/strong>&nbsp;Y, en este mover el dinero, hacemos que se necesiten talleres con m\u00e1s empleados de los que es capaz de contratar el due\u00f1o porque pocos quieren trabajar, que haya almacenes a los que vendemos o compramos los inputs, que haya empresas de servicios, f\u00e1bricas, transportista, gestores, bancos, y hasta sustentamos algunos bares.<strong>\/<\/strong><\/p>\n\n\n\n<figure class=\"wp-block-image size-large is-resized\"><img loading=\"lazy\" decoding=\"async\" src=\"https:\/\/www.asajacyl.com\/palencia\/wp-content\/uploads\/sites\/3\/2023\/10\/image-1024x576.jpg\" alt=\"\" class=\"wp-image-14403\" width=\"1066\" height=\"621\" \/><\/figure>\n","protected":false},"excerpt":{"rendered":"<p>JOS\u00c9 ANTONIO TURRADO, secretario general de ASAJA-Castilla y Le\u00f3n El Ministerio de Agricultura public\u00f3 hace unos d\u00edas los datos relativos a las solicitudes de ayuda a la compra de maquinaria de lo que com\u00fanmente denominamos el Plan Renove. Esta convocatoria no contempla ayudas muy generosas, pero s\u00ed sencillas de tramitar y r\u00e1pidas en resolver y [&hellip;]<\/p>\n","protected":false},"author":9,"featured_media":13195,"comment_status":"open","ping_status":"open","sticky":false,"template":"","format":"standard","meta":{"footnotes":""},"categories":[9,29,30,28],"tags":[58,59,142,77,66,153,110,273,109],"yoast_head":"<!-- This site is optimized with the Yoast SEO plugin v24.5 - https:\/\/yoast.com\/wordpress\/plugins\/seo\/ -->\n<title>La inversi\u00f3n sigue fuerte - ASAJA Palencia<\/title>\n<meta name=\"description\" content=\"JOS\u00c9 ANTONIO TURRADO, secretario general de ASAJA-Castilla y Le\u00f3n El Ministerio de Agricultura public\u00f3 hace unos d\u00edas los datos relativos a las\" \/>\n<meta name=\"robots\" content=\"index, follow, max-snippet:-1, max-image-preview:large, max-video-preview:-1\" \/>\n<link rel=\"canonical\" href=\"https:\/\/www.asajacyl.com\/palencia\/asaja-palencia-informa\/la-inversion-sigue-fuerte\" \/>\n<meta property=\"og:locale\" content=\"es_ES\" \/>\n<meta property=\"og:type\" content=\"article\" \/>\n<meta property=\"og:title\" content=\"La inversi\u00f3n sigue fuerte - ASAJA Palencia\" \/>\n<meta property=\"og:description\" content=\"JOS\u00c9 ANTONIO TURRADO, secretario general de ASAJA-Castilla y Le\u00f3n El Ministerio de Agricultura public\u00f3 hace unos d\u00edas los datos relativos a las\" \/>\n<meta property=\"og:url\" content=\"https:\/\/www.asajacyl.com\/palencia\/asaja-palencia-informa\/la-inversion-sigue-fuerte\" \/>\n<meta property=\"og:site_name\" content=\"ASAJA Palencia\" \/>\n<meta property=\"article:published_time\" content=\"2023-10-15T06:52:18+00:00\" \/>\n<meta property=\"article:modified_time\" content=\"2023-11-06T11:57:01+00:00\" \/>\n<meta property=\"og:image\" content=\"https:\/\/www.asajacyl.com\/palencia\/wp-content\/uploads\/sites\/3\/2023\/05\/Turrado-retocada-horizontal.jpg\" \/>\n\t<meta property=\"og:image:width\" content=\"1649\" \/>\n\t<meta property=\"og:image:height\" content=\"1191\" \/>\n\t<meta property=\"og:image:type\" content=\"image\/jpeg\" \/>\n<meta name=\"author\" content=\"Administrador\" \/>\n<meta name=\"twitter:card\" content=\"summary_large_image\" \/>\n<meta name=\"twitter:label1\" content=\"Escrito por\" \/>\n\t<meta name=\"twitter:data1\" content=\"Administrador\" \/>\n\t<meta name=\"twitter:label2\" content=\"Tiempo de lectura\" \/>\n\t<meta name=\"twitter:data2\" content=\"3 minutos\" \/>\n<script type=\"application\/ld+json\" class=\"yoast-schema-graph\">{\"@context\":\"https:\/\/schema.org\",\"@graph\":[{\"@type\":\"WebPage\",\"@id\":\"https:\/\/www.asajacyl.com\/palencia\/asaja-palencia-informa\/la-inversion-sigue-fuerte\",\"url\":\"https:\/\/www.asajacyl.com\/palencia\/asaja-palencia-informa\/la-inversion-sigue-fuerte\",\"name\":\"La inversi\u00f3n sigue fuerte - ASAJA Palencia\",\"isPartOf\":{\"@id\":\"https:\/\/www.asajacyl.com\/palencia\/#website\"},\"primaryImageOfPage\":{\"@id\":\"https:\/\/www.asajacyl.com\/palencia\/asaja-palencia-informa\/la-inversion-sigue-fuerte#primaryimage\"},\"image\":{\"@id\":\"https:\/\/www.asajacyl.com\/palencia\/asaja-palencia-informa\/la-inversion-sigue-fuerte#primaryimage\"},\"thumbnailUrl\":\"https:\/\/www.asajacyl.com\/palencia\/wp-content\/uploads\/sites\/3\/2023\/05\/Turrado-retocada-horizontal.jpg\",\"datePublished\":\"2023-10-15T06:52:18+00:00\",\"dateModified\":\"2023-11-06T11:57:01+00:00\",\"author\":{\"@id\":\"https:\/\/www.asajacyl.com\/palencia\/#\/schema\/person\/3ab17aeb03527485c317557fae64aab1\"},\"description\":\"JOS\u00c9 ANTONIO TURRADO, secretario general de ASAJA-Castilla y Le\u00f3n El Ministerio de Agricultura public\u00f3 hace unos d\u00edas los datos relativos a las\",\"breadcrumb\":{\"@id\":\"https:\/\/www.asajacyl.com\/palencia\/asaja-palencia-informa\/la-inversion-sigue-fuerte#breadcrumb\"},\"inLanguage\":\"es\",\"potentialAction\":[{\"@type\":\"ReadAction\",\"target\":[\"https:\/\/www.asajacyl.com\/palencia\/asaja-palencia-informa\/la-inversion-sigue-fuerte\"]}]},{\"@type\":\"ImageObject\",\"inLanguage\":\"es\",\"@id\":\"https:\/\/www.asajacyl.com\/palencia\/asaja-palencia-informa\/la-inversion-sigue-fuerte#primaryimage\",\"url\":\"https:\/\/www.asajacyl.com\/palencia\/wp-content\/uploads\/sites\/3\/2023\/05\/Turrado-retocada-horizontal.jpg\",\"contentUrl\":\"https:\/\/www.asajacyl.com\/palencia\/wp-content\/uploads\/sites\/3\/2023\/05\/Turrado-retocada-horizontal.jpg\",\"width\":1649,\"height\":1191},{\"@type\":\"BreadcrumbList\",\"@id\":\"https:\/\/www.asajacyl.com\/palencia\/asaja-palencia-informa\/la-inversion-sigue-fuerte#breadcrumb\",\"itemListElement\":[{\"@type\":\"ListItem\",\"position\":1,\"name\":\"Portada\",\"item\":\"https:\/\/www.asajacyl.com\/palencia\/\"},{\"@type\":\"ListItem\",\"position\":2,\"name\":\"La inversi\u00f3n sigue fuerte\"}]},{\"@type\":\"WebSite\",\"@id\":\"https:\/\/www.asajacyl.com\/palencia\/#website\",\"url\":\"https:\/\/www.asajacyl.com\/palencia\/\",\"name\":\"ASAJA Palencia\",\"description\":\"Otro sitio m\u00e1s de Provincias ASAJA Castilla y Le\u00f3n\",\"potentialAction\":[{\"@type\":\"SearchAction\",\"target\":{\"@type\":\"EntryPoint\",\"urlTemplate\":\"https:\/\/www.asajacyl.com\/palencia\/?s={search_term_string}\"},\"query-input\":{\"@type\":\"PropertyValueSpecification\",\"valueRequired\":true,\"valueName\":\"search_term_string\"}}],\"inLanguage\":\"es\"},{\"@type\":\"Person\",\"@id\":\"https:\/\/www.asajacyl.com\/palencia\/#\/schema\/person\/3ab17aeb03527485c317557fae64aab1\",\"name\":\"Administrador\",\"image\":{\"@type\":\"ImageObject\",\"inLanguage\":\"es\",\"@id\":\"https:\/\/www.asajacyl.com\/palencia\/#\/schema\/person\/image\/\",\"url\":\"https:\/\/secure.gravatar.com\/avatar\/517384810d242ca9e38c180f3c9fb973?s=96&d=mm&r=g\",\"contentUrl\":\"https:\/\/secure.gravatar.com\/avatar\/517384810d242ca9e38c180f3c9fb973?s=96&d=mm&r=g\",\"caption\":\"Administrador\"},\"url\":\"https:\/\/www.asajacyl.com\/palencia\/author\/carlosrm\"}]}<\/script>\n<!-- \/ Yoast SEO plugin. -->","yoast_head_json":{"title":"La inversi\u00f3n sigue fuerte - ASAJA Palencia","description":"JOS\u00c9 ANTONIO TURRADO, secretario general de ASAJA-Castilla y Le\u00f3n El Ministerio de Agricultura public\u00f3 hace unos d\u00edas los datos relativos a las","robots":{"index":"index","follow":"follow","max-snippet":"max-snippet:-1","max-image-preview":"max-image-preview:large","max-video-preview":"max-video-preview:-1"},"canonical":"https:\/\/www.asajacyl.com\/palencia\/asaja-palencia-informa\/la-inversion-sigue-fuerte","og_locale":"es_ES","og_type":"article","og_title":"La inversi\u00f3n sigue fuerte - ASAJA Palencia","og_description":"JOS\u00c9 ANTONIO TURRADO, secretario general de ASAJA-Castilla y Le\u00f3n El Ministerio de Agricultura public\u00f3 hace unos d\u00edas los datos relativos a las","og_url":"https:\/\/www.asajacyl.com\/palencia\/asaja-palencia-informa\/la-inversion-sigue-fuerte","og_site_name":"ASAJA Palencia","article_published_time":"2023-10-15T06:52:18+00:00","article_modified_time":"2023-11-06T11:57:01+00:00","og_image":[{"width":1649,"height":1191,"url":"https:\/\/www.asajacyl.com\/palencia\/wp-content\/uploads\/sites\/3\/2023\/05\/Turrado-retocada-horizontal.jpg","type":"image\/jpeg"}],"author":"Administrador","twitter_card":"summary_large_image","twitter_misc":{"Escrito por":"Administrador","Tiempo de lectura":"3 minutos"},"schema":{"@context":"https:\/\/schema.org","@graph":[{"@type":"WebPage","@id":"https:\/\/www.asajacyl.com\/palencia\/asaja-palencia-informa\/la-inversion-sigue-fuerte","url":"https:\/\/www.asajacyl.com\/palencia\/asaja-palencia-informa\/la-inversion-sigue-fuerte","name":"La inversi\u00f3n sigue fuerte - ASAJA Palencia","isPartOf":{"@id":"https:\/\/www.asajacyl.com\/palencia\/#website"},"primaryImageOfPage":{"@id":"https:\/\/www.asajacyl.com\/palencia\/asaja-palencia-informa\/la-inversion-sigue-fuerte#primaryimage"},"image":{"@id":"https:\/\/www.asajacyl.com\/palencia\/asaja-palencia-informa\/la-inversion-sigue-fuerte#primaryimage"},"thumbnailUrl":"https:\/\/www.asajacyl.com\/palencia\/wp-content\/uploads\/sites\/3\/2023\/05\/Turrado-retocada-horizontal.jpg","datePublished":"2023-10-15T06:52:18+00:00","dateModified":"2023-11-06T11:57:01+00:00","author":{"@id":"https:\/\/www.asajacyl.com\/palencia\/#\/schema\/person\/3ab17aeb03527485c317557fae64aab1"},"description":"JOS\u00c9 ANTONIO TURRADO, secretario general de ASAJA-Castilla y Le\u00f3n El Ministerio de Agricultura public\u00f3 hace unos d\u00edas los datos relativos a las","breadcrumb":{"@id":"https:\/\/www.asajacyl.com\/palencia\/asaja-palencia-informa\/la-inversion-sigue-fuerte#breadcrumb"},"inLanguage":"es","potentialAction":[{"@type":"ReadAction","target":["https:\/\/www.asajacyl.com\/palencia\/asaja-palencia-informa\/la-inversion-sigue-fuerte"]}]},{"@type":"ImageObject","inLanguage":"es","@id":"https:\/\/www.asajacyl.com\/palencia\/asaja-palencia-informa\/la-inversion-sigue-fuerte#primaryimage","url":"https:\/\/www.asajacyl.com\/palencia\/wp-content\/uploads\/sites\/3\/2023\/05\/Turrado-retocada-horizontal.jpg","contentUrl":"https:\/\/www.asajacyl.com\/palencia\/wp-content\/uploads\/sites\/3\/2023\/05\/Turrado-retocada-horizontal.jpg","width":1649,"height":1191},{"@type":"BreadcrumbList","@id":"https:\/\/www.asajacyl.com\/palencia\/asaja-palencia-informa\/la-inversion-sigue-fuerte#breadcrumb","itemListElement":[{"@type":"ListItem","position":1,"name":"Portada","item":"https:\/\/www.asajacyl.com\/palencia\/"},{"@type":"ListItem","position":2,"name":"La inversi\u00f3n sigue fuerte"}]},{"@type":"WebSite","@id":"https:\/\/www.asajacyl.com\/palencia\/#website","url":"https:\/\/www.asajacyl.com\/palencia\/","name":"ASAJA Palencia","description":"Otro sitio m\u00e1s de Provincias ASAJA Castilla y Le\u00f3n","potentialAction":[{"@type":"SearchAction","target":{"@type":"EntryPoint","urlTemplate":"https:\/\/www.asajacyl.com\/palencia\/?s={search_term_string}"},"query-input":{"@type":"PropertyValueSpecification","valueRequired":true,"valueName":"search_term_string"}}],"inLanguage":"es"},{"@type":"Person","@id":"https:\/\/www.asajacyl.com\/palencia\/#\/schema\/person\/3ab17aeb03527485c317557fae64aab1","name":"Administrador","image":{"@type":"ImageObject","inLanguage":"es","@id":"https:\/\/www.asajacyl.com\/palencia\/#\/schema\/person\/image\/","url":"https:\/\/secure.gravatar.com\/avatar\/517384810d242ca9e38c180f3c9fb973?s=96&d=mm&r=g","contentUrl":"https:\/\/secure.gravatar.com\/avatar\/517384810d242ca9e38c180f3c9fb973?s=96&d=mm&r=g","caption":"Administrador"},"url":"https:\/\/www.asajacyl.com\/palencia\/author\/carlosrm"}]}},"_links":{"self":[{"href":"https:\/\/www.asajacyl.com\/palencia\/wp-json\/wp\/v2\/posts\/14402"}],"collection":[{"href":"https:\/\/www.asajacyl.com\/palencia\/wp-json\/wp\/v2\/posts"}],"about":[{"href":"https:\/\/www.asajacyl.com\/palencia\/wp-json\/wp\/v2\/types\/post"}],"author":[{"embeddable":true,"href":"https:\/\/www.asajacyl.com\/palencia\/wp-json\/wp\/v2\/users\/9"}],"replies":[{"embeddable":true,"href":"https:\/\/www.asajacyl.com\/palencia\/wp-json\/wp\/v2\/comments?post=14402"}],"version-history":[{"count":3,"href":"https:\/\/www.asajacyl.com\/palencia\/wp-json\/wp\/v2\/posts\/14402\/revisions"}],"predecessor-version":[{"id":14617,"href":"https:\/\/www.asajacyl.com\/palencia\/wp-json\/wp\/v2\/posts\/14402\/revisions\/14617"}],"wp:featuredmedia":[{"embeddable":true,"href":"https:\/\/www.asajacyl.com\/palencia\/wp-json\/wp\/v2\/media\/13195"}],"wp:attachment":[{"href":"https:\/\/www.asajacyl.com\/palencia\/wp-json\/wp\/v2\/media?parent=14402"}],"wp:term":[{"taxonomy":"category","embeddable":true,"href":"https:\/\/www.asajacyl.com\/palencia\/wp-json\/wp\/v2\/categories?post=14402"},{"taxonomy":"post_tag","embeddable":true,"href":"https:\/\/www.asajacyl.com\/palencia\/wp-json\/wp\/v2\/tags?post=14402"}],"curies":[{"name":"wp","href":"https:\/\/api.w.org\/{rel}","templated":true}]}}