{"id":14427,"date":"2023-10-12T21:00:00","date_gmt":"2023-10-12T19:00:00","guid":{"rendered":"https:\/\/www.asajacyl.com\/palencia\/?p=14427"},"modified":"2023-10-11T13:08:52","modified_gmt":"2023-10-11T11:08:52","slug":"asaja-espera-muchas-solicitudes-de-incorporacion-al-sector-tras-dos-anos-sin-convocarse-ayudas","status":"publish","type":"post","link":"https:\/\/www.asajacyl.com\/palencia\/sin-categoria\/asaja-espera-muchas-solicitudes-de-incorporacion-al-sector-tras-dos-anos-sin-convocarse-ayudas","title":{"rendered":"ASAJA espera muchas solicitudes de incorporaci\u00f3n al sector tras dos a\u00f1os sin convocarse ayudas"},"content":{"rendered":"\n<h2 class=\"wp-block-heading\">Tras publicarse esta semana la <a href=\"https:\/\/www.asajacyl.com\/palencia\/wp-admin\/post.php?post=14425&amp;action=edit\" target=\"_blank\" rel=\"noreferrer noopener\">convocatoria de las ayudas para la mejora de las estructuras de producci\u00f3n y modernizaci\u00f3n de las explotaciones agrarias que incluyen las ayudas a j\u00f3venes agricultores<\/a>, fundamentales para garantizar el futuro del sector agroganadero de Castilla y Le\u00f3n, ASAJA prev\u00e9 que habr\u00e1 un importante n\u00famero de solicitudes, dado que han trascurrido casi dos a\u00f1os desde la \u00faltima convocatoria, en diciembre de 2021. Por otro lado, nuestra organizaci\u00f3n cree que la falta de tierra y pastos y las dificultades para acceder a financiaci\u00f3n obrar\u00e1n como factores limitantes para el relevo generacional, pese al inter\u00e9s de estas ayudas cuyo plazo de solicitud concluye el 29 de diciembre.<\/h2>\n\n\n\n<p>ASAJA-Castilla y Le\u00f3n es la entidad colaboradora de la Junta que tramita un mayor n\u00famero de estos expedientes, alrededor del 40% de las incorporaciones y tambi\u00e9n de los planes de mejora de explotaciones, que en parte est\u00e1n vinculados a esas incorporaciones y en otros casos a explotaciones ya establecidas.<\/p>\n\n\n\n<p>Estos planes fomentan la modernizaci\u00f3n y mejora de las explotaciones, y desde esta convocatoria contemplan espec\u00edficamente las inversiones productivas vinculadas a contribuir a la adaptaci\u00f3n al cambio clim\u00e1tico, al uso eficiente de recursos naturales y al bienestar animal.<\/p>\n\n\n\n<p><strong>TOPES INALCANZABLES. <\/strong>En estos casi dos a\u00f1os desde la \u00faltima convocatoria, cientos de j\u00f3venes han realizado el curso de incorporaci\u00f3n a la empresa agraria, requisito previo para probar la cualificaci\u00f3n necesaria y pedir las ayudas que ahora se convocan, y que tienen una cuant\u00eda importante, incrementada en la nueva PAC 2023-2027, aunque en todo caso es casi imposible alcanzar los topes m\u00e1ximos que anuncian las administraciones.<\/p>\n\n\n\n<p>ASAJA-Castilla y Le\u00f3n considera muy importantes estas ayudas, esenciales para el relevo generacional en el campo. Para nuestra organizaci\u00f3n, salvo en alg\u00fan territorio o situaciones espec\u00edficas, en los \u00faltimos a\u00f1os en Castilla Le\u00f3n se est\u00e1 consiguiendo un relevo no perfecto \u2014las explotaciones hoy son de mayor dimensi\u00f3n y el n\u00famero de titulares no puede ser el mismo\u2014, pero s\u00ed es un relevo suficiente, en la media en que se mantienen cifras similares de actividad agraria y caba\u00f1a ganadera, es decir, de producci\u00f3n de alimentos. <\/p>\n\n\n\n<p><strong>BAJA RENTABILIDAD. <\/strong>\u00abCuando se reducen estas cifras no es tanto por los efectivos como por las condiciones de baja rentabilidad a las que estamos sometidos\u00bb, se\u00f1ala Donaciano Dujo, presidente de ASAJA-Castilla y Le\u00f3n.<\/p>\n\n\n\n<p>En todo caso, tan importantes como estas ayudas son otros apoyos que reciben los j\u00f3venes para consolidar sus explotaciones como el acceso gratuito a los derechos de la reserva nacional, y el denominado \u2018pago joven\u2019, incluido en la PAC, que perciben durante cinco a\u00f1os.<\/p>\n\n\n\n<p>Para ASAJA no son s\u00f3lo las ayudas lo que frena la incorporaci\u00f3n de j\u00f3venes al sector, tambi\u00e9n hay otros problemas muy importantes y de dif\u00edcil soluci\u00f3n. El primer factor limitante es la falta de tierras libres y pastos. \u00ab0El joven o la joven que comienza tiene que entrar pr\u00e1cticamente d\u00e1ndose codazos con el resto. Muchas veces termina pagando precios desorbitados por rentas y tierras, lo que a la vez infla la burbuja de precios para todos, lo que es malo tanto para los que se incorporan como para los que ya est\u00e1n trabajando\u00bb, apunta Donaciano Dujo. <\/p>\n\n\n\n<p>A la falta de tierra, tampoco ayuda que haya agricultores y ganaderos que alarguen m\u00e1s de lo habitual su vida laboral. Y tampoco lo tienen f\u00e1cil los j\u00f3venes que, ante la imposibilidad de sumar hect\u00e1reas de tierras o pastos, apuestan por la ganader\u00eda intensiva, un modelo muy eficiente, pero tambi\u00e9n plagado de dificultades y presiones de todo tipo.<\/p>\n\n\n\n<p><strong>ELEVADAS INVERSIONES. <\/strong>El segundo problema para los que dan sus primeros pasos en el sector es que la inversi\u00f3n que precisan es muy superior a la ayuda que reciben, por lo que tienen que contar con la financiaci\u00f3n de los bancos, que no suelen confiar en los j\u00f3venes. Se les ofrece poco dinero, y caro, y se les exigen garant\u00edas, por lo que sin el apoyo familiar es pr\u00e1cticamente imposible conseguir cr\u00e9dito. En este punto, es importante destacar que la tasa de morosidad en el sector agrario es de las m\u00e1s bajas.<\/p>\n\n\n\n<p>Para cualquier duda, los interesados pueden acudir ya a las oficinas de ASAJA en Palencia, entidad colaboradora de la Junta de Castilla y Le\u00f3n para la tramitaci\u00f3n de ayudas al sector agroganadero. Recordemos que se acaban de convocar las ayudas de 2023 para la mejora de las estructuras de producci\u00f3n y modernizaci\u00f3n de las explotaciones agrarias, dotadas con un presupuesto total de 120 millones de euros, y que incluyen tres l\u00edneas de subvenci\u00f3n:<\/p>\n\n\n\n<ul>\n<li>Ayudas a inversiones productivas en explotaciones agrarias vinculadas a contribuir a la mitigaci\u00f3n-adaptaci\u00f3n al cambio clim\u00e1tico, uso eficiente de los recursos naturales y bienestar animal.<\/li>\n\n\n\n<li>Ayudas a inversiones en modernizaci\u00f3n o mejora de explotaciones agrarias.<\/li>\n\n\n\n<li>Establecimiento de personas j\u00f3venes agricultores.<strong>\/<\/strong><\/li>\n<\/ul>\n\n\n\n<p><\/p>\n\n\n\n<p><\/p>\n","protected":false},"excerpt":{"rendered":"<p>Tras publicarse esta semana la convocatoria de las ayudas para la mejora de las estructuras de producci\u00f3n y modernizaci\u00f3n de las explotaciones agrarias que incluyen las ayudas a j\u00f3venes agricultores, fundamentales para garantizar el futuro del sector agroganadero de Castilla y Le\u00f3n, ASAJA prev\u00e9 que habr\u00e1 un importante n\u00famero de solicitudes, dado que han trascurrido [&hellip;]<\/p>\n","protected":false},"author":9,"featured_media":14430,"comment_status":"open","ping_status":"open","sticky":false,"template":"","format":"standard","meta":{"footnotes":""},"categories":[9,28,1],"tags":[58,59,142,351,77,296,297,262,232,109],"yoast_head":"<!-- This site is optimized with the Yoast SEO plugin v24.5 - https:\/\/yoast.com\/wordpress\/plugins\/seo\/ -->\n<title>ASAJA espera muchas solicitudes de incorporaci\u00f3n al sector tras dos a\u00f1os sin convocarse ayudas - ASAJA Palencia<\/title>\n<meta name=\"description\" content=\"Tras publicarse esta semana la convocatoria de las ayudas para la mejora de las estructuras de producci\u00f3n y modernizaci\u00f3n de las explotaciones agrarias\" \/>\n<meta name=\"robots\" content=\"index, follow, max-snippet:-1, max-image-preview:large, max-video-preview:-1\" \/>\n<link rel=\"canonical\" href=\"https:\/\/www.asajacyl.com\/palencia\/sin-categoria\/asaja-espera-muchas-solicitudes-de-incorporacion-al-sector-tras-dos-anos-sin-convocarse-ayudas\" \/>\n<meta property=\"og:locale\" content=\"es_ES\" \/>\n<meta property=\"og:type\" content=\"article\" \/>\n<meta property=\"og:title\" content=\"ASAJA espera muchas solicitudes de incorporaci\u00f3n al sector tras dos a\u00f1os sin convocarse ayudas - ASAJA Palencia\" \/>\n<meta property=\"og:description\" content=\"Tras publicarse esta semana la convocatoria de las ayudas para la mejora de las estructuras de producci\u00f3n y modernizaci\u00f3n de las explotaciones agrarias\" \/>\n<meta property=\"og:url\" content=\"https:\/\/www.asajacyl.com\/palencia\/sin-categoria\/asaja-espera-muchas-solicitudes-de-incorporacion-al-sector-tras-dos-anos-sin-convocarse-ayudas\" \/>\n<meta property=\"og:site_name\" content=\"ASAJA Palencia\" \/>\n<meta property=\"article:published_time\" content=\"2023-10-12T19:00:00+00:00\" \/>\n<meta property=\"og:image\" content=\"https:\/\/www.asajacyl.com\/palencia\/wp-content\/uploads\/sites\/3\/2023\/10\/Joven-agricultor.jpg\" \/>\n\t<meta property=\"og:image:width\" content=\"1890\" \/>\n\t<meta property=\"og:image:height\" content=\"1654\" \/>\n\t<meta property=\"og:image:type\" content=\"image\/jpeg\" \/>\n<meta name=\"author\" content=\"Administrador\" \/>\n<meta name=\"twitter:card\" content=\"summary_large_image\" \/>\n<meta name=\"twitter:label1\" content=\"Escrito por\" \/>\n\t<meta name=\"twitter:data1\" content=\"Administrador\" \/>\n\t<meta name=\"twitter:label2\" content=\"Tiempo de lectura\" \/>\n\t<meta name=\"twitter:data2\" content=\"4 minutos\" \/>\n<script type=\"application\/ld+json\" class=\"yoast-schema-graph\">{\"@context\":\"https:\/\/schema.org\",\"@graph\":[{\"@type\":\"WebPage\",\"@id\":\"https:\/\/www.asajacyl.com\/palencia\/sin-categoria\/asaja-espera-muchas-solicitudes-de-incorporacion-al-sector-tras-dos-anos-sin-convocarse-ayudas\",\"url\":\"https:\/\/www.asajacyl.com\/palencia\/sin-categoria\/asaja-espera-muchas-solicitudes-de-incorporacion-al-sector-tras-dos-anos-sin-convocarse-ayudas\",\"name\":\"ASAJA espera muchas solicitudes de incorporaci\u00f3n al sector tras dos a\u00f1os sin convocarse ayudas - ASAJA Palencia\",\"isPartOf\":{\"@id\":\"https:\/\/www.asajacyl.com\/palencia\/#website\"},\"primaryImageOfPage\":{\"@id\":\"https:\/\/www.asajacyl.com\/palencia\/sin-categoria\/asaja-espera-muchas-solicitudes-de-incorporacion-al-sector-tras-dos-anos-sin-convocarse-ayudas#primaryimage\"},\"image\":{\"@id\":\"https:\/\/www.asajacyl.com\/palencia\/sin-categoria\/asaja-espera-muchas-solicitudes-de-incorporacion-al-sector-tras-dos-anos-sin-convocarse-ayudas#primaryimage\"},\"thumbnailUrl\":\"https:\/\/www.asajacyl.com\/palencia\/wp-content\/uploads\/sites\/3\/2023\/10\/Joven-agricultor.jpg\",\"datePublished\":\"2023-10-12T19:00:00+00:00\",\"author\":{\"@id\":\"https:\/\/www.asajacyl.com\/palencia\/#\/schema\/person\/3ab17aeb03527485c317557fae64aab1\"},\"description\":\"Tras publicarse esta semana la convocatoria de las ayudas para la mejora de las estructuras de producci\u00f3n y modernizaci\u00f3n de las explotaciones agrarias\",\"breadcrumb\":{\"@id\":\"https:\/\/www.asajacyl.com\/palencia\/sin-categoria\/asaja-espera-muchas-solicitudes-de-incorporacion-al-sector-tras-dos-anos-sin-convocarse-ayudas#breadcrumb\"},\"inLanguage\":\"es\",\"potentialAction\":[{\"@type\":\"ReadAction\",\"target\":[\"https:\/\/www.asajacyl.com\/palencia\/sin-categoria\/asaja-espera-muchas-solicitudes-de-incorporacion-al-sector-tras-dos-anos-sin-convocarse-ayudas\"]}]},{\"@type\":\"ImageObject\",\"inLanguage\":\"es\",\"@id\":\"https:\/\/www.asajacyl.com\/palencia\/sin-categoria\/asaja-espera-muchas-solicitudes-de-incorporacion-al-sector-tras-dos-anos-sin-convocarse-ayudas#primaryimage\",\"url\":\"https:\/\/www.asajacyl.com\/palencia\/wp-content\/uploads\/sites\/3\/2023\/10\/Joven-agricultor.jpg\",\"contentUrl\":\"https:\/\/www.asajacyl.com\/palencia\/wp-content\/uploads\/sites\/3\/2023\/10\/Joven-agricultor.jpg\",\"width\":1890,\"height\":1654},{\"@type\":\"BreadcrumbList\",\"@id\":\"https:\/\/www.asajacyl.com\/palencia\/sin-categoria\/asaja-espera-muchas-solicitudes-de-incorporacion-al-sector-tras-dos-anos-sin-convocarse-ayudas#breadcrumb\",\"itemListElement\":[{\"@type\":\"ListItem\",\"position\":1,\"name\":\"Portada\",\"item\":\"https:\/\/www.asajacyl.com\/palencia\/\"},{\"@type\":\"ListItem\",\"position\":2,\"name\":\"ASAJA espera muchas solicitudes de incorporaci\u00f3n al sector tras dos a\u00f1os sin convocarse ayudas\"}]},{\"@type\":\"WebSite\",\"@id\":\"https:\/\/www.asajacyl.com\/palencia\/#website\",\"url\":\"https:\/\/www.asajacyl.com\/palencia\/\",\"name\":\"ASAJA Palencia\",\"description\":\"Otro sitio m\u00e1s de Provincias ASAJA Castilla y Le\u00f3n\",\"potentialAction\":[{\"@type\":\"SearchAction\",\"target\":{\"@type\":\"EntryPoint\",\"urlTemplate\":\"https:\/\/www.asajacyl.com\/palencia\/?s={search_term_string}\"},\"query-input\":{\"@type\":\"PropertyValueSpecification\",\"valueRequired\":true,\"valueName\":\"search_term_string\"}}],\"inLanguage\":\"es\"},{\"@type\":\"Person\",\"@id\":\"https:\/\/www.asajacyl.com\/palencia\/#\/schema\/person\/3ab17aeb03527485c317557fae64aab1\",\"name\":\"Administrador\",\"image\":{\"@type\":\"ImageObject\",\"inLanguage\":\"es\",\"@id\":\"https:\/\/www.asajacyl.com\/palencia\/#\/schema\/person\/image\/\",\"url\":\"https:\/\/secure.gravatar.com\/avatar\/517384810d242ca9e38c180f3c9fb973?s=96&d=mm&r=g\",\"contentUrl\":\"https:\/\/secure.gravatar.com\/avatar\/517384810d242ca9e38c180f3c9fb973?s=96&d=mm&r=g\",\"caption\":\"Administrador\"},\"url\":\"https:\/\/www.asajacyl.com\/palencia\/author\/carlosrm\"}]}<\/script>\n<!-- \/ Yoast SEO plugin. -->","yoast_head_json":{"title":"ASAJA espera muchas solicitudes de incorporaci\u00f3n al sector tras dos a\u00f1os sin convocarse ayudas - ASAJA Palencia","description":"Tras publicarse esta semana la convocatoria de las ayudas para la mejora de las estructuras de producci\u00f3n y modernizaci\u00f3n de las explotaciones agrarias","robots":{"index":"index","follow":"follow","max-snippet":"max-snippet:-1","max-image-preview":"max-image-preview:large","max-video-preview":"max-video-preview:-1"},"canonical":"https:\/\/www.asajacyl.com\/palencia\/sin-categoria\/asaja-espera-muchas-solicitudes-de-incorporacion-al-sector-tras-dos-anos-sin-convocarse-ayudas","og_locale":"es_ES","og_type":"article","og_title":"ASAJA espera muchas solicitudes de incorporaci\u00f3n al sector tras dos a\u00f1os sin convocarse ayudas - ASAJA Palencia","og_description":"Tras publicarse esta semana la convocatoria de las ayudas para la mejora de las estructuras de producci\u00f3n y modernizaci\u00f3n de las explotaciones agrarias","og_url":"https:\/\/www.asajacyl.com\/palencia\/sin-categoria\/asaja-espera-muchas-solicitudes-de-incorporacion-al-sector-tras-dos-anos-sin-convocarse-ayudas","og_site_name":"ASAJA Palencia","article_published_time":"2023-10-12T19:00:00+00:00","og_image":[{"width":1890,"height":1654,"url":"https:\/\/www.asajacyl.com\/palencia\/wp-content\/uploads\/sites\/3\/2023\/10\/Joven-agricultor.jpg","type":"image\/jpeg"}],"author":"Administrador","twitter_card":"summary_large_image","twitter_misc":{"Escrito por":"Administrador","Tiempo de lectura":"4 minutos"},"schema":{"@context":"https:\/\/schema.org","@graph":[{"@type":"WebPage","@id":"https:\/\/www.asajacyl.com\/palencia\/sin-categoria\/asaja-espera-muchas-solicitudes-de-incorporacion-al-sector-tras-dos-anos-sin-convocarse-ayudas","url":"https:\/\/www.asajacyl.com\/palencia\/sin-categoria\/asaja-espera-muchas-solicitudes-de-incorporacion-al-sector-tras-dos-anos-sin-convocarse-ayudas","name":"ASAJA espera muchas solicitudes de incorporaci\u00f3n al sector tras dos a\u00f1os sin convocarse ayudas - ASAJA Palencia","isPartOf":{"@id":"https:\/\/www.asajacyl.com\/palencia\/#website"},"primaryImageOfPage":{"@id":"https:\/\/www.asajacyl.com\/palencia\/sin-categoria\/asaja-espera-muchas-solicitudes-de-incorporacion-al-sector-tras-dos-anos-sin-convocarse-ayudas#primaryimage"},"image":{"@id":"https:\/\/www.asajacyl.com\/palencia\/sin-categoria\/asaja-espera-muchas-solicitudes-de-incorporacion-al-sector-tras-dos-anos-sin-convocarse-ayudas#primaryimage"},"thumbnailUrl":"https:\/\/www.asajacyl.com\/palencia\/wp-content\/uploads\/sites\/3\/2023\/10\/Joven-agricultor.jpg","datePublished":"2023-10-12T19:00:00+00:00","author":{"@id":"https:\/\/www.asajacyl.com\/palencia\/#\/schema\/person\/3ab17aeb03527485c317557fae64aab1"},"description":"Tras publicarse esta semana la convocatoria de las ayudas para la mejora de las estructuras de producci\u00f3n y modernizaci\u00f3n de las explotaciones agrarias","breadcrumb":{"@id":"https:\/\/www.asajacyl.com\/palencia\/sin-categoria\/asaja-espera-muchas-solicitudes-de-incorporacion-al-sector-tras-dos-anos-sin-convocarse-ayudas#breadcrumb"},"inLanguage":"es","potentialAction":[{"@type":"ReadAction","target":["https:\/\/www.asajacyl.com\/palencia\/sin-categoria\/asaja-espera-muchas-solicitudes-de-incorporacion-al-sector-tras-dos-anos-sin-convocarse-ayudas"]}]},{"@type":"ImageObject","inLanguage":"es","@id":"https:\/\/www.asajacyl.com\/palencia\/sin-categoria\/asaja-espera-muchas-solicitudes-de-incorporacion-al-sector-tras-dos-anos-sin-convocarse-ayudas#primaryimage","url":"https:\/\/www.asajacyl.com\/palencia\/wp-content\/uploads\/sites\/3\/2023\/10\/Joven-agricultor.jpg","contentUrl":"https:\/\/www.asajacyl.com\/palencia\/wp-content\/uploads\/sites\/3\/2023\/10\/Joven-agricultor.jpg","width":1890,"height":1654},{"@type":"BreadcrumbList","@id":"https:\/\/www.asajacyl.com\/palencia\/sin-categoria\/asaja-espera-muchas-solicitudes-de-incorporacion-al-sector-tras-dos-anos-sin-convocarse-ayudas#breadcrumb","itemListElement":[{"@type":"ListItem","position":1,"name":"Portada","item":"https:\/\/www.asajacyl.com\/palencia\/"},{"@type":"ListItem","position":2,"name":"ASAJA espera muchas solicitudes de incorporaci\u00f3n al sector tras dos a\u00f1os sin convocarse ayudas"}]},{"@type":"WebSite","@id":"https:\/\/www.asajacyl.com\/palencia\/#website","url":"https:\/\/www.asajacyl.com\/palencia\/","name":"ASAJA Palencia","description":"Otro sitio m\u00e1s de Provincias ASAJA Castilla y Le\u00f3n","potentialAction":[{"@type":"SearchAction","target":{"@type":"EntryPoint","urlTemplate":"https:\/\/www.asajacyl.com\/palencia\/?s={search_term_string}"},"query-input":{"@type":"PropertyValueSpecification","valueRequired":true,"valueName":"search_term_string"}}],"inLanguage":"es"},{"@type":"Person","@id":"https:\/\/www.asajacyl.com\/palencia\/#\/schema\/person\/3ab17aeb03527485c317557fae64aab1","name":"Administrador","image":{"@type":"ImageObject","inLanguage":"es","@id":"https:\/\/www.asajacyl.com\/palencia\/#\/schema\/person\/image\/","url":"https:\/\/secure.gravatar.com\/avatar\/517384810d242ca9e38c180f3c9fb973?s=96&d=mm&r=g","contentUrl":"https:\/\/secure.gravatar.com\/avatar\/517384810d242ca9e38c180f3c9fb973?s=96&d=mm&r=g","caption":"Administrador"},"url":"https:\/\/www.asajacyl.com\/palencia\/author\/carlosrm"}]}},"_links":{"self":[{"href":"https:\/\/www.asajacyl.com\/palencia\/wp-json\/wp\/v2\/posts\/14427"}],"collection":[{"href":"https:\/\/www.asajacyl.com\/palencia\/wp-json\/wp\/v2\/posts"}],"about":[{"href":"https:\/\/www.asajacyl.com\/palencia\/wp-json\/wp\/v2\/types\/post"}],"author":[{"embeddable":true,"href":"https:\/\/www.asajacyl.com\/palencia\/wp-json\/wp\/v2\/users\/9"}],"replies":[{"embeddable":true,"href":"https:\/\/www.asajacyl.com\/palencia\/wp-json\/wp\/v2\/comments?post=14427"}],"version-history":[{"count":2,"href":"https:\/\/www.asajacyl.com\/palencia\/wp-json\/wp\/v2\/posts\/14427\/revisions"}],"predecessor-version":[{"id":14429,"href":"https:\/\/www.asajacyl.com\/palencia\/wp-json\/wp\/v2\/posts\/14427\/revisions\/14429"}],"wp:featuredmedia":[{"embeddable":true,"href":"https:\/\/www.asajacyl.com\/palencia\/wp-json\/wp\/v2\/media\/14430"}],"wp:attachment":[{"href":"https:\/\/www.asajacyl.com\/palencia\/wp-json\/wp\/v2\/media?parent=14427"}],"wp:term":[{"taxonomy":"category","embeddable":true,"href":"https:\/\/www.asajacyl.com\/palencia\/wp-json\/wp\/v2\/categories?post=14427"},{"taxonomy":"post_tag","embeddable":true,"href":"https:\/\/www.asajacyl.com\/palencia\/wp-json\/wp\/v2\/tags?post=14427"}],"curies":[{"name":"wp","href":"https:\/\/api.w.org\/{rel}","templated":true}]}}