{"id":14475,"date":"2023-10-19T12:33:10","date_gmt":"2023-10-19T10:33:10","guid":{"rendered":"https:\/\/www.asajacyl.com\/palencia\/?p=14475"},"modified":"2023-10-19T12:33:12","modified_gmt":"2023-10-19T10:33:12","slug":"el-ministerio-de-agricultura-aplica-las-flexibilizaciones-que-europa-permite-en-el-vinedo","status":"publish","type":"post","link":"https:\/\/www.asajacyl.com\/palencia\/asaja-palencia-informa\/el-ministerio-de-agricultura-aplica-las-flexibilizaciones-que-europa-permite-en-el-vinedo","title":{"rendered":"El Ministerio de Agricultura aplica las flexibilizaciones que Europa permite en el vi\u00f1edo"},"content":{"rendered":"\n<h2 class=\"wp-block-heading\">El Ministerio de Agricultura, Pesca y Alimentaci\u00f3n (MAPA) ha publicado el Real Decreto 785\/2023 de 17 de octubre que recoge, entre otros asuntos, determinadas excepcionalidades para el sector vitivin\u00edcola debido a la situaci\u00f3n de sequ\u00eda de la pasada primavera. Estas excepciones afectan a los viticultores titulares de autorizaciones de plantaci\u00f3n que expiran en 2023.<\/h2>\n\n\n\n<p>Las medidas adoptadas versan sobre la&nbsp;<strong>ampliaci\u00f3n en 12 meses<\/strong>, despu\u00e9s de su fecha de caducidad actual, de aquellas las autorizaciones concedidas que venzan o hayan vencido en 2023 (nuevas plantaciones, replantaci\u00f3n y conversi\u00f3n de derechos de plantaci\u00f3n).<\/p>\n\n\n\n<p>Por otro lado<strong>\u00a0se eliminan las sanciones administrativas<\/strong>\u00a0a titulares de nuevas plantaciones, replantaci\u00f3n o conversi\u00f3n de derechos de plantaci\u00f3n cuyas autorizaciones venzan o hayan vencido en 2023. <\/p>\n\n\n\n<p>Para ello deber\u00e1n\u00a0<strong>comunicar antes del 31 de diciembre de 2023<\/strong>\u00a0a la autoridad competente de la comunidad aut\u00f3noma que concedi\u00f3 la autorizaci\u00f3n, que no tienen intenci\u00f3n de hacer uso de la autorizaci\u00f3n y que no desean beneficiarse de la pr\u00f3rroga de su validez prevista en el Real Decreto 1338\/2018 de 29 de octubre por el que se regula el potencial de producci\u00f3n vit\u00edcola.<\/p>\n\n\n\n<p>En cuanto a la\u00a0<strong>justificaci\u00f3n del gasto y los plazos de ejecuci\u00f3n<\/strong>\u00a0<strong>de operaciones de reestructuraci\u00f3n y reconversi\u00f3n\u00a0 de vi\u00f1edos<\/strong>, se permite justificar un 3% del gasto en vez del 30% requerido para continuar con la ejecuci\u00f3n de estas operaciones siempre que se hayan iniciado antes del 15 de octubre de 2023. A tal fin, la nueva norma incluye esto con car\u00e1cter retroactivo. El plazo para su completa ejecuci\u00f3n y pago se extiende hasta el 15 de octubre de 2025. Esta excepci\u00f3n solo se aplicar\u00e1 a los viticultores titulares de autorizaciones de replantaci\u00f3n.<\/p>\n\n\n\n<p>El real decreto incluye tambi\u00e9n flexibilizaciones respecto al\u00a0<strong>sector hortofrut\u00edcola<\/strong>, donde se posibilita adaptar los programas operativos permitiendo mayores m\u00e1rgenes de maniobra y la realizaci\u00f3n de modificaciones. Entre estas medidas se incluye la solicitud de anticipos o pagos parciales y poder incrementar el porcentaje de ayuda general al 60% de los conceptos de gasto o inversiones realizadas. Tambi\u00e9n se ha previsto suspender los l\u00edmites m\u00e1ximos por medida o actuaci\u00f3n y permitir calcular el valor de la producci\u00f3n comercializada como media de los 5 periodos anteriores, eliminando el m\u00e1s alto y el m\u00e1s bajo en los casos en los que la reducci\u00f3n sea superior al 35%.<strong>\/<\/strong><\/p>\n","protected":false},"excerpt":{"rendered":"<p>El Ministerio de Agricultura, Pesca y Alimentaci\u00f3n (MAPA) ha publicado el Real Decreto 785\/2023 de 17 de octubre que recoge, entre otros asuntos, determinadas excepcionalidades para el sector vitivin\u00edcola debido a la situaci\u00f3n de sequ\u00eda de la pasada primavera. Estas excepciones afectan a los viticultores titulares de autorizaciones de plantaci\u00f3n que expiran en 2023. Las [&hellip;]<\/p>\n","protected":false},"author":9,"featured_media":6193,"comment_status":"open","ping_status":"open","sticky":false,"template":"","format":"standard","meta":{"footnotes":""},"categories":[9,31,29,28,13],"tags":[58,92,110,93,115,116,230],"yoast_head":"<!-- This site is optimized with the Yoast SEO plugin v24.5 - https:\/\/yoast.com\/wordpress\/plugins\/seo\/ -->\n<title>El Ministerio de Agricultura aplica las flexibilizaciones que Europa permite en el vi\u00f1edo - ASAJA Palencia<\/title>\n<meta name=\"description\" content=\"El Ministerio de Agricultura, Pesca y Alimentaci\u00f3n (MAPA) ha publicado el Real Decreto 785\/2023 de 17 de octubre que recoge, entre otros asuntos,\" \/>\n<meta name=\"robots\" content=\"index, follow, max-snippet:-1, max-image-preview:large, max-video-preview:-1\" \/>\n<link rel=\"canonical\" href=\"https:\/\/www.asajacyl.com\/palencia\/asaja-palencia-informa\/el-ministerio-de-agricultura-aplica-las-flexibilizaciones-que-europa-permite-en-el-vinedo\" \/>\n<meta property=\"og:locale\" content=\"es_ES\" \/>\n<meta property=\"og:type\" content=\"article\" \/>\n<meta property=\"og:title\" content=\"El Ministerio de Agricultura aplica las flexibilizaciones que Europa permite en el vi\u00f1edo - ASAJA Palencia\" \/>\n<meta property=\"og:description\" content=\"El Ministerio de Agricultura, Pesca y Alimentaci\u00f3n (MAPA) ha publicado el Real Decreto 785\/2023 de 17 de octubre que recoge, entre otros asuntos,\" \/>\n<meta property=\"og:url\" content=\"https:\/\/www.asajacyl.com\/palencia\/asaja-palencia-informa\/el-ministerio-de-agricultura-aplica-las-flexibilizaciones-que-europa-permite-en-el-vinedo\" \/>\n<meta property=\"og:site_name\" content=\"ASAJA Palencia\" \/>\n<meta property=\"article:published_time\" content=\"2023-10-19T10:33:10+00:00\" \/>\n<meta property=\"article:modified_time\" content=\"2023-10-19T10:33:12+00:00\" \/>\n<meta property=\"og:image\" content=\"https:\/\/www.asajacyl.com\/palencia\/wp-content\/uploads\/sites\/3\/2019\/05\/vi\u00f1\u00e9do.jpg\" \/>\n\t<meta property=\"og:image:width\" content=\"2500\" \/>\n\t<meta property=\"og:image:height\" content=\"1875\" \/>\n\t<meta property=\"og:image:type\" content=\"image\/jpeg\" \/>\n<meta name=\"author\" content=\"Administrador\" \/>\n<meta name=\"twitter:card\" content=\"summary_large_image\" \/>\n<meta name=\"twitter:label1\" content=\"Escrito por\" \/>\n\t<meta name=\"twitter:data1\" content=\"Administrador\" \/>\n\t<meta name=\"twitter:label2\" content=\"Tiempo de lectura\" \/>\n\t<meta name=\"twitter:data2\" content=\"2 minutos\" \/>\n<script type=\"application\/ld+json\" class=\"yoast-schema-graph\">{\"@context\":\"https:\/\/schema.org\",\"@graph\":[{\"@type\":\"WebPage\",\"@id\":\"https:\/\/www.asajacyl.com\/palencia\/asaja-palencia-informa\/el-ministerio-de-agricultura-aplica-las-flexibilizaciones-que-europa-permite-en-el-vinedo\",\"url\":\"https:\/\/www.asajacyl.com\/palencia\/asaja-palencia-informa\/el-ministerio-de-agricultura-aplica-las-flexibilizaciones-que-europa-permite-en-el-vinedo\",\"name\":\"El Ministerio de Agricultura aplica las flexibilizaciones que Europa permite en el vi\u00f1edo - ASAJA Palencia\",\"isPartOf\":{\"@id\":\"https:\/\/www.asajacyl.com\/palencia\/#website\"},\"primaryImageOfPage\":{\"@id\":\"https:\/\/www.asajacyl.com\/palencia\/asaja-palencia-informa\/el-ministerio-de-agricultura-aplica-las-flexibilizaciones-que-europa-permite-en-el-vinedo#primaryimage\"},\"image\":{\"@id\":\"https:\/\/www.asajacyl.com\/palencia\/asaja-palencia-informa\/el-ministerio-de-agricultura-aplica-las-flexibilizaciones-que-europa-permite-en-el-vinedo#primaryimage\"},\"thumbnailUrl\":\"https:\/\/www.asajacyl.com\/palencia\/wp-content\/uploads\/sites\/3\/2019\/05\/vi\u00f1\u00e9do.jpg\",\"datePublished\":\"2023-10-19T10:33:10+00:00\",\"dateModified\":\"2023-10-19T10:33:12+00:00\",\"author\":{\"@id\":\"https:\/\/www.asajacyl.com\/palencia\/#\/schema\/person\/3ab17aeb03527485c317557fae64aab1\"},\"description\":\"El Ministerio de Agricultura, Pesca y Alimentaci\u00f3n (MAPA) ha publicado el Real Decreto 785\/2023 de 17 de octubre que recoge, entre otros asuntos,\",\"breadcrumb\":{\"@id\":\"https:\/\/www.asajacyl.com\/palencia\/asaja-palencia-informa\/el-ministerio-de-agricultura-aplica-las-flexibilizaciones-que-europa-permite-en-el-vinedo#breadcrumb\"},\"inLanguage\":\"es\",\"potentialAction\":[{\"@type\":\"ReadAction\",\"target\":[\"https:\/\/www.asajacyl.com\/palencia\/asaja-palencia-informa\/el-ministerio-de-agricultura-aplica-las-flexibilizaciones-que-europa-permite-en-el-vinedo\"]}]},{\"@type\":\"ImageObject\",\"inLanguage\":\"es\",\"@id\":\"https:\/\/www.asajacyl.com\/palencia\/asaja-palencia-informa\/el-ministerio-de-agricultura-aplica-las-flexibilizaciones-que-europa-permite-en-el-vinedo#primaryimage\",\"url\":\"https:\/\/www.asajacyl.com\/palencia\/wp-content\/uploads\/sites\/3\/2019\/05\/vi\u00f1\u00e9do.jpg\",\"contentUrl\":\"https:\/\/www.asajacyl.com\/palencia\/wp-content\/uploads\/sites\/3\/2019\/05\/vi\u00f1\u00e9do.jpg\",\"width\":2500,\"height\":1875},{\"@type\":\"BreadcrumbList\",\"@id\":\"https:\/\/www.asajacyl.com\/palencia\/asaja-palencia-informa\/el-ministerio-de-agricultura-aplica-las-flexibilizaciones-que-europa-permite-en-el-vinedo#breadcrumb\",\"itemListElement\":[{\"@type\":\"ListItem\",\"position\":1,\"name\":\"Portada\",\"item\":\"https:\/\/www.asajacyl.com\/palencia\/\"},{\"@type\":\"ListItem\",\"position\":2,\"name\":\"El Ministerio de Agricultura aplica las flexibilizaciones que Europa permite en el vi\u00f1edo\"}]},{\"@type\":\"WebSite\",\"@id\":\"https:\/\/www.asajacyl.com\/palencia\/#website\",\"url\":\"https:\/\/www.asajacyl.com\/palencia\/\",\"name\":\"ASAJA Palencia\",\"description\":\"Otro sitio m\u00e1s de Provincias ASAJA Castilla y Le\u00f3n\",\"potentialAction\":[{\"@type\":\"SearchAction\",\"target\":{\"@type\":\"EntryPoint\",\"urlTemplate\":\"https:\/\/www.asajacyl.com\/palencia\/?s={search_term_string}\"},\"query-input\":{\"@type\":\"PropertyValueSpecification\",\"valueRequired\":true,\"valueName\":\"search_term_string\"}}],\"inLanguage\":\"es\"},{\"@type\":\"Person\",\"@id\":\"https:\/\/www.asajacyl.com\/palencia\/#\/schema\/person\/3ab17aeb03527485c317557fae64aab1\",\"name\":\"Administrador\",\"image\":{\"@type\":\"ImageObject\",\"inLanguage\":\"es\",\"@id\":\"https:\/\/www.asajacyl.com\/palencia\/#\/schema\/person\/image\/\",\"url\":\"https:\/\/secure.gravatar.com\/avatar\/517384810d242ca9e38c180f3c9fb973?s=96&d=mm&r=g\",\"contentUrl\":\"https:\/\/secure.gravatar.com\/avatar\/517384810d242ca9e38c180f3c9fb973?s=96&d=mm&r=g\",\"caption\":\"Administrador\"},\"url\":\"https:\/\/www.asajacyl.com\/palencia\/author\/carlosrm\"}]}<\/script>\n<!-- \/ Yoast SEO plugin. -->","yoast_head_json":{"title":"El Ministerio de Agricultura aplica las flexibilizaciones que Europa permite en el vi\u00f1edo - ASAJA Palencia","description":"El Ministerio de Agricultura, Pesca y Alimentaci\u00f3n (MAPA) ha publicado el Real Decreto 785\/2023 de 17 de octubre que recoge, entre otros asuntos,","robots":{"index":"index","follow":"follow","max-snippet":"max-snippet:-1","max-image-preview":"max-image-preview:large","max-video-preview":"max-video-preview:-1"},"canonical":"https:\/\/www.asajacyl.com\/palencia\/asaja-palencia-informa\/el-ministerio-de-agricultura-aplica-las-flexibilizaciones-que-europa-permite-en-el-vinedo","og_locale":"es_ES","og_type":"article","og_title":"El Ministerio de Agricultura aplica las flexibilizaciones que Europa permite en el vi\u00f1edo - ASAJA Palencia","og_description":"El Ministerio de Agricultura, Pesca y Alimentaci\u00f3n (MAPA) ha publicado el Real Decreto 785\/2023 de 17 de octubre que recoge, entre otros asuntos,","og_url":"https:\/\/www.asajacyl.com\/palencia\/asaja-palencia-informa\/el-ministerio-de-agricultura-aplica-las-flexibilizaciones-que-europa-permite-en-el-vinedo","og_site_name":"ASAJA Palencia","article_published_time":"2023-10-19T10:33:10+00:00","article_modified_time":"2023-10-19T10:33:12+00:00","og_image":[{"width":2500,"height":1875,"url":"https:\/\/www.asajacyl.com\/palencia\/wp-content\/uploads\/sites\/3\/2019\/05\/vi\u00f1\u00e9do.jpg","type":"image\/jpeg"}],"author":"Administrador","twitter_card":"summary_large_image","twitter_misc":{"Escrito por":"Administrador","Tiempo de lectura":"2 minutos"},"schema":{"@context":"https:\/\/schema.org","@graph":[{"@type":"WebPage","@id":"https:\/\/www.asajacyl.com\/palencia\/asaja-palencia-informa\/el-ministerio-de-agricultura-aplica-las-flexibilizaciones-que-europa-permite-en-el-vinedo","url":"https:\/\/www.asajacyl.com\/palencia\/asaja-palencia-informa\/el-ministerio-de-agricultura-aplica-las-flexibilizaciones-que-europa-permite-en-el-vinedo","name":"El Ministerio de Agricultura aplica las flexibilizaciones que Europa permite en el vi\u00f1edo - ASAJA Palencia","isPartOf":{"@id":"https:\/\/www.asajacyl.com\/palencia\/#website"},"primaryImageOfPage":{"@id":"https:\/\/www.asajacyl.com\/palencia\/asaja-palencia-informa\/el-ministerio-de-agricultura-aplica-las-flexibilizaciones-que-europa-permite-en-el-vinedo#primaryimage"},"image":{"@id":"https:\/\/www.asajacyl.com\/palencia\/asaja-palencia-informa\/el-ministerio-de-agricultura-aplica-las-flexibilizaciones-que-europa-permite-en-el-vinedo#primaryimage"},"thumbnailUrl":"https:\/\/www.asajacyl.com\/palencia\/wp-content\/uploads\/sites\/3\/2019\/05\/vi\u00f1\u00e9do.jpg","datePublished":"2023-10-19T10:33:10+00:00","dateModified":"2023-10-19T10:33:12+00:00","author":{"@id":"https:\/\/www.asajacyl.com\/palencia\/#\/schema\/person\/3ab17aeb03527485c317557fae64aab1"},"description":"El Ministerio de Agricultura, Pesca y Alimentaci\u00f3n (MAPA) ha publicado el Real Decreto 785\/2023 de 17 de octubre que recoge, entre otros asuntos,","breadcrumb":{"@id":"https:\/\/www.asajacyl.com\/palencia\/asaja-palencia-informa\/el-ministerio-de-agricultura-aplica-las-flexibilizaciones-que-europa-permite-en-el-vinedo#breadcrumb"},"inLanguage":"es","potentialAction":[{"@type":"ReadAction","target":["https:\/\/www.asajacyl.com\/palencia\/asaja-palencia-informa\/el-ministerio-de-agricultura-aplica-las-flexibilizaciones-que-europa-permite-en-el-vinedo"]}]},{"@type":"ImageObject","inLanguage":"es","@id":"https:\/\/www.asajacyl.com\/palencia\/asaja-palencia-informa\/el-ministerio-de-agricultura-aplica-las-flexibilizaciones-que-europa-permite-en-el-vinedo#primaryimage","url":"https:\/\/www.asajacyl.com\/palencia\/wp-content\/uploads\/sites\/3\/2019\/05\/vi\u00f1\u00e9do.jpg","contentUrl":"https:\/\/www.asajacyl.com\/palencia\/wp-content\/uploads\/sites\/3\/2019\/05\/vi\u00f1\u00e9do.jpg","width":2500,"height":1875},{"@type":"BreadcrumbList","@id":"https:\/\/www.asajacyl.com\/palencia\/asaja-palencia-informa\/el-ministerio-de-agricultura-aplica-las-flexibilizaciones-que-europa-permite-en-el-vinedo#breadcrumb","itemListElement":[{"@type":"ListItem","position":1,"name":"Portada","item":"https:\/\/www.asajacyl.com\/palencia\/"},{"@type":"ListItem","position":2,"name":"El Ministerio de Agricultura aplica las flexibilizaciones que Europa permite en el vi\u00f1edo"}]},{"@type":"WebSite","@id":"https:\/\/www.asajacyl.com\/palencia\/#website","url":"https:\/\/www.asajacyl.com\/palencia\/","name":"ASAJA Palencia","description":"Otro sitio m\u00e1s de Provincias ASAJA Castilla y Le\u00f3n","potentialAction":[{"@type":"SearchAction","target":{"@type":"EntryPoint","urlTemplate":"https:\/\/www.asajacyl.com\/palencia\/?s={search_term_string}"},"query-input":{"@type":"PropertyValueSpecification","valueRequired":true,"valueName":"search_term_string"}}],"inLanguage":"es"},{"@type":"Person","@id":"https:\/\/www.asajacyl.com\/palencia\/#\/schema\/person\/3ab17aeb03527485c317557fae64aab1","name":"Administrador","image":{"@type":"ImageObject","inLanguage":"es","@id":"https:\/\/www.asajacyl.com\/palencia\/#\/schema\/person\/image\/","url":"https:\/\/secure.gravatar.com\/avatar\/517384810d242ca9e38c180f3c9fb973?s=96&d=mm&r=g","contentUrl":"https:\/\/secure.gravatar.com\/avatar\/517384810d242ca9e38c180f3c9fb973?s=96&d=mm&r=g","caption":"Administrador"},"url":"https:\/\/www.asajacyl.com\/palencia\/author\/carlosrm"}]}},"_links":{"self":[{"href":"https:\/\/www.asajacyl.com\/palencia\/wp-json\/wp\/v2\/posts\/14475"}],"collection":[{"href":"https:\/\/www.asajacyl.com\/palencia\/wp-json\/wp\/v2\/posts"}],"about":[{"href":"https:\/\/www.asajacyl.com\/palencia\/wp-json\/wp\/v2\/types\/post"}],"author":[{"embeddable":true,"href":"https:\/\/www.asajacyl.com\/palencia\/wp-json\/wp\/v2\/users\/9"}],"replies":[{"embeddable":true,"href":"https:\/\/www.asajacyl.com\/palencia\/wp-json\/wp\/v2\/comments?post=14475"}],"version-history":[{"count":1,"href":"https:\/\/www.asajacyl.com\/palencia\/wp-json\/wp\/v2\/posts\/14475\/revisions"}],"predecessor-version":[{"id":14476,"href":"https:\/\/www.asajacyl.com\/palencia\/wp-json\/wp\/v2\/posts\/14475\/revisions\/14476"}],"wp:featuredmedia":[{"embeddable":true,"href":"https:\/\/www.asajacyl.com\/palencia\/wp-json\/wp\/v2\/media\/6193"}],"wp:attachment":[{"href":"https:\/\/www.asajacyl.com\/palencia\/wp-json\/wp\/v2\/media?parent=14475"}],"wp:term":[{"taxonomy":"category","embeddable":true,"href":"https:\/\/www.asajacyl.com\/palencia\/wp-json\/wp\/v2\/categories?post=14475"},{"taxonomy":"post_tag","embeddable":true,"href":"https:\/\/www.asajacyl.com\/palencia\/wp-json\/wp\/v2\/tags?post=14475"}],"curies":[{"name":"wp","href":"https:\/\/api.w.org\/{rel}","templated":true}]}}