{"id":14570,"date":"2023-10-31T12:39:34","date_gmt":"2023-10-31T11:39:34","guid":{"rendered":"https:\/\/www.asajacyl.com\/palencia\/?p=14570"},"modified":"2023-10-31T14:21:59","modified_gmt":"2023-10-31T13:21:59","slug":"la-junta-anuncia-ayudas-directas-a-la-ganaderia-afectada-por-la-enfermedad-hemorragica-epizootica","status":"publish","type":"post","link":"https:\/\/www.asajacyl.com\/palencia\/sin-categoria\/la-junta-anuncia-ayudas-directas-a-la-ganaderia-afectada-por-la-enfermedad-hemorragica-epizootica","title":{"rendered":"La Junta anuncia ayudas directas a la ganader\u00eda afectada por la enfermedad hemorr\u00e1gica epizo\u00f3tica"},"content":{"rendered":"\n<h2 class=\"wp-block-heading\">La Junta de Castilla y Le\u00f3n aprobar\u00e1 en el pr\u00f3ximo Consejo de Gobierno una l\u00ednea de ayudas para que los ganaderos afectados por la Enfermedad Hemorr\u00e1gica Epizo\u00f3tica (EHE) puedan reactivar cuanto antes su actividad productiva ante las p\u00e9rdidas causadas. La subvenci\u00f3n se destinar\u00e1 a explotaciones afectadas independientemente de que registren o no reses muertas. Habida cuenta de que consta a la administraci\u00f3n auton\u00f3mica la existencia de la EHE, cuya declaraci\u00f3n a los servicios veterinarios es obligatoria por parte del ganadero, la ayuda se tramitar\u00e1 de forma \u00e1gil, mediante una simple solicitud de su aceptaci\u00f3n, para que los afectados puedan recibirla en diciembre.<\/h2>\n\n\n\n<p>El anuncio de las ayudas se ha producido tras una reuni\u00f3n de m\u00e1s de dos horas que ha celebrado este lunes, 30 de junio, con representantes del sector ganadero de Castilla y Le\u00f3n el presidente de la Junta, Alfonso Fern\u00e1ndez Ma\u00f1ueco, junto al vicepresidente del Gobierno regional, Juan Garc\u00eda-Gallardo; al portavoz del Ejecutivo auton\u00f3mico, Carlos Fern\u00e1ndez Carriedo; y al consejero de Agricultura, Ganader\u00eda y Desarrollo Rural, Gerardo Due\u00f1as.<\/p>\n\n\n\n<p>La cuant\u00eda de la subvenci\u00f3n est\u00e1 a\u00fan por concretar, pero s\u00ed se conoce que el presupuesto estar\u00e1 por encima de los seis millones de euros, seg\u00fan declar\u00f3 el consejero de Agricultura. \u00abInicialmente hab\u00edamos planteado entre tres millones y cuatro millones y medio, que se han incrementado para estar por encima de los seis millones\u00bb, afirm\u00f3 Gerardo Due\u00f1as ante los medios de comunicaci\u00f3n tras la reuni\u00f3n.<\/p>\n\n\n\n<p>Lo que s\u00ed se ha fijado ya es que las ayudas har\u00e1n frente tanto a las p\u00e9rdidas ocasionadas por cabeza de ganado bovino dado de baja, como a las explotaciones donde se haya declarado la enfermedad, aunque no se hayan registrado reses muertas. De esta manera, se pretenden sufragar los costes de limpieza, desinfecci\u00f3n y desinsectaci\u00f3n.<\/p>\n\n\n\n<p><strong>VIRUS. <\/strong>La EHE surge por un virus que se transmite por mosquitos y afecta principalmente a la fauna silvestre (ciervos, corzos\u2026), hasta llegar al ganado bovino. El ganado ovino es susceptible de infecci\u00f3n, pero desarrolla poco la enfermedad cl\u00ednica, en tanto que el caprino es muy poco susceptible de infectarse, aunque no descartable del todo.&nbsp;<\/p>\n\n\n\n<p>La enfermedad no supone ning\u00fan riesgo para las personas ni para el consumo de los productos c\u00e1rnicos o l\u00e1cteos, pero s\u00ed ocasiona importantes p\u00e9rdidas en el ganado, no solo por el fallecimiento puntual de ejemplares, sino porque exige un manejo y tratamiento espec\u00edfico para los animales que requiere de mayores costes e implica p\u00e9rdidas productivas cuantiosas para la explotaci\u00f3n.<\/p>\n\n\n\n<p><strong>GRAVEDAD. <\/strong>El Gobierno auton\u00f3mico, que reconoce \u00abla grave situaci\u00f3n de esta epidemia\u00bb ha destacado la necesidad de ofrecer estas ayudas a un sector fundamental para la econom\u00eda de Castilla y Le\u00f3n, que adem\u00e1s, cuenta con el mayor n\u00famero de cabezas de bovino a nivel nacional. La Consejer\u00eda, de hecho, coincide con los ganaderos en atribuir a esta zoonosis el aumento en miles de reses muertas en la regi\u00f3n desde verano con respecto al mismo periodo del pasado a\u00f1o.<\/p>\n\n\n\n<p>ASAJA fue de las primeras entidades de Castilla y Le\u00f3n, si no la primera, en lamentar ya a primeros de agosto la falta de interlocuci\u00f3n y de capacidad de reacci\u00f3n tanto de la Consejer\u00eda como del Ministerio de Agricultura, Pesca y Alimentaci\u00f3n (MAPA) ante la eclosi\u00f3n de la EHE, que desde esas fechas empez\u00f3 a avanzar con rapidez por la comunidad. Ya desde la primera semana de ese mes empezaron las restricciones de movimiento en las provincias de \u00c1vila, Salamanca y Zamora, donde los ganaderos ya ven\u00edan asumiendo gastos preventivos en limpieza, desinfecci\u00f3n y desinsectaci\u00f3n de sus explotaciones y medios de transporte. Desde entonces, la EHE no ha hecho sino avanzar en la regi\u00f3n hasta que hace una semana se declar\u00f3 el primer caso en Palencia, \u00faltima provincia que quedaba sin episodios.<\/p>\n\n\n\n<p>Afortunadamente \u2014como no pod\u00eda ser menos, dado que el ganadero informa obligatoriamente de sus casos de EHE\u2014, la Junta prev\u00e9 una tramitaci\u00f3n de la concesi\u00f3n dise\u00f1ada para que los afectados cobren la ayuda lo antes posible y, de esta manera puedan, reactivar su actividad productiva. Seg\u00fan inform\u00f3 este lunes la administraci\u00f3n regional, \u00abno ser\u00e1 preciso que presenten ninguna justificaci\u00f3n, sino que simplemente deber\u00e1n rellenar la solicitud de aceptaci\u00f3n de la ayuda en un plazo de treinta d\u00edas desde que se anuncie en el Bocyl la lista de beneficiarios; lo que significa que podr\u00e1n cobrar las cuant\u00edas correspondientes a lo largo del mes de diciembre\u00bb.<strong>\/<\/strong><\/p>\n","protected":false},"excerpt":{"rendered":"<p>La Junta de Castilla y Le\u00f3n aprobar\u00e1 en el pr\u00f3ximo Consejo de Gobierno una l\u00ednea de ayudas para que los ganaderos afectados por la Enfermedad Hemorr\u00e1gica Epizo\u00f3tica (EHE) puedan reactivar cuanto antes su actividad productiva ante las p\u00e9rdidas causadas. La subvenci\u00f3n se destinar\u00e1 a explotaciones afectadas independientemente de que registren o no reses muertas. Habida [&hellip;]<\/p>\n","protected":false},"author":9,"featured_media":14572,"comment_status":"open","ping_status":"open","sticky":false,"template":"","format":"standard","meta":{"footnotes":""},"categories":[9,29,28,1],"tags":[59,142,426,425,330,77,66,110,365,168,144],"yoast_head":"<!-- This site is optimized with the Yoast SEO plugin v24.5 - https:\/\/yoast.com\/wordpress\/plugins\/seo\/ -->\n<title>La Junta anuncia ayudas directas a la ganader\u00eda afectada por la enfermedad hemorr\u00e1gica epizo\u00f3tica - ASAJA Palencia<\/title>\n<meta name=\"description\" content=\"La Junta de Castilla y Le\u00f3n aprobar\u00e1 en el pr\u00f3ximo Consejo de Gobierno una l\u00ednea de ayudas para que los ganaderos afectados por la Enfermedad Hemorr\u00e1gica\" \/>\n<meta name=\"robots\" content=\"index, follow, max-snippet:-1, max-image-preview:large, max-video-preview:-1\" \/>\n<link rel=\"canonical\" href=\"https:\/\/www.asajacyl.com\/palencia\/sin-categoria\/la-junta-anuncia-ayudas-directas-a-la-ganaderia-afectada-por-la-enfermedad-hemorragica-epizootica\" \/>\n<meta property=\"og:locale\" content=\"es_ES\" \/>\n<meta property=\"og:type\" content=\"article\" \/>\n<meta property=\"og:title\" content=\"La Junta anuncia ayudas directas a la ganader\u00eda afectada por la enfermedad hemorr\u00e1gica epizo\u00f3tica - ASAJA Palencia\" \/>\n<meta property=\"og:description\" content=\"La Junta de Castilla y Le\u00f3n aprobar\u00e1 en el pr\u00f3ximo Consejo de Gobierno una l\u00ednea de ayudas para que los ganaderos afectados por la Enfermedad Hemorr\u00e1gica\" \/>\n<meta property=\"og:url\" content=\"https:\/\/www.asajacyl.com\/palencia\/sin-categoria\/la-junta-anuncia-ayudas-directas-a-la-ganaderia-afectada-por-la-enfermedad-hemorragica-epizootica\" \/>\n<meta property=\"og:site_name\" content=\"ASAJA Palencia\" \/>\n<meta property=\"article:published_time\" content=\"2023-10-31T11:39:34+00:00\" \/>\n<meta property=\"article:modified_time\" content=\"2023-10-31T13:21:59+00:00\" \/>\n<meta property=\"og:image\" content=\"https:\/\/www.asajacyl.com\/palencia\/wp-content\/uploads\/sites\/3\/2023\/10\/Vacuno-extensivo.jpg\" \/>\n\t<meta property=\"og:image:width\" content=\"1890\" \/>\n\t<meta property=\"og:image:height\" content=\"1654\" \/>\n\t<meta property=\"og:image:type\" content=\"image\/jpeg\" \/>\n<meta name=\"author\" content=\"Administrador\" \/>\n<meta name=\"twitter:card\" content=\"summary_large_image\" \/>\n<meta name=\"twitter:label1\" content=\"Escrito por\" \/>\n\t<meta name=\"twitter:data1\" content=\"Administrador\" \/>\n\t<meta name=\"twitter:label2\" content=\"Tiempo de lectura\" \/>\n\t<meta name=\"twitter:data2\" content=\"4 minutos\" \/>\n<script type=\"application\/ld+json\" class=\"yoast-schema-graph\">{\"@context\":\"https:\/\/schema.org\",\"@graph\":[{\"@type\":\"WebPage\",\"@id\":\"https:\/\/www.asajacyl.com\/palencia\/sin-categoria\/la-junta-anuncia-ayudas-directas-a-la-ganaderia-afectada-por-la-enfermedad-hemorragica-epizootica\",\"url\":\"https:\/\/www.asajacyl.com\/palencia\/sin-categoria\/la-junta-anuncia-ayudas-directas-a-la-ganaderia-afectada-por-la-enfermedad-hemorragica-epizootica\",\"name\":\"La Junta anuncia ayudas directas a la ganader\u00eda afectada por la enfermedad hemorr\u00e1gica epizo\u00f3tica - ASAJA Palencia\",\"isPartOf\":{\"@id\":\"https:\/\/www.asajacyl.com\/palencia\/#website\"},\"primaryImageOfPage\":{\"@id\":\"https:\/\/www.asajacyl.com\/palencia\/sin-categoria\/la-junta-anuncia-ayudas-directas-a-la-ganaderia-afectada-por-la-enfermedad-hemorragica-epizootica#primaryimage\"},\"image\":{\"@id\":\"https:\/\/www.asajacyl.com\/palencia\/sin-categoria\/la-junta-anuncia-ayudas-directas-a-la-ganaderia-afectada-por-la-enfermedad-hemorragica-epizootica#primaryimage\"},\"thumbnailUrl\":\"https:\/\/www.asajacyl.com\/palencia\/wp-content\/uploads\/sites\/3\/2023\/10\/Vacuno-extensivo.jpg\",\"datePublished\":\"2023-10-31T11:39:34+00:00\",\"dateModified\":\"2023-10-31T13:21:59+00:00\",\"author\":{\"@id\":\"https:\/\/www.asajacyl.com\/palencia\/#\/schema\/person\/3ab17aeb03527485c317557fae64aab1\"},\"description\":\"La Junta de Castilla y Le\u00f3n aprobar\u00e1 en el pr\u00f3ximo Consejo de Gobierno una l\u00ednea de ayudas para que los ganaderos afectados por la Enfermedad Hemorr\u00e1gica\",\"breadcrumb\":{\"@id\":\"https:\/\/www.asajacyl.com\/palencia\/sin-categoria\/la-junta-anuncia-ayudas-directas-a-la-ganaderia-afectada-por-la-enfermedad-hemorragica-epizootica#breadcrumb\"},\"inLanguage\":\"es\",\"potentialAction\":[{\"@type\":\"ReadAction\",\"target\":[\"https:\/\/www.asajacyl.com\/palencia\/sin-categoria\/la-junta-anuncia-ayudas-directas-a-la-ganaderia-afectada-por-la-enfermedad-hemorragica-epizootica\"]}]},{\"@type\":\"ImageObject\",\"inLanguage\":\"es\",\"@id\":\"https:\/\/www.asajacyl.com\/palencia\/sin-categoria\/la-junta-anuncia-ayudas-directas-a-la-ganaderia-afectada-por-la-enfermedad-hemorragica-epizootica#primaryimage\",\"url\":\"https:\/\/www.asajacyl.com\/palencia\/wp-content\/uploads\/sites\/3\/2023\/10\/Vacuno-extensivo.jpg\",\"contentUrl\":\"https:\/\/www.asajacyl.com\/palencia\/wp-content\/uploads\/sites\/3\/2023\/10\/Vacuno-extensivo.jpg\",\"width\":1890,\"height\":1654},{\"@type\":\"BreadcrumbList\",\"@id\":\"https:\/\/www.asajacyl.com\/palencia\/sin-categoria\/la-junta-anuncia-ayudas-directas-a-la-ganaderia-afectada-por-la-enfermedad-hemorragica-epizootica#breadcrumb\",\"itemListElement\":[{\"@type\":\"ListItem\",\"position\":1,\"name\":\"Portada\",\"item\":\"https:\/\/www.asajacyl.com\/palencia\/\"},{\"@type\":\"ListItem\",\"position\":2,\"name\":\"La Junta anuncia ayudas directas a la ganader\u00eda afectada por la enfermedad hemorr\u00e1gica epizo\u00f3tica\"}]},{\"@type\":\"WebSite\",\"@id\":\"https:\/\/www.asajacyl.com\/palencia\/#website\",\"url\":\"https:\/\/www.asajacyl.com\/palencia\/\",\"name\":\"ASAJA Palencia\",\"description\":\"Otro sitio m\u00e1s de Provincias ASAJA Castilla y Le\u00f3n\",\"potentialAction\":[{\"@type\":\"SearchAction\",\"target\":{\"@type\":\"EntryPoint\",\"urlTemplate\":\"https:\/\/www.asajacyl.com\/palencia\/?s={search_term_string}\"},\"query-input\":{\"@type\":\"PropertyValueSpecification\",\"valueRequired\":true,\"valueName\":\"search_term_string\"}}],\"inLanguage\":\"es\"},{\"@type\":\"Person\",\"@id\":\"https:\/\/www.asajacyl.com\/palencia\/#\/schema\/person\/3ab17aeb03527485c317557fae64aab1\",\"name\":\"Administrador\",\"image\":{\"@type\":\"ImageObject\",\"inLanguage\":\"es\",\"@id\":\"https:\/\/www.asajacyl.com\/palencia\/#\/schema\/person\/image\/\",\"url\":\"https:\/\/secure.gravatar.com\/avatar\/517384810d242ca9e38c180f3c9fb973?s=96&d=mm&r=g\",\"contentUrl\":\"https:\/\/secure.gravatar.com\/avatar\/517384810d242ca9e38c180f3c9fb973?s=96&d=mm&r=g\",\"caption\":\"Administrador\"},\"url\":\"https:\/\/www.asajacyl.com\/palencia\/author\/carlosrm\"}]}<\/script>\n<!-- \/ Yoast SEO plugin. -->","yoast_head_json":{"title":"La Junta anuncia ayudas directas a la ganader\u00eda afectada por la enfermedad hemorr\u00e1gica epizo\u00f3tica - ASAJA Palencia","description":"La Junta de Castilla y Le\u00f3n aprobar\u00e1 en el pr\u00f3ximo Consejo de Gobierno una l\u00ednea de ayudas para que los ganaderos afectados por la Enfermedad Hemorr\u00e1gica","robots":{"index":"index","follow":"follow","max-snippet":"max-snippet:-1","max-image-preview":"max-image-preview:large","max-video-preview":"max-video-preview:-1"},"canonical":"https:\/\/www.asajacyl.com\/palencia\/sin-categoria\/la-junta-anuncia-ayudas-directas-a-la-ganaderia-afectada-por-la-enfermedad-hemorragica-epizootica","og_locale":"es_ES","og_type":"article","og_title":"La Junta anuncia ayudas directas a la ganader\u00eda afectada por la enfermedad hemorr\u00e1gica epizo\u00f3tica - ASAJA Palencia","og_description":"La Junta de Castilla y Le\u00f3n aprobar\u00e1 en el pr\u00f3ximo Consejo de Gobierno una l\u00ednea de ayudas para que los ganaderos afectados por la Enfermedad Hemorr\u00e1gica","og_url":"https:\/\/www.asajacyl.com\/palencia\/sin-categoria\/la-junta-anuncia-ayudas-directas-a-la-ganaderia-afectada-por-la-enfermedad-hemorragica-epizootica","og_site_name":"ASAJA Palencia","article_published_time":"2023-10-31T11:39:34+00:00","article_modified_time":"2023-10-31T13:21:59+00:00","og_image":[{"width":1890,"height":1654,"url":"https:\/\/www.asajacyl.com\/palencia\/wp-content\/uploads\/sites\/3\/2023\/10\/Vacuno-extensivo.jpg","type":"image\/jpeg"}],"author":"Administrador","twitter_card":"summary_large_image","twitter_misc":{"Escrito por":"Administrador","Tiempo de lectura":"4 minutos"},"schema":{"@context":"https:\/\/schema.org","@graph":[{"@type":"WebPage","@id":"https:\/\/www.asajacyl.com\/palencia\/sin-categoria\/la-junta-anuncia-ayudas-directas-a-la-ganaderia-afectada-por-la-enfermedad-hemorragica-epizootica","url":"https:\/\/www.asajacyl.com\/palencia\/sin-categoria\/la-junta-anuncia-ayudas-directas-a-la-ganaderia-afectada-por-la-enfermedad-hemorragica-epizootica","name":"La Junta anuncia ayudas directas a la ganader\u00eda afectada por la enfermedad hemorr\u00e1gica epizo\u00f3tica - ASAJA Palencia","isPartOf":{"@id":"https:\/\/www.asajacyl.com\/palencia\/#website"},"primaryImageOfPage":{"@id":"https:\/\/www.asajacyl.com\/palencia\/sin-categoria\/la-junta-anuncia-ayudas-directas-a-la-ganaderia-afectada-por-la-enfermedad-hemorragica-epizootica#primaryimage"},"image":{"@id":"https:\/\/www.asajacyl.com\/palencia\/sin-categoria\/la-junta-anuncia-ayudas-directas-a-la-ganaderia-afectada-por-la-enfermedad-hemorragica-epizootica#primaryimage"},"thumbnailUrl":"https:\/\/www.asajacyl.com\/palencia\/wp-content\/uploads\/sites\/3\/2023\/10\/Vacuno-extensivo.jpg","datePublished":"2023-10-31T11:39:34+00:00","dateModified":"2023-10-31T13:21:59+00:00","author":{"@id":"https:\/\/www.asajacyl.com\/palencia\/#\/schema\/person\/3ab17aeb03527485c317557fae64aab1"},"description":"La Junta de Castilla y Le\u00f3n aprobar\u00e1 en el pr\u00f3ximo Consejo de Gobierno una l\u00ednea de ayudas para que los ganaderos afectados por la Enfermedad Hemorr\u00e1gica","breadcrumb":{"@id":"https:\/\/www.asajacyl.com\/palencia\/sin-categoria\/la-junta-anuncia-ayudas-directas-a-la-ganaderia-afectada-por-la-enfermedad-hemorragica-epizootica#breadcrumb"},"inLanguage":"es","potentialAction":[{"@type":"ReadAction","target":["https:\/\/www.asajacyl.com\/palencia\/sin-categoria\/la-junta-anuncia-ayudas-directas-a-la-ganaderia-afectada-por-la-enfermedad-hemorragica-epizootica"]}]},{"@type":"ImageObject","inLanguage":"es","@id":"https:\/\/www.asajacyl.com\/palencia\/sin-categoria\/la-junta-anuncia-ayudas-directas-a-la-ganaderia-afectada-por-la-enfermedad-hemorragica-epizootica#primaryimage","url":"https:\/\/www.asajacyl.com\/palencia\/wp-content\/uploads\/sites\/3\/2023\/10\/Vacuno-extensivo.jpg","contentUrl":"https:\/\/www.asajacyl.com\/palencia\/wp-content\/uploads\/sites\/3\/2023\/10\/Vacuno-extensivo.jpg","width":1890,"height":1654},{"@type":"BreadcrumbList","@id":"https:\/\/www.asajacyl.com\/palencia\/sin-categoria\/la-junta-anuncia-ayudas-directas-a-la-ganaderia-afectada-por-la-enfermedad-hemorragica-epizootica#breadcrumb","itemListElement":[{"@type":"ListItem","position":1,"name":"Portada","item":"https:\/\/www.asajacyl.com\/palencia\/"},{"@type":"ListItem","position":2,"name":"La Junta anuncia ayudas directas a la ganader\u00eda afectada por la enfermedad hemorr\u00e1gica epizo\u00f3tica"}]},{"@type":"WebSite","@id":"https:\/\/www.asajacyl.com\/palencia\/#website","url":"https:\/\/www.asajacyl.com\/palencia\/","name":"ASAJA Palencia","description":"Otro sitio m\u00e1s de Provincias ASAJA Castilla y Le\u00f3n","potentialAction":[{"@type":"SearchAction","target":{"@type":"EntryPoint","urlTemplate":"https:\/\/www.asajacyl.com\/palencia\/?s={search_term_string}"},"query-input":{"@type":"PropertyValueSpecification","valueRequired":true,"valueName":"search_term_string"}}],"inLanguage":"es"},{"@type":"Person","@id":"https:\/\/www.asajacyl.com\/palencia\/#\/schema\/person\/3ab17aeb03527485c317557fae64aab1","name":"Administrador","image":{"@type":"ImageObject","inLanguage":"es","@id":"https:\/\/www.asajacyl.com\/palencia\/#\/schema\/person\/image\/","url":"https:\/\/secure.gravatar.com\/avatar\/517384810d242ca9e38c180f3c9fb973?s=96&d=mm&r=g","contentUrl":"https:\/\/secure.gravatar.com\/avatar\/517384810d242ca9e38c180f3c9fb973?s=96&d=mm&r=g","caption":"Administrador"},"url":"https:\/\/www.asajacyl.com\/palencia\/author\/carlosrm"}]}},"_links":{"self":[{"href":"https:\/\/www.asajacyl.com\/palencia\/wp-json\/wp\/v2\/posts\/14570"}],"collection":[{"href":"https:\/\/www.asajacyl.com\/palencia\/wp-json\/wp\/v2\/posts"}],"about":[{"href":"https:\/\/www.asajacyl.com\/palencia\/wp-json\/wp\/v2\/types\/post"}],"author":[{"embeddable":true,"href":"https:\/\/www.asajacyl.com\/palencia\/wp-json\/wp\/v2\/users\/9"}],"replies":[{"embeddable":true,"href":"https:\/\/www.asajacyl.com\/palencia\/wp-json\/wp\/v2\/comments?post=14570"}],"version-history":[{"count":2,"href":"https:\/\/www.asajacyl.com\/palencia\/wp-json\/wp\/v2\/posts\/14570\/revisions"}],"predecessor-version":[{"id":14579,"href":"https:\/\/www.asajacyl.com\/palencia\/wp-json\/wp\/v2\/posts\/14570\/revisions\/14579"}],"wp:featuredmedia":[{"embeddable":true,"href":"https:\/\/www.asajacyl.com\/palencia\/wp-json\/wp\/v2\/media\/14572"}],"wp:attachment":[{"href":"https:\/\/www.asajacyl.com\/palencia\/wp-json\/wp\/v2\/media?parent=14570"}],"wp:term":[{"taxonomy":"category","embeddable":true,"href":"https:\/\/www.asajacyl.com\/palencia\/wp-json\/wp\/v2\/categories?post=14570"},{"taxonomy":"post_tag","embeddable":true,"href":"https:\/\/www.asajacyl.com\/palencia\/wp-json\/wp\/v2\/tags?post=14570"}],"curies":[{"name":"wp","href":"https:\/\/api.w.org\/{rel}","templated":true}]}}