{"id":14615,"date":"2023-11-06T13:01:23","date_gmt":"2023-11-06T12:01:23","guid":{"rendered":"https:\/\/www.asajacyl.com\/palencia\/?p=14615"},"modified":"2023-11-06T13:01:25","modified_gmt":"2023-11-06T12:01:25","slug":"catadores-a-la-fuerza","status":"publish","type":"post","link":"https:\/\/www.asajacyl.com\/palencia\/asaja-palencia-informa\/catadores-a-la-fuerza","title":{"rendered":"Catadores a la fuerza"},"content":{"rendered":"\n<h2 class=\"wp-block-heading\">JOS\u00c9 LUIS MARCOS | Presidente de ASAJA-Palencia<\/h2>\n\n\n\n<p>Uno de nuestros asociados de ASAJA-Palencia me contaba recientemente que el ser humano, antes de inventar <strong>estos oficios de la agricultura y la ganader\u00eda que afortunadamente nos garantizan el alimento<\/strong>, ten\u00eda en cada tribu un catador de cosechas. Nuestra especie iba explorando qu\u00e9 frutos de la naturaleza pod\u00eda ingerir, pero cada descubrimiento se pagaba con el peaje de no pocos dolores e intoxicaciones por parte de ese miembro <em>privilegiado <\/em>del clan \u2014una especie de rey o de mago\u2014, con una supuesta aptitud para encajar mejor las pruebas, una capacidad que le permit\u00eda no padecer demasiado ni morir en el intento si aquello que com\u00eda no era apto para el consumo&#8230;<\/p>\n\n\n\n<p>M\u00e1s tarde, los poderosos buscaron c\u00f3mo desprenderse de la tarea y buscaron un animal, un prisionero o un esclavo para asumir los riesgos. Y todos tenemos en mente pel\u00edculas donde alg\u00fan personaje con mando, si sospechaba que pod\u00edan envenenarlo, no probaba bocado o sorbo alguno hasta que un siervo lo cataba antes.<\/p>\n\n\n\n<p>Cuento esto aqu\u00ed porque los profesionales del campo tenemos a menudo la sensaci\u00f3n de que <strong>ciertas esferas del poder actual nos han encasquetado ese papel de catadores<\/strong>, no de cosechas, sino <strong>de experimentos burocr\u00e1ticos y de normativas medioambientales<\/strong> de cuyos efectos reales saben poco o nada sus propios promotores.<\/p>\n\n\n\n<p><strong>ENSAYOS OBLIGATORIOS.<\/strong> Si el ser humano de tiempos remotos descubr\u00eda qu\u00e9 pod\u00eda comer a base de indigestar e indisponer al probador de turno, a los agricultores y los ganaderos de hoy nos toca el ingrato papel de ensayar en nuestras explotaciones toda clase de ocurrencias y de apetencias ideadas (vamos a pensar bien) para supuesto beneficio de las personas y para conservar el planeta.<\/p>\n\n\n\n<p>Pero a los profesionales del campo ya empieza a dolernos la barriga con tanto probar esto y aquello, con tanto requisito que sale de altos despachos, con tanto ensayar, en fin, medidas ocurrentes a ver si el pajarito tal y la mariposa cual se animan a instalarse en ese humedal o en aquella loma que linda con nuestras tierras.<\/p>\n\n\n\n<p>Para m\u00e1s inri, nosotros <strong>no podemos esquivar ese papel de catadores de cosechas y experimentos que nos adjudican pol\u00edticos y bur\u00f3cratas<\/strong>, ni derivar la tarea a un tercero. Salvo que renunciemos a unas ayudas indispensables para la rentabilidad de la explotaci\u00f3n, nos toca pasar por el aro y, a la fuerza, convertirnos en el mago rural o el rey campestre con capacidad para resistir esas ideas, esos programas, esos esquemas, tanto da si son luminosos como venenosos para nuestro sector. Y, ya digo, nos duele la barriga.<\/p>\n\n\n\n<p><strong>LLAMATIVOS CONTRASTES. <\/strong>Terminaremos con unos datos para la reflexi\u00f3n. En torno al 86% de las hect\u00e1reas de la PAC de este a\u00f1o en Espa\u00f1a se han acogido a uno de los llamados ecorreg\u00edmenes, que incluyen pr\u00e1cticas m\u00e1s o menos contrastadas, pero tambi\u00e9n <em>frutillos <\/em>raros que alguno halla en esa selva ideol\u00f3gica del buenismo ecologista\u2026 y que ofrece a ver qu\u00e9 pasa. <\/p>\n\n\n\n<p>Esos ecoesquemas sustitutos del llamado \u00abpago verde\u00bb, recompensan, supuestamente, una agroganader\u00eda que beneficia m\u00e1s al clima y al medio ambiente. Pues bien, si en nuestra comunidad aut\u00f3noma, Castilla y Le\u00f3n, el porcentaje de hect\u00e1reas acogidas a alg\u00fan ecorreg\u00edmen llega al 95% (es decir, casi toda la superficie), en otras regiones del pa\u00eds s\u00f3lo ronda el 40%. <\/p>\n\n\n\n<p>As\u00ed que<strong> uno se pregunta si es que en esta tierra estamos trabajando para mejorar el clima y el medio ambiente de todos, o es que aqu\u00ed nos toca probar lo que otros no quieren<\/strong>\u2026 y eso explicar\u00eda el dolor de tripas y del alma que padecen nuestros profesionales del campo.<\/p>\n\n\n\n<blockquote class=\"wp-block-quote is-layout-flow wp-block-quote-is-layout-flow\">\n<p><strong>\u00abSalvo que renunciemos a unas ayudas indispensables para la rentabilidad de nuestras explotaciones, nos toca probar ocurrencias de pol\u00edticos y bur\u00f3cratas\u00bb<\/strong><\/p>\n<\/blockquote>\n","protected":false},"excerpt":{"rendered":"<p>JOS\u00c9 LUIS MARCOS | Presidente de ASAJA-Palencia Uno de nuestros asociados de ASAJA-Palencia me contaba recientemente que el ser humano, antes de inventar estos oficios de la agricultura y la ganader\u00eda que afortunadamente nos garantizan el alimento, ten\u00eda en cada tribu un catador de cosechas. Nuestra especie iba explorando qu\u00e9 frutos de la naturaleza pod\u00eda [&hellip;]<\/p>\n","protected":false},"author":9,"featured_media":13851,"comment_status":"open","ping_status":"open","sticky":false,"template":"","format":"standard","meta":{"footnotes":""},"categories":[9,29,30,28],"tags":[58,351,250,77,104,507],"yoast_head":"<!-- This site is optimized with the Yoast SEO plugin v24.5 - https:\/\/yoast.com\/wordpress\/plugins\/seo\/ -->\n<title>Catadores a la fuerza - ASAJA Palencia<\/title>\n<meta name=\"description\" content=\"JOS\u00c9 LUIS MARCOS | Presidente de ASAJA-Palencia Uno de nuestros asociados de ASAJA-Palencia me contaba recientemente que el ser humano, antes de inventar\" \/>\n<meta name=\"robots\" content=\"index, follow, max-snippet:-1, max-image-preview:large, max-video-preview:-1\" \/>\n<link rel=\"canonical\" href=\"https:\/\/www.asajacyl.com\/palencia\/asaja-palencia-informa\/catadores-a-la-fuerza\" \/>\n<meta property=\"og:locale\" content=\"es_ES\" \/>\n<meta property=\"og:type\" content=\"article\" \/>\n<meta property=\"og:title\" content=\"Catadores a la fuerza - ASAJA Palencia\" \/>\n<meta property=\"og:description\" content=\"JOS\u00c9 LUIS MARCOS | Presidente de ASAJA-Palencia Uno de nuestros asociados de ASAJA-Palencia me contaba recientemente que el ser humano, antes de inventar\" \/>\n<meta property=\"og:url\" content=\"https:\/\/www.asajacyl.com\/palencia\/asaja-palencia-informa\/catadores-a-la-fuerza\" \/>\n<meta property=\"og:site_name\" content=\"ASAJA Palencia\" \/>\n<meta property=\"article:published_time\" content=\"2023-11-06T12:01:23+00:00\" \/>\n<meta property=\"article:modified_time\" content=\"2023-11-06T12:01:25+00:00\" \/>\n<meta property=\"og:image\" content=\"https:\/\/www.asajacyl.com\/palencia\/wp-content\/uploads\/sites\/3\/2023\/07\/Jose-Luis-Marcos-web-1024x896.jpg\" \/>\n\t<meta property=\"og:image:width\" content=\"1024\" \/>\n\t<meta property=\"og:image:height\" content=\"896\" \/>\n\t<meta property=\"og:image:type\" content=\"image\/jpeg\" \/>\n<meta name=\"author\" content=\"Administrador\" \/>\n<meta name=\"twitter:card\" content=\"summary_large_image\" \/>\n<meta name=\"twitter:label1\" content=\"Escrito por\" \/>\n\t<meta name=\"twitter:data1\" content=\"Administrador\" \/>\n\t<meta name=\"twitter:label2\" content=\"Tiempo de lectura\" \/>\n\t<meta name=\"twitter:data2\" content=\"3 minutos\" \/>\n<script type=\"application\/ld+json\" class=\"yoast-schema-graph\">{\"@context\":\"https:\/\/schema.org\",\"@graph\":[{\"@type\":\"WebPage\",\"@id\":\"https:\/\/www.asajacyl.com\/palencia\/asaja-palencia-informa\/catadores-a-la-fuerza\",\"url\":\"https:\/\/www.asajacyl.com\/palencia\/asaja-palencia-informa\/catadores-a-la-fuerza\",\"name\":\"Catadores a la fuerza - ASAJA Palencia\",\"isPartOf\":{\"@id\":\"https:\/\/www.asajacyl.com\/palencia\/#website\"},\"primaryImageOfPage\":{\"@id\":\"https:\/\/www.asajacyl.com\/palencia\/asaja-palencia-informa\/catadores-a-la-fuerza#primaryimage\"},\"image\":{\"@id\":\"https:\/\/www.asajacyl.com\/palencia\/asaja-palencia-informa\/catadores-a-la-fuerza#primaryimage\"},\"thumbnailUrl\":\"https:\/\/www.asajacyl.com\/palencia\/wp-content\/uploads\/sites\/3\/2023\/07\/Jose-Luis-Marcos-web.jpg\",\"datePublished\":\"2023-11-06T12:01:23+00:00\",\"dateModified\":\"2023-11-06T12:01:25+00:00\",\"author\":{\"@id\":\"https:\/\/www.asajacyl.com\/palencia\/#\/schema\/person\/3ab17aeb03527485c317557fae64aab1\"},\"description\":\"JOS\u00c9 LUIS MARCOS | Presidente de ASAJA-Palencia Uno de nuestros asociados de ASAJA-Palencia me contaba recientemente que el ser humano, antes de inventar\",\"breadcrumb\":{\"@id\":\"https:\/\/www.asajacyl.com\/palencia\/asaja-palencia-informa\/catadores-a-la-fuerza#breadcrumb\"},\"inLanguage\":\"es\",\"potentialAction\":[{\"@type\":\"ReadAction\",\"target\":[\"https:\/\/www.asajacyl.com\/palencia\/asaja-palencia-informa\/catadores-a-la-fuerza\"]}]},{\"@type\":\"ImageObject\",\"inLanguage\":\"es\",\"@id\":\"https:\/\/www.asajacyl.com\/palencia\/asaja-palencia-informa\/catadores-a-la-fuerza#primaryimage\",\"url\":\"https:\/\/www.asajacyl.com\/palencia\/wp-content\/uploads\/sites\/3\/2023\/07\/Jose-Luis-Marcos-web.jpg\",\"contentUrl\":\"https:\/\/www.asajacyl.com\/palencia\/wp-content\/uploads\/sites\/3\/2023\/07\/Jose-Luis-Marcos-web.jpg\",\"width\":1890,\"height\":1654},{\"@type\":\"BreadcrumbList\",\"@id\":\"https:\/\/www.asajacyl.com\/palencia\/asaja-palencia-informa\/catadores-a-la-fuerza#breadcrumb\",\"itemListElement\":[{\"@type\":\"ListItem\",\"position\":1,\"name\":\"Portada\",\"item\":\"https:\/\/www.asajacyl.com\/palencia\/\"},{\"@type\":\"ListItem\",\"position\":2,\"name\":\"Catadores a la fuerza\"}]},{\"@type\":\"WebSite\",\"@id\":\"https:\/\/www.asajacyl.com\/palencia\/#website\",\"url\":\"https:\/\/www.asajacyl.com\/palencia\/\",\"name\":\"ASAJA Palencia\",\"description\":\"Otro sitio m\u00e1s de Provincias ASAJA Castilla y Le\u00f3n\",\"potentialAction\":[{\"@type\":\"SearchAction\",\"target\":{\"@type\":\"EntryPoint\",\"urlTemplate\":\"https:\/\/www.asajacyl.com\/palencia\/?s={search_term_string}\"},\"query-input\":{\"@type\":\"PropertyValueSpecification\",\"valueRequired\":true,\"valueName\":\"search_term_string\"}}],\"inLanguage\":\"es\"},{\"@type\":\"Person\",\"@id\":\"https:\/\/www.asajacyl.com\/palencia\/#\/schema\/person\/3ab17aeb03527485c317557fae64aab1\",\"name\":\"Administrador\",\"image\":{\"@type\":\"ImageObject\",\"inLanguage\":\"es\",\"@id\":\"https:\/\/www.asajacyl.com\/palencia\/#\/schema\/person\/image\/\",\"url\":\"https:\/\/secure.gravatar.com\/avatar\/517384810d242ca9e38c180f3c9fb973?s=96&d=mm&r=g\",\"contentUrl\":\"https:\/\/secure.gravatar.com\/avatar\/517384810d242ca9e38c180f3c9fb973?s=96&d=mm&r=g\",\"caption\":\"Administrador\"},\"url\":\"https:\/\/www.asajacyl.com\/palencia\/author\/carlosrm\"}]}<\/script>\n<!-- \/ Yoast SEO plugin. -->","yoast_head_json":{"title":"Catadores a la fuerza - ASAJA Palencia","description":"JOS\u00c9 LUIS MARCOS | Presidente de ASAJA-Palencia Uno de nuestros asociados de ASAJA-Palencia me contaba recientemente que el ser humano, antes de inventar","robots":{"index":"index","follow":"follow","max-snippet":"max-snippet:-1","max-image-preview":"max-image-preview:large","max-video-preview":"max-video-preview:-1"},"canonical":"https:\/\/www.asajacyl.com\/palencia\/asaja-palencia-informa\/catadores-a-la-fuerza","og_locale":"es_ES","og_type":"article","og_title":"Catadores a la fuerza - ASAJA Palencia","og_description":"JOS\u00c9 LUIS MARCOS | Presidente de ASAJA-Palencia Uno de nuestros asociados de ASAJA-Palencia me contaba recientemente que el ser humano, antes de inventar","og_url":"https:\/\/www.asajacyl.com\/palencia\/asaja-palencia-informa\/catadores-a-la-fuerza","og_site_name":"ASAJA Palencia","article_published_time":"2023-11-06T12:01:23+00:00","article_modified_time":"2023-11-06T12:01:25+00:00","og_image":[{"width":1024,"height":896,"url":"https:\/\/www.asajacyl.com\/palencia\/wp-content\/uploads\/sites\/3\/2023\/07\/Jose-Luis-Marcos-web-1024x896.jpg","type":"image\/jpeg"}],"author":"Administrador","twitter_card":"summary_large_image","twitter_misc":{"Escrito por":"Administrador","Tiempo de lectura":"3 minutos"},"schema":{"@context":"https:\/\/schema.org","@graph":[{"@type":"WebPage","@id":"https:\/\/www.asajacyl.com\/palencia\/asaja-palencia-informa\/catadores-a-la-fuerza","url":"https:\/\/www.asajacyl.com\/palencia\/asaja-palencia-informa\/catadores-a-la-fuerza","name":"Catadores a la fuerza - ASAJA Palencia","isPartOf":{"@id":"https:\/\/www.asajacyl.com\/palencia\/#website"},"primaryImageOfPage":{"@id":"https:\/\/www.asajacyl.com\/palencia\/asaja-palencia-informa\/catadores-a-la-fuerza#primaryimage"},"image":{"@id":"https:\/\/www.asajacyl.com\/palencia\/asaja-palencia-informa\/catadores-a-la-fuerza#primaryimage"},"thumbnailUrl":"https:\/\/www.asajacyl.com\/palencia\/wp-content\/uploads\/sites\/3\/2023\/07\/Jose-Luis-Marcos-web.jpg","datePublished":"2023-11-06T12:01:23+00:00","dateModified":"2023-11-06T12:01:25+00:00","author":{"@id":"https:\/\/www.asajacyl.com\/palencia\/#\/schema\/person\/3ab17aeb03527485c317557fae64aab1"},"description":"JOS\u00c9 LUIS MARCOS | Presidente de ASAJA-Palencia Uno de nuestros asociados de ASAJA-Palencia me contaba recientemente que el ser humano, antes de inventar","breadcrumb":{"@id":"https:\/\/www.asajacyl.com\/palencia\/asaja-palencia-informa\/catadores-a-la-fuerza#breadcrumb"},"inLanguage":"es","potentialAction":[{"@type":"ReadAction","target":["https:\/\/www.asajacyl.com\/palencia\/asaja-palencia-informa\/catadores-a-la-fuerza"]}]},{"@type":"ImageObject","inLanguage":"es","@id":"https:\/\/www.asajacyl.com\/palencia\/asaja-palencia-informa\/catadores-a-la-fuerza#primaryimage","url":"https:\/\/www.asajacyl.com\/palencia\/wp-content\/uploads\/sites\/3\/2023\/07\/Jose-Luis-Marcos-web.jpg","contentUrl":"https:\/\/www.asajacyl.com\/palencia\/wp-content\/uploads\/sites\/3\/2023\/07\/Jose-Luis-Marcos-web.jpg","width":1890,"height":1654},{"@type":"BreadcrumbList","@id":"https:\/\/www.asajacyl.com\/palencia\/asaja-palencia-informa\/catadores-a-la-fuerza#breadcrumb","itemListElement":[{"@type":"ListItem","position":1,"name":"Portada","item":"https:\/\/www.asajacyl.com\/palencia\/"},{"@type":"ListItem","position":2,"name":"Catadores a la fuerza"}]},{"@type":"WebSite","@id":"https:\/\/www.asajacyl.com\/palencia\/#website","url":"https:\/\/www.asajacyl.com\/palencia\/","name":"ASAJA Palencia","description":"Otro sitio m\u00e1s de Provincias ASAJA Castilla y Le\u00f3n","potentialAction":[{"@type":"SearchAction","target":{"@type":"EntryPoint","urlTemplate":"https:\/\/www.asajacyl.com\/palencia\/?s={search_term_string}"},"query-input":{"@type":"PropertyValueSpecification","valueRequired":true,"valueName":"search_term_string"}}],"inLanguage":"es"},{"@type":"Person","@id":"https:\/\/www.asajacyl.com\/palencia\/#\/schema\/person\/3ab17aeb03527485c317557fae64aab1","name":"Administrador","image":{"@type":"ImageObject","inLanguage":"es","@id":"https:\/\/www.asajacyl.com\/palencia\/#\/schema\/person\/image\/","url":"https:\/\/secure.gravatar.com\/avatar\/517384810d242ca9e38c180f3c9fb973?s=96&d=mm&r=g","contentUrl":"https:\/\/secure.gravatar.com\/avatar\/517384810d242ca9e38c180f3c9fb973?s=96&d=mm&r=g","caption":"Administrador"},"url":"https:\/\/www.asajacyl.com\/palencia\/author\/carlosrm"}]}},"_links":{"self":[{"href":"https:\/\/www.asajacyl.com\/palencia\/wp-json\/wp\/v2\/posts\/14615"}],"collection":[{"href":"https:\/\/www.asajacyl.com\/palencia\/wp-json\/wp\/v2\/posts"}],"about":[{"href":"https:\/\/www.asajacyl.com\/palencia\/wp-json\/wp\/v2\/types\/post"}],"author":[{"embeddable":true,"href":"https:\/\/www.asajacyl.com\/palencia\/wp-json\/wp\/v2\/users\/9"}],"replies":[{"embeddable":true,"href":"https:\/\/www.asajacyl.com\/palencia\/wp-json\/wp\/v2\/comments?post=14615"}],"version-history":[{"count":1,"href":"https:\/\/www.asajacyl.com\/palencia\/wp-json\/wp\/v2\/posts\/14615\/revisions"}],"predecessor-version":[{"id":14618,"href":"https:\/\/www.asajacyl.com\/palencia\/wp-json\/wp\/v2\/posts\/14615\/revisions\/14618"}],"wp:featuredmedia":[{"embeddable":true,"href":"https:\/\/www.asajacyl.com\/palencia\/wp-json\/wp\/v2\/media\/13851"}],"wp:attachment":[{"href":"https:\/\/www.asajacyl.com\/palencia\/wp-json\/wp\/v2\/media?parent=14615"}],"wp:term":[{"taxonomy":"category","embeddable":true,"href":"https:\/\/www.asajacyl.com\/palencia\/wp-json\/wp\/v2\/categories?post=14615"},{"taxonomy":"post_tag","embeddable":true,"href":"https:\/\/www.asajacyl.com\/palencia\/wp-json\/wp\/v2\/tags?post=14615"}],"curies":[{"name":"wp","href":"https:\/\/api.w.org\/{rel}","templated":true}]}}