{"id":14646,"date":"2023-11-09T09:51:48","date_gmt":"2023-11-09T08:51:48","guid":{"rendered":"https:\/\/www.asajacyl.com\/palencia\/?p=14646"},"modified":"2023-11-08T10:09:22","modified_gmt":"2023-11-08T09:09:22","slug":"se-abre-un-profundo-debate-sobre-el-seguro-agrario-y-pecuario","status":"publish","type":"post","link":"https:\/\/www.asajacyl.com\/palencia\/asaja-palencia-informa\/se-abre-un-profundo-debate-sobre-el-seguro-agrario-y-pecuario","title":{"rendered":"Se abre un profundo debate sobre el seguro agrario y pecuario"},"content":{"rendered":"\n<h2 class=\"wp-block-heading\">JOS\u00c9 ANTONIO TURRADO | Secretario general de ASAJA-Castilla y Le\u00f3n<\/h2>\n\n\n\n<p>En los pr\u00f3ximos a\u00f1os, uno de los debates m\u00e1s importantes en materia de pol\u00edtica agraria dentro de nuestro pa\u00eds va a ser el que tenga que ver con <strong>la viabilidad de nuestro sistema de seguros agrarios<\/strong>. <\/p>\n\n\n\n<p>El debate en el sistema del seguro agrario no se ha cerrado nunca desde que se pusiera en marcha a principios de los a\u00f1os ochenta del pasado siglo, pues las compa\u00f1\u00edas siempre han querido ganar m\u00e1s dinero, el Estado financiar con los menores recursos posibles, las comunidades aut\u00f3nomas ponerse de perfil como si esto no fuera con ellas, y los agricultores y ganaderos, adem\u00e1s de tener mayores coberturas con menores primas, no dejarse enga\u00f1ar por los peritos o poder enga\u00f1arlos a ellos. <\/p>\n\n\n\n<p>Adem\u00e1s, a lo largo de los a\u00f1os se han ido incorporando nuevos cultivos o producciones ganaderas, se incorpor\u00f3 en su d\u00eda el seguro de recogida de cad\u00e1ver para responder a un problema sanitario como fue la enfermedad de las \u2018vacas locas\u2019, e incluso se han ideado l\u00edneas que no han tenido aceptaci\u00f3n alguna y que con el tiempo se han desechado.<\/p>\n\n\n\n<p>En medio de este <strong>permanente debate<\/strong>, afrontamos la actual campa\u00f1a del seguro agrario <strong>para la cosecha 2023-2024 con un incremento importante de los costes<\/strong>, con la supresi\u00f3n de algunas garant\u00edas y con precios m\u00e1s bajos a la hora de calcular las indemnizaciones. <\/p>\n\n\n\n<p>Cuando decimos mayores costes nos referimos a <strong>incrementos medios<\/strong> del 39% en el conjunto del pa\u00eds, que se queda en el <strong>35% en el caso de Castilla y Le\u00f3n<\/strong>, pero que, en algunas provincias, <strong>para determinadas comarcas y cultivos, el incremento del coste es de hasta el 90%<\/strong>. <\/p>\n\n\n\n<p>Los motivos aludidos por Agroseguro, bajo la tutela de Enesa (Ministerio de Agricultura), no son otros que un elevado incremento de las indemnizaciones, y por lo tanto la necesidad de subir las primas para alcanzar el equilibrio en la compa\u00f1\u00eda.<\/p>\n\n\n\n<p>Siendo este <strong>un hachazo importante, no ser\u00e1<\/strong> previsiblemente <strong>el \u00fanico<\/strong>, y no ser\u00e1 suficiente para estabilizar el sistema. Porque lo verdaderamente relevante es que en los \u00faltimos a\u00f1os ha sido necesario tirar de las reservas del Consorcio de Compensaci\u00f3n de Seguros para hacer frente a los compromisos de pago, y esas reservas ya est\u00e1n bajo m\u00ednimos y se agotar\u00e1n en un par de ejercicios. <\/p>\n\n\n\n<p>Si desaparece el colch\u00f3n del Consorcio de Compensaci\u00f3n y hay que pagar m\u00e1s primas para volver a llenar la hucha, si son necesarias nuevas subidas para la gesti\u00f3n ordinaria de la compa\u00f1\u00eda, y si el Estado y las comunidades aut\u00f3nomas no ponen m\u00e1s dinero porque no quieren o porque no se lo permiten los reglamentos europeos, sencillamente tenemos un serio problema. <strong>Un problema que no tiene parang\u00f3n en el resto de Europa<\/strong> porque <strong>nuestro sistema de seguros agrarios est\u00e1 m\u00e1s y mejor desarrollado<\/strong>, y porque en Espa\u00f1a, <strong>debido a las caracter\u00edsticas de nuestros suelos y a nuestra climatolog\u00eda, los riesgos de malas cosechas son infinitamente m\u00e1s elevados<\/strong>.<\/p>\n\n\n\n<p>El Estado tiene que buscar un equilibrio en el seguro agrario, tiene que hacer el m\u00e1ximo esfuerzo econ\u00f3mico y obligar tambi\u00e9n a ello a las comunidades aut\u00f3nomas, hay que mejorar las coberturas,<strong> hay que transformarlo en un seguro universal obligatorio <\/strong>para todos los profesionales, y hay que<strong> amarrar a las compa\u00f1\u00edas para que no tengan la tentaci\u00f3n de irse si llegan tiempos m\u00e1s complicados<\/strong>.<strong>\/<\/strong><\/p>\n","protected":false},"excerpt":{"rendered":"<p>JOS\u00c9 ANTONIO TURRADO | Secretario general de ASAJA-Castilla y Le\u00f3n En los pr\u00f3ximos a\u00f1os, uno de los debates m\u00e1s importantes en materia de pol\u00edtica agraria dentro de nuestro pa\u00eds va a ser el que tenga que ver con la viabilidad de nuestro sistema de seguros agrarios. El debate en el sistema del seguro agrario no [&hellip;]<\/p>\n","protected":false},"author":9,"featured_media":13195,"comment_status":"open","ping_status":"open","sticky":false,"template":"","format":"standard","meta":{"footnotes":""},"categories":[9,29,30,28],"tags":[58,176,59,553,77,66,110,552,85,551,185,93,109],"yoast_head":"<!-- This site is optimized with the Yoast SEO plugin v24.5 - https:\/\/yoast.com\/wordpress\/plugins\/seo\/ -->\n<title>Se abre un profundo debate sobre el seguro agrario y pecuario - ASAJA Palencia<\/title>\n<meta name=\"description\" content=\"JOS\u00c9 ANTONIO TURRADO | Secretario general de ASAJA-Castilla y Le\u00f3n En los pr\u00f3ximos a\u00f1os, uno de los debates m\u00e1s importantes en materia de pol\u00edtica agraria\" \/>\n<meta name=\"robots\" content=\"index, follow, max-snippet:-1, max-image-preview:large, max-video-preview:-1\" \/>\n<link rel=\"canonical\" href=\"https:\/\/www.asajacyl.com\/palencia\/asaja-palencia-informa\/se-abre-un-profundo-debate-sobre-el-seguro-agrario-y-pecuario\" \/>\n<meta property=\"og:locale\" content=\"es_ES\" \/>\n<meta property=\"og:type\" content=\"article\" \/>\n<meta property=\"og:title\" content=\"Se abre un profundo debate sobre el seguro agrario y pecuario - ASAJA Palencia\" \/>\n<meta property=\"og:description\" content=\"JOS\u00c9 ANTONIO TURRADO | Secretario general de ASAJA-Castilla y Le\u00f3n En los pr\u00f3ximos a\u00f1os, uno de los debates m\u00e1s importantes en materia de pol\u00edtica agraria\" \/>\n<meta property=\"og:url\" content=\"https:\/\/www.asajacyl.com\/palencia\/asaja-palencia-informa\/se-abre-un-profundo-debate-sobre-el-seguro-agrario-y-pecuario\" \/>\n<meta property=\"og:site_name\" content=\"ASAJA Palencia\" \/>\n<meta property=\"article:published_time\" content=\"2023-11-09T08:51:48+00:00\" \/>\n<meta property=\"og:image\" content=\"https:\/\/www.asajacyl.com\/palencia\/wp-content\/uploads\/sites\/3\/2023\/05\/Turrado-retocada-horizontal.jpg\" \/>\n\t<meta property=\"og:image:width\" content=\"1649\" \/>\n\t<meta property=\"og:image:height\" content=\"1191\" \/>\n\t<meta property=\"og:image:type\" content=\"image\/jpeg\" \/>\n<meta name=\"author\" content=\"Administrador\" \/>\n<meta name=\"twitter:card\" content=\"summary_large_image\" \/>\n<meta name=\"twitter:label1\" content=\"Escrito por\" \/>\n\t<meta name=\"twitter:data1\" content=\"Administrador\" \/>\n\t<meta name=\"twitter:label2\" content=\"Tiempo de lectura\" \/>\n\t<meta name=\"twitter:data2\" content=\"3 minutos\" \/>\n<script type=\"application\/ld+json\" class=\"yoast-schema-graph\">{\"@context\":\"https:\/\/schema.org\",\"@graph\":[{\"@type\":\"WebPage\",\"@id\":\"https:\/\/www.asajacyl.com\/palencia\/asaja-palencia-informa\/se-abre-un-profundo-debate-sobre-el-seguro-agrario-y-pecuario\",\"url\":\"https:\/\/www.asajacyl.com\/palencia\/asaja-palencia-informa\/se-abre-un-profundo-debate-sobre-el-seguro-agrario-y-pecuario\",\"name\":\"Se abre un profundo debate sobre el seguro agrario y pecuario - ASAJA Palencia\",\"isPartOf\":{\"@id\":\"https:\/\/www.asajacyl.com\/palencia\/#website\"},\"primaryImageOfPage\":{\"@id\":\"https:\/\/www.asajacyl.com\/palencia\/asaja-palencia-informa\/se-abre-un-profundo-debate-sobre-el-seguro-agrario-y-pecuario#primaryimage\"},\"image\":{\"@id\":\"https:\/\/www.asajacyl.com\/palencia\/asaja-palencia-informa\/se-abre-un-profundo-debate-sobre-el-seguro-agrario-y-pecuario#primaryimage\"},\"thumbnailUrl\":\"https:\/\/www.asajacyl.com\/palencia\/wp-content\/uploads\/sites\/3\/2023\/05\/Turrado-retocada-horizontal.jpg\",\"datePublished\":\"2023-11-09T08:51:48+00:00\",\"author\":{\"@id\":\"https:\/\/www.asajacyl.com\/palencia\/#\/schema\/person\/3ab17aeb03527485c317557fae64aab1\"},\"description\":\"JOS\u00c9 ANTONIO TURRADO | Secretario general de ASAJA-Castilla y Le\u00f3n En los pr\u00f3ximos a\u00f1os, uno de los debates m\u00e1s importantes en materia de pol\u00edtica agraria\",\"breadcrumb\":{\"@id\":\"https:\/\/www.asajacyl.com\/palencia\/asaja-palencia-informa\/se-abre-un-profundo-debate-sobre-el-seguro-agrario-y-pecuario#breadcrumb\"},\"inLanguage\":\"es\",\"potentialAction\":[{\"@type\":\"ReadAction\",\"target\":[\"https:\/\/www.asajacyl.com\/palencia\/asaja-palencia-informa\/se-abre-un-profundo-debate-sobre-el-seguro-agrario-y-pecuario\"]}]},{\"@type\":\"ImageObject\",\"inLanguage\":\"es\",\"@id\":\"https:\/\/www.asajacyl.com\/palencia\/asaja-palencia-informa\/se-abre-un-profundo-debate-sobre-el-seguro-agrario-y-pecuario#primaryimage\",\"url\":\"https:\/\/www.asajacyl.com\/palencia\/wp-content\/uploads\/sites\/3\/2023\/05\/Turrado-retocada-horizontal.jpg\",\"contentUrl\":\"https:\/\/www.asajacyl.com\/palencia\/wp-content\/uploads\/sites\/3\/2023\/05\/Turrado-retocada-horizontal.jpg\",\"width\":1649,\"height\":1191},{\"@type\":\"BreadcrumbList\",\"@id\":\"https:\/\/www.asajacyl.com\/palencia\/asaja-palencia-informa\/se-abre-un-profundo-debate-sobre-el-seguro-agrario-y-pecuario#breadcrumb\",\"itemListElement\":[{\"@type\":\"ListItem\",\"position\":1,\"name\":\"Portada\",\"item\":\"https:\/\/www.asajacyl.com\/palencia\/\"},{\"@type\":\"ListItem\",\"position\":2,\"name\":\"Se abre un profundo debate sobre el seguro agrario y pecuario\"}]},{\"@type\":\"WebSite\",\"@id\":\"https:\/\/www.asajacyl.com\/palencia\/#website\",\"url\":\"https:\/\/www.asajacyl.com\/palencia\/\",\"name\":\"ASAJA Palencia\",\"description\":\"Otro sitio m\u00e1s de Provincias ASAJA Castilla y Le\u00f3n\",\"potentialAction\":[{\"@type\":\"SearchAction\",\"target\":{\"@type\":\"EntryPoint\",\"urlTemplate\":\"https:\/\/www.asajacyl.com\/palencia\/?s={search_term_string}\"},\"query-input\":{\"@type\":\"PropertyValueSpecification\",\"valueRequired\":true,\"valueName\":\"search_term_string\"}}],\"inLanguage\":\"es\"},{\"@type\":\"Person\",\"@id\":\"https:\/\/www.asajacyl.com\/palencia\/#\/schema\/person\/3ab17aeb03527485c317557fae64aab1\",\"name\":\"Administrador\",\"image\":{\"@type\":\"ImageObject\",\"inLanguage\":\"es\",\"@id\":\"https:\/\/www.asajacyl.com\/palencia\/#\/schema\/person\/image\/\",\"url\":\"https:\/\/secure.gravatar.com\/avatar\/517384810d242ca9e38c180f3c9fb973?s=96&d=mm&r=g\",\"contentUrl\":\"https:\/\/secure.gravatar.com\/avatar\/517384810d242ca9e38c180f3c9fb973?s=96&d=mm&r=g\",\"caption\":\"Administrador\"},\"url\":\"https:\/\/www.asajacyl.com\/palencia\/author\/carlosrm\"}]}<\/script>\n<!-- \/ Yoast SEO plugin. -->","yoast_head_json":{"title":"Se abre un profundo debate sobre el seguro agrario y pecuario - ASAJA Palencia","description":"JOS\u00c9 ANTONIO TURRADO | Secretario general de ASAJA-Castilla y Le\u00f3n En los pr\u00f3ximos a\u00f1os, uno de los debates m\u00e1s importantes en materia de pol\u00edtica agraria","robots":{"index":"index","follow":"follow","max-snippet":"max-snippet:-1","max-image-preview":"max-image-preview:large","max-video-preview":"max-video-preview:-1"},"canonical":"https:\/\/www.asajacyl.com\/palencia\/asaja-palencia-informa\/se-abre-un-profundo-debate-sobre-el-seguro-agrario-y-pecuario","og_locale":"es_ES","og_type":"article","og_title":"Se abre un profundo debate sobre el seguro agrario y pecuario - ASAJA Palencia","og_description":"JOS\u00c9 ANTONIO TURRADO | Secretario general de ASAJA-Castilla y Le\u00f3n En los pr\u00f3ximos a\u00f1os, uno de los debates m\u00e1s importantes en materia de pol\u00edtica agraria","og_url":"https:\/\/www.asajacyl.com\/palencia\/asaja-palencia-informa\/se-abre-un-profundo-debate-sobre-el-seguro-agrario-y-pecuario","og_site_name":"ASAJA Palencia","article_published_time":"2023-11-09T08:51:48+00:00","og_image":[{"width":1649,"height":1191,"url":"https:\/\/www.asajacyl.com\/palencia\/wp-content\/uploads\/sites\/3\/2023\/05\/Turrado-retocada-horizontal.jpg","type":"image\/jpeg"}],"author":"Administrador","twitter_card":"summary_large_image","twitter_misc":{"Escrito por":"Administrador","Tiempo de lectura":"3 minutos"},"schema":{"@context":"https:\/\/schema.org","@graph":[{"@type":"WebPage","@id":"https:\/\/www.asajacyl.com\/palencia\/asaja-palencia-informa\/se-abre-un-profundo-debate-sobre-el-seguro-agrario-y-pecuario","url":"https:\/\/www.asajacyl.com\/palencia\/asaja-palencia-informa\/se-abre-un-profundo-debate-sobre-el-seguro-agrario-y-pecuario","name":"Se abre un profundo debate sobre el seguro agrario y pecuario - ASAJA Palencia","isPartOf":{"@id":"https:\/\/www.asajacyl.com\/palencia\/#website"},"primaryImageOfPage":{"@id":"https:\/\/www.asajacyl.com\/palencia\/asaja-palencia-informa\/se-abre-un-profundo-debate-sobre-el-seguro-agrario-y-pecuario#primaryimage"},"image":{"@id":"https:\/\/www.asajacyl.com\/palencia\/asaja-palencia-informa\/se-abre-un-profundo-debate-sobre-el-seguro-agrario-y-pecuario#primaryimage"},"thumbnailUrl":"https:\/\/www.asajacyl.com\/palencia\/wp-content\/uploads\/sites\/3\/2023\/05\/Turrado-retocada-horizontal.jpg","datePublished":"2023-11-09T08:51:48+00:00","author":{"@id":"https:\/\/www.asajacyl.com\/palencia\/#\/schema\/person\/3ab17aeb03527485c317557fae64aab1"},"description":"JOS\u00c9 ANTONIO TURRADO | Secretario general de ASAJA-Castilla y Le\u00f3n En los pr\u00f3ximos a\u00f1os, uno de los debates m\u00e1s importantes en materia de pol\u00edtica agraria","breadcrumb":{"@id":"https:\/\/www.asajacyl.com\/palencia\/asaja-palencia-informa\/se-abre-un-profundo-debate-sobre-el-seguro-agrario-y-pecuario#breadcrumb"},"inLanguage":"es","potentialAction":[{"@type":"ReadAction","target":["https:\/\/www.asajacyl.com\/palencia\/asaja-palencia-informa\/se-abre-un-profundo-debate-sobre-el-seguro-agrario-y-pecuario"]}]},{"@type":"ImageObject","inLanguage":"es","@id":"https:\/\/www.asajacyl.com\/palencia\/asaja-palencia-informa\/se-abre-un-profundo-debate-sobre-el-seguro-agrario-y-pecuario#primaryimage","url":"https:\/\/www.asajacyl.com\/palencia\/wp-content\/uploads\/sites\/3\/2023\/05\/Turrado-retocada-horizontal.jpg","contentUrl":"https:\/\/www.asajacyl.com\/palencia\/wp-content\/uploads\/sites\/3\/2023\/05\/Turrado-retocada-horizontal.jpg","width":1649,"height":1191},{"@type":"BreadcrumbList","@id":"https:\/\/www.asajacyl.com\/palencia\/asaja-palencia-informa\/se-abre-un-profundo-debate-sobre-el-seguro-agrario-y-pecuario#breadcrumb","itemListElement":[{"@type":"ListItem","position":1,"name":"Portada","item":"https:\/\/www.asajacyl.com\/palencia\/"},{"@type":"ListItem","position":2,"name":"Se abre un profundo debate sobre el seguro agrario y pecuario"}]},{"@type":"WebSite","@id":"https:\/\/www.asajacyl.com\/palencia\/#website","url":"https:\/\/www.asajacyl.com\/palencia\/","name":"ASAJA Palencia","description":"Otro sitio m\u00e1s de Provincias ASAJA Castilla y Le\u00f3n","potentialAction":[{"@type":"SearchAction","target":{"@type":"EntryPoint","urlTemplate":"https:\/\/www.asajacyl.com\/palencia\/?s={search_term_string}"},"query-input":{"@type":"PropertyValueSpecification","valueRequired":true,"valueName":"search_term_string"}}],"inLanguage":"es"},{"@type":"Person","@id":"https:\/\/www.asajacyl.com\/palencia\/#\/schema\/person\/3ab17aeb03527485c317557fae64aab1","name":"Administrador","image":{"@type":"ImageObject","inLanguage":"es","@id":"https:\/\/www.asajacyl.com\/palencia\/#\/schema\/person\/image\/","url":"https:\/\/secure.gravatar.com\/avatar\/517384810d242ca9e38c180f3c9fb973?s=96&d=mm&r=g","contentUrl":"https:\/\/secure.gravatar.com\/avatar\/517384810d242ca9e38c180f3c9fb973?s=96&d=mm&r=g","caption":"Administrador"},"url":"https:\/\/www.asajacyl.com\/palencia\/author\/carlosrm"}]}},"_links":{"self":[{"href":"https:\/\/www.asajacyl.com\/palencia\/wp-json\/wp\/v2\/posts\/14646"}],"collection":[{"href":"https:\/\/www.asajacyl.com\/palencia\/wp-json\/wp\/v2\/posts"}],"about":[{"href":"https:\/\/www.asajacyl.com\/palencia\/wp-json\/wp\/v2\/types\/post"}],"author":[{"embeddable":true,"href":"https:\/\/www.asajacyl.com\/palencia\/wp-json\/wp\/v2\/users\/9"}],"replies":[{"embeddable":true,"href":"https:\/\/www.asajacyl.com\/palencia\/wp-json\/wp\/v2\/comments?post=14646"}],"version-history":[{"count":1,"href":"https:\/\/www.asajacyl.com\/palencia\/wp-json\/wp\/v2\/posts\/14646\/revisions"}],"predecessor-version":[{"id":14647,"href":"https:\/\/www.asajacyl.com\/palencia\/wp-json\/wp\/v2\/posts\/14646\/revisions\/14647"}],"wp:featuredmedia":[{"embeddable":true,"href":"https:\/\/www.asajacyl.com\/palencia\/wp-json\/wp\/v2\/media\/13195"}],"wp:attachment":[{"href":"https:\/\/www.asajacyl.com\/palencia\/wp-json\/wp\/v2\/media?parent=14646"}],"wp:term":[{"taxonomy":"category","embeddable":true,"href":"https:\/\/www.asajacyl.com\/palencia\/wp-json\/wp\/v2\/categories?post=14646"},{"taxonomy":"post_tag","embeddable":true,"href":"https:\/\/www.asajacyl.com\/palencia\/wp-json\/wp\/v2\/tags?post=14646"}],"curies":[{"name":"wp","href":"https:\/\/api.w.org\/{rel}","templated":true}]}}