{"id":14700,"date":"2023-11-10T09:34:04","date_gmt":"2023-11-10T08:34:04","guid":{"rendered":"https:\/\/www.asajacyl.com\/palencia\/?p=14700"},"modified":"2023-11-10T09:34:06","modified_gmt":"2023-11-10T08:34:06","slug":"la-remolacha-un-ejemplo-de-resistencia","status":"publish","type":"post","link":"https:\/\/www.asajacyl.com\/palencia\/asaja-palencia-informa\/la-remolacha-un-ejemplo-de-resistencia","title":{"rendered":"La remolacha, un ejemplo de resistencia"},"content":{"rendered":"\n<h2 class=\"wp-block-heading\">CELEDONIO SANZ GIL | Periodista especializado en agroganader\u00eda<\/h2>\n\n\n<div class=\"wp-block-image\">\n<figure class=\"alignleft size-full\"><img loading=\"lazy\" decoding=\"async\" width=\"291\" height=\"393\" src=\"https:\/\/www.asajacyl.com\/palencia\/wp-content\/uploads\/sites\/3\/2023\/11\/Celedonio-Sanz-Gil-1.jpg\" alt=\"\" class=\"wp-image-14702\" srcset=\"https:\/\/www.asajacyl.com\/palencia\/wp-content\/uploads\/sites\/3\/2023\/11\/Celedonio-Sanz-Gil-1.jpg 291w, https:\/\/www.asajacyl.com\/palencia\/wp-content\/uploads\/sites\/3\/2023\/11\/Celedonio-Sanz-Gil-1-222x300.jpg 222w\" sizes=\"(max-width: 291px) 100vw, 291px\" \/><\/figure><\/div>\n\n\n<p><strong><\/strong>La situaci\u00f3n del az\u00facar, y de la producci\u00f3n de remolacha que lo genera en Espa\u00f1a, son un reflejo perfecto de todos los males que acechan al sector agrario en los \u00faltimos a\u00f1os. Hoy, cuando est\u00e1 a punto de comenzar la recolecci\u00f3n de remolacha en Castilla y Le\u00f3n, el az\u00facar es noticia por su aumento de precio. Hace apenas un a\u00f1o en los supermercados se pod\u00eda comprar un kilo de az\u00facar blanquilla por 80 c\u00e9ntimos y ahora se sit\u00faa en torno a 1,4 euros kilo. Ocupa la segunda mayor subida anual en el \u00edndice de precios de los alimentos, con m\u00e1s del 45 por ciento, solo por detr\u00e1s del aceite de oliva.<\/p>\n\n\n\n<p>Al analizar las razones de esta subida se incide en cuestiones coyunturales. La ca\u00edda de la producci\u00f3n, sobre todo por la sequ\u00eda en un sector que requiere mucho consumo de agua, y el aumento de los costes de producci\u00f3n, sobre todo los de la energ\u00eda.<\/p>\n\n\n\n<p>Pero nadie va m\u00e1s all\u00e1 en&nbsp;<strong>un sector maltratado y vilipendiado hasta la saciedad en los \u00faltimos cuarenta a\u00f1os. M\u00e1s a\u00fan en los \u00faltimos cinco a\u00f1os, incluso desde el Gobierno.<\/strong>&nbsp;Antes de la pandemia el Ministerio de Consumo se atrevi\u00f3 a propagar ese slogan tan mentiroso como lesivo e irritante de \u201cel az\u00facar mata\u201d. En las diversas administraciones se impuso la moda de gravar con nuevos impuestos el uso del az\u00facar en la industria, por ejemplo, a los refrescos gaseosos. Ahora, con los altos precios, pueden acusar al az\u00facar de los veinte males. Aunque, como dice el refr\u00e1n: \u201cNi veinte ladrones pueden robar al que no tiene ni calzones\u201d.<\/p>\n\n\n\n<p>Hay que remontarse a los a\u00f1os ochenta, a la entrada de Espa\u00f1a en la entonces Comunidad Europea. Por esa \u00e9poca este pa\u00eds era autosuficiente en consumo de az\u00facar, una importante fuente de energ\u00eda, y el eslogan oficial era \u201ctu cerebro necesita az\u00facar\u201d, la producci\u00f3n lleg\u00f3 a rondar los 2 millones de toneladas, la superficie de cultivo casi duplicaba a la actual y hab\u00eda m\u00e1s de 25 f\u00e1bricas de az\u00facar repartidas por toda la geograf\u00eda nacional. La remolacha era un cultivo muy rentable que asentaba la renta de una buena parte de los agricultores espa\u00f1oles; tambi\u00e9n de los transportistas y los operarios de la industria.<\/p>\n\n\n\n<p><strong>CUOTA RID\u00cdCULA. <\/strong>La CE nos impuso una cuota de az\u00facar rid\u00edcula, que con ciertos retoques pod\u00eda llegar hasta el mill\u00f3n de toneladas anuales, cuando las necesidades de consumo superaban los 1,6 millones de toneladas. Espa\u00f1a se vio obligada a realizar una tremenda reconversi\u00f3n del sector, silenciosa por supuesto, que arrambl\u00f3 con numerosa maquinaria espec\u00edfica y muy costosa necesaria para su cultivo. De ser autosuficiente pas\u00f3 a tener que importar m\u00e1s de 600.000 toneladas de az\u00facar cada a\u00f1o.<\/p>\n\n\n\n<p>Los males para el sector azucarero espa\u00f1ol no pararon ah\u00ed. El 30 de septiembre de 2017 se produce la eliminaci\u00f3n del sistema de cuotas en la ya UE. En una coyuntura de descenso de consumo, esta medida ten\u00eda el objetivo \u00faltimo de fortalecer la posici\u00f3n de los productores del Centro y Norte de Europa, que tienen menores costes productivos, ya que no necesitan tanto regad\u00edo para su producci\u00f3n remolachera. La producci\u00f3n de az\u00facar en Espa\u00f1a volvi\u00f3 a caer, qued\u00f3 cerca de las 600.000 toneladas, y seguimos importando otras 600.000 cada a\u00f1o.<\/p>\n\n\n\n<p>Al sector remolachero europeo tambi\u00e9n le ha afectado de lleno el fervor ecologista en la UE. La supresi\u00f3n de los fitosanitarios con neonicotinoides provoc\u00f3 el desarrollo tremendo de la plaga del virus amarillo en los cultivos, sobre todo en Francia, y fue necesario que se volviera a hacer una excepci\u00f3n con este pa\u00eds y se permitiera el uso de estos fungicidas en sus tierras remolacheras. Con las sequ\u00edas y las plagas la producci\u00f3n comunitaria se resinti\u00f3 y las importaciones de az\u00facar en la UE alcanzaron una cifra r\u00e9cord de 2,5 millones de toneladas en el a\u00f1o 2022\/23. Compras que no han impedido la escalada de los precios al consumidor.<\/p>\n\n\n\n<p>Tras todas estas desdichas, parece que el sector se recupera. Aumenta la superficie de siembra, hay mayores rendimientos productivos y tambi\u00e9n de la riqueza sac\u00e1rica de las ra\u00edces. La producci\u00f3n estimada en la UE para esta pr\u00f3xima campa\u00f1a 2023\/24 crecer\u00e1 un 7 por ciento, hasta alcanzar los 15,6 millones de toneladas. Se prev\u00e9 que las importaciones bajen de los dos millones de toneladas, mientras crecer\u00edan las exportaciones hasta superar las 750.000 toneladas aprovechando los altos precios del mercado mundial.<\/p>\n\n\n\n<p>Incluso parece que se reducen los ataques de los expertos nutricionistas contra el az\u00facar ya que los suced\u00e1neos artificiales que se utilizan en la industria, como la sacarina, el aspartamo o la sucralosa, usados masivamente en la industria alimentaria, incluso un edulcorante herbal, como la estevia, pueden ser peores para la salud, y se investiga su posible influencia en enfermedades cancer\u00edgenas o en la generaci\u00f3n de tumores cerebrales.<\/p>\n\n\n\n<p>Ya empezar\u00e1n a crecer al lado de las carreteras esos montones de remolachas, de color blanco amarronado, que a la mayor parte de los viajeros les cuesta reconocer, para algunos jovencitos son \u201chuevos alien\u00edgenas\u201d.<strong>&nbsp;Cada uno de esos montones es un ejercicio de resistencia, un canto al esfuerzo, a la innovaci\u00f3n y a la permanencia de los agricultores en este pa\u00eds. Un ejemplo del empe\u00f1o del sector agrario y el medio rural por seguir aqu\u00ed, vivos, contra todo y contra todos.<\/strong>&nbsp;A la vez que colaboran para bajar la inflaci\u00f3n y mejorar la actividad cerebral de los ciudadanos.<\/p>\n","protected":false},"excerpt":{"rendered":"<p>CELEDONIO SANZ GIL | Periodista especializado en agroganader\u00eda La situaci\u00f3n del az\u00facar, y de la producci\u00f3n de remolacha que lo genera en Espa\u00f1a, son un reflejo perfecto de todos los males que acechan al sector agrario en los \u00faltimos a\u00f1os. Hoy, cuando est\u00e1 a punto de comenzar la recolecci\u00f3n de remolacha en Castilla y Le\u00f3n, [&hellip;]<\/p>\n","protected":false},"author":9,"featured_media":14703,"comment_status":"open","ping_status":"open","sticky":false,"template":"","format":"standard","meta":{"footnotes":""},"categories":[9,29,30,28],"tags":[58,195,59,560,563,141,210,106,140,54,93,44],"yoast_head":"<!-- This site is optimized with the Yoast SEO plugin v24.5 - https:\/\/yoast.com\/wordpress\/plugins\/seo\/ -->\n<title>La remolacha, un ejemplo de resistencia - ASAJA Palencia<\/title>\n<meta name=\"description\" content=\"CELEDONIO SANZ GIL | Periodista especializado en agroganader\u00eda La situaci\u00f3n del az\u00facar, y de la producci\u00f3n de remolacha que lo genera en Espa\u00f1a, son un\" \/>\n<meta name=\"robots\" content=\"index, follow, max-snippet:-1, max-image-preview:large, max-video-preview:-1\" \/>\n<link rel=\"canonical\" href=\"https:\/\/www.asajacyl.com\/palencia\/asaja-palencia-informa\/la-remolacha-un-ejemplo-de-resistencia\" \/>\n<meta property=\"og:locale\" content=\"es_ES\" \/>\n<meta property=\"og:type\" content=\"article\" \/>\n<meta property=\"og:title\" content=\"La remolacha, un ejemplo de resistencia - ASAJA Palencia\" \/>\n<meta property=\"og:description\" content=\"CELEDONIO SANZ GIL | Periodista especializado en agroganader\u00eda La situaci\u00f3n del az\u00facar, y de la producci\u00f3n de remolacha que lo genera en Espa\u00f1a, son un\" \/>\n<meta property=\"og:url\" content=\"https:\/\/www.asajacyl.com\/palencia\/asaja-palencia-informa\/la-remolacha-un-ejemplo-de-resistencia\" \/>\n<meta property=\"og:site_name\" content=\"ASAJA Palencia\" \/>\n<meta property=\"article:published_time\" content=\"2023-11-10T08:34:04+00:00\" \/>\n<meta property=\"article:modified_time\" content=\"2023-11-10T08:34:06+00:00\" \/>\n<meta property=\"og:image\" content=\"https:\/\/www.asajacyl.com\/palencia\/wp-content\/uploads\/sites\/3\/2023\/11\/Remolacha-web-1024x896.jpg\" \/>\n\t<meta property=\"og:image:width\" content=\"1024\" \/>\n\t<meta property=\"og:image:height\" content=\"896\" \/>\n\t<meta property=\"og:image:type\" content=\"image\/jpeg\" \/>\n<meta name=\"author\" content=\"Administrador\" \/>\n<meta name=\"twitter:card\" content=\"summary_large_image\" \/>\n<meta name=\"twitter:label1\" content=\"Escrito por\" \/>\n\t<meta name=\"twitter:data1\" content=\"Administrador\" \/>\n\t<meta name=\"twitter:label2\" content=\"Tiempo de lectura\" \/>\n\t<meta name=\"twitter:data2\" content=\"5 minutos\" \/>\n<script type=\"application\/ld+json\" class=\"yoast-schema-graph\">{\"@context\":\"https:\/\/schema.org\",\"@graph\":[{\"@type\":\"WebPage\",\"@id\":\"https:\/\/www.asajacyl.com\/palencia\/asaja-palencia-informa\/la-remolacha-un-ejemplo-de-resistencia\",\"url\":\"https:\/\/www.asajacyl.com\/palencia\/asaja-palencia-informa\/la-remolacha-un-ejemplo-de-resistencia\",\"name\":\"La remolacha, un ejemplo de resistencia - ASAJA Palencia\",\"isPartOf\":{\"@id\":\"https:\/\/www.asajacyl.com\/palencia\/#website\"},\"primaryImageOfPage\":{\"@id\":\"https:\/\/www.asajacyl.com\/palencia\/asaja-palencia-informa\/la-remolacha-un-ejemplo-de-resistencia#primaryimage\"},\"image\":{\"@id\":\"https:\/\/www.asajacyl.com\/palencia\/asaja-palencia-informa\/la-remolacha-un-ejemplo-de-resistencia#primaryimage\"},\"thumbnailUrl\":\"https:\/\/www.asajacyl.com\/palencia\/wp-content\/uploads\/sites\/3\/2023\/11\/Remolacha-web.jpg\",\"datePublished\":\"2023-11-10T08:34:04+00:00\",\"dateModified\":\"2023-11-10T08:34:06+00:00\",\"author\":{\"@id\":\"https:\/\/www.asajacyl.com\/palencia\/#\/schema\/person\/3ab17aeb03527485c317557fae64aab1\"},\"description\":\"CELEDONIO SANZ GIL | Periodista especializado en agroganader\u00eda La situaci\u00f3n del az\u00facar, y de la producci\u00f3n de remolacha que lo genera en Espa\u00f1a, son un\",\"breadcrumb\":{\"@id\":\"https:\/\/www.asajacyl.com\/palencia\/asaja-palencia-informa\/la-remolacha-un-ejemplo-de-resistencia#breadcrumb\"},\"inLanguage\":\"es\",\"potentialAction\":[{\"@type\":\"ReadAction\",\"target\":[\"https:\/\/www.asajacyl.com\/palencia\/asaja-palencia-informa\/la-remolacha-un-ejemplo-de-resistencia\"]}]},{\"@type\":\"ImageObject\",\"inLanguage\":\"es\",\"@id\":\"https:\/\/www.asajacyl.com\/palencia\/asaja-palencia-informa\/la-remolacha-un-ejemplo-de-resistencia#primaryimage\",\"url\":\"https:\/\/www.asajacyl.com\/palencia\/wp-content\/uploads\/sites\/3\/2023\/11\/Remolacha-web.jpg\",\"contentUrl\":\"https:\/\/www.asajacyl.com\/palencia\/wp-content\/uploads\/sites\/3\/2023\/11\/Remolacha-web.jpg\",\"width\":1890,\"height\":1654},{\"@type\":\"BreadcrumbList\",\"@id\":\"https:\/\/www.asajacyl.com\/palencia\/asaja-palencia-informa\/la-remolacha-un-ejemplo-de-resistencia#breadcrumb\",\"itemListElement\":[{\"@type\":\"ListItem\",\"position\":1,\"name\":\"Portada\",\"item\":\"https:\/\/www.asajacyl.com\/palencia\/\"},{\"@type\":\"ListItem\",\"position\":2,\"name\":\"La remolacha, un ejemplo de resistencia\"}]},{\"@type\":\"WebSite\",\"@id\":\"https:\/\/www.asajacyl.com\/palencia\/#website\",\"url\":\"https:\/\/www.asajacyl.com\/palencia\/\",\"name\":\"ASAJA Palencia\",\"description\":\"Otro sitio m\u00e1s de Provincias ASAJA Castilla y Le\u00f3n\",\"potentialAction\":[{\"@type\":\"SearchAction\",\"target\":{\"@type\":\"EntryPoint\",\"urlTemplate\":\"https:\/\/www.asajacyl.com\/palencia\/?s={search_term_string}\"},\"query-input\":{\"@type\":\"PropertyValueSpecification\",\"valueRequired\":true,\"valueName\":\"search_term_string\"}}],\"inLanguage\":\"es\"},{\"@type\":\"Person\",\"@id\":\"https:\/\/www.asajacyl.com\/palencia\/#\/schema\/person\/3ab17aeb03527485c317557fae64aab1\",\"name\":\"Administrador\",\"image\":{\"@type\":\"ImageObject\",\"inLanguage\":\"es\",\"@id\":\"https:\/\/www.asajacyl.com\/palencia\/#\/schema\/person\/image\/\",\"url\":\"https:\/\/secure.gravatar.com\/avatar\/517384810d242ca9e38c180f3c9fb973?s=96&d=mm&r=g\",\"contentUrl\":\"https:\/\/secure.gravatar.com\/avatar\/517384810d242ca9e38c180f3c9fb973?s=96&d=mm&r=g\",\"caption\":\"Administrador\"},\"url\":\"https:\/\/www.asajacyl.com\/palencia\/author\/carlosrm\"}]}<\/script>\n<!-- \/ Yoast SEO plugin. -->","yoast_head_json":{"title":"La remolacha, un ejemplo de resistencia - ASAJA Palencia","description":"CELEDONIO SANZ GIL | Periodista especializado en agroganader\u00eda La situaci\u00f3n del az\u00facar, y de la producci\u00f3n de remolacha que lo genera en Espa\u00f1a, son un","robots":{"index":"index","follow":"follow","max-snippet":"max-snippet:-1","max-image-preview":"max-image-preview:large","max-video-preview":"max-video-preview:-1"},"canonical":"https:\/\/www.asajacyl.com\/palencia\/asaja-palencia-informa\/la-remolacha-un-ejemplo-de-resistencia","og_locale":"es_ES","og_type":"article","og_title":"La remolacha, un ejemplo de resistencia - ASAJA Palencia","og_description":"CELEDONIO SANZ GIL | Periodista especializado en agroganader\u00eda La situaci\u00f3n del az\u00facar, y de la producci\u00f3n de remolacha que lo genera en Espa\u00f1a, son un","og_url":"https:\/\/www.asajacyl.com\/palencia\/asaja-palencia-informa\/la-remolacha-un-ejemplo-de-resistencia","og_site_name":"ASAJA Palencia","article_published_time":"2023-11-10T08:34:04+00:00","article_modified_time":"2023-11-10T08:34:06+00:00","og_image":[{"width":1024,"height":896,"url":"https:\/\/www.asajacyl.com\/palencia\/wp-content\/uploads\/sites\/3\/2023\/11\/Remolacha-web-1024x896.jpg","type":"image\/jpeg"}],"author":"Administrador","twitter_card":"summary_large_image","twitter_misc":{"Escrito por":"Administrador","Tiempo de lectura":"5 minutos"},"schema":{"@context":"https:\/\/schema.org","@graph":[{"@type":"WebPage","@id":"https:\/\/www.asajacyl.com\/palencia\/asaja-palencia-informa\/la-remolacha-un-ejemplo-de-resistencia","url":"https:\/\/www.asajacyl.com\/palencia\/asaja-palencia-informa\/la-remolacha-un-ejemplo-de-resistencia","name":"La remolacha, un ejemplo de resistencia - ASAJA Palencia","isPartOf":{"@id":"https:\/\/www.asajacyl.com\/palencia\/#website"},"primaryImageOfPage":{"@id":"https:\/\/www.asajacyl.com\/palencia\/asaja-palencia-informa\/la-remolacha-un-ejemplo-de-resistencia#primaryimage"},"image":{"@id":"https:\/\/www.asajacyl.com\/palencia\/asaja-palencia-informa\/la-remolacha-un-ejemplo-de-resistencia#primaryimage"},"thumbnailUrl":"https:\/\/www.asajacyl.com\/palencia\/wp-content\/uploads\/sites\/3\/2023\/11\/Remolacha-web.jpg","datePublished":"2023-11-10T08:34:04+00:00","dateModified":"2023-11-10T08:34:06+00:00","author":{"@id":"https:\/\/www.asajacyl.com\/palencia\/#\/schema\/person\/3ab17aeb03527485c317557fae64aab1"},"description":"CELEDONIO SANZ GIL | Periodista especializado en agroganader\u00eda La situaci\u00f3n del az\u00facar, y de la producci\u00f3n de remolacha que lo genera en Espa\u00f1a, son un","breadcrumb":{"@id":"https:\/\/www.asajacyl.com\/palencia\/asaja-palencia-informa\/la-remolacha-un-ejemplo-de-resistencia#breadcrumb"},"inLanguage":"es","potentialAction":[{"@type":"ReadAction","target":["https:\/\/www.asajacyl.com\/palencia\/asaja-palencia-informa\/la-remolacha-un-ejemplo-de-resistencia"]}]},{"@type":"ImageObject","inLanguage":"es","@id":"https:\/\/www.asajacyl.com\/palencia\/asaja-palencia-informa\/la-remolacha-un-ejemplo-de-resistencia#primaryimage","url":"https:\/\/www.asajacyl.com\/palencia\/wp-content\/uploads\/sites\/3\/2023\/11\/Remolacha-web.jpg","contentUrl":"https:\/\/www.asajacyl.com\/palencia\/wp-content\/uploads\/sites\/3\/2023\/11\/Remolacha-web.jpg","width":1890,"height":1654},{"@type":"BreadcrumbList","@id":"https:\/\/www.asajacyl.com\/palencia\/asaja-palencia-informa\/la-remolacha-un-ejemplo-de-resistencia#breadcrumb","itemListElement":[{"@type":"ListItem","position":1,"name":"Portada","item":"https:\/\/www.asajacyl.com\/palencia\/"},{"@type":"ListItem","position":2,"name":"La remolacha, un ejemplo de resistencia"}]},{"@type":"WebSite","@id":"https:\/\/www.asajacyl.com\/palencia\/#website","url":"https:\/\/www.asajacyl.com\/palencia\/","name":"ASAJA Palencia","description":"Otro sitio m\u00e1s de Provincias ASAJA Castilla y Le\u00f3n","potentialAction":[{"@type":"SearchAction","target":{"@type":"EntryPoint","urlTemplate":"https:\/\/www.asajacyl.com\/palencia\/?s={search_term_string}"},"query-input":{"@type":"PropertyValueSpecification","valueRequired":true,"valueName":"search_term_string"}}],"inLanguage":"es"},{"@type":"Person","@id":"https:\/\/www.asajacyl.com\/palencia\/#\/schema\/person\/3ab17aeb03527485c317557fae64aab1","name":"Administrador","image":{"@type":"ImageObject","inLanguage":"es","@id":"https:\/\/www.asajacyl.com\/palencia\/#\/schema\/person\/image\/","url":"https:\/\/secure.gravatar.com\/avatar\/517384810d242ca9e38c180f3c9fb973?s=96&d=mm&r=g","contentUrl":"https:\/\/secure.gravatar.com\/avatar\/517384810d242ca9e38c180f3c9fb973?s=96&d=mm&r=g","caption":"Administrador"},"url":"https:\/\/www.asajacyl.com\/palencia\/author\/carlosrm"}]}},"_links":{"self":[{"href":"https:\/\/www.asajacyl.com\/palencia\/wp-json\/wp\/v2\/posts\/14700"}],"collection":[{"href":"https:\/\/www.asajacyl.com\/palencia\/wp-json\/wp\/v2\/posts"}],"about":[{"href":"https:\/\/www.asajacyl.com\/palencia\/wp-json\/wp\/v2\/types\/post"}],"author":[{"embeddable":true,"href":"https:\/\/www.asajacyl.com\/palencia\/wp-json\/wp\/v2\/users\/9"}],"replies":[{"embeddable":true,"href":"https:\/\/www.asajacyl.com\/palencia\/wp-json\/wp\/v2\/comments?post=14700"}],"version-history":[{"count":1,"href":"https:\/\/www.asajacyl.com\/palencia\/wp-json\/wp\/v2\/posts\/14700\/revisions"}],"predecessor-version":[{"id":14704,"href":"https:\/\/www.asajacyl.com\/palencia\/wp-json\/wp\/v2\/posts\/14700\/revisions\/14704"}],"wp:featuredmedia":[{"embeddable":true,"href":"https:\/\/www.asajacyl.com\/palencia\/wp-json\/wp\/v2\/media\/14703"}],"wp:attachment":[{"href":"https:\/\/www.asajacyl.com\/palencia\/wp-json\/wp\/v2\/media?parent=14700"}],"wp:term":[{"taxonomy":"category","embeddable":true,"href":"https:\/\/www.asajacyl.com\/palencia\/wp-json\/wp\/v2\/categories?post=14700"},{"taxonomy":"post_tag","embeddable":true,"href":"https:\/\/www.asajacyl.com\/palencia\/wp-json\/wp\/v2\/tags?post=14700"}],"curies":[{"name":"wp","href":"https:\/\/api.w.org\/{rel}","templated":true}]}}